{"id":402939,"date":"2026-03-09T04:40:55","date_gmt":"2026-03-09T07:40:55","guid":{"rendered":"https:\/\/portaltela.pt\/noticias\/2026\/03\/09\/prova-a-desinformacao-desafia-alunos-de-evora-a-detectar-conteudos-falsos\/"},"modified":"2026-03-09T04:40:55","modified_gmt":"2026-03-09T07:40:55","slug":"prova-a-desinformacao-desafia-alunos-de-evora-a-detectar-conteudos-falsos","status":"publish","type":"post","link":"https:\/\/portaltela.pt\/noticias\/politica\/2026\/03\/09\/prova-a-desinformacao-desafia-alunos-de-evora-a-detectar-conteudos-falsos\/","title":{"rendered":"Prova \u00e0 desinforma\u00e7\u00e3o desafia alunos de \u00c9vora a detectar conte\u00fados falsos"},"content":{"rendered":"<p>Sess\u00e3o do roadshow educativo Pin\u00f3quio na Escola aborda desinforma\u00e7\u00e3o online em \u00c9vora. Mais de meia centena de alunos da Escola Secund\u00e1ria Andr\u00e9 de Gouveia participaram para aprender a identificar conte\u00fados falsos. O objetivo \u00e9 perceber como surgem imagens manipuladas e not\u00edcias virais.<\/p>\n<p>Durante cerca de duas horas, 56 alunos do 10.\u00ba ano analisaram exemplos de desinforma\u00e7\u00e3o. A atividade integra a segunda edi\u00e7\u00e3o do projeto Pin\u00f3quio na Escola, promovido pelo Pol\u00edgrafo em parceria com a Funda\u00e7\u00e3o Gulbenkian.<\/p>\n<p>O exerc\u00edcio inicial trouxe a defini\u00e7\u00e3o de desinforma\u00e7\u00e3o: dissemina\u00e7\u00e3o intencional de informa\u00e7\u00e3o enganosa para influenciar a opini\u00e3o p\u00fablica. A partir da\u00ed, os estudantes aplicaram o olhar cr\u00edtico a conte\u00fados visuais e a afirma\u00e7\u00f5es virais, tentando confirmar a veracidade.<\/p>\n<h3>Temas e t\u00e9cnicas de verifica\u00e7\u00e3o<\/h3>\n<p>Entre os exerc\u00edcios, houve situa\u00e7\u00f5es em que se questionou a veracidade de imagens e de enunciados virais. Um exemplo comparou cen\u00e1rios imobili\u00e1rios entre Fran\u00e7a e \u00c9vora para testar a plausibilidade de pre\u00e7os iguais.<\/p>\n<p>Os orientadores apresentaram estrat\u00e9gias de verifica\u00e7\u00e3o: credibilidade da p\u00e1gina, confirma\u00e7\u00e3o em fontes independentes, data de publica\u00e7\u00e3o e mitiga\u00e7\u00e3o de erros no texto. Os alunos discutiram como pesquisar dados e confrontar informa\u00e7\u00f5es antes de partilhar.<\/p>\n<p>Filipa Carvalho, 15 anos, descreveu a exposi\u00e7\u00e3o \u00e0 desinforma\u00e7\u00e3o provocada pelo consumo \u201cem feeds\u201d de redes sociais. A aluna enfatizou a necessidade de recorrer a v\u00e1rias fontes para confirmar not\u00edcias, especialmente sobre contrata\u00e7\u00f5es de jogadores.<\/p>\n<p>Afonso Martins, 16 anos, considerou a atividade essencial para jovens, dada a frequ\u00eancia de conte\u00fados incorretos nas redes. O estudante afirmou que comparar m\u00faltiplas fontes reduz o risco de acreditar numa not\u00edcia falsa.<\/p>\n<p>Alice Ascens\u00e3o, tamb\u00e9m 15, destacou o papel da sess\u00e3o na consciencializa\u00e7\u00e3o sobre os problemas da desinforma\u00e7\u00e3o e a forma de a combater. A diretora do agrupamento, Maria Peres, apontou a literacia medi\u00e1tica como transversal a todas as disciplinas.<\/p>\n<p>Isabel Gameiro, organizadora da sess\u00e3o, sublinhou a import\u00e2ncia de desenvolver pensamento cr\u00edtico entre os alunos. No decorrer do encontro, surgiram debates e tentativas de verifica\u00e7\u00e3o de conte\u00fados virais.<\/p>\n<p>Ao final, os participantes sa\u00edram com uma regra pr\u00e1tica: antes de acreditar ou partilhar, \u00e9 necess\u00e1rio verificar. A Lusa questionou o Minist\u00e9rio da Educa\u00e7\u00e3o sobre atividades de literacia medi\u00e1tica em 2025, sem obter resposta.<\/p>\n","protected":false},"excerpt":{"rendered":"<ul>\n<li>56 alunos do 10.\u00ba ano da Escola Secund\u00e1ria Andr\u00e9 de Gouveia, em \u00c9vora, participaram numa sess\u00e3o de literacia medi\u00e1tica integrada no roadshow Pin\u00f3quio na Escola.<\/li>\n<li>O objetivo foi aprender a identificar desinforma\u00e7\u00e3o online, atrav\u00e9s de exerc\u00edcios com imagens manipuladas e conte\u00fados virais.<\/li>\n<li>Um exemplo mostrado foi a imagem de Cristiano Ronaldo com uma bandeira da Palestina tatuada nas costas, considerada falsa pela maioria dos estudantes.<\/li>\n<li>Outro caso apresentado foi uma foto de Greta Thunberg num barco, aparentemente a segurar uma bebida, que enganou v\u00e1rios alunos.<\/li>\n<li>A sess\u00e3o enfatizou verificar a credibilidade de p\u00e1ginas, confirmar informa\u00e7\u00f5es em v\u00e1rias fontes e n\u00e3o partilhar conte\u00fados sem confirma\u00e7\u00e3o.<\/li>\n<\/ul>\n","protected":false},"author":2,"featured_media":402940,"comment_status":"closed","ping_status":"closed","sticky":false,"template":"","format":"standard","meta":{"footnotes":""},"categories":[1,5],"tags":[1469,163,92,1074,2629,5169],"class_list":["post-402939","post","type-post","status-publish","format-standard","has-post-thumbnail","hentry","category-noticias","category-politica","tag-desinformacao","tag-educacao","tag-ensino","tag-evora","tag-literacia-digital","tag-literacia-mediatica"],"yoast_head":"<!-- This site is optimized with the Yoast SEO plugin v27.2 - https:\/\/yoast.com\/product\/yoast-seo-wordpress\/ -->\n<title>Prova \u00e0 desinforma\u00e7\u00e3o desafia alunos de \u00c9vora a detectar conte\u00fados falsos - Portal Tela Portugal<\/title>\n<meta name=\"robots\" content=\"index, follow, max-snippet:-1, max-image-preview:large, max-video-preview:-1\" \/>\n<meta property=\"og:locale\" content=\"pt_PT\" \/>\n<meta property=\"og:type\" content=\"article\" \/>\n<meta property=\"og:title\" content=\"Prova \u00e0 desinforma\u00e7\u00e3o desafia alunos de \u00c9vora a detectar conte\u00fados falsos - Portal Tela Portugal\" \/>\n<meta property=\"og:description\" content=\"56 alunos do 10.\u00ba ano da Escola Secund\u00e1ria Andr\u00e9 de Gouveia, em \u00c9vora, participaram numa sess\u00e3o de literacia medi\u00e1tica integrada no roadshow Pin\u00f3quio na Escola. O objetivo foi aprender a identificar desinforma\u00e7\u00e3o online, atrav\u00e9s de exerc\u00edcios com imagens manipuladas e conte\u00fados virais. Um exemplo mostrado foi a imagem de Cristiano Ronaldo com uma bandeira da Palestina tatuada nas costas, considerada falsa pela maioria dos estudantes. Outro caso apresentado foi uma foto de Greta Thunberg num barco, aparentemente a segurar uma bebida, que enganou v\u00e1rios alunos. A sess\u00e3o enfatizou verificar a credibilidade de p\u00e1ginas, confirmar informa\u00e7\u00f5es em v\u00e1rias fontes e n\u00e3o partilhar conte\u00fados sem confirma\u00e7\u00e3o.\" \/>\n<meta property=\"og:url\" content=\"https:\/\/portaltela.pt\/noticias\/2026\/03\/09\/prova-a-desinformacao-desafia-alunos-de-evora-a-detectar-conteudos-falsos\/\" \/>\n<meta property=\"og:site_name\" content=\"Portal Tela Portugal\" \/>\n<meta property=\"article:published_time\" content=\"2026-03-09T07:40:55+00:00\" \/>\n<meta name=\"author\" content=\"Telinha\" \/>\n<meta name=\"twitter:card\" content=\"summary_large_image\" \/>\n<meta name=\"twitter:label1\" content=\"Escrito por\" \/>\n\t<meta name=\"twitter:data1\" content=\"Telinha\" \/>\n\t<meta name=\"twitter:label2\" content=\"Tempo estimado de leitura\" \/>\n\t<meta name=\"twitter:data2\" content=\"2 minutos\" \/>\n<script type=\"application\/ld+json\" class=\"yoast-schema-graph\">{\"@context\":\"https:\/\/schema.org\",\"@graph\":[{\"@type\":\"Article\",\"@id\":\"https:\/\/portaltela.pt\/noticias\/2026\/03\/09\/prova-a-desinformacao-desafia-alunos-de-evora-a-detectar-conteudos-falsos\/#article\",\"isPartOf\":{\"@id\":\"https:\/\/portaltela.pt\/noticias\/2026\/03\/09\/prova-a-desinformacao-desafia-alunos-de-evora-a-detectar-conteudos-falsos\/\"},\"author\":{\"name\":\"Telinha\",\"@id\":\"https:\/\/portaltela.pt\/#\/schema\/person\/c4278d4a6028830caff9ee44b42d32ed\"},\"headline\":\"Prova \u00e0 desinforma\u00e7\u00e3o desafia alunos de \u00c9vora a detectar conte\u00fados falsos\",\"datePublished\":\"2026-03-09T07:40:55+00:00\",\"mainEntityOfPage\":{\"@id\":\"https:\/\/portaltela.pt\/noticias\/2026\/03\/09\/prova-a-desinformacao-desafia-alunos-de-evora-a-detectar-conteudos-falsos\/\"},\"wordCount\":419,\"image\":{\"@id\":\"https:\/\/portaltela.pt\/noticias\/2026\/03\/09\/prova-a-desinformacao-desafia-alunos-de-evora-a-detectar-conteudos-falsos\/#primaryimage\"},\"thumbnailUrl\":\"https:\/\/portaltela.pt\/s.01k8rhncp4jt1\/2026\/03\/img_1280x721uu2026-03-09-07-39-56-2271207.jpg\",\"keywords\":[\"desinforma\u00e7\u00e3o\",\"educa\u00e7\u00e3o\",\"ensino\",\"\u00c9vora\",\"literacia digital\",\"literacia medi\u00e1tica\"],\"articleSection\":[\"Not\u00edcias\",\"Pol\u00edtica\"],\"inLanguage\":\"pt-PT\"},{\"@type\":\"WebPage\",\"@id\":\"https:\/\/portaltela.pt\/noticias\/2026\/03\/09\/prova-a-desinformacao-desafia-alunos-de-evora-a-detectar-conteudos-falsos\/\",\"url\":\"https:\/\/portaltela.pt\/noticias\/2026\/03\/09\/prova-a-desinformacao-desafia-alunos-de-evora-a-detectar-conteudos-falsos\/\",\"name\":\"Prova \u00e0 desinforma\u00e7\u00e3o desafia alunos de \u00c9vora a detectar conte\u00fados falsos - Portal Tela Portugal\",\"isPartOf\":{\"@id\":\"https:\/\/portaltela.pt\/#website\"},\"primaryImageOfPage\":{\"@id\":\"https:\/\/portaltela.pt\/noticias\/2026\/03\/09\/prova-a-desinformacao-desafia-alunos-de-evora-a-detectar-conteudos-falsos\/#primaryimage\"},\"image\":{\"@id\":\"https:\/\/portaltela.pt\/noticias\/2026\/03\/09\/prova-a-desinformacao-desafia-alunos-de-evora-a-detectar-conteudos-falsos\/#primaryimage\"},\"thumbnailUrl\":\"https:\/\/portaltela.pt\/s.01k8rhncp4jt1\/2026\/03\/img_1280x721uu2026-03-09-07-39-56-2271207.jpg\",\"datePublished\":\"2026-03-09T07:40:55+00:00\",\"author\":{\"@id\":\"https:\/\/portaltela.pt\/#\/schema\/person\/c4278d4a6028830caff9ee44b42d32ed\"},\"breadcrumb\":{\"@id\":\"https:\/\/portaltela.pt\/noticias\/2026\/03\/09\/prova-a-desinformacao-desafia-alunos-de-evora-a-detectar-conteudos-falsos\/#breadcrumb\"},\"inLanguage\":\"pt-PT\",\"potentialAction\":[{\"@type\":\"ReadAction\",\"target\":[\"https:\/\/portaltela.pt\/noticias\/2026\/03\/09\/prova-a-desinformacao-desafia-alunos-de-evora-a-detectar-conteudos-falsos\/\"]}]},{\"@type\":\"ImageObject\",\"inLanguage\":\"pt-PT\",\"@id\":\"https:\/\/portaltela.pt\/noticias\/2026\/03\/09\/prova-a-desinformacao-desafia-alunos-de-evora-a-detectar-conteudos-falsos\/#primaryimage\",\"url\":\"https:\/\/portaltela.pt\/s.01k8rhncp4jt1\/2026\/03\/img_1280x721uu2026-03-09-07-39-56-2271207.jpg\",\"contentUrl\":\"https:\/\/portaltela.pt\/s.01k8rhncp4jt1\/2026\/03\/img_1280x721uu2026-03-09-07-39-56-2271207.jpg\",\"width\":796,\"height\":448,\"caption\":\"Pin\u00f3quio na Escola - iniciativa dedicada a aprender a identificar desinforma\u00e7\u00e3o 'online\"},{\"@type\":\"BreadcrumbList\",\"@id\":\"https:\/\/portaltela.pt\/noticias\/2026\/03\/09\/prova-a-desinformacao-desafia-alunos-de-evora-a-detectar-conteudos-falsos\/#breadcrumb\",\"itemListElement\":[{\"@type\":\"ListItem\",\"position\":1,\"name\":\"In\u00edcio\",\"item\":\"https:\/\/portaltela.pt\/\"},{\"@type\":\"ListItem\",\"position\":2,\"name\":\"Prova \u00e0 desinforma\u00e7\u00e3o desafia alunos de \u00c9vora a detectar conte\u00fados falsos\"}]},{\"@type\":\"WebSite\",\"@id\":\"https:\/\/portaltela.pt\/#website\",\"url\":\"https:\/\/portaltela.pt\/\",\"name\":\"Portal Tela Portugal\",\"description\":\"\",\"potentialAction\":[{\"@type\":\"SearchAction\",\"target\":{\"@type\":\"EntryPoint\",\"urlTemplate\":\"https:\/\/portaltela.pt\/?s={search_term_string}\"},\"query-input\":{\"@type\":\"PropertyValueSpecification\",\"valueRequired\":true,\"valueName\":\"search_term_string\"}}],\"inLanguage\":\"pt-PT\"},{\"@type\":\"Person\",\"@id\":\"https:\/\/portaltela.pt\/#\/schema\/person\/c4278d4a6028830caff9ee44b42d32ed\",\"name\":\"Telinha\",\"image\":{\"@type\":\"ImageObject\",\"inLanguage\":\"pt-PT\",\"@id\":\"https:\/\/portaltela.pt\/s.01k8rhncp4jt1\/2025\/11\/talking-bot-125x125.png\",\"url\":\"https:\/\/portaltela.pt\/s.01k8rhncp4jt1\/2025\/11\/talking-bot-125x125.png\",\"contentUrl\":\"https:\/\/portaltela.pt\/s.01k8rhncp4jt1\/2025\/11\/talking-bot-125x125.png\",\"caption\":\"Telinha\"},\"sameAs\":[\"https:\/\/portaltela.pt\/\"],\"url\":\"https:\/\/portaltela.pt\/por\/367410592786\/\"}]}<\/script>\n<!-- \/ Yoast SEO plugin. -->","yoast_head_json":{"title":"Prova \u00e0 desinforma\u00e7\u00e3o desafia alunos de \u00c9vora a detectar conte\u00fados falsos - Portal Tela Portugal","robots":{"index":"index","follow":"follow","max-snippet":"max-snippet:-1","max-image-preview":"max-image-preview:large","max-video-preview":"max-video-preview:-1"},"og_locale":"pt_PT","og_type":"article","og_title":"Prova \u00e0 desinforma\u00e7\u00e3o desafia alunos de \u00c9vora a detectar conte\u00fados falsos - Portal Tela Portugal","og_description":"56 alunos do 10.\u00ba ano da Escola Secund\u00e1ria Andr\u00e9 de Gouveia, em \u00c9vora, participaram numa sess\u00e3o de literacia medi\u00e1tica integrada no roadshow Pin\u00f3quio na Escola. O objetivo foi aprender a identificar desinforma\u00e7\u00e3o online, atrav\u00e9s de exerc\u00edcios com imagens manipuladas e conte\u00fados virais. Um exemplo mostrado foi a imagem de Cristiano Ronaldo com uma bandeira da Palestina tatuada nas costas, considerada falsa pela maioria dos estudantes. Outro caso apresentado foi uma foto de Greta Thunberg num barco, aparentemente a segurar uma bebida, que enganou v\u00e1rios alunos. A sess\u00e3o enfatizou verificar a credibilidade de p\u00e1ginas, confirmar informa\u00e7\u00f5es em v\u00e1rias fontes e n\u00e3o partilhar conte\u00fados sem confirma\u00e7\u00e3o.","og_url":"https:\/\/portaltela.pt\/noticias\/2026\/03\/09\/prova-a-desinformacao-desafia-alunos-de-evora-a-detectar-conteudos-falsos\/","og_site_name":"Portal Tela Portugal","article_published_time":"2026-03-09T07:40:55+00:00","author":"Telinha","twitter_card":"summary_large_image","twitter_misc":{"Escrito por":"Telinha","Tempo estimado de leitura":"2 minutos"},"schema":{"@context":"https:\/\/schema.org","@graph":[{"@type":"Article","@id":"https:\/\/portaltela.pt\/noticias\/2026\/03\/09\/prova-a-desinformacao-desafia-alunos-de-evora-a-detectar-conteudos-falsos\/#article","isPartOf":{"@id":"https:\/\/portaltela.pt\/noticias\/2026\/03\/09\/prova-a-desinformacao-desafia-alunos-de-evora-a-detectar-conteudos-falsos\/"},"author":{"name":"Telinha","@id":"https:\/\/portaltela.pt\/#\/schema\/person\/c4278d4a6028830caff9ee44b42d32ed"},"headline":"Prova \u00e0 desinforma\u00e7\u00e3o desafia alunos de \u00c9vora a detectar conte\u00fados falsos","datePublished":"2026-03-09T07:40:55+00:00","mainEntityOfPage":{"@id":"https:\/\/portaltela.pt\/noticias\/2026\/03\/09\/prova-a-desinformacao-desafia-alunos-de-evora-a-detectar-conteudos-falsos\/"},"wordCount":419,"image":{"@id":"https:\/\/portaltela.pt\/noticias\/2026\/03\/09\/prova-a-desinformacao-desafia-alunos-de-evora-a-detectar-conteudos-falsos\/#primaryimage"},"thumbnailUrl":"https:\/\/portaltela.pt\/s.01k8rhncp4jt1\/2026\/03\/img_1280x721uu2026-03-09-07-39-56-2271207.jpg","keywords":["desinforma\u00e7\u00e3o","educa\u00e7\u00e3o","ensino","\u00c9vora","literacia digital","literacia medi\u00e1tica"],"articleSection":["Not\u00edcias","Pol\u00edtica"],"inLanguage":"pt-PT"},{"@type":"WebPage","@id":"https:\/\/portaltela.pt\/noticias\/2026\/03\/09\/prova-a-desinformacao-desafia-alunos-de-evora-a-detectar-conteudos-falsos\/","url":"https:\/\/portaltela.pt\/noticias\/2026\/03\/09\/prova-a-desinformacao-desafia-alunos-de-evora-a-detectar-conteudos-falsos\/","name":"Prova \u00e0 desinforma\u00e7\u00e3o desafia alunos de \u00c9vora a detectar conte\u00fados falsos - Portal Tela Portugal","isPartOf":{"@id":"https:\/\/portaltela.pt\/#website"},"primaryImageOfPage":{"@id":"https:\/\/portaltela.pt\/noticias\/2026\/03\/09\/prova-a-desinformacao-desafia-alunos-de-evora-a-detectar-conteudos-falsos\/#primaryimage"},"image":{"@id":"https:\/\/portaltela.pt\/noticias\/2026\/03\/09\/prova-a-desinformacao-desafia-alunos-de-evora-a-detectar-conteudos-falsos\/#primaryimage"},"thumbnailUrl":"https:\/\/portaltela.pt\/s.01k8rhncp4jt1\/2026\/03\/img_1280x721uu2026-03-09-07-39-56-2271207.jpg","datePublished":"2026-03-09T07:40:55+00:00","author":{"@id":"https:\/\/portaltela.pt\/#\/schema\/person\/c4278d4a6028830caff9ee44b42d32ed"},"breadcrumb":{"@id":"https:\/\/portaltela.pt\/noticias\/2026\/03\/09\/prova-a-desinformacao-desafia-alunos-de-evora-a-detectar-conteudos-falsos\/#breadcrumb"},"inLanguage":"pt-PT","potentialAction":[{"@type":"ReadAction","target":["https:\/\/portaltela.pt\/noticias\/2026\/03\/09\/prova-a-desinformacao-desafia-alunos-de-evora-a-detectar-conteudos-falsos\/"]}]},{"@type":"ImageObject","inLanguage":"pt-PT","@id":"https:\/\/portaltela.pt\/noticias\/2026\/03\/09\/prova-a-desinformacao-desafia-alunos-de-evora-a-detectar-conteudos-falsos\/#primaryimage","url":"https:\/\/portaltela.pt\/s.01k8rhncp4jt1\/2026\/03\/img_1280x721uu2026-03-09-07-39-56-2271207.jpg","contentUrl":"https:\/\/portaltela.pt\/s.01k8rhncp4jt1\/2026\/03\/img_1280x721uu2026-03-09-07-39-56-2271207.jpg","width":796,"height":448,"caption":"Pin\u00f3quio na Escola - iniciativa dedicada a aprender a identificar desinforma\u00e7\u00e3o 'online"},{"@type":"BreadcrumbList","@id":"https:\/\/portaltela.pt\/noticias\/2026\/03\/09\/prova-a-desinformacao-desafia-alunos-de-evora-a-detectar-conteudos-falsos\/#breadcrumb","itemListElement":[{"@type":"ListItem","position":1,"name":"In\u00edcio","item":"https:\/\/portaltela.pt\/"},{"@type":"ListItem","position":2,"name":"Prova \u00e0 desinforma\u00e7\u00e3o desafia alunos de \u00c9vora a detectar conte\u00fados falsos"}]},{"@type":"WebSite","@id":"https:\/\/portaltela.pt\/#website","url":"https:\/\/portaltela.pt\/","name":"Portal Tela Portugal","description":"","potentialAction":[{"@type":"SearchAction","target":{"@type":"EntryPoint","urlTemplate":"https:\/\/portaltela.pt\/?s={search_term_string}"},"query-input":{"@type":"PropertyValueSpecification","valueRequired":true,"valueName":"search_term_string"}}],"inLanguage":"pt-PT"},{"@type":"Person","@id":"https:\/\/portaltela.pt\/#\/schema\/person\/c4278d4a6028830caff9ee44b42d32ed","name":"Telinha","image":{"@type":"ImageObject","inLanguage":"pt-PT","@id":"https:\/\/portaltela.pt\/s.01k8rhncp4jt1\/2025\/11\/talking-bot-125x125.png","url":"https:\/\/portaltela.pt\/s.01k8rhncp4jt1\/2025\/11\/talking-bot-125x125.png","contentUrl":"https:\/\/portaltela.pt\/s.01k8rhncp4jt1\/2025\/11\/talking-bot-125x125.png","caption":"Telinha"},"sameAs":["https:\/\/portaltela.pt\/"],"url":"https:\/\/portaltela.pt\/por\/367410592786\/"}]}},"_links":{"self":[{"href":"https:\/\/portaltela.pt\/api\/wp\/v2\/posts\/402939","targetHints":{"allow":["GET"]}}],"collection":[{"href":"https:\/\/portaltela.pt\/api\/wp\/v2\/posts"}],"about":[{"href":"https:\/\/portaltela.pt\/api\/wp\/v2\/types\/post"}],"author":[{"embeddable":true,"href":"https:\/\/portaltela.pt\/api\/wp\/v2\/users\/2"}],"replies":[{"embeddable":true,"href":"https:\/\/portaltela.pt\/api\/wp\/v2\/comments?post=402939"}],"version-history":[{"count":0,"href":"https:\/\/portaltela.pt\/api\/wp\/v2\/posts\/402939\/revisions"}],"wp:featuredmedia":[{"embeddable":true,"href":"https:\/\/portaltela.pt\/api\/wp\/v2\/media\/402940"}],"wp:attachment":[{"href":"https:\/\/portaltela.pt\/api\/wp\/v2\/media?parent=402939"}],"wp:term":[{"taxonomy":"category","embeddable":true,"href":"https:\/\/portaltela.pt\/api\/wp\/v2\/categories?post=402939"},{"taxonomy":"post_tag","embeddable":true,"href":"https:\/\/portaltela.pt\/api\/wp\/v2\/tags?post=402939"}],"curies":[{"name":"wp","href":"https:\/\/api.w.org\/{rel}","templated":true}]}}