{"id":402908,"date":"2026-03-09T04:03:00","date_gmt":"2026-03-09T07:03:00","guid":{"rendered":"https:\/\/portaltela.pt\/noticias\/2026\/03\/09\/bancos-abrem-mais-balcoes-por-automacao-de-atendimento\/"},"modified":"2026-03-09T04:03:00","modified_gmt":"2026-03-09T07:03:00","slug":"bancos-abrem-mais-balcoes-por-automacao-de-atendimento","status":"publish","type":"post","link":"https:\/\/portaltela.pt\/noticias\/economia\/2026\/03\/09\/bancos-abrem-mais-balcoes-por-automacao-de-atendimento\/","title":{"rendered":"Bancos abrem mais balc\u00f5es por automa\u00e7\u00e3o de atendimento"},"content":{"rendered":"<p>Pela primeira vez em seis anos, o n\u00famero de balc\u00f5es banc\u00e1rios em Portugal cresceu, ainda que de forma residual. O registo contrasta com uma realidade paralela: muitas depend\u00eancias funcionam com hor\u00e1rios aleat\u00f3rios e oferecem apenas servi\u00e7os m\u00ednimos, deixando a maioria das opera\u00e7\u00f5es para as m\u00e1quinas.<\/p>\n<p>A evolu\u00e7\u00e3o n\u00e3o elimina o peso do atendimento humano. Em v\u00e1rias ag\u00eancias, h\u00e1 menos funcion\u00e1rios no posto de balc\u00e3o e uma maior depend\u00eancia de solu\u00e7\u00f5es digitais, com m\u00e1quinas a substituir tarefas simples que outrora exigiam atendimento direto.<\/p>\n<p>A recente din\u00e2mica envolve bancos que adotaram o recurso a automa\u00e7\u00e3o para reduzir custos, ao mesmo tempo que mant\u00eam presenciais com hor\u00e1rios reduzidos. O fen\u00f3meno suscita preocupa\u00e7\u00f5es sobre responsabilidade social e qualidade de servi\u00e7o, segundo o Mais Sindicato.<\/p>\n<h3>Situa\u00e7\u00e3o atual dos balc\u00f5es<\/h3>\n<p>Alguns balc\u00f5es continuam abertos, mas com hor\u00e1rios irregulares e sele\u00e7\u00e3o restrita de servi\u00e7os. Opera\u00e7\u00f5es b\u00e1sicas, como dep\u00f3sitos e levantamentos simples, passam a ser orientadas para as m\u00e1quinas. Esta mudan\u00e7a tem impactos na experi\u00eancia do cliente e no mercado de trabalho do setor.<\/p>\n<p>Quem analisa o tema aponta que a tend\u00eancia deriva de investimentos em tecnologia e de press\u00f5es competitivas entre institui\u00e7\u00f5es. Bancos e trabalhadores discutem impactos, equilibrando efici\u00eancia operacional com acesso ao atendimento humano.<\/p>\n","protected":false},"excerpt":{"rendered":"<ul>\n<li>Em Portugal, o n\u00famero de balc\u00f5es banc\u00e1rios subiu pela primeira vez nos \u00faltimos seis anos, ainda que de forma residual.<\/li>\n<li>O aumento contrasta com ag\u00eancias com hor\u00e1rios reduzidos, irregulares e com maior peso de servi\u00e7os digitais.<\/li>\n<li>Em v\u00e1rias depend\u00eancias, as portas ficam abertas com hor\u00e1rios aleat\u00f3rios e oferecem apenas servi\u00e7os m\u00ednimos.<\/li>\n<li>As opera\u00e7\u00f5es di\u00e1rias est\u00e3o a ser substitu\u00eddas por m\u00e1quinas para tarefas comuns.<\/li>\n<li>O Mais Sindicato critica a situa\u00e7\u00e3o, dizendo que se est\u00e1 a perder a responsabilidade social das institui\u00e7\u00f5es financeiras.<\/li>\n<\/ul>\n","protected":false},"author":2,"featured_media":402916,"comment_status":"closed","ping_status":"closed","sticky":false,"template":"","format":"standard","meta":{"footnotes":""},"categories":[2,6735],"tags":[6115,28,1006,727,153,2201],"class_list":["post-402908","post","type-post","status-publish","format-standard","has-post-thumbnail","hentry","category-economia","category-negocios","tag-_economia","tag-economia","tag-emprego","tag-servicos","tag-tecnologia","tag-trabalho"],"yoast_head":"<!-- This site is optimized with the Yoast SEO plugin v27.2 - https:\/\/yoast.com\/product\/yoast-seo-wordpress\/ -->\n<title>Bancos abrem mais balc\u00f5es por automa\u00e7\u00e3o de atendimento - Portal Tela Portugal<\/title>\n<meta name=\"robots\" content=\"index, follow, max-snippet:-1, max-image-preview:large, max-video-preview:-1\" \/>\n<meta property=\"og:locale\" content=\"pt_PT\" \/>\n<meta property=\"og:type\" content=\"article\" \/>\n<meta property=\"og:title\" content=\"Bancos abrem mais balc\u00f5es por automa\u00e7\u00e3o de atendimento - Portal Tela Portugal\" \/>\n<meta property=\"og:description\" content=\"Em Portugal, o n\u00famero de balc\u00f5es banc\u00e1rios subiu pela primeira vez nos \u00faltimos seis anos, ainda que de forma residual. O aumento contrasta com ag\u00eancias com hor\u00e1rios reduzidos, irregulares e com maior peso de servi\u00e7os digitais. Em v\u00e1rias depend\u00eancias, as portas ficam abertas com hor\u00e1rios aleat\u00f3rios e oferecem apenas servi\u00e7os m\u00ednimos. As opera\u00e7\u00f5es di\u00e1rias est\u00e3o a ser substitu\u00eddas por m\u00e1quinas para tarefas comuns. O Mais Sindicato critica a situa\u00e7\u00e3o, dizendo que se est\u00e1 a perder a responsabilidade social das institui\u00e7\u00f5es financeiras.\" \/>\n<meta property=\"og:url\" content=\"https:\/\/portaltela.pt\/noticias\/2026\/03\/09\/bancos-abrem-mais-balcoes-por-automacao-de-atendimento\/\" \/>\n<meta property=\"og:site_name\" content=\"Portal Tela Portugal\" \/>\n<meta property=\"article:published_time\" content=\"2026-03-09T07:03:00+00:00\" \/>\n<meta name=\"author\" content=\"Telinha\" \/>\n<meta name=\"twitter:card\" content=\"summary_large_image\" \/>\n<meta name=\"twitter:label1\" content=\"Escrito por\" \/>\n\t<meta name=\"twitter:data1\" content=\"Telinha\" \/>\n\t<meta name=\"twitter:label2\" content=\"Tempo estimado de leitura\" \/>\n\t<meta name=\"twitter:data2\" content=\"1 minuto\" \/>\n<script type=\"application\/ld+json\" class=\"yoast-schema-graph\">{\"@context\":\"https:\/\/schema.org\",\"@graph\":[{\"@type\":\"Article\",\"@id\":\"https:\/\/portaltela.pt\/noticias\/2026\/03\/09\/bancos-abrem-mais-balcoes-por-automacao-de-atendimento\/#article\",\"isPartOf\":{\"@id\":\"https:\/\/portaltela.pt\/noticias\/2026\/03\/09\/bancos-abrem-mais-balcoes-por-automacao-de-atendimento\/\"},\"author\":{\"name\":\"Telinha\",\"@id\":\"https:\/\/portaltela.pt\/#\/schema\/person\/c4278d4a6028830caff9ee44b42d32ed\"},\"headline\":\"Bancos abrem mais balc\u00f5es por automa\u00e7\u00e3o de atendimento\",\"datePublished\":\"2026-03-09T07:03:00+00:00\",\"mainEntityOfPage\":{\"@id\":\"https:\/\/portaltela.pt\/noticias\/2026\/03\/09\/bancos-abrem-mais-balcoes-por-automacao-de-atendimento\/\"},\"wordCount\":250,\"image\":{\"@id\":\"https:\/\/portaltela.pt\/noticias\/2026\/03\/09\/bancos-abrem-mais-balcoes-por-automacao-de-atendimento\/#primaryimage\"},\"thumbnailUrl\":\"https:\/\/portaltela.pt\/s.01k8rhncp4jt1\/2026\/03\/image-545.jpg\",\"keywords\":[\"_economia\",\"economia\",\"emprego\",\"servi\u00e7os\",\"tecnologia\",\"trabalho\"],\"articleSection\":[\"Economia\",\"Neg\u00f3cios\"],\"inLanguage\":\"pt-PT\"},{\"@type\":\"WebPage\",\"@id\":\"https:\/\/portaltela.pt\/noticias\/2026\/03\/09\/bancos-abrem-mais-balcoes-por-automacao-de-atendimento\/\",\"url\":\"https:\/\/portaltela.pt\/noticias\/2026\/03\/09\/bancos-abrem-mais-balcoes-por-automacao-de-atendimento\/\",\"name\":\"Bancos abrem mais balc\u00f5es por automa\u00e7\u00e3o de atendimento - Portal Tela Portugal\",\"isPartOf\":{\"@id\":\"https:\/\/portaltela.pt\/#website\"},\"primaryImageOfPage\":{\"@id\":\"https:\/\/portaltela.pt\/noticias\/2026\/03\/09\/bancos-abrem-mais-balcoes-por-automacao-de-atendimento\/#primaryimage\"},\"image\":{\"@id\":\"https:\/\/portaltela.pt\/noticias\/2026\/03\/09\/bancos-abrem-mais-balcoes-por-automacao-de-atendimento\/#primaryimage\"},\"thumbnailUrl\":\"https:\/\/portaltela.pt\/s.01k8rhncp4jt1\/2026\/03\/image-545.jpg\",\"datePublished\":\"2026-03-09T07:03:00+00:00\",\"author\":{\"@id\":\"https:\/\/portaltela.pt\/#\/schema\/person\/c4278d4a6028830caff9ee44b42d32ed\"},\"breadcrumb\":{\"@id\":\"https:\/\/portaltela.pt\/noticias\/2026\/03\/09\/bancos-abrem-mais-balcoes-por-automacao-de-atendimento\/#breadcrumb\"},\"inLanguage\":\"pt-PT\",\"potentialAction\":[{\"@type\":\"ReadAction\",\"target\":[\"https:\/\/portaltela.pt\/noticias\/2026\/03\/09\/bancos-abrem-mais-balcoes-por-automacao-de-atendimento\/\"]}]},{\"@type\":\"ImageObject\",\"inLanguage\":\"pt-PT\",\"@id\":\"https:\/\/portaltela.pt\/noticias\/2026\/03\/09\/bancos-abrem-mais-balcoes-por-automacao-de-atendimento\/#primaryimage\",\"url\":\"https:\/\/portaltela.pt\/s.01k8rhncp4jt1\/2026\/03\/image-545.jpg\",\"contentUrl\":\"https:\/\/portaltela.pt\/s.01k8rhncp4jt1\/2026\/03\/image-545.jpg\",\"width\":796,\"height\":448,\"caption\":\"O n\u00famero de balc\u00f5es banc\u00e1rios em Portugal subiu pela primeira vez nos \u00faltimos seis anos\"},{\"@type\":\"BreadcrumbList\",\"@id\":\"https:\/\/portaltela.pt\/noticias\/2026\/03\/09\/bancos-abrem-mais-balcoes-por-automacao-de-atendimento\/#breadcrumb\",\"itemListElement\":[{\"@type\":\"ListItem\",\"position\":1,\"name\":\"In\u00edcio\",\"item\":\"https:\/\/portaltela.pt\/\"},{\"@type\":\"ListItem\",\"position\":2,\"name\":\"Bancos abrem mais balc\u00f5es por automa\u00e7\u00e3o de atendimento\"}]},{\"@type\":\"WebSite\",\"@id\":\"https:\/\/portaltela.pt\/#website\",\"url\":\"https:\/\/portaltela.pt\/\",\"name\":\"Portal Tela Portugal\",\"description\":\"\",\"potentialAction\":[{\"@type\":\"SearchAction\",\"target\":{\"@type\":\"EntryPoint\",\"urlTemplate\":\"https:\/\/portaltela.pt\/?s={search_term_string}\"},\"query-input\":{\"@type\":\"PropertyValueSpecification\",\"valueRequired\":true,\"valueName\":\"search_term_string\"}}],\"inLanguage\":\"pt-PT\"},{\"@type\":\"Person\",\"@id\":\"https:\/\/portaltela.pt\/#\/schema\/person\/c4278d4a6028830caff9ee44b42d32ed\",\"name\":\"Telinha\",\"image\":{\"@type\":\"ImageObject\",\"inLanguage\":\"pt-PT\",\"@id\":\"https:\/\/portaltela.pt\/s.01k8rhncp4jt1\/2025\/11\/talking-bot-125x125.png\",\"url\":\"https:\/\/portaltela.pt\/s.01k8rhncp4jt1\/2025\/11\/talking-bot-125x125.png\",\"contentUrl\":\"https:\/\/portaltela.pt\/s.01k8rhncp4jt1\/2025\/11\/talking-bot-125x125.png\",\"caption\":\"Telinha\"},\"sameAs\":[\"https:\/\/portaltela.pt\/\"],\"url\":\"https:\/\/portaltela.pt\/por\/367410592786\/\"}]}<\/script>\n<!-- \/ Yoast SEO plugin. -->","yoast_head_json":{"title":"Bancos abrem mais balc\u00f5es por automa\u00e7\u00e3o de atendimento - Portal Tela Portugal","robots":{"index":"index","follow":"follow","max-snippet":"max-snippet:-1","max-image-preview":"max-image-preview:large","max-video-preview":"max-video-preview:-1"},"og_locale":"pt_PT","og_type":"article","og_title":"Bancos abrem mais balc\u00f5es por automa\u00e7\u00e3o de atendimento - Portal Tela Portugal","og_description":"Em Portugal, o n\u00famero de balc\u00f5es banc\u00e1rios subiu pela primeira vez nos \u00faltimos seis anos, ainda que de forma residual. O aumento contrasta com ag\u00eancias com hor\u00e1rios reduzidos, irregulares e com maior peso de servi\u00e7os digitais. Em v\u00e1rias depend\u00eancias, as portas ficam abertas com hor\u00e1rios aleat\u00f3rios e oferecem apenas servi\u00e7os m\u00ednimos. As opera\u00e7\u00f5es di\u00e1rias est\u00e3o a ser substitu\u00eddas por m\u00e1quinas para tarefas comuns. O Mais Sindicato critica a situa\u00e7\u00e3o, dizendo que se est\u00e1 a perder a responsabilidade social das institui\u00e7\u00f5es financeiras.","og_url":"https:\/\/portaltela.pt\/noticias\/2026\/03\/09\/bancos-abrem-mais-balcoes-por-automacao-de-atendimento\/","og_site_name":"Portal Tela Portugal","article_published_time":"2026-03-09T07:03:00+00:00","author":"Telinha","twitter_card":"summary_large_image","twitter_misc":{"Escrito por":"Telinha","Tempo estimado de leitura":"1 minuto"},"schema":{"@context":"https:\/\/schema.org","@graph":[{"@type":"Article","@id":"https:\/\/portaltela.pt\/noticias\/2026\/03\/09\/bancos-abrem-mais-balcoes-por-automacao-de-atendimento\/#article","isPartOf":{"@id":"https:\/\/portaltela.pt\/noticias\/2026\/03\/09\/bancos-abrem-mais-balcoes-por-automacao-de-atendimento\/"},"author":{"name":"Telinha","@id":"https:\/\/portaltela.pt\/#\/schema\/person\/c4278d4a6028830caff9ee44b42d32ed"},"headline":"Bancos abrem mais balc\u00f5es por automa\u00e7\u00e3o de atendimento","datePublished":"2026-03-09T07:03:00+00:00","mainEntityOfPage":{"@id":"https:\/\/portaltela.pt\/noticias\/2026\/03\/09\/bancos-abrem-mais-balcoes-por-automacao-de-atendimento\/"},"wordCount":250,"image":{"@id":"https:\/\/portaltela.pt\/noticias\/2026\/03\/09\/bancos-abrem-mais-balcoes-por-automacao-de-atendimento\/#primaryimage"},"thumbnailUrl":"https:\/\/portaltela.pt\/s.01k8rhncp4jt1\/2026\/03\/image-545.jpg","keywords":["_economia","economia","emprego","servi\u00e7os","tecnologia","trabalho"],"articleSection":["Economia","Neg\u00f3cios"],"inLanguage":"pt-PT"},{"@type":"WebPage","@id":"https:\/\/portaltela.pt\/noticias\/2026\/03\/09\/bancos-abrem-mais-balcoes-por-automacao-de-atendimento\/","url":"https:\/\/portaltela.pt\/noticias\/2026\/03\/09\/bancos-abrem-mais-balcoes-por-automacao-de-atendimento\/","name":"Bancos abrem mais balc\u00f5es por automa\u00e7\u00e3o de atendimento - Portal Tela Portugal","isPartOf":{"@id":"https:\/\/portaltela.pt\/#website"},"primaryImageOfPage":{"@id":"https:\/\/portaltela.pt\/noticias\/2026\/03\/09\/bancos-abrem-mais-balcoes-por-automacao-de-atendimento\/#primaryimage"},"image":{"@id":"https:\/\/portaltela.pt\/noticias\/2026\/03\/09\/bancos-abrem-mais-balcoes-por-automacao-de-atendimento\/#primaryimage"},"thumbnailUrl":"https:\/\/portaltela.pt\/s.01k8rhncp4jt1\/2026\/03\/image-545.jpg","datePublished":"2026-03-09T07:03:00+00:00","author":{"@id":"https:\/\/portaltela.pt\/#\/schema\/person\/c4278d4a6028830caff9ee44b42d32ed"},"breadcrumb":{"@id":"https:\/\/portaltela.pt\/noticias\/2026\/03\/09\/bancos-abrem-mais-balcoes-por-automacao-de-atendimento\/#breadcrumb"},"inLanguage":"pt-PT","potentialAction":[{"@type":"ReadAction","target":["https:\/\/portaltela.pt\/noticias\/2026\/03\/09\/bancos-abrem-mais-balcoes-por-automacao-de-atendimento\/"]}]},{"@type":"ImageObject","inLanguage":"pt-PT","@id":"https:\/\/portaltela.pt\/noticias\/2026\/03\/09\/bancos-abrem-mais-balcoes-por-automacao-de-atendimento\/#primaryimage","url":"https:\/\/portaltela.pt\/s.01k8rhncp4jt1\/2026\/03\/image-545.jpg","contentUrl":"https:\/\/portaltela.pt\/s.01k8rhncp4jt1\/2026\/03\/image-545.jpg","width":796,"height":448,"caption":"O n\u00famero de balc\u00f5es banc\u00e1rios em Portugal subiu pela primeira vez nos \u00faltimos seis anos"},{"@type":"BreadcrumbList","@id":"https:\/\/portaltela.pt\/noticias\/2026\/03\/09\/bancos-abrem-mais-balcoes-por-automacao-de-atendimento\/#breadcrumb","itemListElement":[{"@type":"ListItem","position":1,"name":"In\u00edcio","item":"https:\/\/portaltela.pt\/"},{"@type":"ListItem","position":2,"name":"Bancos abrem mais balc\u00f5es por automa\u00e7\u00e3o de atendimento"}]},{"@type":"WebSite","@id":"https:\/\/portaltela.pt\/#website","url":"https:\/\/portaltela.pt\/","name":"Portal Tela Portugal","description":"","potentialAction":[{"@type":"SearchAction","target":{"@type":"EntryPoint","urlTemplate":"https:\/\/portaltela.pt\/?s={search_term_string}"},"query-input":{"@type":"PropertyValueSpecification","valueRequired":true,"valueName":"search_term_string"}}],"inLanguage":"pt-PT"},{"@type":"Person","@id":"https:\/\/portaltela.pt\/#\/schema\/person\/c4278d4a6028830caff9ee44b42d32ed","name":"Telinha","image":{"@type":"ImageObject","inLanguage":"pt-PT","@id":"https:\/\/portaltela.pt\/s.01k8rhncp4jt1\/2025\/11\/talking-bot-125x125.png","url":"https:\/\/portaltela.pt\/s.01k8rhncp4jt1\/2025\/11\/talking-bot-125x125.png","contentUrl":"https:\/\/portaltela.pt\/s.01k8rhncp4jt1\/2025\/11\/talking-bot-125x125.png","caption":"Telinha"},"sameAs":["https:\/\/portaltela.pt\/"],"url":"https:\/\/portaltela.pt\/por\/367410592786\/"}]}},"_links":{"self":[{"href":"https:\/\/portaltela.pt\/api\/wp\/v2\/posts\/402908","targetHints":{"allow":["GET"]}}],"collection":[{"href":"https:\/\/portaltela.pt\/api\/wp\/v2\/posts"}],"about":[{"href":"https:\/\/portaltela.pt\/api\/wp\/v2\/types\/post"}],"author":[{"embeddable":true,"href":"https:\/\/portaltela.pt\/api\/wp\/v2\/users\/2"}],"replies":[{"embeddable":true,"href":"https:\/\/portaltela.pt\/api\/wp\/v2\/comments?post=402908"}],"version-history":[{"count":0,"href":"https:\/\/portaltela.pt\/api\/wp\/v2\/posts\/402908\/revisions"}],"wp:featuredmedia":[{"embeddable":true,"href":"https:\/\/portaltela.pt\/api\/wp\/v2\/media\/402916"}],"wp:attachment":[{"href":"https:\/\/portaltela.pt\/api\/wp\/v2\/media?parent=402908"}],"wp:term":[{"taxonomy":"category","embeddable":true,"href":"https:\/\/portaltela.pt\/api\/wp\/v2\/categories?post=402908"},{"taxonomy":"post_tag","embeddable":true,"href":"https:\/\/portaltela.pt\/api\/wp\/v2\/tags?post=402908"}],"curies":[{"name":"wp","href":"https:\/\/api.w.org\/{rel}","templated":true}]}}