{"id":402879,"date":"2026-03-09T03:32:09","date_gmt":"2026-03-09T06:32:09","guid":{"rendered":"https:\/\/portaltela.pt\/noticias\/2026\/03\/09\/tornar-se-ceo-pode-ser-a-solucao-para-um-mercado-de-trabalho-lento\/"},"modified":"2026-03-09T03:32:09","modified_gmt":"2026-03-09T06:32:09","slug":"tornar-se-ceo-pode-ser-a-solucao-para-um-mercado-de-trabalho-lento","status":"publish","type":"post","link":"https:\/\/portaltela.pt\/noticias\/economia\/2026\/03\/09\/tornar-se-ceo-pode-ser-a-solucao-para-um-mercado-de-trabalho-lento\/","title":{"rendered":"Tornar-se CEO pode ser a solu\u00e7\u00e3o para um mercado de trabalho lento?"},"content":{"rendered":"<p>A procura por trabalho na Europa continua em ritmo mais lento, mas n\u00e3o estagnado. O tema em an\u00e1lise \u00e9 se tornar CEO pode ser uma resposta a esse mercado. Dados do LinkedIn indicam que o t\u00edtulo de Fundador tem crescido significativamente nos perfis profissionais.<\/p>\n<p>Nos \u00faltimos 12 meses, o n\u00famero de utilizadores que adicionam Fundador aos seus perfis aumentou 60%, quase triplicando desde 2022. O crescimento \u00e9 mais acentuado nos Pa\u00edses Baixos e no Reino Unido, com 85% e 69% respetivamente, entre julho de 2024 e julho de 2025.<\/p>\n<p>Espanha (68%), Alemanha (61%) e Fran\u00e7a (49%) tamb\u00e9m apresentam aumentos relevantes. A discuss\u00e3o chega ao mercado de trabalho europeu, onde muitas empresas ajustam estrutura ap\u00f3s a fase p\u00f3s-pandemia.<\/p>\n<p>Sue Duke, diretora-geral para a EMEA &amp; LATAM e Vice-Presidente de Pol\u00edtica P\u00fablica Global no LinkedIn, participa do The Big Question para analisar o cen\u00e1rio. Angela Barnes acompanha a an\u00e1lise para entender tend\u00eancias.<\/p>\n<p>Mercado de trabalho na Europa<\/p>\n<p>As empresas procuram o tamanho ideal, gerando despedimentos pontuais e desacelera\u00e7\u00e3o de contrata\u00e7\u00f5es ap\u00f3s o boom do per\u00edodo anterior. Ainda assim, o mercado permanece ativo, apesar de mais lento, segundo a diretora.<\/p>\n<p>Conforme o LinkedIn, as contrata\u00e7\u00f5es globais ficam cerca de 20% abaixo dos n\u00edveis pr\u00e9-pandemia. Economias como Reino Unido, Fran\u00e7a e Alemanha registam quedas entre 20% e 35%.<\/p>\n<p>Este contexto aumenta a competi\u00e7\u00e3o por vagas, com o n\u00famero m\u00e9dio de candidatos por vaga a duplicar desde 2022. Metade das pessoas em todo o mundo espera ter de procurar emprego em 2026.<\/p>\n<p>Fa\u00e7a as suas pr\u00f3prias pontes<\/p>\n<p>H\u00e1 diferen\u00e7as geracionais na resposta ao mercado lento. A gerar\u00e7\u00e3o mais velha tende a abra\u00e7ar o emprego existente, com transi\u00e7\u00f5es entre empregos no n\u00edvel mais baixo dos \u00faltimos 10 anos, segundo a an\u00e1lise.<\/p>\n<p>Este comportamento indica cautela no mercado externo, com trabalhadores a manterem-se nas posi\u00e7\u00f5es e a concorrerem fortemente por novas vagas quando aparecem.<\/p>\n<p>Para a gera\u00e7\u00e3o mais jovem, a tend\u00eancia \u00e9 mais proativa. Quatro em cada 10 jovens desejam criar o pr\u00f3prio neg\u00f3cio, abrindo portas ao empreendedorismo.<\/p>\n<p>Uma gera\u00e7\u00e3o mais jovem de empreendedores<\/p>\n<p>A sociedade observa mais licenciados confrontados com perspetivas de emprego limitadas, levando-os a explorar caminhos pr\u00f3prios. Dados apontam que 28% dos jovens na Europa conciliam v\u00e1rios empregos, com objetivos diversos.<\/p>\n<p>Entre os jovens, 52% procuram rendimento extra, 24% querem iniciar o pr\u00f3prio neg\u00f3cio e 22% desejam construir uma rede de contactos. A vontade de serem fundadores aparece como for\u00e7a motivadora.<\/p>\n<p>The Big Question \u00e9 uma s\u00e9rie da Euronews Business que re\u00fane l\u00edderes e especialistas para debater temas atuais. A an\u00e1lise completa pode ser visualizada no v\u00eddeo associado.<\/p>\n","protected":false},"excerpt":{"rendered":"<ul>\n<li>O n\u00famero de membros do LinkedIn a incluir \u201cFundador\u201d nos perfis cresceu 60% num ano, e quase duplicou desde 2022, com maior subida nos Pa\u00edses Baixos (85%) e no Reino Unido (69%) entre julho de 2024 e julho de 2025.<\/li>\n<li>Espanha (68%), Alemanha (61%) e Fran\u00e7a (49%) tamb\u00e9m registaram aumentos significativos nesse fen\u00f3meno.<\/li>\n<li>O mercado de trabalho europeu permanece lento, mas n\u00e3o estagnado; contrata\u00e7\u00f5es globais est\u00e3o cerca de 20% abaixo dos n\u00edveis pr\u00e9-pandemia, com Reino Unido, Fran\u00e7a e Alemanha entre 20% e 35% abaixo.<\/li>\n<li>H\u00e1 uma divis\u00e3o geracional: a gera\u00e7\u00e3o mais velha tende a permanecer no emprego atual, enquanto a mais jovem surge com mais vontade de abrir o pr\u00f3prio neg\u00f3cio, com quatro em cada dez jovens interessados em ser fundador.<\/li>\n<li>Entre os jovens licenciados, 28% conciliam v\u00e1rios empregos, procurando rendimento extra (52%), iniciar o pr\u00f3prio neg\u00f3cio (24%) e expandir a rede de contactos (22%).<\/li>\n<\/ul>\n","protected":false},"author":2,"featured_media":402880,"comment_status":"closed","ping_status":"closed","sticky":false,"template":"","format":"standard","meta":{"footnotes":""},"categories":[2,6735],"tags":[6115,28,4904,6213,2487,2201],"class_list":["post-402879","post","type-post","status-publish","format-standard","has-post-thumbnail","hentry","category-economia","category-negocios","tag-_economia","tag-economia","tag-empreendedores","tag-empreendedorismo","tag-europa","tag-trabalho"],"yoast_head":"<!-- This site is optimized with the Yoast SEO plugin v27.2 - https:\/\/yoast.com\/product\/yoast-seo-wordpress\/ -->\n<title>Tornar-se CEO pode ser a solu\u00e7\u00e3o para um mercado de trabalho lento? - Portal Tela Portugal<\/title>\n<meta name=\"robots\" content=\"index, follow, max-snippet:-1, max-image-preview:large, max-video-preview:-1\" \/>\n<meta property=\"og:locale\" content=\"pt_PT\" \/>\n<meta property=\"og:type\" content=\"article\" \/>\n<meta property=\"og:title\" content=\"Tornar-se CEO pode ser a solu\u00e7\u00e3o para um mercado de trabalho lento? - Portal Tela Portugal\" \/>\n<meta property=\"og:description\" content=\"O n\u00famero de membros do LinkedIn a incluir \u201cFundador\u201d nos perfis cresceu 60% num ano, e quase duplicou desde 2022, com maior subida nos Pa\u00edses Baixos (85%) e no Reino Unido (69%) entre julho de 2024 e julho de 2025. Espanha (68%), Alemanha (61%) e Fran\u00e7a (49%) tamb\u00e9m registaram aumentos significativos nesse fen\u00f3meno. O mercado de trabalho europeu permanece lento, mas n\u00e3o estagnado; contrata\u00e7\u00f5es globais est\u00e3o cerca de 20% abaixo dos n\u00edveis pr\u00e9-pandemia, com Reino Unido, Fran\u00e7a e Alemanha entre 20% e 35% abaixo. H\u00e1 uma divis\u00e3o geracional: a gera\u00e7\u00e3o mais velha tende a permanecer no emprego atual, enquanto a mais jovem surge com mais vontade de abrir o pr\u00f3prio neg\u00f3cio, com quatro em cada dez jovens interessados em ser fundador. Entre os jovens licenciados, 28% conciliam v\u00e1rios empregos, procurando rendimento extra (52%), iniciar o pr\u00f3prio neg\u00f3cio (24%) e expandir a rede de contactos (22%).\" \/>\n<meta property=\"og:url\" content=\"https:\/\/portaltela.pt\/noticias\/2026\/03\/09\/tornar-se-ceo-pode-ser-a-solucao-para-um-mercado-de-trabalho-lento\/\" \/>\n<meta property=\"og:site_name\" content=\"Portal Tela Portugal\" \/>\n<meta property=\"article:published_time\" content=\"2026-03-09T06:32:09+00:00\" \/>\n<meta name=\"author\" content=\"Telinha\" \/>\n<meta name=\"twitter:card\" content=\"summary_large_image\" \/>\n<meta name=\"twitter:label1\" content=\"Escrito por\" \/>\n\t<meta name=\"twitter:data1\" content=\"Telinha\" \/>\n\t<meta name=\"twitter:label2\" content=\"Tempo estimado de leitura\" \/>\n\t<meta name=\"twitter:data2\" content=\"2 minutos\" \/>\n<script type=\"application\/ld+json\" class=\"yoast-schema-graph\">{\"@context\":\"https:\/\/schema.org\",\"@graph\":[{\"@type\":\"Article\",\"@id\":\"https:\/\/portaltela.pt\/noticias\/2026\/03\/09\/tornar-se-ceo-pode-ser-a-solucao-para-um-mercado-de-trabalho-lento\/#article\",\"isPartOf\":{\"@id\":\"https:\/\/portaltela.pt\/noticias\/2026\/03\/09\/tornar-se-ceo-pode-ser-a-solucao-para-um-mercado-de-trabalho-lento\/\"},\"author\":{\"name\":\"Telinha\",\"@id\":\"https:\/\/portaltela.pt\/#\/schema\/person\/c4278d4a6028830caff9ee44b42d32ed\"},\"headline\":\"Tornar-se CEO pode ser a solu\u00e7\u00e3o para um mercado de trabalho lento?\",\"datePublished\":\"2026-03-09T06:32:09+00:00\",\"mainEntityOfPage\":{\"@id\":\"https:\/\/portaltela.pt\/noticias\/2026\/03\/09\/tornar-se-ceo-pode-ser-a-solucao-para-um-mercado-de-trabalho-lento\/\"},\"wordCount\":462,\"image\":{\"@id\":\"https:\/\/portaltela.pt\/noticias\/2026\/03\/09\/tornar-se-ceo-pode-ser-a-solucao-para-um-mercado-de-trabalho-lento\/#primaryimage\"},\"thumbnailUrl\":\"https:\/\/portaltela.pt\/s.01k8rhncp4jt1\/2026\/03\/1536x864_cmsv2_6e7c6ae2-1196-569e-81cf-34fbf574c36c-9659756.jpg\",\"keywords\":[\"_economia\",\"economia\",\"empreendedores\",\"empreendedorismo\",\"Europa\",\"trabalho\"],\"articleSection\":[\"Economia\",\"Neg\u00f3cios\"],\"inLanguage\":\"pt-PT\"},{\"@type\":\"WebPage\",\"@id\":\"https:\/\/portaltela.pt\/noticias\/2026\/03\/09\/tornar-se-ceo-pode-ser-a-solucao-para-um-mercado-de-trabalho-lento\/\",\"url\":\"https:\/\/portaltela.pt\/noticias\/2026\/03\/09\/tornar-se-ceo-pode-ser-a-solucao-para-um-mercado-de-trabalho-lento\/\",\"name\":\"Tornar-se CEO pode ser a solu\u00e7\u00e3o para um mercado de trabalho lento? - Portal Tela Portugal\",\"isPartOf\":{\"@id\":\"https:\/\/portaltela.pt\/#website\"},\"primaryImageOfPage\":{\"@id\":\"https:\/\/portaltela.pt\/noticias\/2026\/03\/09\/tornar-se-ceo-pode-ser-a-solucao-para-um-mercado-de-trabalho-lento\/#primaryimage\"},\"image\":{\"@id\":\"https:\/\/portaltela.pt\/noticias\/2026\/03\/09\/tornar-se-ceo-pode-ser-a-solucao-para-um-mercado-de-trabalho-lento\/#primaryimage\"},\"thumbnailUrl\":\"https:\/\/portaltela.pt\/s.01k8rhncp4jt1\/2026\/03\/1536x864_cmsv2_6e7c6ae2-1196-569e-81cf-34fbf574c36c-9659756.jpg\",\"datePublished\":\"2026-03-09T06:32:09+00:00\",\"author\":{\"@id\":\"https:\/\/portaltela.pt\/#\/schema\/person\/c4278d4a6028830caff9ee44b42d32ed\"},\"breadcrumb\":{\"@id\":\"https:\/\/portaltela.pt\/noticias\/2026\/03\/09\/tornar-se-ceo-pode-ser-a-solucao-para-um-mercado-de-trabalho-lento\/#breadcrumb\"},\"inLanguage\":\"pt-PT\",\"potentialAction\":[{\"@type\":\"ReadAction\",\"target\":[\"https:\/\/portaltela.pt\/noticias\/2026\/03\/09\/tornar-se-ceo-pode-ser-a-solucao-para-um-mercado-de-trabalho-lento\/\"]}]},{\"@type\":\"ImageObject\",\"inLanguage\":\"pt-PT\",\"@id\":\"https:\/\/portaltela.pt\/noticias\/2026\/03\/09\/tornar-se-ceo-pode-ser-a-solucao-para-um-mercado-de-trabalho-lento\/#primaryimage\",\"url\":\"https:\/\/portaltela.pt\/s.01k8rhncp4jt1\/2026\/03\/1536x864_cmsv2_6e7c6ae2-1196-569e-81cf-34fbf574c36c-9659756.jpg\",\"contentUrl\":\"https:\/\/portaltela.pt\/s.01k8rhncp4jt1\/2026\/03\/1536x864_cmsv2_6e7c6ae2-1196-569e-81cf-34fbf574c36c-9659756.jpg\",\"width\":796,\"height\":448,\"caption\":\"The Big Question: Ser\u00e1 que tornar-se CEO \u00e9 a resposta para um mercado de trabalho lento?\"},{\"@type\":\"BreadcrumbList\",\"@id\":\"https:\/\/portaltela.pt\/noticias\/2026\/03\/09\/tornar-se-ceo-pode-ser-a-solucao-para-um-mercado-de-trabalho-lento\/#breadcrumb\",\"itemListElement\":[{\"@type\":\"ListItem\",\"position\":1,\"name\":\"In\u00edcio\",\"item\":\"https:\/\/portaltela.pt\/\"},{\"@type\":\"ListItem\",\"position\":2,\"name\":\"Tornar-se CEO pode ser a solu\u00e7\u00e3o para um mercado de trabalho lento?\"}]},{\"@type\":\"WebSite\",\"@id\":\"https:\/\/portaltela.pt\/#website\",\"url\":\"https:\/\/portaltela.pt\/\",\"name\":\"Portal Tela Portugal\",\"description\":\"\",\"potentialAction\":[{\"@type\":\"SearchAction\",\"target\":{\"@type\":\"EntryPoint\",\"urlTemplate\":\"https:\/\/portaltela.pt\/?s={search_term_string}\"},\"query-input\":{\"@type\":\"PropertyValueSpecification\",\"valueRequired\":true,\"valueName\":\"search_term_string\"}}],\"inLanguage\":\"pt-PT\"},{\"@type\":\"Person\",\"@id\":\"https:\/\/portaltela.pt\/#\/schema\/person\/c4278d4a6028830caff9ee44b42d32ed\",\"name\":\"Telinha\",\"image\":{\"@type\":\"ImageObject\",\"inLanguage\":\"pt-PT\",\"@id\":\"https:\/\/portaltela.pt\/s.01k8rhncp4jt1\/2025\/11\/talking-bot-125x125.png\",\"url\":\"https:\/\/portaltela.pt\/s.01k8rhncp4jt1\/2025\/11\/talking-bot-125x125.png\",\"contentUrl\":\"https:\/\/portaltela.pt\/s.01k8rhncp4jt1\/2025\/11\/talking-bot-125x125.png\",\"caption\":\"Telinha\"},\"sameAs\":[\"https:\/\/portaltela.pt\/\"],\"url\":\"https:\/\/portaltela.pt\/por\/367410592786\/\"}]}<\/script>\n<!-- \/ Yoast SEO plugin. -->","yoast_head_json":{"title":"Tornar-se CEO pode ser a solu\u00e7\u00e3o para um mercado de trabalho lento? - Portal Tela Portugal","robots":{"index":"index","follow":"follow","max-snippet":"max-snippet:-1","max-image-preview":"max-image-preview:large","max-video-preview":"max-video-preview:-1"},"og_locale":"pt_PT","og_type":"article","og_title":"Tornar-se CEO pode ser a solu\u00e7\u00e3o para um mercado de trabalho lento? - Portal Tela Portugal","og_description":"O n\u00famero de membros do LinkedIn a incluir \u201cFundador\u201d nos perfis cresceu 60% num ano, e quase duplicou desde 2022, com maior subida nos Pa\u00edses Baixos (85%) e no Reino Unido (69%) entre julho de 2024 e julho de 2025. Espanha (68%), Alemanha (61%) e Fran\u00e7a (49%) tamb\u00e9m registaram aumentos significativos nesse fen\u00f3meno. O mercado de trabalho europeu permanece lento, mas n\u00e3o estagnado; contrata\u00e7\u00f5es globais est\u00e3o cerca de 20% abaixo dos n\u00edveis pr\u00e9-pandemia, com Reino Unido, Fran\u00e7a e Alemanha entre 20% e 35% abaixo. H\u00e1 uma divis\u00e3o geracional: a gera\u00e7\u00e3o mais velha tende a permanecer no emprego atual, enquanto a mais jovem surge com mais vontade de abrir o pr\u00f3prio neg\u00f3cio, com quatro em cada dez jovens interessados em ser fundador. Entre os jovens licenciados, 28% conciliam v\u00e1rios empregos, procurando rendimento extra (52%), iniciar o pr\u00f3prio neg\u00f3cio (24%) e expandir a rede de contactos (22%).","og_url":"https:\/\/portaltela.pt\/noticias\/2026\/03\/09\/tornar-se-ceo-pode-ser-a-solucao-para-um-mercado-de-trabalho-lento\/","og_site_name":"Portal Tela Portugal","article_published_time":"2026-03-09T06:32:09+00:00","author":"Telinha","twitter_card":"summary_large_image","twitter_misc":{"Escrito por":"Telinha","Tempo estimado de leitura":"2 minutos"},"schema":{"@context":"https:\/\/schema.org","@graph":[{"@type":"Article","@id":"https:\/\/portaltela.pt\/noticias\/2026\/03\/09\/tornar-se-ceo-pode-ser-a-solucao-para-um-mercado-de-trabalho-lento\/#article","isPartOf":{"@id":"https:\/\/portaltela.pt\/noticias\/2026\/03\/09\/tornar-se-ceo-pode-ser-a-solucao-para-um-mercado-de-trabalho-lento\/"},"author":{"name":"Telinha","@id":"https:\/\/portaltela.pt\/#\/schema\/person\/c4278d4a6028830caff9ee44b42d32ed"},"headline":"Tornar-se CEO pode ser a solu\u00e7\u00e3o para um mercado de trabalho lento?","datePublished":"2026-03-09T06:32:09+00:00","mainEntityOfPage":{"@id":"https:\/\/portaltela.pt\/noticias\/2026\/03\/09\/tornar-se-ceo-pode-ser-a-solucao-para-um-mercado-de-trabalho-lento\/"},"wordCount":462,"image":{"@id":"https:\/\/portaltela.pt\/noticias\/2026\/03\/09\/tornar-se-ceo-pode-ser-a-solucao-para-um-mercado-de-trabalho-lento\/#primaryimage"},"thumbnailUrl":"https:\/\/portaltela.pt\/s.01k8rhncp4jt1\/2026\/03\/1536x864_cmsv2_6e7c6ae2-1196-569e-81cf-34fbf574c36c-9659756.jpg","keywords":["_economia","economia","empreendedores","empreendedorismo","Europa","trabalho"],"articleSection":["Economia","Neg\u00f3cios"],"inLanguage":"pt-PT"},{"@type":"WebPage","@id":"https:\/\/portaltela.pt\/noticias\/2026\/03\/09\/tornar-se-ceo-pode-ser-a-solucao-para-um-mercado-de-trabalho-lento\/","url":"https:\/\/portaltela.pt\/noticias\/2026\/03\/09\/tornar-se-ceo-pode-ser-a-solucao-para-um-mercado-de-trabalho-lento\/","name":"Tornar-se CEO pode ser a solu\u00e7\u00e3o para um mercado de trabalho lento? - Portal Tela Portugal","isPartOf":{"@id":"https:\/\/portaltela.pt\/#website"},"primaryImageOfPage":{"@id":"https:\/\/portaltela.pt\/noticias\/2026\/03\/09\/tornar-se-ceo-pode-ser-a-solucao-para-um-mercado-de-trabalho-lento\/#primaryimage"},"image":{"@id":"https:\/\/portaltela.pt\/noticias\/2026\/03\/09\/tornar-se-ceo-pode-ser-a-solucao-para-um-mercado-de-trabalho-lento\/#primaryimage"},"thumbnailUrl":"https:\/\/portaltela.pt\/s.01k8rhncp4jt1\/2026\/03\/1536x864_cmsv2_6e7c6ae2-1196-569e-81cf-34fbf574c36c-9659756.jpg","datePublished":"2026-03-09T06:32:09+00:00","author":{"@id":"https:\/\/portaltela.pt\/#\/schema\/person\/c4278d4a6028830caff9ee44b42d32ed"},"breadcrumb":{"@id":"https:\/\/portaltela.pt\/noticias\/2026\/03\/09\/tornar-se-ceo-pode-ser-a-solucao-para-um-mercado-de-trabalho-lento\/#breadcrumb"},"inLanguage":"pt-PT","potentialAction":[{"@type":"ReadAction","target":["https:\/\/portaltela.pt\/noticias\/2026\/03\/09\/tornar-se-ceo-pode-ser-a-solucao-para-um-mercado-de-trabalho-lento\/"]}]},{"@type":"ImageObject","inLanguage":"pt-PT","@id":"https:\/\/portaltela.pt\/noticias\/2026\/03\/09\/tornar-se-ceo-pode-ser-a-solucao-para-um-mercado-de-trabalho-lento\/#primaryimage","url":"https:\/\/portaltela.pt\/s.01k8rhncp4jt1\/2026\/03\/1536x864_cmsv2_6e7c6ae2-1196-569e-81cf-34fbf574c36c-9659756.jpg","contentUrl":"https:\/\/portaltela.pt\/s.01k8rhncp4jt1\/2026\/03\/1536x864_cmsv2_6e7c6ae2-1196-569e-81cf-34fbf574c36c-9659756.jpg","width":796,"height":448,"caption":"The Big Question: Ser\u00e1 que tornar-se CEO \u00e9 a resposta para um mercado de trabalho lento?"},{"@type":"BreadcrumbList","@id":"https:\/\/portaltela.pt\/noticias\/2026\/03\/09\/tornar-se-ceo-pode-ser-a-solucao-para-um-mercado-de-trabalho-lento\/#breadcrumb","itemListElement":[{"@type":"ListItem","position":1,"name":"In\u00edcio","item":"https:\/\/portaltela.pt\/"},{"@type":"ListItem","position":2,"name":"Tornar-se CEO pode ser a solu\u00e7\u00e3o para um mercado de trabalho lento?"}]},{"@type":"WebSite","@id":"https:\/\/portaltela.pt\/#website","url":"https:\/\/portaltela.pt\/","name":"Portal Tela Portugal","description":"","potentialAction":[{"@type":"SearchAction","target":{"@type":"EntryPoint","urlTemplate":"https:\/\/portaltela.pt\/?s={search_term_string}"},"query-input":{"@type":"PropertyValueSpecification","valueRequired":true,"valueName":"search_term_string"}}],"inLanguage":"pt-PT"},{"@type":"Person","@id":"https:\/\/portaltela.pt\/#\/schema\/person\/c4278d4a6028830caff9ee44b42d32ed","name":"Telinha","image":{"@type":"ImageObject","inLanguage":"pt-PT","@id":"https:\/\/portaltela.pt\/s.01k8rhncp4jt1\/2025\/11\/talking-bot-125x125.png","url":"https:\/\/portaltela.pt\/s.01k8rhncp4jt1\/2025\/11\/talking-bot-125x125.png","contentUrl":"https:\/\/portaltela.pt\/s.01k8rhncp4jt1\/2025\/11\/talking-bot-125x125.png","caption":"Telinha"},"sameAs":["https:\/\/portaltela.pt\/"],"url":"https:\/\/portaltela.pt\/por\/367410592786\/"}]}},"_links":{"self":[{"href":"https:\/\/portaltela.pt\/api\/wp\/v2\/posts\/402879","targetHints":{"allow":["GET"]}}],"collection":[{"href":"https:\/\/portaltela.pt\/api\/wp\/v2\/posts"}],"about":[{"href":"https:\/\/portaltela.pt\/api\/wp\/v2\/types\/post"}],"author":[{"embeddable":true,"href":"https:\/\/portaltela.pt\/api\/wp\/v2\/users\/2"}],"replies":[{"embeddable":true,"href":"https:\/\/portaltela.pt\/api\/wp\/v2\/comments?post=402879"}],"version-history":[{"count":0,"href":"https:\/\/portaltela.pt\/api\/wp\/v2\/posts\/402879\/revisions"}],"wp:featuredmedia":[{"embeddable":true,"href":"https:\/\/portaltela.pt\/api\/wp\/v2\/media\/402880"}],"wp:attachment":[{"href":"https:\/\/portaltela.pt\/api\/wp\/v2\/media?parent=402879"}],"wp:term":[{"taxonomy":"category","embeddable":true,"href":"https:\/\/portaltela.pt\/api\/wp\/v2\/categories?post=402879"},{"taxonomy":"post_tag","embeddable":true,"href":"https:\/\/portaltela.pt\/api\/wp\/v2\/tags?post=402879"}],"curies":[{"name":"wp","href":"https:\/\/api.w.org\/{rel}","templated":true}]}}