{"id":402826,"date":"2026-03-08T22:30:00","date_gmt":"2026-03-09T01:30:00","guid":{"rendered":"https:\/\/portaltela.pt\/noticias\/2026\/03\/08\/primeira-visita-de-seguro-a-mourisia-aldeia-em-arganil\/"},"modified":"2026-03-08T22:30:00","modified_gmt":"2026-03-09T01:30:00","slug":"primeira-visita-de-seguro-a-mourisia-aldeia-em-arganil","status":"publish","type":"post","link":"https:\/\/portaltela.pt\/noticias\/politica\/2026\/03\/08\/primeira-visita-de-seguro-a-mourisia-aldeia-em-arganil\/","title":{"rendered":"Primeira visita de Seguro a Mour\u00edsia, aldeia em Arganil"},"content":{"rendered":"<p>O presidente eleito Ant\u00f3nio Jos\u00e9 Seguro faz hoje a sua primeira visita ap\u00f3s a posse. A desloca\u00e7\u00e3o acontece amanh\u00e3 \u00e0 aldeia Mour\u00edsia, no concelho de Arganil, refor\u00e7ando o foco no Interior do pa\u00eds.<\/p>\n<p>Aldeia de Mour\u00edsia ficou famosa pela interven\u00e7\u00e3o dos moradores ap\u00f3s o fogo. Colocaram a bandeira de Portugal no topo da aldeia, junto \u00e0 placa carbonizada, numa mensagem ao Governo de que o Interior tamb\u00e9m \u00e9 pa\u00eds.<\/p>\n<p>Margarida Santos, habitante, espera que a visita traga mais apoio \u00e0s zonas rurais. A localidade tem 10 residentes, na maioria idosos, que aguardam contactos do novo chefe de Estado.<\/p>\n<p>Na aldeia, Maria do C\u00e9u, 82 anos, relata isolamento tecnol\u00f3gico: sem telefone fixo e sem televis\u00e3o h\u00e1 mais de um m\u00eas. Sem rede no centro, \u00e9 preciso subir \u00e0 serra para usar o telem\u00f3vel.<\/p>\n<h3>Agenda da visita<\/h3>\n<p>Depois de Mour\u00edsia, Seguro dirige-se ao Laborat\u00f3rio da Paisagem, em Guimar\u00e3es, cidade escolhida como capital verde europeia. Segue ainda para o Porto, para assinar o Livro de Honra.<\/p>\n<p>\u00c0 tarde, o presidente eleito participa num concerto na Casa da M\u00fasica, encerrando o conjunto de atividades do dia. A programa\u00e7\u00e3o segue com a sess\u00e3o solene de tomada de posse na Assembleia da Rep\u00fablica.<\/p>\n","protected":false},"excerpt":{"rendered":"<ul>\n<li>A primeira visita de Ant\u00f3nio Jos\u00e9 Seguro ap\u00f3s tomar posse ser\u00e1 amanh\u00e3 \u00e0 aldeia de Mour\u00edsia, em Arganil, onde vivem 10 habitantes.<\/li>\n<li>O munic\u00edpio ficou sensibilizado em agosto, quando os moradores ergueram a bandeira de Portugal no topo da aldeia para lembrar que o Interior tamb\u00e9m \u00e9 portugu\u00eas.<\/li>\n<li>A localidade pediu ao novo chefe de Estado mais apoio para o Interior e afirmou que, apesar de pequena, faz parte de Portugal.<\/li>\n<li>Os habitantes est\u00e3o isolados, sem telefones fixos e sem televis\u00e3o h\u00e1 mais de um m\u00eas; a rede de telem\u00f3vel n\u00e3o chega ao centro da aldeia.<\/li>\n<li>Hoje, Seguro toma posse na Assembleia da Rep\u00fablica, e \u00e0 tarde condecora o anterior presidente Marcelo Rebelo de Sousa, seguindo depois o programa para Guimar\u00e3es e o Porto.<\/li>\n<\/ul>\n","protected":false},"author":2,"featured_media":402832,"comment_status":"closed","ping_status":"closed","sticky":false,"template":"","format":"standard","meta":{"footnotes":""},"categories":[1,5],"tags":[1340,4211,6470,1145,2832,982],"class_list":["post-402826","post","type-post","status-publish","format-standard","has-post-thumbnail","hentry","category-noticias","category-politica","tag-arganil","tag-assembleia-nacional","tag-capital-verde-europeia-2026","tag-guimaraes","tag-politica","tag-porto"],"yoast_head":"<!-- This site is optimized with the Yoast SEO plugin v27.2 - https:\/\/yoast.com\/product\/yoast-seo-wordpress\/ -->\n<title>Primeira visita de Seguro a Mour\u00edsia, aldeia em Arganil - Portal Tela Portugal<\/title>\n<meta name=\"robots\" content=\"index, follow, max-snippet:-1, max-image-preview:large, max-video-preview:-1\" \/>\n<meta property=\"og:locale\" content=\"pt_PT\" \/>\n<meta property=\"og:type\" content=\"article\" \/>\n<meta property=\"og:title\" content=\"Primeira visita de Seguro a Mour\u00edsia, aldeia em Arganil - Portal Tela Portugal\" \/>\n<meta property=\"og:description\" content=\"A primeira visita de Ant\u00f3nio Jos\u00e9 Seguro ap\u00f3s tomar posse ser\u00e1 amanh\u00e3 \u00e0 aldeia de Mour\u00edsia, em Arganil, onde vivem 10 habitantes. O munic\u00edpio ficou sensibilizado em agosto, quando os moradores ergueram a bandeira de Portugal no topo da aldeia para lembrar que o Interior tamb\u00e9m \u00e9 portugu\u00eas. A localidade pediu ao novo chefe de Estado mais apoio para o Interior e afirmou que, apesar de pequena, faz parte de Portugal. Os habitantes est\u00e3o isolados, sem telefones fixos e sem televis\u00e3o h\u00e1 mais de um m\u00eas; a rede de telem\u00f3vel n\u00e3o chega ao centro da aldeia. Hoje, Seguro toma posse na Assembleia da Rep\u00fablica, e \u00e0 tarde condecora o anterior presidente Marcelo Rebelo de Sousa, seguindo depois o programa para Guimar\u00e3es e o Porto.\" \/>\n<meta property=\"og:url\" content=\"https:\/\/portaltela.pt\/noticias\/2026\/03\/08\/primeira-visita-de-seguro-a-mourisia-aldeia-em-arganil\/\" \/>\n<meta property=\"og:site_name\" content=\"Portal Tela Portugal\" \/>\n<meta property=\"article:published_time\" content=\"2026-03-09T01:30:00+00:00\" \/>\n<meta name=\"author\" content=\"Telinha\" \/>\n<meta name=\"twitter:card\" content=\"summary_large_image\" \/>\n<meta name=\"twitter:label1\" content=\"Escrito por\" \/>\n\t<meta name=\"twitter:data1\" content=\"Telinha\" \/>\n\t<meta name=\"twitter:label2\" content=\"Tempo estimado de leitura\" \/>\n\t<meta name=\"twitter:data2\" content=\"1 minuto\" \/>\n<script type=\"application\/ld+json\" class=\"yoast-schema-graph\">{\"@context\":\"https:\/\/schema.org\",\"@graph\":[{\"@type\":\"Article\",\"@id\":\"https:\/\/portaltela.pt\/noticias\/2026\/03\/08\/primeira-visita-de-seguro-a-mourisia-aldeia-em-arganil\/#article\",\"isPartOf\":{\"@id\":\"https:\/\/portaltela.pt\/noticias\/2026\/03\/08\/primeira-visita-de-seguro-a-mourisia-aldeia-em-arganil\/\"},\"author\":{\"name\":\"Telinha\",\"@id\":\"https:\/\/portaltela.pt\/#\/schema\/person\/c4278d4a6028830caff9ee44b42d32ed\"},\"headline\":\"Primeira visita de Seguro a Mour\u00edsia, aldeia em Arganil\",\"datePublished\":\"2026-03-09T01:30:00+00:00\",\"mainEntityOfPage\":{\"@id\":\"https:\/\/portaltela.pt\/noticias\/2026\/03\/08\/primeira-visita-de-seguro-a-mourisia-aldeia-em-arganil\/\"},\"wordCount\":222,\"image\":{\"@id\":\"https:\/\/portaltela.pt\/noticias\/2026\/03\/08\/primeira-visita-de-seguro-a-mourisia-aldeia-em-arganil\/#primaryimage\"},\"thumbnailUrl\":\"https:\/\/portaltela.pt\/s.01k8rhncp4jt1\/2026\/03\/img_1280x721uu2026-02-08-18-57-00-2265640.jpg\",\"keywords\":[\"Arganil\",\"Assembleia Nacional\",\"Capital Verde Europeia 2026\",\"Guimar\u00e3es\",\"pol\u00edtica\",\"Porto\"],\"articleSection\":[\"Not\u00edcias\",\"Pol\u00edtica\"],\"inLanguage\":\"pt-PT\"},{\"@type\":\"WebPage\",\"@id\":\"https:\/\/portaltela.pt\/noticias\/2026\/03\/08\/primeira-visita-de-seguro-a-mourisia-aldeia-em-arganil\/\",\"url\":\"https:\/\/portaltela.pt\/noticias\/2026\/03\/08\/primeira-visita-de-seguro-a-mourisia-aldeia-em-arganil\/\",\"name\":\"Primeira visita de Seguro a Mour\u00edsia, aldeia em Arganil - Portal Tela Portugal\",\"isPartOf\":{\"@id\":\"https:\/\/portaltela.pt\/#website\"},\"primaryImageOfPage\":{\"@id\":\"https:\/\/portaltela.pt\/noticias\/2026\/03\/08\/primeira-visita-de-seguro-a-mourisia-aldeia-em-arganil\/#primaryimage\"},\"image\":{\"@id\":\"https:\/\/portaltela.pt\/noticias\/2026\/03\/08\/primeira-visita-de-seguro-a-mourisia-aldeia-em-arganil\/#primaryimage\"},\"thumbnailUrl\":\"https:\/\/portaltela.pt\/s.01k8rhncp4jt1\/2026\/03\/img_1280x721uu2026-02-08-18-57-00-2265640.jpg\",\"datePublished\":\"2026-03-09T01:30:00+00:00\",\"author\":{\"@id\":\"https:\/\/portaltela.pt\/#\/schema\/person\/c4278d4a6028830caff9ee44b42d32ed\"},\"breadcrumb\":{\"@id\":\"https:\/\/portaltela.pt\/noticias\/2026\/03\/08\/primeira-visita-de-seguro-a-mourisia-aldeia-em-arganil\/#breadcrumb\"},\"inLanguage\":\"pt-PT\",\"potentialAction\":[{\"@type\":\"ReadAction\",\"target\":[\"https:\/\/portaltela.pt\/noticias\/2026\/03\/08\/primeira-visita-de-seguro-a-mourisia-aldeia-em-arganil\/\"]}]},{\"@type\":\"ImageObject\",\"inLanguage\":\"pt-PT\",\"@id\":\"https:\/\/portaltela.pt\/noticias\/2026\/03\/08\/primeira-visita-de-seguro-a-mourisia-aldeia-em-arganil\/#primaryimage\",\"url\":\"https:\/\/portaltela.pt\/s.01k8rhncp4jt1\/2026\/03\/img_1280x721uu2026-02-08-18-57-00-2265640.jpg\",\"contentUrl\":\"https:\/\/portaltela.pt\/s.01k8rhncp4jt1\/2026\/03\/img_1280x721uu2026-02-08-18-57-00-2265640.jpg\",\"width\":796,\"height\":448,\"caption\":\"Ant\u00f3nio Jos\u00e9 Seguro\"},{\"@type\":\"BreadcrumbList\",\"@id\":\"https:\/\/portaltela.pt\/noticias\/2026\/03\/08\/primeira-visita-de-seguro-a-mourisia-aldeia-em-arganil\/#breadcrumb\",\"itemListElement\":[{\"@type\":\"ListItem\",\"position\":1,\"name\":\"In\u00edcio\",\"item\":\"https:\/\/portaltela.pt\/\"},{\"@type\":\"ListItem\",\"position\":2,\"name\":\"Primeira visita de Seguro a Mour\u00edsia, aldeia em Arganil\"}]},{\"@type\":\"WebSite\",\"@id\":\"https:\/\/portaltela.pt\/#website\",\"url\":\"https:\/\/portaltela.pt\/\",\"name\":\"Portal Tela Portugal\",\"description\":\"\",\"potentialAction\":[{\"@type\":\"SearchAction\",\"target\":{\"@type\":\"EntryPoint\",\"urlTemplate\":\"https:\/\/portaltela.pt\/?s={search_term_string}\"},\"query-input\":{\"@type\":\"PropertyValueSpecification\",\"valueRequired\":true,\"valueName\":\"search_term_string\"}}],\"inLanguage\":\"pt-PT\"},{\"@type\":\"Person\",\"@id\":\"https:\/\/portaltela.pt\/#\/schema\/person\/c4278d4a6028830caff9ee44b42d32ed\",\"name\":\"Telinha\",\"image\":{\"@type\":\"ImageObject\",\"inLanguage\":\"pt-PT\",\"@id\":\"https:\/\/portaltela.pt\/s.01k8rhncp4jt1\/2025\/11\/talking-bot-125x125.png\",\"url\":\"https:\/\/portaltela.pt\/s.01k8rhncp4jt1\/2025\/11\/talking-bot-125x125.png\",\"contentUrl\":\"https:\/\/portaltela.pt\/s.01k8rhncp4jt1\/2025\/11\/talking-bot-125x125.png\",\"caption\":\"Telinha\"},\"sameAs\":[\"https:\/\/portaltela.pt\/\"],\"url\":\"https:\/\/portaltela.pt\/por\/367410592786\/\"}]}<\/script>\n<!-- \/ Yoast SEO plugin. -->","yoast_head_json":{"title":"Primeira visita de Seguro a Mour\u00edsia, aldeia em Arganil - Portal Tela Portugal","robots":{"index":"index","follow":"follow","max-snippet":"max-snippet:-1","max-image-preview":"max-image-preview:large","max-video-preview":"max-video-preview:-1"},"og_locale":"pt_PT","og_type":"article","og_title":"Primeira visita de Seguro a Mour\u00edsia, aldeia em Arganil - Portal Tela Portugal","og_description":"A primeira visita de Ant\u00f3nio Jos\u00e9 Seguro ap\u00f3s tomar posse ser\u00e1 amanh\u00e3 \u00e0 aldeia de Mour\u00edsia, em Arganil, onde vivem 10 habitantes. O munic\u00edpio ficou sensibilizado em agosto, quando os moradores ergueram a bandeira de Portugal no topo da aldeia para lembrar que o Interior tamb\u00e9m \u00e9 portugu\u00eas. A localidade pediu ao novo chefe de Estado mais apoio para o Interior e afirmou que, apesar de pequena, faz parte de Portugal. Os habitantes est\u00e3o isolados, sem telefones fixos e sem televis\u00e3o h\u00e1 mais de um m\u00eas; a rede de telem\u00f3vel n\u00e3o chega ao centro da aldeia. Hoje, Seguro toma posse na Assembleia da Rep\u00fablica, e \u00e0 tarde condecora o anterior presidente Marcelo Rebelo de Sousa, seguindo depois o programa para Guimar\u00e3es e o Porto.","og_url":"https:\/\/portaltela.pt\/noticias\/2026\/03\/08\/primeira-visita-de-seguro-a-mourisia-aldeia-em-arganil\/","og_site_name":"Portal Tela Portugal","article_published_time":"2026-03-09T01:30:00+00:00","author":"Telinha","twitter_card":"summary_large_image","twitter_misc":{"Escrito por":"Telinha","Tempo estimado de leitura":"1 minuto"},"schema":{"@context":"https:\/\/schema.org","@graph":[{"@type":"Article","@id":"https:\/\/portaltela.pt\/noticias\/2026\/03\/08\/primeira-visita-de-seguro-a-mourisia-aldeia-em-arganil\/#article","isPartOf":{"@id":"https:\/\/portaltela.pt\/noticias\/2026\/03\/08\/primeira-visita-de-seguro-a-mourisia-aldeia-em-arganil\/"},"author":{"name":"Telinha","@id":"https:\/\/portaltela.pt\/#\/schema\/person\/c4278d4a6028830caff9ee44b42d32ed"},"headline":"Primeira visita de Seguro a Mour\u00edsia, aldeia em Arganil","datePublished":"2026-03-09T01:30:00+00:00","mainEntityOfPage":{"@id":"https:\/\/portaltela.pt\/noticias\/2026\/03\/08\/primeira-visita-de-seguro-a-mourisia-aldeia-em-arganil\/"},"wordCount":222,"image":{"@id":"https:\/\/portaltela.pt\/noticias\/2026\/03\/08\/primeira-visita-de-seguro-a-mourisia-aldeia-em-arganil\/#primaryimage"},"thumbnailUrl":"https:\/\/portaltela.pt\/s.01k8rhncp4jt1\/2026\/03\/img_1280x721uu2026-02-08-18-57-00-2265640.jpg","keywords":["Arganil","Assembleia Nacional","Capital Verde Europeia 2026","Guimar\u00e3es","pol\u00edtica","Porto"],"articleSection":["Not\u00edcias","Pol\u00edtica"],"inLanguage":"pt-PT"},{"@type":"WebPage","@id":"https:\/\/portaltela.pt\/noticias\/2026\/03\/08\/primeira-visita-de-seguro-a-mourisia-aldeia-em-arganil\/","url":"https:\/\/portaltela.pt\/noticias\/2026\/03\/08\/primeira-visita-de-seguro-a-mourisia-aldeia-em-arganil\/","name":"Primeira visita de Seguro a Mour\u00edsia, aldeia em Arganil - Portal Tela Portugal","isPartOf":{"@id":"https:\/\/portaltela.pt\/#website"},"primaryImageOfPage":{"@id":"https:\/\/portaltela.pt\/noticias\/2026\/03\/08\/primeira-visita-de-seguro-a-mourisia-aldeia-em-arganil\/#primaryimage"},"image":{"@id":"https:\/\/portaltela.pt\/noticias\/2026\/03\/08\/primeira-visita-de-seguro-a-mourisia-aldeia-em-arganil\/#primaryimage"},"thumbnailUrl":"https:\/\/portaltela.pt\/s.01k8rhncp4jt1\/2026\/03\/img_1280x721uu2026-02-08-18-57-00-2265640.jpg","datePublished":"2026-03-09T01:30:00+00:00","author":{"@id":"https:\/\/portaltela.pt\/#\/schema\/person\/c4278d4a6028830caff9ee44b42d32ed"},"breadcrumb":{"@id":"https:\/\/portaltela.pt\/noticias\/2026\/03\/08\/primeira-visita-de-seguro-a-mourisia-aldeia-em-arganil\/#breadcrumb"},"inLanguage":"pt-PT","potentialAction":[{"@type":"ReadAction","target":["https:\/\/portaltela.pt\/noticias\/2026\/03\/08\/primeira-visita-de-seguro-a-mourisia-aldeia-em-arganil\/"]}]},{"@type":"ImageObject","inLanguage":"pt-PT","@id":"https:\/\/portaltela.pt\/noticias\/2026\/03\/08\/primeira-visita-de-seguro-a-mourisia-aldeia-em-arganil\/#primaryimage","url":"https:\/\/portaltela.pt\/s.01k8rhncp4jt1\/2026\/03\/img_1280x721uu2026-02-08-18-57-00-2265640.jpg","contentUrl":"https:\/\/portaltela.pt\/s.01k8rhncp4jt1\/2026\/03\/img_1280x721uu2026-02-08-18-57-00-2265640.jpg","width":796,"height":448,"caption":"Ant\u00f3nio Jos\u00e9 Seguro"},{"@type":"BreadcrumbList","@id":"https:\/\/portaltela.pt\/noticias\/2026\/03\/08\/primeira-visita-de-seguro-a-mourisia-aldeia-em-arganil\/#breadcrumb","itemListElement":[{"@type":"ListItem","position":1,"name":"In\u00edcio","item":"https:\/\/portaltela.pt\/"},{"@type":"ListItem","position":2,"name":"Primeira visita de Seguro a Mour\u00edsia, aldeia em Arganil"}]},{"@type":"WebSite","@id":"https:\/\/portaltela.pt\/#website","url":"https:\/\/portaltela.pt\/","name":"Portal Tela Portugal","description":"","potentialAction":[{"@type":"SearchAction","target":{"@type":"EntryPoint","urlTemplate":"https:\/\/portaltela.pt\/?s={search_term_string}"},"query-input":{"@type":"PropertyValueSpecification","valueRequired":true,"valueName":"search_term_string"}}],"inLanguage":"pt-PT"},{"@type":"Person","@id":"https:\/\/portaltela.pt\/#\/schema\/person\/c4278d4a6028830caff9ee44b42d32ed","name":"Telinha","image":{"@type":"ImageObject","inLanguage":"pt-PT","@id":"https:\/\/portaltela.pt\/s.01k8rhncp4jt1\/2025\/11\/talking-bot-125x125.png","url":"https:\/\/portaltela.pt\/s.01k8rhncp4jt1\/2025\/11\/talking-bot-125x125.png","contentUrl":"https:\/\/portaltela.pt\/s.01k8rhncp4jt1\/2025\/11\/talking-bot-125x125.png","caption":"Telinha"},"sameAs":["https:\/\/portaltela.pt\/"],"url":"https:\/\/portaltela.pt\/por\/367410592786\/"}]}},"_links":{"self":[{"href":"https:\/\/portaltela.pt\/api\/wp\/v2\/posts\/402826","targetHints":{"allow":["GET"]}}],"collection":[{"href":"https:\/\/portaltela.pt\/api\/wp\/v2\/posts"}],"about":[{"href":"https:\/\/portaltela.pt\/api\/wp\/v2\/types\/post"}],"author":[{"embeddable":true,"href":"https:\/\/portaltela.pt\/api\/wp\/v2\/users\/2"}],"replies":[{"embeddable":true,"href":"https:\/\/portaltela.pt\/api\/wp\/v2\/comments?post=402826"}],"version-history":[{"count":0,"href":"https:\/\/portaltela.pt\/api\/wp\/v2\/posts\/402826\/revisions"}],"wp:featuredmedia":[{"embeddable":true,"href":"https:\/\/portaltela.pt\/api\/wp\/v2\/media\/402832"}],"wp:attachment":[{"href":"https:\/\/portaltela.pt\/api\/wp\/v2\/media?parent=402826"}],"wp:term":[{"taxonomy":"category","embeddable":true,"href":"https:\/\/portaltela.pt\/api\/wp\/v2\/categories?post=402826"},{"taxonomy":"post_tag","embeddable":true,"href":"https:\/\/portaltela.pt\/api\/wp\/v2\/tags?post=402826"}],"curies":[{"name":"wp","href":"https:\/\/api.w.org\/{rel}","templated":true}]}}