{"id":402793,"date":"2026-03-08T21:01:00","date_gmt":"2026-03-09T00:01:00","guid":{"rendered":"https:\/\/portaltela.pt\/noticias\/2026\/03\/08\/centralizacao-como-ativo-estrategico-como-empresas-ganham-eficiencia\/"},"modified":"2026-03-08T21:01:00","modified_gmt":"2026-03-09T00:01:00","slug":"centralizacao-como-ativo-estrategico-como-empresas-ganham-eficiencia","status":"publish","type":"post","link":"https:\/\/portaltela.pt\/desporto\/futebol\/2026\/03\/08\/centralizacao-como-ativo-estrategico-como-empresas-ganham-eficiencia\/","title":{"rendered":"Centraliza\u00e7\u00e3o como ativo estrat\u00e9gico: como empresas ganham efici\u00eancia"},"content":{"rendered":"<p>O Plano Estrat\u00e9gico 2024-36 encontra-se em fase de implementa\u00e7\u00e3o. Nesta segunda etapa, os s\u00f3cios ordin\u00e1rios da Federa\u00e7\u00e3o Portuguesa de Futebol discutem microplanos t\u00e9cnicos setoriais para responder \u00e0s realidades do futebol.<\/p>\n<p>Ap\u00f3s ausculta\u00e7\u00e3o, ser\u00e3o apresentadas respostas para o desenvolvimento de \u00e1reas como futebol feminino, futsal, futebol de praia, walking football, scouting e intelig\u00eancia, al\u00e9m de treinadores, sele\u00e7\u00f5es de forma\u00e7\u00e3o e desenvolvimento regional.<\/p>\n<p>O documento foi constru\u00eddo com envolvimento da comunidade do futebol e visa acompanhar for\u00e7as de mudan\u00e7a: transforma\u00e7\u00e3o digital, expans\u00e3o do futebol feminino, Mundial 2030, integridade no sector e centraliza\u00e7\u00e3o dos direitos audiovisuais.<\/p>\n<h3>Centraliza\u00e7\u00e3o dos direitos audiovisuais<\/h3>\n<p>Legislado desde 2021, o processo de centraliza\u00e7\u00e3o est\u00e1 na fase de implementa\u00e7\u00e3o, prevista para a \u00e9poca 2027-28. A negocia\u00e7\u00e3o centralizada dever\u00e1 alterar o paradigma do futebol em Portugal, promovendo crescimento, competitividade e sustentabilidade da ind\u00fastria.<\/p>\n<p>A centraliza\u00e7\u00e3o valorizar\u00e1 o conjunto do produto, n\u00e3o apenas o audiovisual, proporcionando uma experi\u00eancia diferenciadora para o adepto. O mercado j\u00e1 evidencia interessados nos direitos, sinalizando funcionamento do setor.<\/p>\n<p>A Federa\u00e7\u00e3o Portuguesa de Futebol acompanhar\u00e1 o processo de perto, mantendo disponibilidade para di\u00e1logo. A lideran\u00e7a atual da Liga Portugal aponta para o alcance dos montantes previstos em 2021, ano da legisla\u00e7\u00e3o.<\/p>\n<p>A institui\u00e7\u00e3o sublinha a import\u00e2ncia estrat\u00e9gica do tema para a pr\u00f3xima d\u00e9cada, alinhando-o com as metas tra\u00e7adas no Plano Estrat\u00e9gico. O objetivo \u00e9 assegurar robustez e continuidade do futebol portugu\u00eas para o futuro.<\/p>\n","protected":false},"excerpt":{"rendered":"<ul>\n<li>O Plano Estrat\u00e9gico 2024-36 est\u00e1 a passar pela fase de implementa\u00e7\u00e3o e prepara uma segunda etapa de debate com os s\u00f3cios ordin\u00e1rios da Federa\u00e7\u00e3o Portuguesa de Futebol e os microplanos t\u00e9cnicos setoriais.<\/li>\n<li>Ser\u00e3o apresentadas nos pr\u00f3ximos dias respostas sobre desenvolvimento do futebol feminino, futsal, futebol de praia, walking football, scouting e intelig\u00eancia, treinadores, sele\u00e7\u00f5es de forma\u00e7\u00e3o, desenvolvimento regional e o Plano Nacional de Arbitragem.<\/li>\n<li>O documento resulta do envolvimento de toda a comunidade do futebol e visa responder \u00e0s mudan\u00e7as previstas, como transforma\u00e7\u00e3o digital e comportamental dos adeptos, expans\u00e3o do futebol feminino, Mundial 2030, integridade na ind\u00fastria e centraliza\u00e7\u00e3o dos direitos audiovisuais.<\/li>\n<li>A centraliza\u00e7\u00e3o dos direitos audiovisuais, legislada desde 2021, entra na fase de implementa\u00e7\u00e3o prevista para o in\u00edcio da \u00e9poca 2027-28, prometendo um novo paradigma que favorece o crescimento, a competitividade e a sustentabilidade do futebol portugu\u00eas.<\/li>\n<li>Existem interessados nos direitos, o que indica funcionamento do mercado e reconhecimento do momento; a Liga Portugal espera alcan\u00e7ar montantes previstos em 2021, com a Federa\u00e7\u00e3o a acompanhar o processo e manter o di\u00e1logo.<\/li>\n<\/ul>\n","protected":false},"author":2,"featured_media":402796,"comment_status":"closed","ping_status":"closed","sticky":false,"template":"","format":"standard","meta":{"footnotes":""},"categories":[21,24],"tags":[6115,1409,789,32,1030,457],"class_list":["post-402793","post","type-post","status-publish","format-standard","has-post-thumbnail","hentry","category-desporto","category-futebol","tag-_economia","tag-desenvolvimento-regional","tag-direitos-audiovisuais","tag-futebol","tag-futebol-feminino","tag-liga-portugal"],"yoast_head":"<!-- This site is optimized with the Yoast SEO plugin v27.2 - https:\/\/yoast.com\/product\/yoast-seo-wordpress\/ -->\n<title>Centraliza\u00e7\u00e3o como ativo estrat\u00e9gico: como empresas ganham efici\u00eancia - Portal Tela Portugal<\/title>\n<meta name=\"robots\" content=\"index, follow, max-snippet:-1, max-image-preview:large, max-video-preview:-1\" \/>\n<meta property=\"og:locale\" content=\"pt_PT\" \/>\n<meta property=\"og:type\" content=\"article\" \/>\n<meta property=\"og:title\" content=\"Centraliza\u00e7\u00e3o como ativo estrat\u00e9gico: como empresas ganham efici\u00eancia - Portal Tela Portugal\" \/>\n<meta property=\"og:description\" content=\"O Plano Estrat\u00e9gico 2024-36 est\u00e1 a passar pela fase de implementa\u00e7\u00e3o e prepara uma segunda etapa de debate com os s\u00f3cios ordin\u00e1rios da Federa\u00e7\u00e3o Portuguesa de Futebol e os microplanos t\u00e9cnicos setoriais. Ser\u00e3o apresentadas nos pr\u00f3ximos dias respostas sobre desenvolvimento do futebol feminino, futsal, futebol de praia, walking football, scouting e intelig\u00eancia, treinadores, sele\u00e7\u00f5es de forma\u00e7\u00e3o, desenvolvimento regional e o Plano Nacional de Arbitragem. O documento resulta do envolvimento de toda a comunidade do futebol e visa responder \u00e0s mudan\u00e7as previstas, como transforma\u00e7\u00e3o digital e comportamental dos adeptos, expans\u00e3o do futebol feminino, Mundial 2030, integridade na ind\u00fastria e centraliza\u00e7\u00e3o dos direitos audiovisuais. A centraliza\u00e7\u00e3o dos direitos audiovisuais, legislada desde 2021, entra na fase de implementa\u00e7\u00e3o prevista para o in\u00edcio da \u00e9poca 2027-28, prometendo um novo paradigma que favorece o crescimento, a competitividade e a sustentabilidade do futebol portugu\u00eas. Existem interessados nos direitos, o que indica funcionamento do mercado e reconhecimento do momento; a Liga Portugal espera alcan\u00e7ar montantes previstos em 2021, com a Federa\u00e7\u00e3o a acompanhar o processo e manter o di\u00e1logo.\" \/>\n<meta property=\"og:url\" content=\"https:\/\/portaltela.pt\/noticias\/2026\/03\/08\/centralizacao-como-ativo-estrategico-como-empresas-ganham-eficiencia\/\" \/>\n<meta property=\"og:site_name\" content=\"Portal Tela Portugal\" \/>\n<meta property=\"article:published_time\" content=\"2026-03-09T00:01:00+00:00\" \/>\n<meta name=\"author\" content=\"Telinha\" \/>\n<meta name=\"twitter:card\" content=\"summary_large_image\" \/>\n<meta name=\"twitter:label1\" content=\"Escrito por\" \/>\n\t<meta name=\"twitter:data1\" content=\"Telinha\" \/>\n\t<meta name=\"twitter:label2\" content=\"Tempo estimado de leitura\" \/>\n\t<meta name=\"twitter:data2\" content=\"1 minuto\" \/>\n<script type=\"application\/ld+json\" class=\"yoast-schema-graph\">{\"@context\":\"https:\/\/schema.org\",\"@graph\":[{\"@type\":\"Article\",\"@id\":\"https:\/\/portaltela.pt\/noticias\/2026\/03\/08\/centralizacao-como-ativo-estrategico-como-empresas-ganham-eficiencia\/#article\",\"isPartOf\":{\"@id\":\"https:\/\/portaltela.pt\/noticias\/2026\/03\/08\/centralizacao-como-ativo-estrategico-como-empresas-ganham-eficiencia\/\"},\"author\":{\"name\":\"Telinha\",\"@id\":\"https:\/\/portaltela.pt\/#\/schema\/person\/c4278d4a6028830caff9ee44b42d32ed\"},\"headline\":\"Centraliza\u00e7\u00e3o como ativo estrat\u00e9gico: como empresas ganham efici\u00eancia\",\"datePublished\":\"2026-03-09T00:01:00+00:00\",\"mainEntityOfPage\":{\"@id\":\"https:\/\/portaltela.pt\/noticias\/2026\/03\/08\/centralizacao-como-ativo-estrategico-como-empresas-ganham-eficiencia\/\"},\"wordCount\":272,\"image\":{\"@id\":\"https:\/\/portaltela.pt\/noticias\/2026\/03\/08\/centralizacao-como-ativo-estrategico-como-empresas-ganham-eficiencia\/#primaryimage\"},\"thumbnailUrl\":\"https:\/\/portaltela.pt\/s.01k8rhncp4jt1\/2026\/03\/b3c523d2-8562-4722-bb2e-353aaffd56fe_1200x675.jpg\",\"keywords\":[\"_economia\",\"desenvolvimento regional\",\"direitos audiovisuais\",\"futebol\",\"futebol feminino\",\"Liga Portugal\"],\"articleSection\":[\"Desporto\",\"Futebol\"],\"inLanguage\":\"pt-PT\"},{\"@type\":\"WebPage\",\"@id\":\"https:\/\/portaltela.pt\/noticias\/2026\/03\/08\/centralizacao-como-ativo-estrategico-como-empresas-ganham-eficiencia\/\",\"url\":\"https:\/\/portaltela.pt\/noticias\/2026\/03\/08\/centralizacao-como-ativo-estrategico-como-empresas-ganham-eficiencia\/\",\"name\":\"Centraliza\u00e7\u00e3o como ativo estrat\u00e9gico: como empresas ganham efici\u00eancia - Portal Tela Portugal\",\"isPartOf\":{\"@id\":\"https:\/\/portaltela.pt\/#website\"},\"primaryImageOfPage\":{\"@id\":\"https:\/\/portaltela.pt\/noticias\/2026\/03\/08\/centralizacao-como-ativo-estrategico-como-empresas-ganham-eficiencia\/#primaryimage\"},\"image\":{\"@id\":\"https:\/\/portaltela.pt\/noticias\/2026\/03\/08\/centralizacao-como-ativo-estrategico-como-empresas-ganham-eficiencia\/#primaryimage\"},\"thumbnailUrl\":\"https:\/\/portaltela.pt\/s.01k8rhncp4jt1\/2026\/03\/b3c523d2-8562-4722-bb2e-353aaffd56fe_1200x675.jpg\",\"datePublished\":\"2026-03-09T00:01:00+00:00\",\"author\":{\"@id\":\"https:\/\/portaltela.pt\/#\/schema\/person\/c4278d4a6028830caff9ee44b42d32ed\"},\"breadcrumb\":{\"@id\":\"https:\/\/portaltela.pt\/noticias\/2026\/03\/08\/centralizacao-como-ativo-estrategico-como-empresas-ganham-eficiencia\/#breadcrumb\"},\"inLanguage\":\"pt-PT\",\"potentialAction\":[{\"@type\":\"ReadAction\",\"target\":[\"https:\/\/portaltela.pt\/noticias\/2026\/03\/08\/centralizacao-como-ativo-estrategico-como-empresas-ganham-eficiencia\/\"]}]},{\"@type\":\"ImageObject\",\"inLanguage\":\"pt-PT\",\"@id\":\"https:\/\/portaltela.pt\/noticias\/2026\/03\/08\/centralizacao-como-ativo-estrategico-como-empresas-ganham-eficiencia\/#primaryimage\",\"url\":\"https:\/\/portaltela.pt\/s.01k8rhncp4jt1\/2026\/03\/b3c523d2-8562-4722-bb2e-353aaffd56fe_1200x675.jpg\",\"contentUrl\":\"https:\/\/portaltela.pt\/s.01k8rhncp4jt1\/2026\/03\/b3c523d2-8562-4722-bb2e-353aaffd56fe_1200x675.jpg\",\"width\":796,\"height\":448,\"caption\":\"Photo\"},{\"@type\":\"BreadcrumbList\",\"@id\":\"https:\/\/portaltela.pt\/noticias\/2026\/03\/08\/centralizacao-como-ativo-estrategico-como-empresas-ganham-eficiencia\/#breadcrumb\",\"itemListElement\":[{\"@type\":\"ListItem\",\"position\":1,\"name\":\"In\u00edcio\",\"item\":\"https:\/\/portaltela.pt\/\"},{\"@type\":\"ListItem\",\"position\":2,\"name\":\"Centraliza\u00e7\u00e3o como ativo estrat\u00e9gico: como empresas ganham efici\u00eancia\"}]},{\"@type\":\"WebSite\",\"@id\":\"https:\/\/portaltela.pt\/#website\",\"url\":\"https:\/\/portaltela.pt\/\",\"name\":\"Portal Tela Portugal\",\"description\":\"\",\"potentialAction\":[{\"@type\":\"SearchAction\",\"target\":{\"@type\":\"EntryPoint\",\"urlTemplate\":\"https:\/\/portaltela.pt\/?s={search_term_string}\"},\"query-input\":{\"@type\":\"PropertyValueSpecification\",\"valueRequired\":true,\"valueName\":\"search_term_string\"}}],\"inLanguage\":\"pt-PT\"},{\"@type\":\"Person\",\"@id\":\"https:\/\/portaltela.pt\/#\/schema\/person\/c4278d4a6028830caff9ee44b42d32ed\",\"name\":\"Telinha\",\"image\":{\"@type\":\"ImageObject\",\"inLanguage\":\"pt-PT\",\"@id\":\"https:\/\/portaltela.pt\/s.01k8rhncp4jt1\/2025\/11\/talking-bot-125x125.png\",\"url\":\"https:\/\/portaltela.pt\/s.01k8rhncp4jt1\/2025\/11\/talking-bot-125x125.png\",\"contentUrl\":\"https:\/\/portaltela.pt\/s.01k8rhncp4jt1\/2025\/11\/talking-bot-125x125.png\",\"caption\":\"Telinha\"},\"sameAs\":[\"https:\/\/portaltela.pt\/\"],\"url\":\"https:\/\/portaltela.pt\/por\/367410592786\/\"}]}<\/script>\n<!-- \/ Yoast SEO plugin. -->","yoast_head_json":{"title":"Centraliza\u00e7\u00e3o como ativo estrat\u00e9gico: como empresas ganham efici\u00eancia - Portal Tela Portugal","robots":{"index":"index","follow":"follow","max-snippet":"max-snippet:-1","max-image-preview":"max-image-preview:large","max-video-preview":"max-video-preview:-1"},"og_locale":"pt_PT","og_type":"article","og_title":"Centraliza\u00e7\u00e3o como ativo estrat\u00e9gico: como empresas ganham efici\u00eancia - Portal Tela Portugal","og_description":"O Plano Estrat\u00e9gico 2024-36 est\u00e1 a passar pela fase de implementa\u00e7\u00e3o e prepara uma segunda etapa de debate com os s\u00f3cios ordin\u00e1rios da Federa\u00e7\u00e3o Portuguesa de Futebol e os microplanos t\u00e9cnicos setoriais. Ser\u00e3o apresentadas nos pr\u00f3ximos dias respostas sobre desenvolvimento do futebol feminino, futsal, futebol de praia, walking football, scouting e intelig\u00eancia, treinadores, sele\u00e7\u00f5es de forma\u00e7\u00e3o, desenvolvimento regional e o Plano Nacional de Arbitragem. O documento resulta do envolvimento de toda a comunidade do futebol e visa responder \u00e0s mudan\u00e7as previstas, como transforma\u00e7\u00e3o digital e comportamental dos adeptos, expans\u00e3o do futebol feminino, Mundial 2030, integridade na ind\u00fastria e centraliza\u00e7\u00e3o dos direitos audiovisuais. A centraliza\u00e7\u00e3o dos direitos audiovisuais, legislada desde 2021, entra na fase de implementa\u00e7\u00e3o prevista para o in\u00edcio da \u00e9poca 2027-28, prometendo um novo paradigma que favorece o crescimento, a competitividade e a sustentabilidade do futebol portugu\u00eas. Existem interessados nos direitos, o que indica funcionamento do mercado e reconhecimento do momento; a Liga Portugal espera alcan\u00e7ar montantes previstos em 2021, com a Federa\u00e7\u00e3o a acompanhar o processo e manter o di\u00e1logo.","og_url":"https:\/\/portaltela.pt\/noticias\/2026\/03\/08\/centralizacao-como-ativo-estrategico-como-empresas-ganham-eficiencia\/","og_site_name":"Portal Tela Portugal","article_published_time":"2026-03-09T00:01:00+00:00","author":"Telinha","twitter_card":"summary_large_image","twitter_misc":{"Escrito por":"Telinha","Tempo estimado de leitura":"1 minuto"},"schema":{"@context":"https:\/\/schema.org","@graph":[{"@type":"Article","@id":"https:\/\/portaltela.pt\/noticias\/2026\/03\/08\/centralizacao-como-ativo-estrategico-como-empresas-ganham-eficiencia\/#article","isPartOf":{"@id":"https:\/\/portaltela.pt\/noticias\/2026\/03\/08\/centralizacao-como-ativo-estrategico-como-empresas-ganham-eficiencia\/"},"author":{"name":"Telinha","@id":"https:\/\/portaltela.pt\/#\/schema\/person\/c4278d4a6028830caff9ee44b42d32ed"},"headline":"Centraliza\u00e7\u00e3o como ativo estrat\u00e9gico: como empresas ganham efici\u00eancia","datePublished":"2026-03-09T00:01:00+00:00","mainEntityOfPage":{"@id":"https:\/\/portaltela.pt\/noticias\/2026\/03\/08\/centralizacao-como-ativo-estrategico-como-empresas-ganham-eficiencia\/"},"wordCount":272,"image":{"@id":"https:\/\/portaltela.pt\/noticias\/2026\/03\/08\/centralizacao-como-ativo-estrategico-como-empresas-ganham-eficiencia\/#primaryimage"},"thumbnailUrl":"https:\/\/portaltela.pt\/s.01k8rhncp4jt1\/2026\/03\/b3c523d2-8562-4722-bb2e-353aaffd56fe_1200x675.jpg","keywords":["_economia","desenvolvimento regional","direitos audiovisuais","futebol","futebol feminino","Liga Portugal"],"articleSection":["Desporto","Futebol"],"inLanguage":"pt-PT"},{"@type":"WebPage","@id":"https:\/\/portaltela.pt\/noticias\/2026\/03\/08\/centralizacao-como-ativo-estrategico-como-empresas-ganham-eficiencia\/","url":"https:\/\/portaltela.pt\/noticias\/2026\/03\/08\/centralizacao-como-ativo-estrategico-como-empresas-ganham-eficiencia\/","name":"Centraliza\u00e7\u00e3o como ativo estrat\u00e9gico: como empresas ganham efici\u00eancia - Portal Tela Portugal","isPartOf":{"@id":"https:\/\/portaltela.pt\/#website"},"primaryImageOfPage":{"@id":"https:\/\/portaltela.pt\/noticias\/2026\/03\/08\/centralizacao-como-ativo-estrategico-como-empresas-ganham-eficiencia\/#primaryimage"},"image":{"@id":"https:\/\/portaltela.pt\/noticias\/2026\/03\/08\/centralizacao-como-ativo-estrategico-como-empresas-ganham-eficiencia\/#primaryimage"},"thumbnailUrl":"https:\/\/portaltela.pt\/s.01k8rhncp4jt1\/2026\/03\/b3c523d2-8562-4722-bb2e-353aaffd56fe_1200x675.jpg","datePublished":"2026-03-09T00:01:00+00:00","author":{"@id":"https:\/\/portaltela.pt\/#\/schema\/person\/c4278d4a6028830caff9ee44b42d32ed"},"breadcrumb":{"@id":"https:\/\/portaltela.pt\/noticias\/2026\/03\/08\/centralizacao-como-ativo-estrategico-como-empresas-ganham-eficiencia\/#breadcrumb"},"inLanguage":"pt-PT","potentialAction":[{"@type":"ReadAction","target":["https:\/\/portaltela.pt\/noticias\/2026\/03\/08\/centralizacao-como-ativo-estrategico-como-empresas-ganham-eficiencia\/"]}]},{"@type":"ImageObject","inLanguage":"pt-PT","@id":"https:\/\/portaltela.pt\/noticias\/2026\/03\/08\/centralizacao-como-ativo-estrategico-como-empresas-ganham-eficiencia\/#primaryimage","url":"https:\/\/portaltela.pt\/s.01k8rhncp4jt1\/2026\/03\/b3c523d2-8562-4722-bb2e-353aaffd56fe_1200x675.jpg","contentUrl":"https:\/\/portaltela.pt\/s.01k8rhncp4jt1\/2026\/03\/b3c523d2-8562-4722-bb2e-353aaffd56fe_1200x675.jpg","width":796,"height":448,"caption":"Photo"},{"@type":"BreadcrumbList","@id":"https:\/\/portaltela.pt\/noticias\/2026\/03\/08\/centralizacao-como-ativo-estrategico-como-empresas-ganham-eficiencia\/#breadcrumb","itemListElement":[{"@type":"ListItem","position":1,"name":"In\u00edcio","item":"https:\/\/portaltela.pt\/"},{"@type":"ListItem","position":2,"name":"Centraliza\u00e7\u00e3o como ativo estrat\u00e9gico: como empresas ganham efici\u00eancia"}]},{"@type":"WebSite","@id":"https:\/\/portaltela.pt\/#website","url":"https:\/\/portaltela.pt\/","name":"Portal Tela Portugal","description":"","potentialAction":[{"@type":"SearchAction","target":{"@type":"EntryPoint","urlTemplate":"https:\/\/portaltela.pt\/?s={search_term_string}"},"query-input":{"@type":"PropertyValueSpecification","valueRequired":true,"valueName":"search_term_string"}}],"inLanguage":"pt-PT"},{"@type":"Person","@id":"https:\/\/portaltela.pt\/#\/schema\/person\/c4278d4a6028830caff9ee44b42d32ed","name":"Telinha","image":{"@type":"ImageObject","inLanguage":"pt-PT","@id":"https:\/\/portaltela.pt\/s.01k8rhncp4jt1\/2025\/11\/talking-bot-125x125.png","url":"https:\/\/portaltela.pt\/s.01k8rhncp4jt1\/2025\/11\/talking-bot-125x125.png","contentUrl":"https:\/\/portaltela.pt\/s.01k8rhncp4jt1\/2025\/11\/talking-bot-125x125.png","caption":"Telinha"},"sameAs":["https:\/\/portaltela.pt\/"],"url":"https:\/\/portaltela.pt\/por\/367410592786\/"}]}},"_links":{"self":[{"href":"https:\/\/portaltela.pt\/api\/wp\/v2\/posts\/402793","targetHints":{"allow":["GET"]}}],"collection":[{"href":"https:\/\/portaltela.pt\/api\/wp\/v2\/posts"}],"about":[{"href":"https:\/\/portaltela.pt\/api\/wp\/v2\/types\/post"}],"author":[{"embeddable":true,"href":"https:\/\/portaltela.pt\/api\/wp\/v2\/users\/2"}],"replies":[{"embeddable":true,"href":"https:\/\/portaltela.pt\/api\/wp\/v2\/comments?post=402793"}],"version-history":[{"count":0,"href":"https:\/\/portaltela.pt\/api\/wp\/v2\/posts\/402793\/revisions"}],"wp:featuredmedia":[{"embeddable":true,"href":"https:\/\/portaltela.pt\/api\/wp\/v2\/media\/402796"}],"wp:attachment":[{"href":"https:\/\/portaltela.pt\/api\/wp\/v2\/media?parent=402793"}],"wp:term":[{"taxonomy":"category","embeddable":true,"href":"https:\/\/portaltela.pt\/api\/wp\/v2\/categories?post=402793"},{"taxonomy":"post_tag","embeddable":true,"href":"https:\/\/portaltela.pt\/api\/wp\/v2\/tags?post=402793"}],"curies":[{"name":"wp","href":"https:\/\/api.w.org\/{rel}","templated":true}]}}