{"id":402767,"date":"2026-03-08T20:23:00","date_gmt":"2026-03-08T23:23:00","guid":{"rendered":"https:\/\/portaltela.pt\/noticias\/2026\/03\/08\/leonardo-jardim-vence-cariocao-em-estreia-luis-castro-ganha-gauchao\/"},"modified":"2026-03-08T20:23:00","modified_gmt":"2026-03-08T23:23:00","slug":"leonardo-jardim-vence-cariocao-em-estreia-luis-castro-ganha-gauchao","status":"publish","type":"post","link":"https:\/\/portaltela.pt\/desporto\/futebol\/2026\/03\/08\/leonardo-jardim-vence-cariocao-em-estreia-luis-castro-ganha-gauchao\/","title":{"rendered":"Leonardo Jardim vence Carioc\u00e3o em estreia; Lu\u00eds Castro ganha Gauch\u00e3o"},"content":{"rendered":"<p>Leonardo Jardim estreou-se este domingo ao comando do Flamengo e atingiu de imediato o primeiro t\u00edtulo pelo clube. Na final do Carioc\u00e3o, o Flamengo venceu o Fluminense nos pen\u00e1ltis (5-4) ap\u00f3s empate a 0-0 no tempo regulamentar, no Maracan\u00e3. O triunfo soma o 40\u00ba trof\u00e9u estadual do Rubro-Negro.<\/p>\n<p>A vit\u00f3ria prolonga-se para o dom\u00ednio de Jardim no Brasileir\u00e3o estadual, depois de ter rido a Filipe Lu\u00eds na lideran\u00e7a da equipa. O confronto decisivo de domingo confirmou a aposta do portugu\u00eas no regresso \u00e0s vit\u00f3rias do Flamengo em finais regionais.<\/p>\n<h3>T\u00edtulos regionais em destaque<\/h3>\n<p>O Gr\u00e9mio, orientado por Lu\u00eds Castro, garantiu o Ga\u00facho ap\u00f3s empatar 1-1 com o Internacional no est\u00e1dio do advers\u00e1rio, repetindo o 3-0 da primeira m\u00e3o. Com o resultado agregado, o Gr\u00e9mio somou o 44\u00ba t\u00edtulo do Ga\u00facho, mantendo-se a apenas dois trof\u00e9us do Internacional.<\/p>\n<p>No Cear\u00e1, o duelo pela final do estadual terminou com a vit\u00f3ria do Fortaleza frente ao Cear\u00e1 nos pen\u00e1ltis (4-5). Rafael Ramos, defesa do Cear\u00e1, entrou aos 72 minutos e acabou por marcar no desempate.<\/p>\n<p>O Cruzeiro tamb\u00e9m conquistou um t\u00edtulo importante, ao vencer o Atl\u00e9tico Mineiro por 1-0 na decis\u00e3o do campeonato de Minas Gerais. A vit\u00f3ria quebrou um jejum de seis anos, o de 2019, para o Cruzeiro.<\/p>\n","protected":false},"excerpt":{"rendered":"<ul>\n<li>Leonardo Jardim estreou-se como treinador do Flamengo e conquistou o Carioc\u00e3o ao vencer o Fluminense nos pen\u00e1ltis (5-4) no Maracan\u00e3, ap\u00f3s 0-0 no tempo regulamentar; \u00e9 o 40\u00ba trof\u00e9u do clube no estadual.<\/li>\n<li>O Gr\u00e9mio, comandado por Lu\u00eds Castro, venceu o Gauch\u00e3o ap\u00f3s empatar em casa do Internacional (1-1) na segunda m\u00e3o, mantendo a vit\u00f3ria de 3-0 na primeira, e herdou o t\u00edtulo pela 44\u00aa vez.<\/li>\n<li>O Cear\u00e1 perdeu a final do estadual cearense com o Fortaleza nos pen\u00e1ltis (4-5), com Rafael Ramos a marcar no desempate.<\/li>\n<li>O Cruzeiro venceu o Atl\u00e9tico Mineiro por 1-0 na decis\u00e3o do Campeonato Mineiro, interrompendo um jejum de seis anos sem t\u00edtulo, desde 2019.<\/li>\n<li>O resumo destaca vit\u00f3rias de treinadores portugueses em finais regionais brasileiros e a continuidade de tradi\u00e7\u00f5es de t\u00edtulos nos estaduais.<\/li>\n<\/ul>\n","protected":false},"author":2,"featured_media":402768,"comment_status":"closed","ping_status":"closed","sticky":false,"template":"","format":"standard","meta":{"footnotes":""},"categories":[21,24],"tags":[89,5815,152,2619,32,6693],"class_list":["post-402767","post","type-post","status-publish","format-standard","has-post-thumbnail","hentry","category-desporto","category-futebol","tag-brasileirao","tag-campeonatos-nacionais","tag-desporto","tag-desportos-internacionais","tag-futebol","tag-futebol-brasileiro"],"yoast_head":"<!-- This site is optimized with the Yoast SEO plugin v27.2 - https:\/\/yoast.com\/product\/yoast-seo-wordpress\/ -->\n<title>Leonardo Jardim vence Carioc\u00e3o em estreia; Lu\u00eds Castro ganha Gauch\u00e3o - Portal Tela Portugal<\/title>\n<meta name=\"robots\" content=\"index, follow, max-snippet:-1, max-image-preview:large, max-video-preview:-1\" \/>\n<meta property=\"og:locale\" content=\"pt_PT\" \/>\n<meta property=\"og:type\" content=\"article\" \/>\n<meta property=\"og:title\" content=\"Leonardo Jardim vence Carioc\u00e3o em estreia; Lu\u00eds Castro ganha Gauch\u00e3o - Portal Tela Portugal\" \/>\n<meta property=\"og:description\" content=\"Leonardo Jardim estreou-se como treinador do Flamengo e conquistou o Carioc\u00e3o ao vencer o Fluminense nos pen\u00e1ltis (5-4) no Maracan\u00e3, ap\u00f3s 0-0 no tempo regulamentar; \u00e9 o 40\u00ba trof\u00e9u do clube no estadual. O Gr\u00e9mio, comandado por Lu\u00eds Castro, venceu o Gauch\u00e3o ap\u00f3s empatar em casa do Internacional (1-1) na segunda m\u00e3o, mantendo a vit\u00f3ria de 3-0 na primeira, e herdou o t\u00edtulo pela 44\u00aa vez. O Cear\u00e1 perdeu a final do estadual cearense com o Fortaleza nos pen\u00e1ltis (4-5), com Rafael Ramos a marcar no desempate. O Cruzeiro venceu o Atl\u00e9tico Mineiro por 1-0 na decis\u00e3o do Campeonato Mineiro, interrompendo um jejum de seis anos sem t\u00edtulo, desde 2019. O resumo destaca vit\u00f3rias de treinadores portugueses em finais regionais brasileiros e a continuidade de tradi\u00e7\u00f5es de t\u00edtulos nos estaduais.\" \/>\n<meta property=\"og:url\" content=\"https:\/\/portaltela.pt\/noticias\/2026\/03\/08\/leonardo-jardim-vence-cariocao-em-estreia-luis-castro-ganha-gauchao\/\" \/>\n<meta property=\"og:site_name\" content=\"Portal Tela Portugal\" \/>\n<meta property=\"article:published_time\" content=\"2026-03-08T23:23:00+00:00\" \/>\n<meta name=\"author\" content=\"Telinha\" \/>\n<meta name=\"twitter:card\" content=\"summary_large_image\" \/>\n<meta name=\"twitter:label1\" content=\"Escrito por\" \/>\n\t<meta name=\"twitter:data1\" content=\"Telinha\" \/>\n\t<meta name=\"twitter:label2\" content=\"Tempo estimado de leitura\" \/>\n\t<meta name=\"twitter:data2\" content=\"1 minuto\" \/>\n<script type=\"application\/ld+json\" class=\"yoast-schema-graph\">{\"@context\":\"https:\/\/schema.org\",\"@graph\":[{\"@type\":\"Article\",\"@id\":\"https:\/\/portaltela.pt\/noticias\/2026\/03\/08\/leonardo-jardim-vence-cariocao-em-estreia-luis-castro-ganha-gauchao\/#article\",\"isPartOf\":{\"@id\":\"https:\/\/portaltela.pt\/noticias\/2026\/03\/08\/leonardo-jardim-vence-cariocao-em-estreia-luis-castro-ganha-gauchao\/\"},\"author\":{\"name\":\"Telinha\",\"@id\":\"https:\/\/portaltela.pt\/#\/schema\/person\/c4278d4a6028830caff9ee44b42d32ed\"},\"headline\":\"Leonardo Jardim vence Carioc\u00e3o em estreia; Lu\u00eds Castro ganha Gauch\u00e3o\",\"datePublished\":\"2026-03-08T23:23:00+00:00\",\"mainEntityOfPage\":{\"@id\":\"https:\/\/portaltela.pt\/noticias\/2026\/03\/08\/leonardo-jardim-vence-cariocao-em-estreia-luis-castro-ganha-gauchao\/\"},\"wordCount\":247,\"image\":{\"@id\":\"https:\/\/portaltela.pt\/noticias\/2026\/03\/08\/leonardo-jardim-vence-cariocao-em-estreia-luis-castro-ganha-gauchao\/#primaryimage\"},\"thumbnailUrl\":\"https:\/\/portaltela.pt\/s.01k8rhncp4jt1\/2026\/03\/img_920x518uu2026-03-08-23-22-38-2425777.jpg\",\"keywords\":[\"brasileir\u00e3o\",\"Campeonatos Nacionais\",\"desporto\",\"desportos internacionais\",\"futebol\",\"futebol brasileiro\"],\"articleSection\":[\"Desporto\",\"Futebol\"],\"inLanguage\":\"pt-PT\"},{\"@type\":\"WebPage\",\"@id\":\"https:\/\/portaltela.pt\/noticias\/2026\/03\/08\/leonardo-jardim-vence-cariocao-em-estreia-luis-castro-ganha-gauchao\/\",\"url\":\"https:\/\/portaltela.pt\/noticias\/2026\/03\/08\/leonardo-jardim-vence-cariocao-em-estreia-luis-castro-ganha-gauchao\/\",\"name\":\"Leonardo Jardim vence Carioc\u00e3o em estreia; Lu\u00eds Castro ganha Gauch\u00e3o - Portal Tela Portugal\",\"isPartOf\":{\"@id\":\"https:\/\/portaltela.pt\/#website\"},\"primaryImageOfPage\":{\"@id\":\"https:\/\/portaltela.pt\/noticias\/2026\/03\/08\/leonardo-jardim-vence-cariocao-em-estreia-luis-castro-ganha-gauchao\/#primaryimage\"},\"image\":{\"@id\":\"https:\/\/portaltela.pt\/noticias\/2026\/03\/08\/leonardo-jardim-vence-cariocao-em-estreia-luis-castro-ganha-gauchao\/#primaryimage\"},\"thumbnailUrl\":\"https:\/\/portaltela.pt\/s.01k8rhncp4jt1\/2026\/03\/img_920x518uu2026-03-08-23-22-38-2425777.jpg\",\"datePublished\":\"2026-03-08T23:23:00+00:00\",\"author\":{\"@id\":\"https:\/\/portaltela.pt\/#\/schema\/person\/c4278d4a6028830caff9ee44b42d32ed\"},\"breadcrumb\":{\"@id\":\"https:\/\/portaltela.pt\/noticias\/2026\/03\/08\/leonardo-jardim-vence-cariocao-em-estreia-luis-castro-ganha-gauchao\/#breadcrumb\"},\"inLanguage\":\"pt-PT\",\"potentialAction\":[{\"@type\":\"ReadAction\",\"target\":[\"https:\/\/portaltela.pt\/noticias\/2026\/03\/08\/leonardo-jardim-vence-cariocao-em-estreia-luis-castro-ganha-gauchao\/\"]}]},{\"@type\":\"ImageObject\",\"inLanguage\":\"pt-PT\",\"@id\":\"https:\/\/portaltela.pt\/noticias\/2026\/03\/08\/leonardo-jardim-vence-cariocao-em-estreia-luis-castro-ganha-gauchao\/#primaryimage\",\"url\":\"https:\/\/portaltela.pt\/s.01k8rhncp4jt1\/2026\/03\/img_920x518uu2026-03-08-23-22-38-2425777.jpg\",\"contentUrl\":\"https:\/\/portaltela.pt\/s.01k8rhncp4jt1\/2026\/03\/img_920x518uu2026-03-08-23-22-38-2425777.jpg\",\"width\":796,\"height\":448,\"caption\":\"Leonardo Jardim\"},{\"@type\":\"BreadcrumbList\",\"@id\":\"https:\/\/portaltela.pt\/noticias\/2026\/03\/08\/leonardo-jardim-vence-cariocao-em-estreia-luis-castro-ganha-gauchao\/#breadcrumb\",\"itemListElement\":[{\"@type\":\"ListItem\",\"position\":1,\"name\":\"In\u00edcio\",\"item\":\"https:\/\/portaltela.pt\/\"},{\"@type\":\"ListItem\",\"position\":2,\"name\":\"Leonardo Jardim vence Carioc\u00e3o em estreia; Lu\u00eds Castro ganha Gauch\u00e3o\"}]},{\"@type\":\"WebSite\",\"@id\":\"https:\/\/portaltela.pt\/#website\",\"url\":\"https:\/\/portaltela.pt\/\",\"name\":\"Portal Tela Portugal\",\"description\":\"\",\"potentialAction\":[{\"@type\":\"SearchAction\",\"target\":{\"@type\":\"EntryPoint\",\"urlTemplate\":\"https:\/\/portaltela.pt\/?s={search_term_string}\"},\"query-input\":{\"@type\":\"PropertyValueSpecification\",\"valueRequired\":true,\"valueName\":\"search_term_string\"}}],\"inLanguage\":\"pt-PT\"},{\"@type\":\"Person\",\"@id\":\"https:\/\/portaltela.pt\/#\/schema\/person\/c4278d4a6028830caff9ee44b42d32ed\",\"name\":\"Telinha\",\"image\":{\"@type\":\"ImageObject\",\"inLanguage\":\"pt-PT\",\"@id\":\"https:\/\/portaltela.pt\/s.01k8rhncp4jt1\/2025\/11\/talking-bot-125x125.png\",\"url\":\"https:\/\/portaltela.pt\/s.01k8rhncp4jt1\/2025\/11\/talking-bot-125x125.png\",\"contentUrl\":\"https:\/\/portaltela.pt\/s.01k8rhncp4jt1\/2025\/11\/talking-bot-125x125.png\",\"caption\":\"Telinha\"},\"sameAs\":[\"https:\/\/portaltela.pt\/\"],\"url\":\"https:\/\/portaltela.pt\/por\/367410592786\/\"}]}<\/script>\n<!-- \/ Yoast SEO plugin. -->","yoast_head_json":{"title":"Leonardo Jardim vence Carioc\u00e3o em estreia; Lu\u00eds Castro ganha Gauch\u00e3o - Portal Tela Portugal","robots":{"index":"index","follow":"follow","max-snippet":"max-snippet:-1","max-image-preview":"max-image-preview:large","max-video-preview":"max-video-preview:-1"},"og_locale":"pt_PT","og_type":"article","og_title":"Leonardo Jardim vence Carioc\u00e3o em estreia; Lu\u00eds Castro ganha Gauch\u00e3o - Portal Tela Portugal","og_description":"Leonardo Jardim estreou-se como treinador do Flamengo e conquistou o Carioc\u00e3o ao vencer o Fluminense nos pen\u00e1ltis (5-4) no Maracan\u00e3, ap\u00f3s 0-0 no tempo regulamentar; \u00e9 o 40\u00ba trof\u00e9u do clube no estadual. O Gr\u00e9mio, comandado por Lu\u00eds Castro, venceu o Gauch\u00e3o ap\u00f3s empatar em casa do Internacional (1-1) na segunda m\u00e3o, mantendo a vit\u00f3ria de 3-0 na primeira, e herdou o t\u00edtulo pela 44\u00aa vez. O Cear\u00e1 perdeu a final do estadual cearense com o Fortaleza nos pen\u00e1ltis (4-5), com Rafael Ramos a marcar no desempate. O Cruzeiro venceu o Atl\u00e9tico Mineiro por 1-0 na decis\u00e3o do Campeonato Mineiro, interrompendo um jejum de seis anos sem t\u00edtulo, desde 2019. O resumo destaca vit\u00f3rias de treinadores portugueses em finais regionais brasileiros e a continuidade de tradi\u00e7\u00f5es de t\u00edtulos nos estaduais.","og_url":"https:\/\/portaltela.pt\/noticias\/2026\/03\/08\/leonardo-jardim-vence-cariocao-em-estreia-luis-castro-ganha-gauchao\/","og_site_name":"Portal Tela Portugal","article_published_time":"2026-03-08T23:23:00+00:00","author":"Telinha","twitter_card":"summary_large_image","twitter_misc":{"Escrito por":"Telinha","Tempo estimado de leitura":"1 minuto"},"schema":{"@context":"https:\/\/schema.org","@graph":[{"@type":"Article","@id":"https:\/\/portaltela.pt\/noticias\/2026\/03\/08\/leonardo-jardim-vence-cariocao-em-estreia-luis-castro-ganha-gauchao\/#article","isPartOf":{"@id":"https:\/\/portaltela.pt\/noticias\/2026\/03\/08\/leonardo-jardim-vence-cariocao-em-estreia-luis-castro-ganha-gauchao\/"},"author":{"name":"Telinha","@id":"https:\/\/portaltela.pt\/#\/schema\/person\/c4278d4a6028830caff9ee44b42d32ed"},"headline":"Leonardo Jardim vence Carioc\u00e3o em estreia; Lu\u00eds Castro ganha Gauch\u00e3o","datePublished":"2026-03-08T23:23:00+00:00","mainEntityOfPage":{"@id":"https:\/\/portaltela.pt\/noticias\/2026\/03\/08\/leonardo-jardim-vence-cariocao-em-estreia-luis-castro-ganha-gauchao\/"},"wordCount":247,"image":{"@id":"https:\/\/portaltela.pt\/noticias\/2026\/03\/08\/leonardo-jardim-vence-cariocao-em-estreia-luis-castro-ganha-gauchao\/#primaryimage"},"thumbnailUrl":"https:\/\/portaltela.pt\/s.01k8rhncp4jt1\/2026\/03\/img_920x518uu2026-03-08-23-22-38-2425777.jpg","keywords":["brasileir\u00e3o","Campeonatos Nacionais","desporto","desportos internacionais","futebol","futebol brasileiro"],"articleSection":["Desporto","Futebol"],"inLanguage":"pt-PT"},{"@type":"WebPage","@id":"https:\/\/portaltela.pt\/noticias\/2026\/03\/08\/leonardo-jardim-vence-cariocao-em-estreia-luis-castro-ganha-gauchao\/","url":"https:\/\/portaltela.pt\/noticias\/2026\/03\/08\/leonardo-jardim-vence-cariocao-em-estreia-luis-castro-ganha-gauchao\/","name":"Leonardo Jardim vence Carioc\u00e3o em estreia; Lu\u00eds Castro ganha Gauch\u00e3o - Portal Tela Portugal","isPartOf":{"@id":"https:\/\/portaltela.pt\/#website"},"primaryImageOfPage":{"@id":"https:\/\/portaltela.pt\/noticias\/2026\/03\/08\/leonardo-jardim-vence-cariocao-em-estreia-luis-castro-ganha-gauchao\/#primaryimage"},"image":{"@id":"https:\/\/portaltela.pt\/noticias\/2026\/03\/08\/leonardo-jardim-vence-cariocao-em-estreia-luis-castro-ganha-gauchao\/#primaryimage"},"thumbnailUrl":"https:\/\/portaltela.pt\/s.01k8rhncp4jt1\/2026\/03\/img_920x518uu2026-03-08-23-22-38-2425777.jpg","datePublished":"2026-03-08T23:23:00+00:00","author":{"@id":"https:\/\/portaltela.pt\/#\/schema\/person\/c4278d4a6028830caff9ee44b42d32ed"},"breadcrumb":{"@id":"https:\/\/portaltela.pt\/noticias\/2026\/03\/08\/leonardo-jardim-vence-cariocao-em-estreia-luis-castro-ganha-gauchao\/#breadcrumb"},"inLanguage":"pt-PT","potentialAction":[{"@type":"ReadAction","target":["https:\/\/portaltela.pt\/noticias\/2026\/03\/08\/leonardo-jardim-vence-cariocao-em-estreia-luis-castro-ganha-gauchao\/"]}]},{"@type":"ImageObject","inLanguage":"pt-PT","@id":"https:\/\/portaltela.pt\/noticias\/2026\/03\/08\/leonardo-jardim-vence-cariocao-em-estreia-luis-castro-ganha-gauchao\/#primaryimage","url":"https:\/\/portaltela.pt\/s.01k8rhncp4jt1\/2026\/03\/img_920x518uu2026-03-08-23-22-38-2425777.jpg","contentUrl":"https:\/\/portaltela.pt\/s.01k8rhncp4jt1\/2026\/03\/img_920x518uu2026-03-08-23-22-38-2425777.jpg","width":796,"height":448,"caption":"Leonardo Jardim"},{"@type":"BreadcrumbList","@id":"https:\/\/portaltela.pt\/noticias\/2026\/03\/08\/leonardo-jardim-vence-cariocao-em-estreia-luis-castro-ganha-gauchao\/#breadcrumb","itemListElement":[{"@type":"ListItem","position":1,"name":"In\u00edcio","item":"https:\/\/portaltela.pt\/"},{"@type":"ListItem","position":2,"name":"Leonardo Jardim vence Carioc\u00e3o em estreia; Lu\u00eds Castro ganha Gauch\u00e3o"}]},{"@type":"WebSite","@id":"https:\/\/portaltela.pt\/#website","url":"https:\/\/portaltela.pt\/","name":"Portal Tela Portugal","description":"","potentialAction":[{"@type":"SearchAction","target":{"@type":"EntryPoint","urlTemplate":"https:\/\/portaltela.pt\/?s={search_term_string}"},"query-input":{"@type":"PropertyValueSpecification","valueRequired":true,"valueName":"search_term_string"}}],"inLanguage":"pt-PT"},{"@type":"Person","@id":"https:\/\/portaltela.pt\/#\/schema\/person\/c4278d4a6028830caff9ee44b42d32ed","name":"Telinha","image":{"@type":"ImageObject","inLanguage":"pt-PT","@id":"https:\/\/portaltela.pt\/s.01k8rhncp4jt1\/2025\/11\/talking-bot-125x125.png","url":"https:\/\/portaltela.pt\/s.01k8rhncp4jt1\/2025\/11\/talking-bot-125x125.png","contentUrl":"https:\/\/portaltela.pt\/s.01k8rhncp4jt1\/2025\/11\/talking-bot-125x125.png","caption":"Telinha"},"sameAs":["https:\/\/portaltela.pt\/"],"url":"https:\/\/portaltela.pt\/por\/367410592786\/"}]}},"_links":{"self":[{"href":"https:\/\/portaltela.pt\/api\/wp\/v2\/posts\/402767","targetHints":{"allow":["GET"]}}],"collection":[{"href":"https:\/\/portaltela.pt\/api\/wp\/v2\/posts"}],"about":[{"href":"https:\/\/portaltela.pt\/api\/wp\/v2\/types\/post"}],"author":[{"embeddable":true,"href":"https:\/\/portaltela.pt\/api\/wp\/v2\/users\/2"}],"replies":[{"embeddable":true,"href":"https:\/\/portaltela.pt\/api\/wp\/v2\/comments?post=402767"}],"version-history":[{"count":0,"href":"https:\/\/portaltela.pt\/api\/wp\/v2\/posts\/402767\/revisions"}],"wp:featuredmedia":[{"embeddable":true,"href":"https:\/\/portaltela.pt\/api\/wp\/v2\/media\/402768"}],"wp:attachment":[{"href":"https:\/\/portaltela.pt\/api\/wp\/v2\/media?parent=402767"}],"wp:term":[{"taxonomy":"category","embeddable":true,"href":"https:\/\/portaltela.pt\/api\/wp\/v2\/categories?post=402767"},{"taxonomy":"post_tag","embeddable":true,"href":"https:\/\/portaltela.pt\/api\/wp\/v2\/tags?post=402767"}],"curies":[{"name":"wp","href":"https:\/\/api.w.org\/{rel}","templated":true}]}}