{"id":402733,"date":"2026-03-08T19:05:00","date_gmt":"2026-03-08T22:05:00","guid":{"rendered":"https:\/\/portaltela.pt\/noticias\/2026\/03\/08\/kiko-femenia-esteve-em-barcelona-madrid-e-em-nenhum-outro-lugar\/"},"modified":"2026-03-08T19:05:00","modified_gmt":"2026-03-08T22:05:00","slug":"kiko-femenia-esteve-em-barcelona-madrid-e-em-nenhum-outro-lugar","status":"publish","type":"post","link":"https:\/\/portaltela.pt\/desporto\/futebol\/2026\/03\/08\/kiko-femenia-esteve-em-barcelona-madrid-e-em-nenhum-outro-lugar\/","title":{"rendered":"Kiko Femen\u00eda esteve em Barcelona, Madrid e em nenhum outro lugar"},"content":{"rendered":"<p>Kiko Femen\u00eda esteve em Barcelona, Madrid e naquilo que parecia ser uma viagem sem destino definido. Aos 35 anos, o extremo-direito convertido em lateral vive a fase final de uma carreira pouco usual, marcada por passagens por Barcelona e Real Madrid, mas apenas ao servi\u00e7o da equipa B. O jogo desta jornada refor\u00e7a a sua continuidade na Liga espanhola.<\/p>\n<p>No Getafe, o jogador soma j\u00e1 v\u00e1rias \u00e9pocas a lutar pela consolida\u00e7\u00e3o no contexto de equipas que lutam por metas distintas. Nesta temporada, tem sido titular em rodagens que alternam entre Liga e ta\u00e7a, com o golo na vit\u00f3ria por 2-0 frente ao Betis a destacar-se como um momento importante num percurso cheio de reviravoltas.<\/p>\n<p>A estreia n\u00e3o correu como esperado. Em H\u00e9rcules, Femen\u00eda entrou aos 60 minutos contra o Athletic Bilbao e enfrentou ataques de ansiedade que chegaram a obrig\u00e1-lo a respirar com a ajuda de Rufete, que na bancada pediu calma ao jovem extremo. A situa\u00e7\u00e3o ficou conhecida atrav\u00e9s de imagens de uma reportagem do Canal+.<\/p>\n<p>Ao longo da carreira, Femen\u00eda passou por v\u00e1rias divis\u00f5es e clubes, incluindo H\u00e9rcules, Alcorc\u00f3n e Alav\u00e9s, antes de se estabelecer no Watford, na Premier League, como lateral. No Villarreal e no Getafe, tem sido reconhecido pela resist\u00eancia f\u00edsica e pela correta adapta\u00e7\u00e3o a um papel menos ofensivo, mantendo, ainda assim, presen\u00e7a de jogo.<\/p>\n<h3>Trajet\u00f3ria de montanha-russa<\/h3>\n<p>O percurso de Femen\u00eda manteve-o entre promessas e postos mais recuados. Sendo contrato por Barcelona e Real Madrid apenas para a equipa B, nunca teve a consist\u00eancia que se esperava na Elite. Ainda assim, o jogador demonstrou longevidade e utilidade, sobreviver a uma carreira que desviou-se do caminho do jogador-crack.<\/p>\n","protected":false},"excerpt":{"rendered":"<ul>\n<li>Aos 35 anos, Kiko Femen\u00eda encerra uma carreira marcada por voltas e reviravoltas, com o Getafe a vencer o Betis por 2-0 e ele a marcar um dos golos.<\/li>\n<li>O jogador chegou a Barcelona e Real Madrid, mas apenas na equipa B de ambos, n\u00e3o sendo aposta clara.<\/li>\n<li>A carreira arrancou com dificuldades no H\u00e9rcules, incluindo um momento de ansiedade durante a estreia.<\/li>\n<li>Em It\u00e1lia? N\u00e3o: tornou-se lateral na Premier League, mantendo-se fiel \u00e0 velocidade e \u00e0 resist\u00eancia ao longo dos anos.<\/li>\n<li>A trajet\u00f3ria levou-o a Villarreal e Getafe, com passagens por Alcorc\u00f3n e Alav\u00e9s, consolidando-se como lateral fi\u00e1vel, embora sem grande impacto ofensivo.<\/li>\n<\/ul>\n","protected":false},"author":2,"featured_media":402736,"comment_status":"closed","ping_status":"closed","sticky":false,"template":"","format":"standard","meta":{"footnotes":""},"categories":[21,24],"tags":[2587,152,32,1715,1789,2714],"class_list":["post-402733","post","type-post","status-publish","format-standard","has-post-thumbnail","hentry","category-desporto","category-futebol","tag-barcelona","tag-desporto","tag-futebol","tag-getafe","tag-la-liga","tag-real-madrid"],"yoast_head":"<!-- This site is optimized with the Yoast SEO plugin v27.2 - https:\/\/yoast.com\/product\/yoast-seo-wordpress\/ -->\n<title>Kiko Femen\u00eda esteve em Barcelona, Madrid e em nenhum outro lugar - Portal Tela Portugal<\/title>\n<meta name=\"robots\" content=\"index, follow, max-snippet:-1, max-image-preview:large, max-video-preview:-1\" \/>\n<meta property=\"og:locale\" content=\"pt_PT\" \/>\n<meta property=\"og:type\" content=\"article\" \/>\n<meta property=\"og:title\" content=\"Kiko Femen\u00eda esteve em Barcelona, Madrid e em nenhum outro lugar - Portal Tela Portugal\" \/>\n<meta property=\"og:description\" content=\"Aos 35 anos, Kiko Femen\u00eda encerra uma carreira marcada por voltas e reviravoltas, com o Getafe a vencer o Betis por 2-0 e ele a marcar um dos golos. O jogador chegou a Barcelona e Real Madrid, mas apenas na equipa B de ambos, n\u00e3o sendo aposta clara. A carreira arrancou com dificuldades no H\u00e9rcules, incluindo um momento de ansiedade durante a estreia. Em It\u00e1lia? N\u00e3o: tornou-se lateral na Premier League, mantendo-se fiel \u00e0 velocidade e \u00e0 resist\u00eancia ao longo dos anos. A trajet\u00f3ria levou-o a Villarreal e Getafe, com passagens por Alcorc\u00f3n e Alav\u00e9s, consolidando-se como lateral fi\u00e1vel, embora sem grande impacto ofensivo.\" \/>\n<meta property=\"og:url\" content=\"https:\/\/portaltela.pt\/noticias\/2026\/03\/08\/kiko-femenia-esteve-em-barcelona-madrid-e-em-nenhum-outro-lugar\/\" \/>\n<meta property=\"og:site_name\" content=\"Portal Tela Portugal\" \/>\n<meta property=\"article:published_time\" content=\"2026-03-08T22:05:00+00:00\" \/>\n<meta name=\"author\" content=\"Telinha\" \/>\n<meta name=\"twitter:card\" content=\"summary_large_image\" \/>\n<meta name=\"twitter:label1\" content=\"Escrito por\" \/>\n\t<meta name=\"twitter:data1\" content=\"Telinha\" \/>\n\t<meta name=\"twitter:label2\" content=\"Tempo estimado de leitura\" \/>\n\t<meta name=\"twitter:data2\" content=\"1 minuto\" \/>\n<script type=\"application\/ld+json\" class=\"yoast-schema-graph\">{\"@context\":\"https:\/\/schema.org\",\"@graph\":[{\"@type\":\"Article\",\"@id\":\"https:\/\/portaltela.pt\/noticias\/2026\/03\/08\/kiko-femenia-esteve-em-barcelona-madrid-e-em-nenhum-outro-lugar\/#article\",\"isPartOf\":{\"@id\":\"https:\/\/portaltela.pt\/noticias\/2026\/03\/08\/kiko-femenia-esteve-em-barcelona-madrid-e-em-nenhum-outro-lugar\/\"},\"author\":{\"name\":\"Telinha\",\"@id\":\"https:\/\/portaltela.pt\/#\/schema\/person\/c4278d4a6028830caff9ee44b42d32ed\"},\"headline\":\"Kiko Femen\u00eda esteve em Barcelona, Madrid e em nenhum outro lugar\",\"datePublished\":\"2026-03-08T22:05:00+00:00\",\"mainEntityOfPage\":{\"@id\":\"https:\/\/portaltela.pt\/noticias\/2026\/03\/08\/kiko-femenia-esteve-em-barcelona-madrid-e-em-nenhum-outro-lugar\/\"},\"wordCount\":309,\"image\":{\"@id\":\"https:\/\/portaltela.pt\/noticias\/2026\/03\/08\/kiko-femenia-esteve-em-barcelona-madrid-e-em-nenhum-outro-lugar\/#primaryimage\"},\"thumbnailUrl\":\"https:\/\/portaltela.pt\/s.01k8rhncp4jt1\/2026\/03\/2072648.jpg\",\"keywords\":[\"Barcelona\",\"desporto\",\"futebol\",\"Getafe\",\"La Liga\",\"Real Madrid\"],\"articleSection\":[\"Desporto\",\"Futebol\"],\"inLanguage\":\"pt-PT\"},{\"@type\":\"WebPage\",\"@id\":\"https:\/\/portaltela.pt\/noticias\/2026\/03\/08\/kiko-femenia-esteve-em-barcelona-madrid-e-em-nenhum-outro-lugar\/\",\"url\":\"https:\/\/portaltela.pt\/noticias\/2026\/03\/08\/kiko-femenia-esteve-em-barcelona-madrid-e-em-nenhum-outro-lugar\/\",\"name\":\"Kiko Femen\u00eda esteve em Barcelona, Madrid e em nenhum outro lugar - Portal Tela Portugal\",\"isPartOf\":{\"@id\":\"https:\/\/portaltela.pt\/#website\"},\"primaryImageOfPage\":{\"@id\":\"https:\/\/portaltela.pt\/noticias\/2026\/03\/08\/kiko-femenia-esteve-em-barcelona-madrid-e-em-nenhum-outro-lugar\/#primaryimage\"},\"image\":{\"@id\":\"https:\/\/portaltela.pt\/noticias\/2026\/03\/08\/kiko-femenia-esteve-em-barcelona-madrid-e-em-nenhum-outro-lugar\/#primaryimage\"},\"thumbnailUrl\":\"https:\/\/portaltela.pt\/s.01k8rhncp4jt1\/2026\/03\/2072648.jpg\",\"datePublished\":\"2026-03-08T22:05:00+00:00\",\"author\":{\"@id\":\"https:\/\/portaltela.pt\/#\/schema\/person\/c4278d4a6028830caff9ee44b42d32ed\"},\"breadcrumb\":{\"@id\":\"https:\/\/portaltela.pt\/noticias\/2026\/03\/08\/kiko-femenia-esteve-em-barcelona-madrid-e-em-nenhum-outro-lugar\/#breadcrumb\"},\"inLanguage\":\"pt-PT\",\"potentialAction\":[{\"@type\":\"ReadAction\",\"target\":[\"https:\/\/portaltela.pt\/noticias\/2026\/03\/08\/kiko-femenia-esteve-em-barcelona-madrid-e-em-nenhum-outro-lugar\/\"]}]},{\"@type\":\"ImageObject\",\"inLanguage\":\"pt-PT\",\"@id\":\"https:\/\/portaltela.pt\/noticias\/2026\/03\/08\/kiko-femenia-esteve-em-barcelona-madrid-e-em-nenhum-outro-lugar\/#primaryimage\",\"url\":\"https:\/\/portaltela.pt\/s.01k8rhncp4jt1\/2026\/03\/2072648.jpg\",\"contentUrl\":\"https:\/\/portaltela.pt\/s.01k8rhncp4jt1\/2026\/03\/2072648.jpg\",\"width\":796,\"height\":448,\"caption\":\"Femen\u00eda celebra frente ao Betis\"},{\"@type\":\"BreadcrumbList\",\"@id\":\"https:\/\/portaltela.pt\/noticias\/2026\/03\/08\/kiko-femenia-esteve-em-barcelona-madrid-e-em-nenhum-outro-lugar\/#breadcrumb\",\"itemListElement\":[{\"@type\":\"ListItem\",\"position\":1,\"name\":\"In\u00edcio\",\"item\":\"https:\/\/portaltela.pt\/\"},{\"@type\":\"ListItem\",\"position\":2,\"name\":\"Kiko Femen\u00eda esteve em Barcelona, Madrid e em nenhum outro lugar\"}]},{\"@type\":\"WebSite\",\"@id\":\"https:\/\/portaltela.pt\/#website\",\"url\":\"https:\/\/portaltela.pt\/\",\"name\":\"Portal Tela Portugal\",\"description\":\"\",\"potentialAction\":[{\"@type\":\"SearchAction\",\"target\":{\"@type\":\"EntryPoint\",\"urlTemplate\":\"https:\/\/portaltela.pt\/?s={search_term_string}\"},\"query-input\":{\"@type\":\"PropertyValueSpecification\",\"valueRequired\":true,\"valueName\":\"search_term_string\"}}],\"inLanguage\":\"pt-PT\"},{\"@type\":\"Person\",\"@id\":\"https:\/\/portaltela.pt\/#\/schema\/person\/c4278d4a6028830caff9ee44b42d32ed\",\"name\":\"Telinha\",\"image\":{\"@type\":\"ImageObject\",\"inLanguage\":\"pt-PT\",\"@id\":\"https:\/\/portaltela.pt\/s.01k8rhncp4jt1\/2025\/11\/talking-bot-125x125.png\",\"url\":\"https:\/\/portaltela.pt\/s.01k8rhncp4jt1\/2025\/11\/talking-bot-125x125.png\",\"contentUrl\":\"https:\/\/portaltela.pt\/s.01k8rhncp4jt1\/2025\/11\/talking-bot-125x125.png\",\"caption\":\"Telinha\"},\"sameAs\":[\"https:\/\/portaltela.pt\/\"],\"url\":\"https:\/\/portaltela.pt\/por\/367410592786\/\"}]}<\/script>\n<!-- \/ Yoast SEO plugin. -->","yoast_head_json":{"title":"Kiko Femen\u00eda esteve em Barcelona, Madrid e em nenhum outro lugar - Portal Tela Portugal","robots":{"index":"index","follow":"follow","max-snippet":"max-snippet:-1","max-image-preview":"max-image-preview:large","max-video-preview":"max-video-preview:-1"},"og_locale":"pt_PT","og_type":"article","og_title":"Kiko Femen\u00eda esteve em Barcelona, Madrid e em nenhum outro lugar - Portal Tela Portugal","og_description":"Aos 35 anos, Kiko Femen\u00eda encerra uma carreira marcada por voltas e reviravoltas, com o Getafe a vencer o Betis por 2-0 e ele a marcar um dos golos. O jogador chegou a Barcelona e Real Madrid, mas apenas na equipa B de ambos, n\u00e3o sendo aposta clara. A carreira arrancou com dificuldades no H\u00e9rcules, incluindo um momento de ansiedade durante a estreia. Em It\u00e1lia? N\u00e3o: tornou-se lateral na Premier League, mantendo-se fiel \u00e0 velocidade e \u00e0 resist\u00eancia ao longo dos anos. A trajet\u00f3ria levou-o a Villarreal e Getafe, com passagens por Alcorc\u00f3n e Alav\u00e9s, consolidando-se como lateral fi\u00e1vel, embora sem grande impacto ofensivo.","og_url":"https:\/\/portaltela.pt\/noticias\/2026\/03\/08\/kiko-femenia-esteve-em-barcelona-madrid-e-em-nenhum-outro-lugar\/","og_site_name":"Portal Tela Portugal","article_published_time":"2026-03-08T22:05:00+00:00","author":"Telinha","twitter_card":"summary_large_image","twitter_misc":{"Escrito por":"Telinha","Tempo estimado de leitura":"1 minuto"},"schema":{"@context":"https:\/\/schema.org","@graph":[{"@type":"Article","@id":"https:\/\/portaltela.pt\/noticias\/2026\/03\/08\/kiko-femenia-esteve-em-barcelona-madrid-e-em-nenhum-outro-lugar\/#article","isPartOf":{"@id":"https:\/\/portaltela.pt\/noticias\/2026\/03\/08\/kiko-femenia-esteve-em-barcelona-madrid-e-em-nenhum-outro-lugar\/"},"author":{"name":"Telinha","@id":"https:\/\/portaltela.pt\/#\/schema\/person\/c4278d4a6028830caff9ee44b42d32ed"},"headline":"Kiko Femen\u00eda esteve em Barcelona, Madrid e em nenhum outro lugar","datePublished":"2026-03-08T22:05:00+00:00","mainEntityOfPage":{"@id":"https:\/\/portaltela.pt\/noticias\/2026\/03\/08\/kiko-femenia-esteve-em-barcelona-madrid-e-em-nenhum-outro-lugar\/"},"wordCount":309,"image":{"@id":"https:\/\/portaltela.pt\/noticias\/2026\/03\/08\/kiko-femenia-esteve-em-barcelona-madrid-e-em-nenhum-outro-lugar\/#primaryimage"},"thumbnailUrl":"https:\/\/portaltela.pt\/s.01k8rhncp4jt1\/2026\/03\/2072648.jpg","keywords":["Barcelona","desporto","futebol","Getafe","La Liga","Real Madrid"],"articleSection":["Desporto","Futebol"],"inLanguage":"pt-PT"},{"@type":"WebPage","@id":"https:\/\/portaltela.pt\/noticias\/2026\/03\/08\/kiko-femenia-esteve-em-barcelona-madrid-e-em-nenhum-outro-lugar\/","url":"https:\/\/portaltela.pt\/noticias\/2026\/03\/08\/kiko-femenia-esteve-em-barcelona-madrid-e-em-nenhum-outro-lugar\/","name":"Kiko Femen\u00eda esteve em Barcelona, Madrid e em nenhum outro lugar - Portal Tela Portugal","isPartOf":{"@id":"https:\/\/portaltela.pt\/#website"},"primaryImageOfPage":{"@id":"https:\/\/portaltela.pt\/noticias\/2026\/03\/08\/kiko-femenia-esteve-em-barcelona-madrid-e-em-nenhum-outro-lugar\/#primaryimage"},"image":{"@id":"https:\/\/portaltela.pt\/noticias\/2026\/03\/08\/kiko-femenia-esteve-em-barcelona-madrid-e-em-nenhum-outro-lugar\/#primaryimage"},"thumbnailUrl":"https:\/\/portaltela.pt\/s.01k8rhncp4jt1\/2026\/03\/2072648.jpg","datePublished":"2026-03-08T22:05:00+00:00","author":{"@id":"https:\/\/portaltela.pt\/#\/schema\/person\/c4278d4a6028830caff9ee44b42d32ed"},"breadcrumb":{"@id":"https:\/\/portaltela.pt\/noticias\/2026\/03\/08\/kiko-femenia-esteve-em-barcelona-madrid-e-em-nenhum-outro-lugar\/#breadcrumb"},"inLanguage":"pt-PT","potentialAction":[{"@type":"ReadAction","target":["https:\/\/portaltela.pt\/noticias\/2026\/03\/08\/kiko-femenia-esteve-em-barcelona-madrid-e-em-nenhum-outro-lugar\/"]}]},{"@type":"ImageObject","inLanguage":"pt-PT","@id":"https:\/\/portaltela.pt\/noticias\/2026\/03\/08\/kiko-femenia-esteve-em-barcelona-madrid-e-em-nenhum-outro-lugar\/#primaryimage","url":"https:\/\/portaltela.pt\/s.01k8rhncp4jt1\/2026\/03\/2072648.jpg","contentUrl":"https:\/\/portaltela.pt\/s.01k8rhncp4jt1\/2026\/03\/2072648.jpg","width":796,"height":448,"caption":"Femen\u00eda celebra frente ao Betis"},{"@type":"BreadcrumbList","@id":"https:\/\/portaltela.pt\/noticias\/2026\/03\/08\/kiko-femenia-esteve-em-barcelona-madrid-e-em-nenhum-outro-lugar\/#breadcrumb","itemListElement":[{"@type":"ListItem","position":1,"name":"In\u00edcio","item":"https:\/\/portaltela.pt\/"},{"@type":"ListItem","position":2,"name":"Kiko Femen\u00eda esteve em Barcelona, Madrid e em nenhum outro lugar"}]},{"@type":"WebSite","@id":"https:\/\/portaltela.pt\/#website","url":"https:\/\/portaltela.pt\/","name":"Portal Tela Portugal","description":"","potentialAction":[{"@type":"SearchAction","target":{"@type":"EntryPoint","urlTemplate":"https:\/\/portaltela.pt\/?s={search_term_string}"},"query-input":{"@type":"PropertyValueSpecification","valueRequired":true,"valueName":"search_term_string"}}],"inLanguage":"pt-PT"},{"@type":"Person","@id":"https:\/\/portaltela.pt\/#\/schema\/person\/c4278d4a6028830caff9ee44b42d32ed","name":"Telinha","image":{"@type":"ImageObject","inLanguage":"pt-PT","@id":"https:\/\/portaltela.pt\/s.01k8rhncp4jt1\/2025\/11\/talking-bot-125x125.png","url":"https:\/\/portaltela.pt\/s.01k8rhncp4jt1\/2025\/11\/talking-bot-125x125.png","contentUrl":"https:\/\/portaltela.pt\/s.01k8rhncp4jt1\/2025\/11\/talking-bot-125x125.png","caption":"Telinha"},"sameAs":["https:\/\/portaltela.pt\/"],"url":"https:\/\/portaltela.pt\/por\/367410592786\/"}]}},"_links":{"self":[{"href":"https:\/\/portaltela.pt\/api\/wp\/v2\/posts\/402733","targetHints":{"allow":["GET"]}}],"collection":[{"href":"https:\/\/portaltela.pt\/api\/wp\/v2\/posts"}],"about":[{"href":"https:\/\/portaltela.pt\/api\/wp\/v2\/types\/post"}],"author":[{"embeddable":true,"href":"https:\/\/portaltela.pt\/api\/wp\/v2\/users\/2"}],"replies":[{"embeddable":true,"href":"https:\/\/portaltela.pt\/api\/wp\/v2\/comments?post=402733"}],"version-history":[{"count":0,"href":"https:\/\/portaltela.pt\/api\/wp\/v2\/posts\/402733\/revisions"}],"wp:featuredmedia":[{"embeddable":true,"href":"https:\/\/portaltela.pt\/api\/wp\/v2\/media\/402736"}],"wp:attachment":[{"href":"https:\/\/portaltela.pt\/api\/wp\/v2\/media?parent=402733"}],"wp:term":[{"taxonomy":"category","embeddable":true,"href":"https:\/\/portaltela.pt\/api\/wp\/v2\/categories?post=402733"},{"taxonomy":"post_tag","embeddable":true,"href":"https:\/\/portaltela.pt\/api\/wp\/v2\/tags?post=402733"}],"curies":[{"name":"wp","href":"https:\/\/api.w.org\/{rel}","templated":true}]}}