{"id":402716,"date":"2026-03-08T19:15:20","date_gmt":"2026-03-08T22:15:20","guid":{"rendered":"https:\/\/portaltela.pt\/noticias\/2026\/03\/08\/portugal-conquista-prata-e-bronze-na-taca-do-mundo-maia-em-ginastica-acrobatica\/"},"modified":"2026-03-09T15:02:35","modified_gmt":"2026-03-09T18:02:35","slug":"portugal-conquista-prata-e-bronze-na-taca-do-mundo-maia-em-ginastica-acrobatica","status":"publish","type":"post","link":"https:\/\/portaltela.pt\/desporto\/copa-do-mundo\/2026\/03\/08\/portugal-conquista-prata-e-bronze-na-taca-do-mundo-maia-em-ginastica-acrobatica\/","title":{"rendered":"Portugal conquista prata e bronze na Ta\u00e7a do Mundo Maia em gin\u00e1stica acrob\u00e1tica"},"content":{"rendered":"<p>Portugal conquistou prata e bronze na Ta\u00e7a do Mundo de Gin\u00e1stica Acrob\u00e1tica da Maia, que incluiu tamb\u00e9m o International Acro Cup. O evento decorreu neste domingo, com participa\u00e7\u00e3o nacional em v\u00e1rias categorias.<\/p>\n<p>O par feminino Joana Silva e Sofia Ferreira assegurou a prata, com um exerc\u00edcio combinado a valer 28.310 pontos. No grupo feminino, Diana Laranjinha, Melanie Rodrigues e Ema Fernandes ficaram com o bronze, totalizando 27.320 pontos.<\/p>\n<p>Nos pares mistos, Andr\u00e9 Fiuza e Lara Fernandes terminaram em quarto, com 28.500 pontos, seguidos de Jo\u00e3o Carreira e In\u00eas Nossa, em quinto, com 28.400. No setor masculino, o quartetos Tiago Ramos, V\u00edtor Silva, Miguel Lopes e Gon\u00e7alo Parreira ficou em quarto, com 26.350.<\/p>\n<h3>An\u00e1lise da federa\u00e7\u00e3o<\/h3>\n<p>A diretora t\u00e9cnica, Luc\u00edlia Rodrigues, descreveu o balan\u00e7o como muito positivo, destacando a presen\u00e7a em finais em todas as especialidades em que a equipa alinhou. Observou evolu\u00e7\u00e3o constante desde o primeiro apuramento at\u00e9 agora.<\/p>\n<h3>Pr\u00f3ximos passos<\/h3>\n<p>A sele\u00e7\u00e3o portuguesa segue para a Ta\u00e7a do Mundo de Puurs, na B\u00e9lgica, marcada para 10 a 12 de abril, onde pretende manter o ritmo de melhoramentos e alcan\u00e7ar novos objetivos.<\/p>\n","protected":false},"excerpt":{"rendered":"<ul>\n<li>Portugal conquistou prata e bronze na Ta\u00e7a do Mundo de Gin\u00e1stica Acrob\u00e1tica da Maia, com o par feminino Joana Silva e Sofia Ferreira a alcan\u00e7arem a prata (28,310) e o grupo feminino Diana Laranjinha, Melanie Rodrigues e Ema Fernandes o bronze (27,320).<\/li>\n<li>Nos pares mistos, Andr\u00e9 Fiuza e Lara Fernandes ficaram em quarto (28,500) e Jo\u00e3o Carreira com In\u00eas Nossa em quinto (28,400).<\/li>\n<li>No setor de grupos masculinos, a equipa de Tiago Ramos, V\u00edtor Silva, Miguel Lopes e Gon\u00e7alo Parreira ficou em quarto (26,350).<\/li>\n<li>O evento integrou o International Acro Cup, com a diretora t\u00e9cnica Luc\u00edlia Rodrigues a destacar um balan\u00e7o superpositivo, com finais em todas as especialidades.<\/li>\n<li>A sele\u00e7\u00e3o portuguesa segue para a Ta\u00e7a do Mundo de Puurs, na B\u00e9lgica, de 10 a 12 de abril.<\/li>\n<\/ul>\n","protected":false},"author":2,"featured_media":402718,"comment_status":"closed","ping_status":"closed","sticky":false,"template":"","format":"standard","meta":{"footnotes":""},"categories":[6695,21],"tags":[6359],"class_list":["post-402716","post","type-post","status-publish","format-standard","has-post-thumbnail","hentry","category-copa-do-mundo","category-desporto","tag-ultimas-da-copa-do-mundo"],"yoast_head":"<!-- This site is optimized with the Yoast SEO plugin v27.2 - https:\/\/yoast.com\/product\/yoast-seo-wordpress\/ -->\n<title>Portugal conquista prata e bronze na Ta\u00e7a do Mundo Maia em gin\u00e1stica acrob\u00e1tica - Portal Tela Portugal<\/title>\n<meta name=\"robots\" content=\"index, follow, max-snippet:-1, max-image-preview:large, max-video-preview:-1\" \/>\n<meta property=\"og:locale\" content=\"pt_PT\" \/>\n<meta property=\"og:type\" content=\"article\" \/>\n<meta property=\"og:title\" content=\"Portugal conquista prata e bronze na Ta\u00e7a do Mundo Maia em gin\u00e1stica acrob\u00e1tica - Portal Tela Portugal\" \/>\n<meta property=\"og:description\" content=\"Portugal conquistou prata e bronze na Ta\u00e7a do Mundo de Gin\u00e1stica Acrob\u00e1tica da Maia, com o par feminino Joana Silva e Sofia Ferreira a alcan\u00e7arem a prata (28,310) e o grupo feminino Diana Laranjinha, Melanie Rodrigues e Ema Fernandes o bronze (27,320). Nos pares mistos, Andr\u00e9 Fiuza e Lara Fernandes ficaram em quarto (28,500) e Jo\u00e3o Carreira com In\u00eas Nossa em quinto (28,400). No setor de grupos masculinos, a equipa de Tiago Ramos, V\u00edtor Silva, Miguel Lopes e Gon\u00e7alo Parreira ficou em quarto (26,350). O evento integrou o International Acro Cup, com a diretora t\u00e9cnica Luc\u00edlia Rodrigues a destacar um balan\u00e7o superpositivo, com finais em todas as especialidades. A sele\u00e7\u00e3o portuguesa segue para a Ta\u00e7a do Mundo de Puurs, na B\u00e9lgica, de 10 a 12 de abril.\" \/>\n<meta property=\"og:url\" content=\"https:\/\/portaltela.pt\/desporto\/copa-do-mundo\/2026\/03\/08\/portugal-conquista-prata-e-bronze-na-taca-do-mundo-maia-em-ginastica-acrobatica\/\" \/>\n<meta property=\"og:site_name\" content=\"Portal Tela Portugal\" \/>\n<meta property=\"article:published_time\" content=\"2026-03-08T22:15:20+00:00\" \/>\n<meta property=\"article:modified_time\" content=\"2026-03-09T18:02:35+00:00\" \/>\n<meta property=\"og:image\" content=\"https:\/\/portaltela.pt\/s.01k8rhncp4jt1\/2026\/03\/img_920x518uu2026-03-08-22-13-40-2425762.jpg\" \/>\n\t<meta property=\"og:image:width\" content=\"796\" \/>\n\t<meta property=\"og:image:height\" content=\"448\" \/>\n\t<meta property=\"og:image:type\" content=\"image\/jpeg\" \/>\n<meta name=\"author\" content=\"Telinha\" \/>\n<meta name=\"twitter:card\" content=\"summary_large_image\" \/>\n<meta name=\"twitter:label1\" content=\"Escrito por\" \/>\n\t<meta name=\"twitter:data1\" content=\"Telinha\" \/>\n\t<meta name=\"twitter:label2\" content=\"Tempo estimado de leitura\" \/>\n\t<meta name=\"twitter:data2\" content=\"1 minuto\" \/>\n<script type=\"application\/ld+json\" class=\"yoast-schema-graph\">{\"@context\":\"https:\/\/schema.org\",\"@graph\":[{\"@type\":\"Article\",\"@id\":\"https:\/\/portaltela.pt\/desporto\/copa-do-mundo\/2026\/03\/08\/portugal-conquista-prata-e-bronze-na-taca-do-mundo-maia-em-ginastica-acrobatica\/#article\",\"isPartOf\":{\"@id\":\"https:\/\/portaltela.pt\/desporto\/copa-do-mundo\/2026\/03\/08\/portugal-conquista-prata-e-bronze-na-taca-do-mundo-maia-em-ginastica-acrobatica\/\"},\"author\":{\"name\":\"Telinha\",\"@id\":\"https:\/\/portaltela.pt\/#\/schema\/person\/c4278d4a6028830caff9ee44b42d32ed\"},\"headline\":\"Portugal conquista prata e bronze na Ta\u00e7a do Mundo Maia em gin\u00e1stica acrob\u00e1tica\",\"datePublished\":\"2026-03-08T22:15:20+00:00\",\"dateModified\":\"2026-03-09T18:02:35+00:00\",\"mainEntityOfPage\":{\"@id\":\"https:\/\/portaltela.pt\/desporto\/copa-do-mundo\/2026\/03\/08\/portugal-conquista-prata-e-bronze-na-taca-do-mundo-maia-em-ginastica-acrobatica\/\"},\"wordCount\":214,\"image\":{\"@id\":\"https:\/\/portaltela.pt\/desporto\/copa-do-mundo\/2026\/03\/08\/portugal-conquista-prata-e-bronze-na-taca-do-mundo-maia-em-ginastica-acrobatica\/#primaryimage\"},\"thumbnailUrl\":\"https:\/\/portaltela.pt\/s.01k8rhncp4jt1\/2026\/03\/img_920x518uu2026-03-08-22-13-40-2425762.jpg\",\"keywords\":[\"\u00daltimas da Copa do Mundo\"],\"articleSection\":[\"Copa do Mundo\",\"Desporto\"],\"inLanguage\":\"pt-PT\"},{\"@type\":\"WebPage\",\"@id\":\"https:\/\/portaltela.pt\/desporto\/copa-do-mundo\/2026\/03\/08\/portugal-conquista-prata-e-bronze-na-taca-do-mundo-maia-em-ginastica-acrobatica\/\",\"url\":\"https:\/\/portaltela.pt\/desporto\/copa-do-mundo\/2026\/03\/08\/portugal-conquista-prata-e-bronze-na-taca-do-mundo-maia-em-ginastica-acrobatica\/\",\"name\":\"Portugal conquista prata e bronze na Ta\u00e7a do Mundo Maia em gin\u00e1stica acrob\u00e1tica - Portal Tela Portugal\",\"isPartOf\":{\"@id\":\"https:\/\/portaltela.pt\/#website\"},\"primaryImageOfPage\":{\"@id\":\"https:\/\/portaltela.pt\/desporto\/copa-do-mundo\/2026\/03\/08\/portugal-conquista-prata-e-bronze-na-taca-do-mundo-maia-em-ginastica-acrobatica\/#primaryimage\"},\"image\":{\"@id\":\"https:\/\/portaltela.pt\/desporto\/copa-do-mundo\/2026\/03\/08\/portugal-conquista-prata-e-bronze-na-taca-do-mundo-maia-em-ginastica-acrobatica\/#primaryimage\"},\"thumbnailUrl\":\"https:\/\/portaltela.pt\/s.01k8rhncp4jt1\/2026\/03\/img_920x518uu2026-03-08-22-13-40-2425762.jpg\",\"datePublished\":\"2026-03-08T22:15:20+00:00\",\"dateModified\":\"2026-03-09T18:02:35+00:00\",\"author\":{\"@id\":\"https:\/\/portaltela.pt\/#\/schema\/person\/c4278d4a6028830caff9ee44b42d32ed\"},\"breadcrumb\":{\"@id\":\"https:\/\/portaltela.pt\/desporto\/copa-do-mundo\/2026\/03\/08\/portugal-conquista-prata-e-bronze-na-taca-do-mundo-maia-em-ginastica-acrobatica\/#breadcrumb\"},\"inLanguage\":\"pt-PT\",\"potentialAction\":[{\"@type\":\"ReadAction\",\"target\":[\"https:\/\/portaltela.pt\/desporto\/copa-do-mundo\/2026\/03\/08\/portugal-conquista-prata-e-bronze-na-taca-do-mundo-maia-em-ginastica-acrobatica\/\"]}]},{\"@type\":\"ImageObject\",\"inLanguage\":\"pt-PT\",\"@id\":\"https:\/\/portaltela.pt\/desporto\/copa-do-mundo\/2026\/03\/08\/portugal-conquista-prata-e-bronze-na-taca-do-mundo-maia-em-ginastica-acrobatica\/#primaryimage\",\"url\":\"https:\/\/portaltela.pt\/s.01k8rhncp4jt1\/2026\/03\/img_920x518uu2026-03-08-22-13-40-2425762.jpg\",\"contentUrl\":\"https:\/\/portaltela.pt\/s.01k8rhncp4jt1\/2026\/03\/img_920x518uu2026-03-08-22-13-40-2425762.jpg\",\"width\":796,\"height\":448,\"caption\":\"Portugal conquista medalhas na Ta\u00e7a do Mundo da Maia\"},{\"@type\":\"BreadcrumbList\",\"@id\":\"https:\/\/portaltela.pt\/desporto\/copa-do-mundo\/2026\/03\/08\/portugal-conquista-prata-e-bronze-na-taca-do-mundo-maia-em-ginastica-acrobatica\/#breadcrumb\",\"itemListElement\":[{\"@type\":\"ListItem\",\"position\":1,\"name\":\"In\u00edcio\",\"item\":\"https:\/\/portaltela.pt\/\"},{\"@type\":\"ListItem\",\"position\":2,\"name\":\"Portugal conquista prata e bronze na Ta\u00e7a do Mundo Maia em gin\u00e1stica acrob\u00e1tica\"}]},{\"@type\":\"WebSite\",\"@id\":\"https:\/\/portaltela.pt\/#website\",\"url\":\"https:\/\/portaltela.pt\/\",\"name\":\"Portal Tela Portugal\",\"description\":\"\",\"potentialAction\":[{\"@type\":\"SearchAction\",\"target\":{\"@type\":\"EntryPoint\",\"urlTemplate\":\"https:\/\/portaltela.pt\/?s={search_term_string}\"},\"query-input\":{\"@type\":\"PropertyValueSpecification\",\"valueRequired\":true,\"valueName\":\"search_term_string\"}}],\"inLanguage\":\"pt-PT\"},{\"@type\":\"Person\",\"@id\":\"https:\/\/portaltela.pt\/#\/schema\/person\/c4278d4a6028830caff9ee44b42d32ed\",\"name\":\"Telinha\",\"image\":{\"@type\":\"ImageObject\",\"inLanguage\":\"pt-PT\",\"@id\":\"https:\/\/portaltela.pt\/s.01k8rhncp4jt1\/2025\/11\/talking-bot-125x125.png\",\"url\":\"https:\/\/portaltela.pt\/s.01k8rhncp4jt1\/2025\/11\/talking-bot-125x125.png\",\"contentUrl\":\"https:\/\/portaltela.pt\/s.01k8rhncp4jt1\/2025\/11\/talking-bot-125x125.png\",\"caption\":\"Telinha\"},\"sameAs\":[\"https:\/\/portaltela.pt\/\"],\"url\":\"https:\/\/portaltela.pt\/por\/367410592786\/\"}]}<\/script>\n<!-- \/ Yoast SEO plugin. -->","yoast_head_json":{"title":"Portugal conquista prata e bronze na Ta\u00e7a do Mundo Maia em gin\u00e1stica acrob\u00e1tica - Portal Tela Portugal","robots":{"index":"index","follow":"follow","max-snippet":"max-snippet:-1","max-image-preview":"max-image-preview:large","max-video-preview":"max-video-preview:-1"},"og_locale":"pt_PT","og_type":"article","og_title":"Portugal conquista prata e bronze na Ta\u00e7a do Mundo Maia em gin\u00e1stica acrob\u00e1tica - Portal Tela Portugal","og_description":"Portugal conquistou prata e bronze na Ta\u00e7a do Mundo de Gin\u00e1stica Acrob\u00e1tica da Maia, com o par feminino Joana Silva e Sofia Ferreira a alcan\u00e7arem a prata (28,310) e o grupo feminino Diana Laranjinha, Melanie Rodrigues e Ema Fernandes o bronze (27,320). Nos pares mistos, Andr\u00e9 Fiuza e Lara Fernandes ficaram em quarto (28,500) e Jo\u00e3o Carreira com In\u00eas Nossa em quinto (28,400). No setor de grupos masculinos, a equipa de Tiago Ramos, V\u00edtor Silva, Miguel Lopes e Gon\u00e7alo Parreira ficou em quarto (26,350). O evento integrou o International Acro Cup, com a diretora t\u00e9cnica Luc\u00edlia Rodrigues a destacar um balan\u00e7o superpositivo, com finais em todas as especialidades. A sele\u00e7\u00e3o portuguesa segue para a Ta\u00e7a do Mundo de Puurs, na B\u00e9lgica, de 10 a 12 de abril.","og_url":"https:\/\/portaltela.pt\/desporto\/copa-do-mundo\/2026\/03\/08\/portugal-conquista-prata-e-bronze-na-taca-do-mundo-maia-em-ginastica-acrobatica\/","og_site_name":"Portal Tela Portugal","article_published_time":"2026-03-08T22:15:20+00:00","article_modified_time":"2026-03-09T18:02:35+00:00","og_image":[{"width":796,"height":448,"url":"https:\/\/portaltela.pt\/s.01k8rhncp4jt1\/2026\/03\/img_920x518uu2026-03-08-22-13-40-2425762.jpg","type":"image\/jpeg"}],"author":"Telinha","twitter_card":"summary_large_image","twitter_misc":{"Escrito por":"Telinha","Tempo estimado de leitura":"1 minuto"},"schema":{"@context":"https:\/\/schema.org","@graph":[{"@type":"Article","@id":"https:\/\/portaltela.pt\/desporto\/copa-do-mundo\/2026\/03\/08\/portugal-conquista-prata-e-bronze-na-taca-do-mundo-maia-em-ginastica-acrobatica\/#article","isPartOf":{"@id":"https:\/\/portaltela.pt\/desporto\/copa-do-mundo\/2026\/03\/08\/portugal-conquista-prata-e-bronze-na-taca-do-mundo-maia-em-ginastica-acrobatica\/"},"author":{"name":"Telinha","@id":"https:\/\/portaltela.pt\/#\/schema\/person\/c4278d4a6028830caff9ee44b42d32ed"},"headline":"Portugal conquista prata e bronze na Ta\u00e7a do Mundo Maia em gin\u00e1stica acrob\u00e1tica","datePublished":"2026-03-08T22:15:20+00:00","dateModified":"2026-03-09T18:02:35+00:00","mainEntityOfPage":{"@id":"https:\/\/portaltela.pt\/desporto\/copa-do-mundo\/2026\/03\/08\/portugal-conquista-prata-e-bronze-na-taca-do-mundo-maia-em-ginastica-acrobatica\/"},"wordCount":214,"image":{"@id":"https:\/\/portaltela.pt\/desporto\/copa-do-mundo\/2026\/03\/08\/portugal-conquista-prata-e-bronze-na-taca-do-mundo-maia-em-ginastica-acrobatica\/#primaryimage"},"thumbnailUrl":"https:\/\/portaltela.pt\/s.01k8rhncp4jt1\/2026\/03\/img_920x518uu2026-03-08-22-13-40-2425762.jpg","keywords":["\u00daltimas da Copa do Mundo"],"articleSection":["Copa do Mundo","Desporto"],"inLanguage":"pt-PT"},{"@type":"WebPage","@id":"https:\/\/portaltela.pt\/desporto\/copa-do-mundo\/2026\/03\/08\/portugal-conquista-prata-e-bronze-na-taca-do-mundo-maia-em-ginastica-acrobatica\/","url":"https:\/\/portaltela.pt\/desporto\/copa-do-mundo\/2026\/03\/08\/portugal-conquista-prata-e-bronze-na-taca-do-mundo-maia-em-ginastica-acrobatica\/","name":"Portugal conquista prata e bronze na Ta\u00e7a do Mundo Maia em gin\u00e1stica acrob\u00e1tica - Portal Tela Portugal","isPartOf":{"@id":"https:\/\/portaltela.pt\/#website"},"primaryImageOfPage":{"@id":"https:\/\/portaltela.pt\/desporto\/copa-do-mundo\/2026\/03\/08\/portugal-conquista-prata-e-bronze-na-taca-do-mundo-maia-em-ginastica-acrobatica\/#primaryimage"},"image":{"@id":"https:\/\/portaltela.pt\/desporto\/copa-do-mundo\/2026\/03\/08\/portugal-conquista-prata-e-bronze-na-taca-do-mundo-maia-em-ginastica-acrobatica\/#primaryimage"},"thumbnailUrl":"https:\/\/portaltela.pt\/s.01k8rhncp4jt1\/2026\/03\/img_920x518uu2026-03-08-22-13-40-2425762.jpg","datePublished":"2026-03-08T22:15:20+00:00","dateModified":"2026-03-09T18:02:35+00:00","author":{"@id":"https:\/\/portaltela.pt\/#\/schema\/person\/c4278d4a6028830caff9ee44b42d32ed"},"breadcrumb":{"@id":"https:\/\/portaltela.pt\/desporto\/copa-do-mundo\/2026\/03\/08\/portugal-conquista-prata-e-bronze-na-taca-do-mundo-maia-em-ginastica-acrobatica\/#breadcrumb"},"inLanguage":"pt-PT","potentialAction":[{"@type":"ReadAction","target":["https:\/\/portaltela.pt\/desporto\/copa-do-mundo\/2026\/03\/08\/portugal-conquista-prata-e-bronze-na-taca-do-mundo-maia-em-ginastica-acrobatica\/"]}]},{"@type":"ImageObject","inLanguage":"pt-PT","@id":"https:\/\/portaltela.pt\/desporto\/copa-do-mundo\/2026\/03\/08\/portugal-conquista-prata-e-bronze-na-taca-do-mundo-maia-em-ginastica-acrobatica\/#primaryimage","url":"https:\/\/portaltela.pt\/s.01k8rhncp4jt1\/2026\/03\/img_920x518uu2026-03-08-22-13-40-2425762.jpg","contentUrl":"https:\/\/portaltela.pt\/s.01k8rhncp4jt1\/2026\/03\/img_920x518uu2026-03-08-22-13-40-2425762.jpg","width":796,"height":448,"caption":"Portugal conquista medalhas na Ta\u00e7a do Mundo da Maia"},{"@type":"BreadcrumbList","@id":"https:\/\/portaltela.pt\/desporto\/copa-do-mundo\/2026\/03\/08\/portugal-conquista-prata-e-bronze-na-taca-do-mundo-maia-em-ginastica-acrobatica\/#breadcrumb","itemListElement":[{"@type":"ListItem","position":1,"name":"In\u00edcio","item":"https:\/\/portaltela.pt\/"},{"@type":"ListItem","position":2,"name":"Portugal conquista prata e bronze na Ta\u00e7a do Mundo Maia em gin\u00e1stica acrob\u00e1tica"}]},{"@type":"WebSite","@id":"https:\/\/portaltela.pt\/#website","url":"https:\/\/portaltela.pt\/","name":"Portal Tela Portugal","description":"","potentialAction":[{"@type":"SearchAction","target":{"@type":"EntryPoint","urlTemplate":"https:\/\/portaltela.pt\/?s={search_term_string}"},"query-input":{"@type":"PropertyValueSpecification","valueRequired":true,"valueName":"search_term_string"}}],"inLanguage":"pt-PT"},{"@type":"Person","@id":"https:\/\/portaltela.pt\/#\/schema\/person\/c4278d4a6028830caff9ee44b42d32ed","name":"Telinha","image":{"@type":"ImageObject","inLanguage":"pt-PT","@id":"https:\/\/portaltela.pt\/s.01k8rhncp4jt1\/2025\/11\/talking-bot-125x125.png","url":"https:\/\/portaltela.pt\/s.01k8rhncp4jt1\/2025\/11\/talking-bot-125x125.png","contentUrl":"https:\/\/portaltela.pt\/s.01k8rhncp4jt1\/2025\/11\/talking-bot-125x125.png","caption":"Telinha"},"sameAs":["https:\/\/portaltela.pt\/"],"url":"https:\/\/portaltela.pt\/por\/367410592786\/"}]}},"_links":{"self":[{"href":"https:\/\/portaltela.pt\/api\/wp\/v2\/posts\/402716","targetHints":{"allow":["GET"]}}],"collection":[{"href":"https:\/\/portaltela.pt\/api\/wp\/v2\/posts"}],"about":[{"href":"https:\/\/portaltela.pt\/api\/wp\/v2\/types\/post"}],"author":[{"embeddable":true,"href":"https:\/\/portaltela.pt\/api\/wp\/v2\/users\/2"}],"replies":[{"embeddable":true,"href":"https:\/\/portaltela.pt\/api\/wp\/v2\/comments?post=402716"}],"version-history":[{"count":0,"href":"https:\/\/portaltela.pt\/api\/wp\/v2\/posts\/402716\/revisions"}],"wp:featuredmedia":[{"embeddable":true,"href":"https:\/\/portaltela.pt\/api\/wp\/v2\/media\/402718"}],"wp:attachment":[{"href":"https:\/\/portaltela.pt\/api\/wp\/v2\/media?parent=402716"}],"wp:term":[{"taxonomy":"category","embeddable":true,"href":"https:\/\/portaltela.pt\/api\/wp\/v2\/categories?post=402716"},{"taxonomy":"post_tag","embeddable":true,"href":"https:\/\/portaltela.pt\/api\/wp\/v2\/tags?post=402716"}],"curies":[{"name":"wp","href":"https:\/\/api.w.org\/{rel}","templated":true}]}}