{"id":402691,"date":"2026-03-08T18:38:03","date_gmt":"2026-03-08T21:38:03","guid":{"rendered":"https:\/\/portaltela.pt\/noticias\/2026\/03\/08\/psp-identifica-assistente-de-recinto-por-revista-abusiva-a-adepta-do-fc-porto-na-luz\/"},"modified":"2026-03-08T18:38:03","modified_gmt":"2026-03-08T21:38:03","slug":"psp-identifica-assistente-de-recinto-por-revista-abusiva-a-adepta-do-fc-porto-na-luz","status":"publish","type":"post","link":"https:\/\/portaltela.pt\/desporto\/futebol\/2026\/03\/08\/psp-identifica-assistente-de-recinto-por-revista-abusiva-a-adepta-do-fc-porto-na-luz\/","title":{"rendered":"PSP identifica assistente de recinto por revista abusiva a adepta do FC Porto na Luz"},"content":{"rendered":"<p>Uma assistente de recintos desportivos (ARD) do Est\u00e1dio da Luz foi identificada pela Pol\u00edcia de Seguran\u00e7a P\u00fablica (PSP) por revista abusiva antes do encontro entre Benfica e FC Porto. Segundo a PSP, a funcion\u00e1ria colocou as m\u00e3os dentro do suti\u00e3 de uma adepta portista.<\/p>\n<p>A ocorr\u00eancia ficou registada pela PSP durante a entrada de p\u00fablico no est\u00e1dio. O incidente ocorreu antes do pontap\u00e9 de sa\u00edda, no contexto de preocupa\u00e7\u00f5es com condutas inadequadas no recinto.<\/p>\n<p>Dados recolhidos indicam que o facto tamb\u00e9m consta do relat\u00f3rio do delegado da Liga, segundo informa\u00e7\u00e3o tamb\u00e9m reportada pelo jornal Record. A PSP n\u00e3o divulgou informa\u00e7\u00f5es adicionais sobre procedimentos em curso.<\/p>\n<p>A not\u00edcia \u00e9 acompanhada pela imagem associada aos adeptos do FC Porto presentes na Luz, com cr\u00e9dito fotogr\u00e1fico a Pedro Ferreira. Autoridades continuam a averiguar as circunst\u00e2ncias e a tomar as medidas disciplinares cab\u00edveis.<\/p>\n<p>Fonte: Record, com base no relat\u00f3rio da Liga, e relat\u00f3rio da PSP.<\/p>\n","protected":false},"excerpt":{"rendered":"<ul>\n<li>A PSP identificou, no \u00e2mbito de um jogo entre Benfica e FC Porto, uma assistente de recintos desportivos do Est\u00e1dio da Luz por revista abusiva.<\/li>\n<li>A a\u00e7\u00e3o envolveu colocar as m\u00e3os dentro do suti\u00e3 de uma adepta do FC Porto.<\/li>\n<li>O epis\u00f3dio \u00e9 confirmado pela PSP e consta do relat\u00f3rio do delegado da Liga, conforme o Record.<\/li>\n<li>O incidente ocorreu antes do encontro entre Benfica e FC Porto.<\/li>\n<li>A not\u00edcia n\u00e3o detalha desdobramentos ou consequ\u00eancias disciplinares, apenas a identifica\u00e7\u00e3o da ARD pela PSP.<\/li>\n<\/ul>\n","protected":false},"author":2,"featured_media":402695,"comment_status":"closed","ping_status":"closed","sticky":false,"template":"","format":"standard","meta":{"footnotes":""},"categories":[21,24],"tags":[2533,1946,152,5514,2028,3418],"class_list":["post-402691","post","type-post","status-publish","format-standard","has-post-thumbnail","hentry","category-desporto","category-futebol","tag-adeptos","tag-benfica","tag-desporto","tag-escandalos","tag-fc-porto","tag-policia-de-seguranca-publica"],"yoast_head":"<!-- This site is optimized with the Yoast SEO plugin v27.2 - https:\/\/yoast.com\/product\/yoast-seo-wordpress\/ -->\n<title>PSP identifica assistente de recinto por revista abusiva a adepta do FC Porto na Luz - Portal Tela Portugal<\/title>\n<meta name=\"robots\" content=\"index, follow, max-snippet:-1, max-image-preview:large, max-video-preview:-1\" \/>\n<meta property=\"og:locale\" content=\"pt_PT\" \/>\n<meta property=\"og:type\" content=\"article\" \/>\n<meta property=\"og:title\" content=\"PSP identifica assistente de recinto por revista abusiva a adepta do FC Porto na Luz - Portal Tela Portugal\" \/>\n<meta property=\"og:description\" content=\"A PSP identificou, no \u00e2mbito de um jogo entre Benfica e FC Porto, uma assistente de recintos desportivos do Est\u00e1dio da Luz por revista abusiva. A a\u00e7\u00e3o envolveu colocar as m\u00e3os dentro do suti\u00e3 de uma adepta do FC Porto. O epis\u00f3dio \u00e9 confirmado pela PSP e consta do relat\u00f3rio do delegado da Liga, conforme o Record. O incidente ocorreu antes do encontro entre Benfica e FC Porto. A not\u00edcia n\u00e3o detalha desdobramentos ou consequ\u00eancias disciplinares, apenas a identifica\u00e7\u00e3o da ARD pela PSP.\" \/>\n<meta property=\"og:url\" content=\"https:\/\/portaltela.pt\/noticias\/2026\/03\/08\/psp-identifica-assistente-de-recinto-por-revista-abusiva-a-adepta-do-fc-porto-na-luz\/\" \/>\n<meta property=\"og:site_name\" content=\"Portal Tela Portugal\" \/>\n<meta property=\"article:published_time\" content=\"2026-03-08T21:38:03+00:00\" \/>\n<meta name=\"author\" content=\"Telinha\" \/>\n<meta name=\"twitter:card\" content=\"summary_large_image\" \/>\n<meta name=\"twitter:label1\" content=\"Escrito por\" \/>\n\t<meta name=\"twitter:data1\" content=\"Telinha\" \/>\n\t<meta name=\"twitter:label2\" content=\"Tempo estimado de leitura\" \/>\n\t<meta name=\"twitter:data2\" content=\"1 minuto\" \/>\n<script type=\"application\/ld+json\" class=\"yoast-schema-graph\">{\"@context\":\"https:\/\/schema.org\",\"@graph\":[{\"@type\":\"Article\",\"@id\":\"https:\/\/portaltela.pt\/noticias\/2026\/03\/08\/psp-identifica-assistente-de-recinto-por-revista-abusiva-a-adepta-do-fc-porto-na-luz\/#article\",\"isPartOf\":{\"@id\":\"https:\/\/portaltela.pt\/noticias\/2026\/03\/08\/psp-identifica-assistente-de-recinto-por-revista-abusiva-a-adepta-do-fc-porto-na-luz\/\"},\"author\":{\"name\":\"Telinha\",\"@id\":\"https:\/\/portaltela.pt\/#\/schema\/person\/c4278d4a6028830caff9ee44b42d32ed\"},\"headline\":\"PSP identifica assistente de recinto por revista abusiva a adepta do FC Porto na Luz\",\"datePublished\":\"2026-03-08T21:38:03+00:00\",\"mainEntityOfPage\":{\"@id\":\"https:\/\/portaltela.pt\/noticias\/2026\/03\/08\/psp-identifica-assistente-de-recinto-por-revista-abusiva-a-adepta-do-fc-porto-na-luz\/\"},\"wordCount\":189,\"image\":{\"@id\":\"https:\/\/portaltela.pt\/noticias\/2026\/03\/08\/psp-identifica-assistente-de-recinto-por-revista-abusiva-a-adepta-do-fc-porto-na-luz\/#primaryimage\"},\"thumbnailUrl\":\"https:\/\/portaltela.pt\/s.01k8rhncp4jt1\/2026\/03\/img_1500x1000uu2026-03-08-21-36-47-2271186.jpg\",\"keywords\":[\"adeptos\",\"Benfica\",\"desporto\",\"esc\u00e2ndalos\",\"FC Porto\",\"Pol\u00edcia de Seguran\u00e7a P\u00fablica\"],\"articleSection\":[\"Desporto\",\"Futebol\"],\"inLanguage\":\"pt-PT\"},{\"@type\":\"WebPage\",\"@id\":\"https:\/\/portaltela.pt\/noticias\/2026\/03\/08\/psp-identifica-assistente-de-recinto-por-revista-abusiva-a-adepta-do-fc-porto-na-luz\/\",\"url\":\"https:\/\/portaltela.pt\/noticias\/2026\/03\/08\/psp-identifica-assistente-de-recinto-por-revista-abusiva-a-adepta-do-fc-porto-na-luz\/\",\"name\":\"PSP identifica assistente de recinto por revista abusiva a adepta do FC Porto na Luz - Portal Tela Portugal\",\"isPartOf\":{\"@id\":\"https:\/\/portaltela.pt\/#website\"},\"primaryImageOfPage\":{\"@id\":\"https:\/\/portaltela.pt\/noticias\/2026\/03\/08\/psp-identifica-assistente-de-recinto-por-revista-abusiva-a-adepta-do-fc-porto-na-luz\/#primaryimage\"},\"image\":{\"@id\":\"https:\/\/portaltela.pt\/noticias\/2026\/03\/08\/psp-identifica-assistente-de-recinto-por-revista-abusiva-a-adepta-do-fc-porto-na-luz\/#primaryimage\"},\"thumbnailUrl\":\"https:\/\/portaltela.pt\/s.01k8rhncp4jt1\/2026\/03\/img_1500x1000uu2026-03-08-21-36-47-2271186.jpg\",\"datePublished\":\"2026-03-08T21:38:03+00:00\",\"author\":{\"@id\":\"https:\/\/portaltela.pt\/#\/schema\/person\/c4278d4a6028830caff9ee44b42d32ed\"},\"breadcrumb\":{\"@id\":\"https:\/\/portaltela.pt\/noticias\/2026\/03\/08\/psp-identifica-assistente-de-recinto-por-revista-abusiva-a-adepta-do-fc-porto-na-luz\/#breadcrumb\"},\"inLanguage\":\"pt-PT\",\"potentialAction\":[{\"@type\":\"ReadAction\",\"target\":[\"https:\/\/portaltela.pt\/noticias\/2026\/03\/08\/psp-identifica-assistente-de-recinto-por-revista-abusiva-a-adepta-do-fc-porto-na-luz\/\"]}]},{\"@type\":\"ImageObject\",\"inLanguage\":\"pt-PT\",\"@id\":\"https:\/\/portaltela.pt\/noticias\/2026\/03\/08\/psp-identifica-assistente-de-recinto-por-revista-abusiva-a-adepta-do-fc-porto-na-luz\/#primaryimage\",\"url\":\"https:\/\/portaltela.pt\/s.01k8rhncp4jt1\/2026\/03\/img_1500x1000uu2026-03-08-21-36-47-2271186.jpg\",\"contentUrl\":\"https:\/\/portaltela.pt\/s.01k8rhncp4jt1\/2026\/03\/img_1500x1000uu2026-03-08-21-36-47-2271186.jpg\",\"width\":796,\"height\":448,\"caption\":\"Adeptos do FC Porto na Luz\"},{\"@type\":\"BreadcrumbList\",\"@id\":\"https:\/\/portaltela.pt\/noticias\/2026\/03\/08\/psp-identifica-assistente-de-recinto-por-revista-abusiva-a-adepta-do-fc-porto-na-luz\/#breadcrumb\",\"itemListElement\":[{\"@type\":\"ListItem\",\"position\":1,\"name\":\"In\u00edcio\",\"item\":\"https:\/\/portaltela.pt\/\"},{\"@type\":\"ListItem\",\"position\":2,\"name\":\"PSP identifica assistente de recinto por revista abusiva a adepta do FC Porto na Luz\"}]},{\"@type\":\"WebSite\",\"@id\":\"https:\/\/portaltela.pt\/#website\",\"url\":\"https:\/\/portaltela.pt\/\",\"name\":\"Portal Tela Portugal\",\"description\":\"\",\"potentialAction\":[{\"@type\":\"SearchAction\",\"target\":{\"@type\":\"EntryPoint\",\"urlTemplate\":\"https:\/\/portaltela.pt\/?s={search_term_string}\"},\"query-input\":{\"@type\":\"PropertyValueSpecification\",\"valueRequired\":true,\"valueName\":\"search_term_string\"}}],\"inLanguage\":\"pt-PT\"},{\"@type\":\"Person\",\"@id\":\"https:\/\/portaltela.pt\/#\/schema\/person\/c4278d4a6028830caff9ee44b42d32ed\",\"name\":\"Telinha\",\"image\":{\"@type\":\"ImageObject\",\"inLanguage\":\"pt-PT\",\"@id\":\"https:\/\/portaltela.pt\/s.01k8rhncp4jt1\/2025\/11\/talking-bot-125x125.png\",\"url\":\"https:\/\/portaltela.pt\/s.01k8rhncp4jt1\/2025\/11\/talking-bot-125x125.png\",\"contentUrl\":\"https:\/\/portaltela.pt\/s.01k8rhncp4jt1\/2025\/11\/talking-bot-125x125.png\",\"caption\":\"Telinha\"},\"sameAs\":[\"https:\/\/portaltela.pt\/\"],\"url\":\"https:\/\/portaltela.pt\/por\/367410592786\/\"}]}<\/script>\n<!-- \/ Yoast SEO plugin. -->","yoast_head_json":{"title":"PSP identifica assistente de recinto por revista abusiva a adepta do FC Porto na Luz - Portal Tela Portugal","robots":{"index":"index","follow":"follow","max-snippet":"max-snippet:-1","max-image-preview":"max-image-preview:large","max-video-preview":"max-video-preview:-1"},"og_locale":"pt_PT","og_type":"article","og_title":"PSP identifica assistente de recinto por revista abusiva a adepta do FC Porto na Luz - Portal Tela Portugal","og_description":"A PSP identificou, no \u00e2mbito de um jogo entre Benfica e FC Porto, uma assistente de recintos desportivos do Est\u00e1dio da Luz por revista abusiva. A a\u00e7\u00e3o envolveu colocar as m\u00e3os dentro do suti\u00e3 de uma adepta do FC Porto. O epis\u00f3dio \u00e9 confirmado pela PSP e consta do relat\u00f3rio do delegado da Liga, conforme o Record. O incidente ocorreu antes do encontro entre Benfica e FC Porto. A not\u00edcia n\u00e3o detalha desdobramentos ou consequ\u00eancias disciplinares, apenas a identifica\u00e7\u00e3o da ARD pela PSP.","og_url":"https:\/\/portaltela.pt\/noticias\/2026\/03\/08\/psp-identifica-assistente-de-recinto-por-revista-abusiva-a-adepta-do-fc-porto-na-luz\/","og_site_name":"Portal Tela Portugal","article_published_time":"2026-03-08T21:38:03+00:00","author":"Telinha","twitter_card":"summary_large_image","twitter_misc":{"Escrito por":"Telinha","Tempo estimado de leitura":"1 minuto"},"schema":{"@context":"https:\/\/schema.org","@graph":[{"@type":"Article","@id":"https:\/\/portaltela.pt\/noticias\/2026\/03\/08\/psp-identifica-assistente-de-recinto-por-revista-abusiva-a-adepta-do-fc-porto-na-luz\/#article","isPartOf":{"@id":"https:\/\/portaltela.pt\/noticias\/2026\/03\/08\/psp-identifica-assistente-de-recinto-por-revista-abusiva-a-adepta-do-fc-porto-na-luz\/"},"author":{"name":"Telinha","@id":"https:\/\/portaltela.pt\/#\/schema\/person\/c4278d4a6028830caff9ee44b42d32ed"},"headline":"PSP identifica assistente de recinto por revista abusiva a adepta do FC Porto na Luz","datePublished":"2026-03-08T21:38:03+00:00","mainEntityOfPage":{"@id":"https:\/\/portaltela.pt\/noticias\/2026\/03\/08\/psp-identifica-assistente-de-recinto-por-revista-abusiva-a-adepta-do-fc-porto-na-luz\/"},"wordCount":189,"image":{"@id":"https:\/\/portaltela.pt\/noticias\/2026\/03\/08\/psp-identifica-assistente-de-recinto-por-revista-abusiva-a-adepta-do-fc-porto-na-luz\/#primaryimage"},"thumbnailUrl":"https:\/\/portaltela.pt\/s.01k8rhncp4jt1\/2026\/03\/img_1500x1000uu2026-03-08-21-36-47-2271186.jpg","keywords":["adeptos","Benfica","desporto","esc\u00e2ndalos","FC Porto","Pol\u00edcia de Seguran\u00e7a P\u00fablica"],"articleSection":["Desporto","Futebol"],"inLanguage":"pt-PT"},{"@type":"WebPage","@id":"https:\/\/portaltela.pt\/noticias\/2026\/03\/08\/psp-identifica-assistente-de-recinto-por-revista-abusiva-a-adepta-do-fc-porto-na-luz\/","url":"https:\/\/portaltela.pt\/noticias\/2026\/03\/08\/psp-identifica-assistente-de-recinto-por-revista-abusiva-a-adepta-do-fc-porto-na-luz\/","name":"PSP identifica assistente de recinto por revista abusiva a adepta do FC Porto na Luz - Portal Tela Portugal","isPartOf":{"@id":"https:\/\/portaltela.pt\/#website"},"primaryImageOfPage":{"@id":"https:\/\/portaltela.pt\/noticias\/2026\/03\/08\/psp-identifica-assistente-de-recinto-por-revista-abusiva-a-adepta-do-fc-porto-na-luz\/#primaryimage"},"image":{"@id":"https:\/\/portaltela.pt\/noticias\/2026\/03\/08\/psp-identifica-assistente-de-recinto-por-revista-abusiva-a-adepta-do-fc-porto-na-luz\/#primaryimage"},"thumbnailUrl":"https:\/\/portaltela.pt\/s.01k8rhncp4jt1\/2026\/03\/img_1500x1000uu2026-03-08-21-36-47-2271186.jpg","datePublished":"2026-03-08T21:38:03+00:00","author":{"@id":"https:\/\/portaltela.pt\/#\/schema\/person\/c4278d4a6028830caff9ee44b42d32ed"},"breadcrumb":{"@id":"https:\/\/portaltela.pt\/noticias\/2026\/03\/08\/psp-identifica-assistente-de-recinto-por-revista-abusiva-a-adepta-do-fc-porto-na-luz\/#breadcrumb"},"inLanguage":"pt-PT","potentialAction":[{"@type":"ReadAction","target":["https:\/\/portaltela.pt\/noticias\/2026\/03\/08\/psp-identifica-assistente-de-recinto-por-revista-abusiva-a-adepta-do-fc-porto-na-luz\/"]}]},{"@type":"ImageObject","inLanguage":"pt-PT","@id":"https:\/\/portaltela.pt\/noticias\/2026\/03\/08\/psp-identifica-assistente-de-recinto-por-revista-abusiva-a-adepta-do-fc-porto-na-luz\/#primaryimage","url":"https:\/\/portaltela.pt\/s.01k8rhncp4jt1\/2026\/03\/img_1500x1000uu2026-03-08-21-36-47-2271186.jpg","contentUrl":"https:\/\/portaltela.pt\/s.01k8rhncp4jt1\/2026\/03\/img_1500x1000uu2026-03-08-21-36-47-2271186.jpg","width":796,"height":448,"caption":"Adeptos do FC Porto na Luz"},{"@type":"BreadcrumbList","@id":"https:\/\/portaltela.pt\/noticias\/2026\/03\/08\/psp-identifica-assistente-de-recinto-por-revista-abusiva-a-adepta-do-fc-porto-na-luz\/#breadcrumb","itemListElement":[{"@type":"ListItem","position":1,"name":"In\u00edcio","item":"https:\/\/portaltela.pt\/"},{"@type":"ListItem","position":2,"name":"PSP identifica assistente de recinto por revista abusiva a adepta do FC Porto na Luz"}]},{"@type":"WebSite","@id":"https:\/\/portaltela.pt\/#website","url":"https:\/\/portaltela.pt\/","name":"Portal Tela Portugal","description":"","potentialAction":[{"@type":"SearchAction","target":{"@type":"EntryPoint","urlTemplate":"https:\/\/portaltela.pt\/?s={search_term_string}"},"query-input":{"@type":"PropertyValueSpecification","valueRequired":true,"valueName":"search_term_string"}}],"inLanguage":"pt-PT"},{"@type":"Person","@id":"https:\/\/portaltela.pt\/#\/schema\/person\/c4278d4a6028830caff9ee44b42d32ed","name":"Telinha","image":{"@type":"ImageObject","inLanguage":"pt-PT","@id":"https:\/\/portaltela.pt\/s.01k8rhncp4jt1\/2025\/11\/talking-bot-125x125.png","url":"https:\/\/portaltela.pt\/s.01k8rhncp4jt1\/2025\/11\/talking-bot-125x125.png","contentUrl":"https:\/\/portaltela.pt\/s.01k8rhncp4jt1\/2025\/11\/talking-bot-125x125.png","caption":"Telinha"},"sameAs":["https:\/\/portaltela.pt\/"],"url":"https:\/\/portaltela.pt\/por\/367410592786\/"}]}},"_links":{"self":[{"href":"https:\/\/portaltela.pt\/api\/wp\/v2\/posts\/402691","targetHints":{"allow":["GET"]}}],"collection":[{"href":"https:\/\/portaltela.pt\/api\/wp\/v2\/posts"}],"about":[{"href":"https:\/\/portaltela.pt\/api\/wp\/v2\/types\/post"}],"author":[{"embeddable":true,"href":"https:\/\/portaltela.pt\/api\/wp\/v2\/users\/2"}],"replies":[{"embeddable":true,"href":"https:\/\/portaltela.pt\/api\/wp\/v2\/comments?post=402691"}],"version-history":[{"count":0,"href":"https:\/\/portaltela.pt\/api\/wp\/v2\/posts\/402691\/revisions"}],"wp:featuredmedia":[{"embeddable":true,"href":"https:\/\/portaltela.pt\/api\/wp\/v2\/media\/402695"}],"wp:attachment":[{"href":"https:\/\/portaltela.pt\/api\/wp\/v2\/media?parent=402691"}],"wp:term":[{"taxonomy":"category","embeddable":true,"href":"https:\/\/portaltela.pt\/api\/wp\/v2\/categories?post=402691"},{"taxonomy":"post_tag","embeddable":true,"href":"https:\/\/portaltela.pt\/api\/wp\/v2\/tags?post=402691"}],"curies":[{"name":"wp","href":"https:\/\/api.w.org\/{rel}","templated":true}]}}