{"id":402685,"date":"2026-03-08T18:34:21","date_gmt":"2026-03-08T21:34:21","guid":{"rendered":"https:\/\/portaltela.pt\/noticias\/2026\/03\/08\/princesa-eugenie-encerra-funcoes-numa-ong-de-direitos-humanos\/"},"modified":"2026-03-08T18:34:21","modified_gmt":"2026-03-08T21:34:21","slug":"princesa-eugenie-encerra-funcoes-numa-ong-de-direitos-humanos","status":"publish","type":"post","link":"https:\/\/portaltela.pt\/noticias\/2026\/03\/08\/princesa-eugenie-encerra-funcoes-numa-ong-de-direitos-humanos\/","title":{"rendered":"Princesa Eugenie encerra fun\u00e7\u00f5es numa ONG de Direitos Humanos"},"content":{"rendered":"<p>A princesa Eugenie deixou de exercer fun\u00e7\u00f5es como patrona da organiza\u00e7\u00e3o Anti-Slavery International, uma das institui\u00e7\u00f5es mais antigas no combate \u00e0 escravatura moderna e ao tr\u00e1fico de pessoas. A confirma\u00e7\u00e3o partiu da pr\u00f3pria ONG, que agradeceu o contributo da princesa ao longo dos \u00faltimos sete anos.<\/p>\n<p>Durante esse per\u00edodo, Eugenie esteve envolvida em v\u00e1rias iniciativas de sensibiliza\u00e7\u00e3o sobre escravatura contempor\u00e2nea e explora\u00e7\u00e3o humana. O seu perfil foi recentemente removido do site oficial da organiza\u00e7\u00e3o, sinalizando o fim da colabora\u00e7\u00e3o institucional.<\/p>\n<h3>Contexto institucional e impacto<\/h3>\n<p>A sa\u00edda ocorre num momento em que voltam a ganhar destaque documentos relacionados com o esc\u00e2ndalo envolvendo Jeffrey Epstein e as liga\u00e7\u00f5es do pai da princesa ao caso. Embora n\u00e3o tenha sido apresentada qualquer acusa\u00e7\u00e3o contra Eugenie ou outros membros diretos da fam\u00edlia, o assunto tem colocado os York sob escrut\u00ednio p\u00fablico.<\/p>\n<p>Conhecida pelo envolvimento em causas humanit\u00e1rias, Eugenie tem sido uma voz relevante na luta contra a escravatura moderna. Em 2017, cofundou a iniciativa The Anti-Slavery Collective, dedicada a aumentar a consciencializa\u00e7\u00e3o sobre tr\u00e1fico de pessoas e outras formas de explora\u00e7\u00e3o.<\/p>\n","protected":false},"excerpt":{"rendered":"<ul>\n<li>A princesa Eugenie deixou de exercer fun\u00e7\u00f5es como patrona da organiza\u00e7\u00e3o Anti-Slavery International.<\/li>\n<li>A decis\u00e3o foi confirmada pela pr\u00f3pria organiza\u00e7\u00e3o, que agradeceu publicamente o contributo da princesa ao longo de cerca de sete anos.<\/li>\n<li>O perfil de Eugenie foi removido do site da institui\u00e7\u00e3o, indicando o fim da colabora\u00e7\u00e3o institucional.<\/li>\n<li>A sa\u00edda ocorre num contexto de maior escrut\u00ednio p\u00fablico sobre documentos ligados ao esc\u00e2ndalo envolvendo Jeffrey Epstein e as liga\u00e7\u00f5es do pai da princesa ao caso.<\/li>\n<li>Eugenie tem estado associada a causas humanit\u00e1rias e, em 2017, cofundou a iniciativa The Anti-Slavery Collective.<\/li>\n<\/ul>\n","protected":false},"author":2,"featured_media":402687,"comment_status":"closed","ping_status":"closed","sticky":false,"template":"","format":"standard","meta":{"footnotes":""},"categories":[1],"tags":[2633,5716,2023,473],"class_list":["post-402685","post","type-post","status-publish","format-standard","has-post-thumbnail","hentry","category-noticias","tag-direitos-humanos","tag-exploracao-de-menores-dependentes-ou-em-situacao-vulneravel","tag-organizacoes-internacionais","tag-trafico-de-pessoas"],"yoast_head":"<!-- This site is optimized with the Yoast SEO plugin v27.2 - https:\/\/yoast.com\/product\/yoast-seo-wordpress\/ -->\n<title>Princesa Eugenie encerra fun\u00e7\u00f5es numa ONG de Direitos Humanos - Portal Tela Portugal<\/title>\n<meta name=\"robots\" content=\"index, follow, max-snippet:-1, max-image-preview:large, max-video-preview:-1\" \/>\n<meta property=\"og:locale\" content=\"pt_PT\" \/>\n<meta property=\"og:type\" content=\"article\" \/>\n<meta property=\"og:title\" content=\"Princesa Eugenie encerra fun\u00e7\u00f5es numa ONG de Direitos Humanos - Portal Tela Portugal\" \/>\n<meta property=\"og:description\" content=\"A princesa Eugenie deixou de exercer fun\u00e7\u00f5es como patrona da organiza\u00e7\u00e3o Anti-Slavery International. A decis\u00e3o foi confirmada pela pr\u00f3pria organiza\u00e7\u00e3o, que agradeceu publicamente o contributo da princesa ao longo de cerca de sete anos. O perfil de Eugenie foi removido do site da institui\u00e7\u00e3o, indicando o fim da colabora\u00e7\u00e3o institucional. A sa\u00edda ocorre num contexto de maior escrut\u00ednio p\u00fablico sobre documentos ligados ao esc\u00e2ndalo envolvendo Jeffrey Epstein e as liga\u00e7\u00f5es do pai da princesa ao caso. Eugenie tem estado associada a causas humanit\u00e1rias e, em 2017, cofundou a iniciativa The Anti-Slavery Collective.\" \/>\n<meta property=\"og:url\" content=\"https:\/\/portaltela.pt\/noticias\/2026\/03\/08\/princesa-eugenie-encerra-funcoes-numa-ong-de-direitos-humanos\/\" \/>\n<meta property=\"og:site_name\" content=\"Portal Tela Portugal\" \/>\n<meta property=\"article:published_time\" content=\"2026-03-08T21:34:21+00:00\" \/>\n<meta name=\"author\" content=\"Telinha\" \/>\n<meta name=\"twitter:card\" content=\"summary_large_image\" \/>\n<meta name=\"twitter:label1\" content=\"Escrito por\" \/>\n\t<meta name=\"twitter:data1\" content=\"Telinha\" \/>\n\t<meta name=\"twitter:label2\" content=\"Tempo estimado de leitura\" \/>\n\t<meta name=\"twitter:data2\" content=\"1 minuto\" \/>\n<script type=\"application\/ld+json\" class=\"yoast-schema-graph\">{\"@context\":\"https:\/\/schema.org\",\"@graph\":[{\"@type\":\"Article\",\"@id\":\"https:\/\/portaltela.pt\/noticias\/2026\/03\/08\/princesa-eugenie-encerra-funcoes-numa-ong-de-direitos-humanos\/#article\",\"isPartOf\":{\"@id\":\"https:\/\/portaltela.pt\/noticias\/2026\/03\/08\/princesa-eugenie-encerra-funcoes-numa-ong-de-direitos-humanos\/\"},\"author\":{\"name\":\"Telinha\",\"@id\":\"https:\/\/portaltela.pt\/#\/schema\/person\/c4278d4a6028830caff9ee44b42d32ed\"},\"headline\":\"Princesa Eugenie encerra fun\u00e7\u00f5es numa ONG de Direitos Humanos\",\"datePublished\":\"2026-03-08T21:34:21+00:00\",\"mainEntityOfPage\":{\"@id\":\"https:\/\/portaltela.pt\/noticias\/2026\/03\/08\/princesa-eugenie-encerra-funcoes-numa-ong-de-direitos-humanos\/\"},\"wordCount\":209,\"image\":{\"@id\":\"https:\/\/portaltela.pt\/noticias\/2026\/03\/08\/princesa-eugenie-encerra-funcoes-numa-ong-de-direitos-humanos\/#primaryimage\"},\"thumbnailUrl\":\"https:\/\/portaltela.pt\/s.01k8rhncp4jt1\/2026\/03\/img_1280x718uu2023-12-02-22-55-55-1506302.jpg\",\"keywords\":[\"direitos humanos\",\"explora\u00e7\u00e3o de menores dependentes ou em situa\u00e7\u00e3o vulner\u00e1vel\",\"organiza\u00e7\u00f5es internacionais\",\"tr\u00e1fico de pessoas\"],\"articleSection\":[\"Not\u00edcias\"],\"inLanguage\":\"pt-PT\"},{\"@type\":\"WebPage\",\"@id\":\"https:\/\/portaltela.pt\/noticias\/2026\/03\/08\/princesa-eugenie-encerra-funcoes-numa-ong-de-direitos-humanos\/\",\"url\":\"https:\/\/portaltela.pt\/noticias\/2026\/03\/08\/princesa-eugenie-encerra-funcoes-numa-ong-de-direitos-humanos\/\",\"name\":\"Princesa Eugenie encerra fun\u00e7\u00f5es numa ONG de Direitos Humanos - Portal Tela Portugal\",\"isPartOf\":{\"@id\":\"https:\/\/portaltela.pt\/#website\"},\"primaryImageOfPage\":{\"@id\":\"https:\/\/portaltela.pt\/noticias\/2026\/03\/08\/princesa-eugenie-encerra-funcoes-numa-ong-de-direitos-humanos\/#primaryimage\"},\"image\":{\"@id\":\"https:\/\/portaltela.pt\/noticias\/2026\/03\/08\/princesa-eugenie-encerra-funcoes-numa-ong-de-direitos-humanos\/#primaryimage\"},\"thumbnailUrl\":\"https:\/\/portaltela.pt\/s.01k8rhncp4jt1\/2026\/03\/img_1280x718uu2023-12-02-22-55-55-1506302.jpg\",\"datePublished\":\"2026-03-08T21:34:21+00:00\",\"author\":{\"@id\":\"https:\/\/portaltela.pt\/#\/schema\/person\/c4278d4a6028830caff9ee44b42d32ed\"},\"breadcrumb\":{\"@id\":\"https:\/\/portaltela.pt\/noticias\/2026\/03\/08\/princesa-eugenie-encerra-funcoes-numa-ong-de-direitos-humanos\/#breadcrumb\"},\"inLanguage\":\"pt-PT\",\"potentialAction\":[{\"@type\":\"ReadAction\",\"target\":[\"https:\/\/portaltela.pt\/noticias\/2026\/03\/08\/princesa-eugenie-encerra-funcoes-numa-ong-de-direitos-humanos\/\"]}]},{\"@type\":\"ImageObject\",\"inLanguage\":\"pt-PT\",\"@id\":\"https:\/\/portaltela.pt\/noticias\/2026\/03\/08\/princesa-eugenie-encerra-funcoes-numa-ong-de-direitos-humanos\/#primaryimage\",\"url\":\"https:\/\/portaltela.pt\/s.01k8rhncp4jt1\/2026\/03\/img_1280x718uu2023-12-02-22-55-55-1506302.jpg\",\"contentUrl\":\"https:\/\/portaltela.pt\/s.01k8rhncp4jt1\/2026\/03\/img_1280x718uu2023-12-02-22-55-55-1506302.jpg\",\"width\":796,\"height\":448,\"caption\":\"Princesa Eugenie\"},{\"@type\":\"BreadcrumbList\",\"@id\":\"https:\/\/portaltela.pt\/noticias\/2026\/03\/08\/princesa-eugenie-encerra-funcoes-numa-ong-de-direitos-humanos\/#breadcrumb\",\"itemListElement\":[{\"@type\":\"ListItem\",\"position\":1,\"name\":\"In\u00edcio\",\"item\":\"https:\/\/portaltela.pt\/\"},{\"@type\":\"ListItem\",\"position\":2,\"name\":\"Princesa Eugenie encerra fun\u00e7\u00f5es numa ONG de Direitos Humanos\"}]},{\"@type\":\"WebSite\",\"@id\":\"https:\/\/portaltela.pt\/#website\",\"url\":\"https:\/\/portaltela.pt\/\",\"name\":\"Portal Tela Portugal\",\"description\":\"\",\"potentialAction\":[{\"@type\":\"SearchAction\",\"target\":{\"@type\":\"EntryPoint\",\"urlTemplate\":\"https:\/\/portaltela.pt\/?s={search_term_string}\"},\"query-input\":{\"@type\":\"PropertyValueSpecification\",\"valueRequired\":true,\"valueName\":\"search_term_string\"}}],\"inLanguage\":\"pt-PT\"},{\"@type\":\"Person\",\"@id\":\"https:\/\/portaltela.pt\/#\/schema\/person\/c4278d4a6028830caff9ee44b42d32ed\",\"name\":\"Telinha\",\"image\":{\"@type\":\"ImageObject\",\"inLanguage\":\"pt-PT\",\"@id\":\"https:\/\/portaltela.pt\/s.01k8rhncp4jt1\/2025\/11\/talking-bot-125x125.png\",\"url\":\"https:\/\/portaltela.pt\/s.01k8rhncp4jt1\/2025\/11\/talking-bot-125x125.png\",\"contentUrl\":\"https:\/\/portaltela.pt\/s.01k8rhncp4jt1\/2025\/11\/talking-bot-125x125.png\",\"caption\":\"Telinha\"},\"sameAs\":[\"https:\/\/portaltela.pt\/\"],\"url\":\"https:\/\/portaltela.pt\/por\/367410592786\/\"}]}<\/script>\n<!-- \/ Yoast SEO plugin. -->","yoast_head_json":{"title":"Princesa Eugenie encerra fun\u00e7\u00f5es numa ONG de Direitos Humanos - Portal Tela Portugal","robots":{"index":"index","follow":"follow","max-snippet":"max-snippet:-1","max-image-preview":"max-image-preview:large","max-video-preview":"max-video-preview:-1"},"og_locale":"pt_PT","og_type":"article","og_title":"Princesa Eugenie encerra fun\u00e7\u00f5es numa ONG de Direitos Humanos - Portal Tela Portugal","og_description":"A princesa Eugenie deixou de exercer fun\u00e7\u00f5es como patrona da organiza\u00e7\u00e3o Anti-Slavery International. A decis\u00e3o foi confirmada pela pr\u00f3pria organiza\u00e7\u00e3o, que agradeceu publicamente o contributo da princesa ao longo de cerca de sete anos. O perfil de Eugenie foi removido do site da institui\u00e7\u00e3o, indicando o fim da colabora\u00e7\u00e3o institucional. A sa\u00edda ocorre num contexto de maior escrut\u00ednio p\u00fablico sobre documentos ligados ao esc\u00e2ndalo envolvendo Jeffrey Epstein e as liga\u00e7\u00f5es do pai da princesa ao caso. Eugenie tem estado associada a causas humanit\u00e1rias e, em 2017, cofundou a iniciativa The Anti-Slavery Collective.","og_url":"https:\/\/portaltela.pt\/noticias\/2026\/03\/08\/princesa-eugenie-encerra-funcoes-numa-ong-de-direitos-humanos\/","og_site_name":"Portal Tela Portugal","article_published_time":"2026-03-08T21:34:21+00:00","author":"Telinha","twitter_card":"summary_large_image","twitter_misc":{"Escrito por":"Telinha","Tempo estimado de leitura":"1 minuto"},"schema":{"@context":"https:\/\/schema.org","@graph":[{"@type":"Article","@id":"https:\/\/portaltela.pt\/noticias\/2026\/03\/08\/princesa-eugenie-encerra-funcoes-numa-ong-de-direitos-humanos\/#article","isPartOf":{"@id":"https:\/\/portaltela.pt\/noticias\/2026\/03\/08\/princesa-eugenie-encerra-funcoes-numa-ong-de-direitos-humanos\/"},"author":{"name":"Telinha","@id":"https:\/\/portaltela.pt\/#\/schema\/person\/c4278d4a6028830caff9ee44b42d32ed"},"headline":"Princesa Eugenie encerra fun\u00e7\u00f5es numa ONG de Direitos Humanos","datePublished":"2026-03-08T21:34:21+00:00","mainEntityOfPage":{"@id":"https:\/\/portaltela.pt\/noticias\/2026\/03\/08\/princesa-eugenie-encerra-funcoes-numa-ong-de-direitos-humanos\/"},"wordCount":209,"image":{"@id":"https:\/\/portaltela.pt\/noticias\/2026\/03\/08\/princesa-eugenie-encerra-funcoes-numa-ong-de-direitos-humanos\/#primaryimage"},"thumbnailUrl":"https:\/\/portaltela.pt\/s.01k8rhncp4jt1\/2026\/03\/img_1280x718uu2023-12-02-22-55-55-1506302.jpg","keywords":["direitos humanos","explora\u00e7\u00e3o de menores dependentes ou em situa\u00e7\u00e3o vulner\u00e1vel","organiza\u00e7\u00f5es internacionais","tr\u00e1fico de pessoas"],"articleSection":["Not\u00edcias"],"inLanguage":"pt-PT"},{"@type":"WebPage","@id":"https:\/\/portaltela.pt\/noticias\/2026\/03\/08\/princesa-eugenie-encerra-funcoes-numa-ong-de-direitos-humanos\/","url":"https:\/\/portaltela.pt\/noticias\/2026\/03\/08\/princesa-eugenie-encerra-funcoes-numa-ong-de-direitos-humanos\/","name":"Princesa Eugenie encerra fun\u00e7\u00f5es numa ONG de Direitos Humanos - Portal Tela Portugal","isPartOf":{"@id":"https:\/\/portaltela.pt\/#website"},"primaryImageOfPage":{"@id":"https:\/\/portaltela.pt\/noticias\/2026\/03\/08\/princesa-eugenie-encerra-funcoes-numa-ong-de-direitos-humanos\/#primaryimage"},"image":{"@id":"https:\/\/portaltela.pt\/noticias\/2026\/03\/08\/princesa-eugenie-encerra-funcoes-numa-ong-de-direitos-humanos\/#primaryimage"},"thumbnailUrl":"https:\/\/portaltela.pt\/s.01k8rhncp4jt1\/2026\/03\/img_1280x718uu2023-12-02-22-55-55-1506302.jpg","datePublished":"2026-03-08T21:34:21+00:00","author":{"@id":"https:\/\/portaltela.pt\/#\/schema\/person\/c4278d4a6028830caff9ee44b42d32ed"},"breadcrumb":{"@id":"https:\/\/portaltela.pt\/noticias\/2026\/03\/08\/princesa-eugenie-encerra-funcoes-numa-ong-de-direitos-humanos\/#breadcrumb"},"inLanguage":"pt-PT","potentialAction":[{"@type":"ReadAction","target":["https:\/\/portaltela.pt\/noticias\/2026\/03\/08\/princesa-eugenie-encerra-funcoes-numa-ong-de-direitos-humanos\/"]}]},{"@type":"ImageObject","inLanguage":"pt-PT","@id":"https:\/\/portaltela.pt\/noticias\/2026\/03\/08\/princesa-eugenie-encerra-funcoes-numa-ong-de-direitos-humanos\/#primaryimage","url":"https:\/\/portaltela.pt\/s.01k8rhncp4jt1\/2026\/03\/img_1280x718uu2023-12-02-22-55-55-1506302.jpg","contentUrl":"https:\/\/portaltela.pt\/s.01k8rhncp4jt1\/2026\/03\/img_1280x718uu2023-12-02-22-55-55-1506302.jpg","width":796,"height":448,"caption":"Princesa Eugenie"},{"@type":"BreadcrumbList","@id":"https:\/\/portaltela.pt\/noticias\/2026\/03\/08\/princesa-eugenie-encerra-funcoes-numa-ong-de-direitos-humanos\/#breadcrumb","itemListElement":[{"@type":"ListItem","position":1,"name":"In\u00edcio","item":"https:\/\/portaltela.pt\/"},{"@type":"ListItem","position":2,"name":"Princesa Eugenie encerra fun\u00e7\u00f5es numa ONG de Direitos Humanos"}]},{"@type":"WebSite","@id":"https:\/\/portaltela.pt\/#website","url":"https:\/\/portaltela.pt\/","name":"Portal Tela Portugal","description":"","potentialAction":[{"@type":"SearchAction","target":{"@type":"EntryPoint","urlTemplate":"https:\/\/portaltela.pt\/?s={search_term_string}"},"query-input":{"@type":"PropertyValueSpecification","valueRequired":true,"valueName":"search_term_string"}}],"inLanguage":"pt-PT"},{"@type":"Person","@id":"https:\/\/portaltela.pt\/#\/schema\/person\/c4278d4a6028830caff9ee44b42d32ed","name":"Telinha","image":{"@type":"ImageObject","inLanguage":"pt-PT","@id":"https:\/\/portaltela.pt\/s.01k8rhncp4jt1\/2025\/11\/talking-bot-125x125.png","url":"https:\/\/portaltela.pt\/s.01k8rhncp4jt1\/2025\/11\/talking-bot-125x125.png","contentUrl":"https:\/\/portaltela.pt\/s.01k8rhncp4jt1\/2025\/11\/talking-bot-125x125.png","caption":"Telinha"},"sameAs":["https:\/\/portaltela.pt\/"],"url":"https:\/\/portaltela.pt\/por\/367410592786\/"}]}},"_links":{"self":[{"href":"https:\/\/portaltela.pt\/api\/wp\/v2\/posts\/402685","targetHints":{"allow":["GET"]}}],"collection":[{"href":"https:\/\/portaltela.pt\/api\/wp\/v2\/posts"}],"about":[{"href":"https:\/\/portaltela.pt\/api\/wp\/v2\/types\/post"}],"author":[{"embeddable":true,"href":"https:\/\/portaltela.pt\/api\/wp\/v2\/users\/2"}],"replies":[{"embeddable":true,"href":"https:\/\/portaltela.pt\/api\/wp\/v2\/comments?post=402685"}],"version-history":[{"count":0,"href":"https:\/\/portaltela.pt\/api\/wp\/v2\/posts\/402685\/revisions"}],"wp:featuredmedia":[{"embeddable":true,"href":"https:\/\/portaltela.pt\/api\/wp\/v2\/media\/402687"}],"wp:attachment":[{"href":"https:\/\/portaltela.pt\/api\/wp\/v2\/media?parent=402685"}],"wp:term":[{"taxonomy":"category","embeddable":true,"href":"https:\/\/portaltela.pt\/api\/wp\/v2\/categories?post=402685"},{"taxonomy":"post_tag","embeddable":true,"href":"https:\/\/portaltela.pt\/api\/wp\/v2\/tags?post=402685"}],"curies":[{"name":"wp","href":"https:\/\/api.w.org\/{rel}","templated":true}]}}