{"id":402659,"date":"2026-03-08T18:02:55","date_gmt":"2026-03-08T21:02:55","guid":{"rendered":"https:\/\/portaltela.pt\/noticias\/2026\/03\/08\/mourinho-diz-que-lucho-o-chamou-de-traidor-20-a-30-vezes\/"},"modified":"2026-03-08T18:02:55","modified_gmt":"2026-03-08T21:02:55","slug":"mourinho-diz-que-lucho-o-chamou-de-traidor-20-a-30-vezes","status":"publish","type":"post","link":"https:\/\/portaltela.pt\/desporto\/futebol\/2026\/03\/08\/mourinho-diz-que-lucho-o-chamou-de-traidor-20-a-30-vezes\/","title":{"rendered":"Mourinho diz que Lucho o chamou de traidor 20 a 30 vezes"},"content":{"rendered":"<p>O t\u00e9cnico Jos\u00e9 Mourinho explicou o momento de tens\u00e3o vivido com o jogador Lucho Gonz\u00e1lez, ap\u00f3s as expuls\u00f5es ocorridas durante o encontro entre Benfica e FC Porto. O treinador revelou que, na altura, sentiu que o seu profissionalismo estava a ser atacado.<\/p>\n<p>Segundo Mourinho, a discuss\u00e3o entre ambos decorreu em contexto de expuls\u00f5es simult\u00e2neas, numa situa\u00e7\u00e3o que provocou o agravamento do impasse entre as partes. O que motivou a troca de palavras foi a perce\u00e7\u00e3o de comportamento inadequado durante o desenrolar das ocorr\u00eancias.<\/p>\n<p>O apontado epis\u00f3dio envolve diretamente o treinador do Benfica e o m\u00e9dio argentino do FC Porto, com consequ\u00eancias que se refletiram na gest\u00e3o do balne\u00e1rio e na narrativa do encontro. As declara\u00e7\u00f5es de Mourinho foram proferidas em entrevista \u00e0 imprensa desportiva, procurando clarificar a posi\u00e7\u00e3o do corpo t\u00e9cnico diante do incidente.<\/p>\n<p>N\u00e3o foram avan\u00e7ados detalhes adicionais sobre responsabilidades espec\u00edficas ou san\u00e7\u00f5es, mantendo o foco na vers\u00e3o apresentada pelo treinador do Benfica. O caso permanece sob an\u00e1lise de comiss\u00f5es disciplinares e monitoriza\u00e7\u00e3o de declara\u00e7\u00f5es futuras relacionadas com o epis\u00f3dio.<\/p>\n","protected":false},"excerpt":{"rendered":"<ul>\n<li>Jos\u00e9 Mourinho revela que Lucho Gonz\u00e1lez o chamou de traidor 20 ou 30 vezes durante o epis\u00f3dio entre Benfica e FC Porto.<\/li>\n<li>O treinador do Benfica explica a tens\u00e3o que se gerou ap\u00f3s ambos terem sido expulsos.<\/li>\n<li>Mourinho afirma ter sentido que o seu profissionalismo estava a ser atacado pela atitude de Lucho.<\/li>\n<li>O incidente ocorreu no contexto de o jogo ter terminado com expuls\u00f5es para os dois lados.<\/li>\n<li>A resposta de Mourinho foca-se na perce\u00e7\u00e3o de ataques \u00e0 sua postura profissional durante o confronto.<\/li>\n<\/ul>\n","protected":false},"author":2,"featured_media":402661,"comment_status":"closed","ping_status":"closed","sticky":false,"template":"","format":"standard","meta":{"footnotes":""},"categories":[21,24],"tags":[1946,6613,152,2028,32],"class_list":["post-402659","post","type-post","status-publish","format-standard","has-post-thumbnail","hentry","category-desporto","category-futebol","tag-benfica","tag-comissao-de-disciplina","tag-desporto","tag-fc-porto","tag-futebol"],"yoast_head":"<!-- This site is optimized with the Yoast SEO plugin v27.2 - https:\/\/yoast.com\/product\/yoast-seo-wordpress\/ -->\n<title>Mourinho diz que Lucho o chamou de traidor 20 a 30 vezes - Portal Tela Portugal<\/title>\n<meta name=\"robots\" content=\"index, follow, max-snippet:-1, max-image-preview:large, max-video-preview:-1\" \/>\n<meta property=\"og:locale\" content=\"pt_PT\" \/>\n<meta property=\"og:type\" content=\"article\" \/>\n<meta property=\"og:title\" content=\"Mourinho diz que Lucho o chamou de traidor 20 a 30 vezes - Portal Tela Portugal\" \/>\n<meta property=\"og:description\" content=\"Jos\u00e9 Mourinho revela que Lucho Gonz\u00e1lez o chamou de traidor 20 ou 30 vezes durante o epis\u00f3dio entre Benfica e FC Porto. O treinador do Benfica explica a tens\u00e3o que se gerou ap\u00f3s ambos terem sido expulsos. Mourinho afirma ter sentido que o seu profissionalismo estava a ser atacado pela atitude de Lucho. O incidente ocorreu no contexto de o jogo ter terminado com expuls\u00f5es para os dois lados. A resposta de Mourinho foca-se na perce\u00e7\u00e3o de ataques \u00e0 sua postura profissional durante o confronto.\" \/>\n<meta property=\"og:url\" content=\"https:\/\/portaltela.pt\/noticias\/2026\/03\/08\/mourinho-diz-que-lucho-o-chamou-de-traidor-20-a-30-vezes\/\" \/>\n<meta property=\"og:site_name\" content=\"Portal Tela Portugal\" \/>\n<meta property=\"article:published_time\" content=\"2026-03-08T21:02:55+00:00\" \/>\n<meta name=\"author\" content=\"Telinha\" \/>\n<meta name=\"twitter:card\" content=\"summary_large_image\" \/>\n<meta name=\"twitter:label1\" content=\"Escrito por\" \/>\n\t<meta name=\"twitter:data1\" content=\"Telinha\" \/>\n\t<meta name=\"twitter:label2\" content=\"Tempo estimado de leitura\" \/>\n\t<meta name=\"twitter:data2\" content=\"1 minuto\" \/>\n<script type=\"application\/ld+json\" class=\"yoast-schema-graph\">{\"@context\":\"https:\/\/schema.org\",\"@graph\":[{\"@type\":\"Article\",\"@id\":\"https:\/\/portaltela.pt\/noticias\/2026\/03\/08\/mourinho-diz-que-lucho-o-chamou-de-traidor-20-a-30-vezes\/#article\",\"isPartOf\":{\"@id\":\"https:\/\/portaltela.pt\/noticias\/2026\/03\/08\/mourinho-diz-que-lucho-o-chamou-de-traidor-20-a-30-vezes\/\"},\"author\":{\"name\":\"Telinha\",\"@id\":\"https:\/\/portaltela.pt\/#\/schema\/person\/c4278d4a6028830caff9ee44b42d32ed\"},\"headline\":\"Mourinho diz que Lucho o chamou de traidor 20 a 30 vezes\",\"datePublished\":\"2026-03-08T21:02:55+00:00\",\"mainEntityOfPage\":{\"@id\":\"https:\/\/portaltela.pt\/noticias\/2026\/03\/08\/mourinho-diz-que-lucho-o-chamou-de-traidor-20-a-30-vezes\/\"},\"wordCount\":209,\"image\":{\"@id\":\"https:\/\/portaltela.pt\/noticias\/2026\/03\/08\/mourinho-diz-que-lucho-o-chamou-de-traidor-20-a-30-vezes\/#primaryimage\"},\"thumbnailUrl\":\"https:\/\/portaltela.pt\/s.01k8rhncp4jt1\/2026\/03\/img_1200x721uu2026-03-08-21-02-38-2425748.jpg\",\"keywords\":[\"Benfica\",\"Comiss\u00e3o de Disciplina\",\"desporto\",\"FC Porto\",\"futebol\"],\"articleSection\":[\"Desporto\",\"Futebol\"],\"inLanguage\":\"pt-PT\"},{\"@type\":\"WebPage\",\"@id\":\"https:\/\/portaltela.pt\/noticias\/2026\/03\/08\/mourinho-diz-que-lucho-o-chamou-de-traidor-20-a-30-vezes\/\",\"url\":\"https:\/\/portaltela.pt\/noticias\/2026\/03\/08\/mourinho-diz-que-lucho-o-chamou-de-traidor-20-a-30-vezes\/\",\"name\":\"Mourinho diz que Lucho o chamou de traidor 20 a 30 vezes - Portal Tela Portugal\",\"isPartOf\":{\"@id\":\"https:\/\/portaltela.pt\/#website\"},\"primaryImageOfPage\":{\"@id\":\"https:\/\/portaltela.pt\/noticias\/2026\/03\/08\/mourinho-diz-que-lucho-o-chamou-de-traidor-20-a-30-vezes\/#primaryimage\"},\"image\":{\"@id\":\"https:\/\/portaltela.pt\/noticias\/2026\/03\/08\/mourinho-diz-que-lucho-o-chamou-de-traidor-20-a-30-vezes\/#primaryimage\"},\"thumbnailUrl\":\"https:\/\/portaltela.pt\/s.01k8rhncp4jt1\/2026\/03\/img_1200x721uu2026-03-08-21-02-38-2425748.jpg\",\"datePublished\":\"2026-03-08T21:02:55+00:00\",\"author\":{\"@id\":\"https:\/\/portaltela.pt\/#\/schema\/person\/c4278d4a6028830caff9ee44b42d32ed\"},\"breadcrumb\":{\"@id\":\"https:\/\/portaltela.pt\/noticias\/2026\/03\/08\/mourinho-diz-que-lucho-o-chamou-de-traidor-20-a-30-vezes\/#breadcrumb\"},\"inLanguage\":\"pt-PT\",\"potentialAction\":[{\"@type\":\"ReadAction\",\"target\":[\"https:\/\/portaltela.pt\/noticias\/2026\/03\/08\/mourinho-diz-que-lucho-o-chamou-de-traidor-20-a-30-vezes\/\"]}]},{\"@type\":\"ImageObject\",\"inLanguage\":\"pt-PT\",\"@id\":\"https:\/\/portaltela.pt\/noticias\/2026\/03\/08\/mourinho-diz-que-lucho-o-chamou-de-traidor-20-a-30-vezes\/#primaryimage\",\"url\":\"https:\/\/portaltela.pt\/s.01k8rhncp4jt1\/2026\/03\/img_1200x721uu2026-03-08-21-02-38-2425748.jpg\",\"contentUrl\":\"https:\/\/portaltela.pt\/s.01k8rhncp4jt1\/2026\/03\/img_1200x721uu2026-03-08-21-02-38-2425748.jpg\",\"width\":796,\"height\":448,\"caption\":\"Jos\u00e9 Mourinho explica o momento de tens\u00e3o com Lucho Gonz\u00e1lez ap\u00f3s ambos terem sido expulsos. O t\u00e9cnico do Benfica diz que sentiu que o seu profissionalismo estava a ser atacado.\"},{\"@type\":\"BreadcrumbList\",\"@id\":\"https:\/\/portaltela.pt\/noticias\/2026\/03\/08\/mourinho-diz-que-lucho-o-chamou-de-traidor-20-a-30-vezes\/#breadcrumb\",\"itemListElement\":[{\"@type\":\"ListItem\",\"position\":1,\"name\":\"In\u00edcio\",\"item\":\"https:\/\/portaltela.pt\/\"},{\"@type\":\"ListItem\",\"position\":2,\"name\":\"Mourinho diz que Lucho o chamou de traidor 20 a 30 vezes\"}]},{\"@type\":\"WebSite\",\"@id\":\"https:\/\/portaltela.pt\/#website\",\"url\":\"https:\/\/portaltela.pt\/\",\"name\":\"Portal Tela Portugal\",\"description\":\"\",\"potentialAction\":[{\"@type\":\"SearchAction\",\"target\":{\"@type\":\"EntryPoint\",\"urlTemplate\":\"https:\/\/portaltela.pt\/?s={search_term_string}\"},\"query-input\":{\"@type\":\"PropertyValueSpecification\",\"valueRequired\":true,\"valueName\":\"search_term_string\"}}],\"inLanguage\":\"pt-PT\"},{\"@type\":\"Person\",\"@id\":\"https:\/\/portaltela.pt\/#\/schema\/person\/c4278d4a6028830caff9ee44b42d32ed\",\"name\":\"Telinha\",\"image\":{\"@type\":\"ImageObject\",\"inLanguage\":\"pt-PT\",\"@id\":\"https:\/\/portaltela.pt\/s.01k8rhncp4jt1\/2025\/11\/talking-bot-125x125.png\",\"url\":\"https:\/\/portaltela.pt\/s.01k8rhncp4jt1\/2025\/11\/talking-bot-125x125.png\",\"contentUrl\":\"https:\/\/portaltela.pt\/s.01k8rhncp4jt1\/2025\/11\/talking-bot-125x125.png\",\"caption\":\"Telinha\"},\"sameAs\":[\"https:\/\/portaltela.pt\/\"],\"url\":\"https:\/\/portaltela.pt\/por\/367410592786\/\"}]}<\/script>\n<!-- \/ Yoast SEO plugin. -->","yoast_head_json":{"title":"Mourinho diz que Lucho o chamou de traidor 20 a 30 vezes - Portal Tela Portugal","robots":{"index":"index","follow":"follow","max-snippet":"max-snippet:-1","max-image-preview":"max-image-preview:large","max-video-preview":"max-video-preview:-1"},"og_locale":"pt_PT","og_type":"article","og_title":"Mourinho diz que Lucho o chamou de traidor 20 a 30 vezes - Portal Tela Portugal","og_description":"Jos\u00e9 Mourinho revela que Lucho Gonz\u00e1lez o chamou de traidor 20 ou 30 vezes durante o epis\u00f3dio entre Benfica e FC Porto. O treinador do Benfica explica a tens\u00e3o que se gerou ap\u00f3s ambos terem sido expulsos. Mourinho afirma ter sentido que o seu profissionalismo estava a ser atacado pela atitude de Lucho. O incidente ocorreu no contexto de o jogo ter terminado com expuls\u00f5es para os dois lados. A resposta de Mourinho foca-se na perce\u00e7\u00e3o de ataques \u00e0 sua postura profissional durante o confronto.","og_url":"https:\/\/portaltela.pt\/noticias\/2026\/03\/08\/mourinho-diz-que-lucho-o-chamou-de-traidor-20-a-30-vezes\/","og_site_name":"Portal Tela Portugal","article_published_time":"2026-03-08T21:02:55+00:00","author":"Telinha","twitter_card":"summary_large_image","twitter_misc":{"Escrito por":"Telinha","Tempo estimado de leitura":"1 minuto"},"schema":{"@context":"https:\/\/schema.org","@graph":[{"@type":"Article","@id":"https:\/\/portaltela.pt\/noticias\/2026\/03\/08\/mourinho-diz-que-lucho-o-chamou-de-traidor-20-a-30-vezes\/#article","isPartOf":{"@id":"https:\/\/portaltela.pt\/noticias\/2026\/03\/08\/mourinho-diz-que-lucho-o-chamou-de-traidor-20-a-30-vezes\/"},"author":{"name":"Telinha","@id":"https:\/\/portaltela.pt\/#\/schema\/person\/c4278d4a6028830caff9ee44b42d32ed"},"headline":"Mourinho diz que Lucho o chamou de traidor 20 a 30 vezes","datePublished":"2026-03-08T21:02:55+00:00","mainEntityOfPage":{"@id":"https:\/\/portaltela.pt\/noticias\/2026\/03\/08\/mourinho-diz-que-lucho-o-chamou-de-traidor-20-a-30-vezes\/"},"wordCount":209,"image":{"@id":"https:\/\/portaltela.pt\/noticias\/2026\/03\/08\/mourinho-diz-que-lucho-o-chamou-de-traidor-20-a-30-vezes\/#primaryimage"},"thumbnailUrl":"https:\/\/portaltela.pt\/s.01k8rhncp4jt1\/2026\/03\/img_1200x721uu2026-03-08-21-02-38-2425748.jpg","keywords":["Benfica","Comiss\u00e3o de Disciplina","desporto","FC Porto","futebol"],"articleSection":["Desporto","Futebol"],"inLanguage":"pt-PT"},{"@type":"WebPage","@id":"https:\/\/portaltela.pt\/noticias\/2026\/03\/08\/mourinho-diz-que-lucho-o-chamou-de-traidor-20-a-30-vezes\/","url":"https:\/\/portaltela.pt\/noticias\/2026\/03\/08\/mourinho-diz-que-lucho-o-chamou-de-traidor-20-a-30-vezes\/","name":"Mourinho diz que Lucho o chamou de traidor 20 a 30 vezes - Portal Tela Portugal","isPartOf":{"@id":"https:\/\/portaltela.pt\/#website"},"primaryImageOfPage":{"@id":"https:\/\/portaltela.pt\/noticias\/2026\/03\/08\/mourinho-diz-que-lucho-o-chamou-de-traidor-20-a-30-vezes\/#primaryimage"},"image":{"@id":"https:\/\/portaltela.pt\/noticias\/2026\/03\/08\/mourinho-diz-que-lucho-o-chamou-de-traidor-20-a-30-vezes\/#primaryimage"},"thumbnailUrl":"https:\/\/portaltela.pt\/s.01k8rhncp4jt1\/2026\/03\/img_1200x721uu2026-03-08-21-02-38-2425748.jpg","datePublished":"2026-03-08T21:02:55+00:00","author":{"@id":"https:\/\/portaltela.pt\/#\/schema\/person\/c4278d4a6028830caff9ee44b42d32ed"},"breadcrumb":{"@id":"https:\/\/portaltela.pt\/noticias\/2026\/03\/08\/mourinho-diz-que-lucho-o-chamou-de-traidor-20-a-30-vezes\/#breadcrumb"},"inLanguage":"pt-PT","potentialAction":[{"@type":"ReadAction","target":["https:\/\/portaltela.pt\/noticias\/2026\/03\/08\/mourinho-diz-que-lucho-o-chamou-de-traidor-20-a-30-vezes\/"]}]},{"@type":"ImageObject","inLanguage":"pt-PT","@id":"https:\/\/portaltela.pt\/noticias\/2026\/03\/08\/mourinho-diz-que-lucho-o-chamou-de-traidor-20-a-30-vezes\/#primaryimage","url":"https:\/\/portaltela.pt\/s.01k8rhncp4jt1\/2026\/03\/img_1200x721uu2026-03-08-21-02-38-2425748.jpg","contentUrl":"https:\/\/portaltela.pt\/s.01k8rhncp4jt1\/2026\/03\/img_1200x721uu2026-03-08-21-02-38-2425748.jpg","width":796,"height":448,"caption":"Jos\u00e9 Mourinho explica o momento de tens\u00e3o com Lucho Gonz\u00e1lez ap\u00f3s ambos terem sido expulsos. O t\u00e9cnico do Benfica diz que sentiu que o seu profissionalismo estava a ser atacado."},{"@type":"BreadcrumbList","@id":"https:\/\/portaltela.pt\/noticias\/2026\/03\/08\/mourinho-diz-que-lucho-o-chamou-de-traidor-20-a-30-vezes\/#breadcrumb","itemListElement":[{"@type":"ListItem","position":1,"name":"In\u00edcio","item":"https:\/\/portaltela.pt\/"},{"@type":"ListItem","position":2,"name":"Mourinho diz que Lucho o chamou de traidor 20 a 30 vezes"}]},{"@type":"WebSite","@id":"https:\/\/portaltela.pt\/#website","url":"https:\/\/portaltela.pt\/","name":"Portal Tela Portugal","description":"","potentialAction":[{"@type":"SearchAction","target":{"@type":"EntryPoint","urlTemplate":"https:\/\/portaltela.pt\/?s={search_term_string}"},"query-input":{"@type":"PropertyValueSpecification","valueRequired":true,"valueName":"search_term_string"}}],"inLanguage":"pt-PT"},{"@type":"Person","@id":"https:\/\/portaltela.pt\/#\/schema\/person\/c4278d4a6028830caff9ee44b42d32ed","name":"Telinha","image":{"@type":"ImageObject","inLanguage":"pt-PT","@id":"https:\/\/portaltela.pt\/s.01k8rhncp4jt1\/2025\/11\/talking-bot-125x125.png","url":"https:\/\/portaltela.pt\/s.01k8rhncp4jt1\/2025\/11\/talking-bot-125x125.png","contentUrl":"https:\/\/portaltela.pt\/s.01k8rhncp4jt1\/2025\/11\/talking-bot-125x125.png","caption":"Telinha"},"sameAs":["https:\/\/portaltela.pt\/"],"url":"https:\/\/portaltela.pt\/por\/367410592786\/"}]}},"_links":{"self":[{"href":"https:\/\/portaltela.pt\/api\/wp\/v2\/posts\/402659","targetHints":{"allow":["GET"]}}],"collection":[{"href":"https:\/\/portaltela.pt\/api\/wp\/v2\/posts"}],"about":[{"href":"https:\/\/portaltela.pt\/api\/wp\/v2\/types\/post"}],"author":[{"embeddable":true,"href":"https:\/\/portaltela.pt\/api\/wp\/v2\/users\/2"}],"replies":[{"embeddable":true,"href":"https:\/\/portaltela.pt\/api\/wp\/v2\/comments?post=402659"}],"version-history":[{"count":0,"href":"https:\/\/portaltela.pt\/api\/wp\/v2\/posts\/402659\/revisions"}],"wp:featuredmedia":[{"embeddable":true,"href":"https:\/\/portaltela.pt\/api\/wp\/v2\/media\/402661"}],"wp:attachment":[{"href":"https:\/\/portaltela.pt\/api\/wp\/v2\/media?parent=402659"}],"wp:term":[{"taxonomy":"category","embeddable":true,"href":"https:\/\/portaltela.pt\/api\/wp\/v2\/categories?post=402659"},{"taxonomy":"post_tag","embeddable":true,"href":"https:\/\/portaltela.pt\/api\/wp\/v2\/tags?post=402659"}],"curies":[{"name":"wp","href":"https:\/\/api.w.org\/{rel}","templated":true}]}}