{"id":402611,"date":"2026-03-08T17:22:33","date_gmt":"2026-03-08T20:22:33","guid":{"rendered":"https:\/\/portaltela.pt\/noticias\/2026\/03\/08\/lider-do-ps-pede-esclarecimentos-sobre-instrucoes-para-reduzir-cirurgias-no-sns-2\/"},"modified":"2026-03-08T17:22:33","modified_gmt":"2026-03-08T20:22:33","slug":"lider-do-ps-pede-esclarecimentos-sobre-instrucoes-para-reduzir-cirurgias-no-sns-2","status":"publish","type":"post","link":"https:\/\/portaltela.pt\/saude\/2026\/03\/08\/lider-do-ps-pede-esclarecimentos-sobre-instrucoes-para-reduzir-cirurgias-no-sns-2\/","title":{"rendered":"L\u00edder do PS pede esclarecimentos sobre instru\u00e7\u00f5es para reduzir cirurgias no SNS"},"content":{"rendered":"<p>O secret\u00e1rio-geral do PS, Jos\u00e9 Lu\u00eds Carneiro, pediu este domingo esclarecimentos ao Governo sobre uma instru\u00e7\u00e3o atribu\u00edda ao diretor-executivo do SNS para reduzir cirurgias nos hospitais p\u00fablicos. O pedido foi feito \u00e0 entrada de uma sess\u00e3o com militantes e simpatizantes em Aveiro.<\/p>\n<p>Carneiro afirmou ter conhecimento de que \u00c1lvaro Almeida, \u00e0 frente da Dire\u00e7\u00e3o Executiva do SNS, teria emitido instru\u00e7\u00f5es diretas para diminuir o n\u00famero de cirurgias no SNS. O l\u00edder socialista exigiu explica\u00e7\u00f5es p\u00fablicas da ministra da Sa\u00fade e do Primeiro-Ministro sobre quais instru\u00e7\u00f5es foram dadas para reduzir investimento e cirurgias.<\/p>\n<p>O secret\u00e1rio-geral alertou que a medida pode agravar as listas de espera, j\u00e1 graves, em especial nas oncologias. V\u00e1rios administradores hospitalares mostraram apreens\u00e3o, teme-se que as op\u00e7\u00f5es adotadas ponham em risco a vida dos pacientes.<\/p>\n<p>Na sexta-feira, o jornal Observador revelou que a Dire\u00e7\u00e3o Executiva do SNS ter\u00e1 orientado os hospitais a n\u00e3o aumentarem a produ\u00e7\u00e3o assistencial em 2026, com o objetivo de controlar a despesa. A mensagem, segundo a not\u00edcia, aponta para conter a atividade assistencial sob supervis\u00e3o da tutela.<\/p>\n","protected":false},"excerpt":{"rendered":"<ul>\n<li>O secret\u00e1rio-geral do PS, Jos\u00e9 Lu\u00eds Carneiro, pediu esclarecimentos ao Governo sobre uma instru\u00e7\u00e3o alegadamente dada pelo diretor-executivo do SNS para reduzir cirurgias nos hospitais p\u00fablicos.<\/li>\n<li>Carneiro afirmou ter conhecimento de que \u00c1lvaro Almeida deu instru\u00e7\u00f5es diretas para diminuir o n\u00famero de cirurgias no SNS.<\/li>\n<li>O l\u00edder do PS disse que a ministra da Sa\u00fade e o Primeiro-Ministro devem explicar publicamente quais instru\u00e7\u00f5es foram dadas para diminuir o investimento e, em particular, o volume de cirurgias.<\/li>\n<li>O dirigente socialista alerta para o poss\u00edvel agravamento das listas de espera, j\u00e1 graves, nomeadamente em oncologia, se estas medidas forem implementadas.<\/li>\n<li>No Observador, foi reportado que a Dire\u00e7\u00e3o Executiva do SNS instruiu os hospitais a n\u00e3o aumentar a produ\u00e7\u00e3o assistencial em 2026, visando cortar despesa, o que gerou apreens\u00e3o entre administradores hospitalares.<\/li>\n<\/ul>\n","protected":false},"author":2,"featured_media":402612,"comment_status":"closed","ping_status":"closed","sticky":false,"template":"","format":"standard","meta":{"footnotes":""},"categories":[1,6745],"tags":[1059,3634,316,2832,2144,271],"class_list":["post-402611","post","type-post","status-publish","format-standard","has-post-thumbnail","hentry","category-noticias","category-saude","tag-aveiro","tag-cirurgias","tag-investimento","tag-politica","tag-ps","tag-saude-publica"],"yoast_head":"<!-- This site is optimized with the Yoast SEO plugin v27.2 - https:\/\/yoast.com\/product\/yoast-seo-wordpress\/ -->\n<title>L\u00edder do PS pede esclarecimentos sobre instru\u00e7\u00f5es para reduzir cirurgias no SNS - Portal Tela Portugal<\/title>\n<meta name=\"robots\" content=\"index, follow, max-snippet:-1, max-image-preview:large, max-video-preview:-1\" \/>\n<meta property=\"og:locale\" content=\"pt_PT\" \/>\n<meta property=\"og:type\" content=\"article\" \/>\n<meta property=\"og:title\" content=\"L\u00edder do PS pede esclarecimentos sobre instru\u00e7\u00f5es para reduzir cirurgias no SNS - Portal Tela Portugal\" \/>\n<meta property=\"og:description\" content=\"O secret\u00e1rio-geral do PS, Jos\u00e9 Lu\u00eds Carneiro, pediu esclarecimentos ao Governo sobre uma instru\u00e7\u00e3o alegadamente dada pelo diretor-executivo do SNS para reduzir cirurgias nos hospitais p\u00fablicos. Carneiro afirmou ter conhecimento de que \u00c1lvaro Almeida deu instru\u00e7\u00f5es diretas para diminuir o n\u00famero de cirurgias no SNS. O l\u00edder do PS disse que a ministra da Sa\u00fade e o Primeiro-Ministro devem explicar publicamente quais instru\u00e7\u00f5es foram dadas para diminuir o investimento e, em particular, o volume de cirurgias. O dirigente socialista alerta para o poss\u00edvel agravamento das listas de espera, j\u00e1 graves, nomeadamente em oncologia, se estas medidas forem implementadas. No Observador, foi reportado que a Dire\u00e7\u00e3o Executiva do SNS instruiu os hospitais a n\u00e3o aumentar a produ\u00e7\u00e3o assistencial em 2026, visando cortar despesa, o que gerou apreens\u00e3o entre administradores hospitalares.\" \/>\n<meta property=\"og:url\" content=\"https:\/\/portaltela.pt\/noticias\/2026\/03\/08\/lider-do-ps-pede-esclarecimentos-sobre-instrucoes-para-reduzir-cirurgias-no-sns-2\/\" \/>\n<meta property=\"og:site_name\" content=\"Portal Tela Portugal\" \/>\n<meta property=\"article:published_time\" content=\"2026-03-08T20:22:33+00:00\" \/>\n<meta name=\"author\" content=\"Telinha\" \/>\n<meta name=\"twitter:card\" content=\"summary_large_image\" \/>\n<meta name=\"twitter:label1\" content=\"Escrito por\" \/>\n\t<meta name=\"twitter:data1\" content=\"Telinha\" \/>\n\t<meta name=\"twitter:label2\" content=\"Tempo estimado de leitura\" \/>\n\t<meta name=\"twitter:data2\" content=\"1 minuto\" \/>\n<script type=\"application\/ld+json\" class=\"yoast-schema-graph\">{\"@context\":\"https:\/\/schema.org\",\"@graph\":[{\"@type\":\"Article\",\"@id\":\"https:\/\/portaltela.pt\/noticias\/2026\/03\/08\/lider-do-ps-pede-esclarecimentos-sobre-instrucoes-para-reduzir-cirurgias-no-sns-2\/#article\",\"isPartOf\":{\"@id\":\"https:\/\/portaltela.pt\/noticias\/2026\/03\/08\/lider-do-ps-pede-esclarecimentos-sobre-instrucoes-para-reduzir-cirurgias-no-sns-2\/\"},\"author\":{\"name\":\"Telinha\",\"@id\":\"https:\/\/portaltela.pt\/#\/schema\/person\/c4278d4a6028830caff9ee44b42d32ed\"},\"headline\":\"L\u00edder do PS pede esclarecimentos sobre instru\u00e7\u00f5es para reduzir cirurgias no SNS\",\"datePublished\":\"2026-03-08T20:22:33+00:00\",\"mainEntityOfPage\":{\"@id\":\"https:\/\/portaltela.pt\/noticias\/2026\/03\/08\/lider-do-ps-pede-esclarecimentos-sobre-instrucoes-para-reduzir-cirurgias-no-sns-2\/\"},\"wordCount\":207,\"image\":{\"@id\":\"https:\/\/portaltela.pt\/noticias\/2026\/03\/08\/lider-do-ps-pede-esclarecimentos-sobre-instrucoes-para-reduzir-cirurgias-no-sns-2\/#primaryimage\"},\"thumbnailUrl\":\"https:\/\/portaltela.pt\/s.01k8rhncp4jt1\/2026\/03\/img_1500x1000uu2025-06-29-10-32-04-2219390.jpg\",\"keywords\":[\"Aveiro\",\"cirurgias\",\"investimento\",\"pol\u00edtica\",\"PS\",\"sa\u00fade p\u00fablica\"],\"articleSection\":[\"Not\u00edcias\",\"Sa\u00fade\"],\"inLanguage\":\"pt-PT\"},{\"@type\":\"WebPage\",\"@id\":\"https:\/\/portaltela.pt\/noticias\/2026\/03\/08\/lider-do-ps-pede-esclarecimentos-sobre-instrucoes-para-reduzir-cirurgias-no-sns-2\/\",\"url\":\"https:\/\/portaltela.pt\/noticias\/2026\/03\/08\/lider-do-ps-pede-esclarecimentos-sobre-instrucoes-para-reduzir-cirurgias-no-sns-2\/\",\"name\":\"L\u00edder do PS pede esclarecimentos sobre instru\u00e7\u00f5es para reduzir cirurgias no SNS - Portal Tela Portugal\",\"isPartOf\":{\"@id\":\"https:\/\/portaltela.pt\/#website\"},\"primaryImageOfPage\":{\"@id\":\"https:\/\/portaltela.pt\/noticias\/2026\/03\/08\/lider-do-ps-pede-esclarecimentos-sobre-instrucoes-para-reduzir-cirurgias-no-sns-2\/#primaryimage\"},\"image\":{\"@id\":\"https:\/\/portaltela.pt\/noticias\/2026\/03\/08\/lider-do-ps-pede-esclarecimentos-sobre-instrucoes-para-reduzir-cirurgias-no-sns-2\/#primaryimage\"},\"thumbnailUrl\":\"https:\/\/portaltela.pt\/s.01k8rhncp4jt1\/2026\/03\/img_1500x1000uu2025-06-29-10-32-04-2219390.jpg\",\"datePublished\":\"2026-03-08T20:22:33+00:00\",\"author\":{\"@id\":\"https:\/\/portaltela.pt\/#\/schema\/person\/c4278d4a6028830caff9ee44b42d32ed\"},\"breadcrumb\":{\"@id\":\"https:\/\/portaltela.pt\/noticias\/2026\/03\/08\/lider-do-ps-pede-esclarecimentos-sobre-instrucoes-para-reduzir-cirurgias-no-sns-2\/#breadcrumb\"},\"inLanguage\":\"pt-PT\",\"potentialAction\":[{\"@type\":\"ReadAction\",\"target\":[\"https:\/\/portaltela.pt\/noticias\/2026\/03\/08\/lider-do-ps-pede-esclarecimentos-sobre-instrucoes-para-reduzir-cirurgias-no-sns-2\/\"]}]},{\"@type\":\"ImageObject\",\"inLanguage\":\"pt-PT\",\"@id\":\"https:\/\/portaltela.pt\/noticias\/2026\/03\/08\/lider-do-ps-pede-esclarecimentos-sobre-instrucoes-para-reduzir-cirurgias-no-sns-2\/#primaryimage\",\"url\":\"https:\/\/portaltela.pt\/s.01k8rhncp4jt1\/2026\/03\/img_1500x1000uu2025-06-29-10-32-04-2219390.jpg\",\"contentUrl\":\"https:\/\/portaltela.pt\/s.01k8rhncp4jt1\/2026\/03\/img_1500x1000uu2025-06-29-10-32-04-2219390.jpg\",\"width\":796,\"height\":448,\"caption\":\"Jos\u00e9 Lu\u00eds Carneiro\"},{\"@type\":\"BreadcrumbList\",\"@id\":\"https:\/\/portaltela.pt\/noticias\/2026\/03\/08\/lider-do-ps-pede-esclarecimentos-sobre-instrucoes-para-reduzir-cirurgias-no-sns-2\/#breadcrumb\",\"itemListElement\":[{\"@type\":\"ListItem\",\"position\":1,\"name\":\"In\u00edcio\",\"item\":\"https:\/\/portaltela.pt\/\"},{\"@type\":\"ListItem\",\"position\":2,\"name\":\"L\u00edder do PS pede esclarecimentos sobre instru\u00e7\u00f5es para reduzir cirurgias no SNS\"}]},{\"@type\":\"WebSite\",\"@id\":\"https:\/\/portaltela.pt\/#website\",\"url\":\"https:\/\/portaltela.pt\/\",\"name\":\"Portal Tela Portugal\",\"description\":\"\",\"potentialAction\":[{\"@type\":\"SearchAction\",\"target\":{\"@type\":\"EntryPoint\",\"urlTemplate\":\"https:\/\/portaltela.pt\/?s={search_term_string}\"},\"query-input\":{\"@type\":\"PropertyValueSpecification\",\"valueRequired\":true,\"valueName\":\"search_term_string\"}}],\"inLanguage\":\"pt-PT\"},{\"@type\":\"Person\",\"@id\":\"https:\/\/portaltela.pt\/#\/schema\/person\/c4278d4a6028830caff9ee44b42d32ed\",\"name\":\"Telinha\",\"image\":{\"@type\":\"ImageObject\",\"inLanguage\":\"pt-PT\",\"@id\":\"https:\/\/portaltela.pt\/s.01k8rhncp4jt1\/2025\/11\/talking-bot-125x125.png\",\"url\":\"https:\/\/portaltela.pt\/s.01k8rhncp4jt1\/2025\/11\/talking-bot-125x125.png\",\"contentUrl\":\"https:\/\/portaltela.pt\/s.01k8rhncp4jt1\/2025\/11\/talking-bot-125x125.png\",\"caption\":\"Telinha\"},\"sameAs\":[\"https:\/\/portaltela.pt\/\"],\"url\":\"https:\/\/portaltela.pt\/por\/367410592786\/\"}]}<\/script>\n<!-- \/ Yoast SEO plugin. -->","yoast_head_json":{"title":"L\u00edder do PS pede esclarecimentos sobre instru\u00e7\u00f5es para reduzir cirurgias no SNS - Portal Tela Portugal","robots":{"index":"index","follow":"follow","max-snippet":"max-snippet:-1","max-image-preview":"max-image-preview:large","max-video-preview":"max-video-preview:-1"},"og_locale":"pt_PT","og_type":"article","og_title":"L\u00edder do PS pede esclarecimentos sobre instru\u00e7\u00f5es para reduzir cirurgias no SNS - Portal Tela Portugal","og_description":"O secret\u00e1rio-geral do PS, Jos\u00e9 Lu\u00eds Carneiro, pediu esclarecimentos ao Governo sobre uma instru\u00e7\u00e3o alegadamente dada pelo diretor-executivo do SNS para reduzir cirurgias nos hospitais p\u00fablicos. Carneiro afirmou ter conhecimento de que \u00c1lvaro Almeida deu instru\u00e7\u00f5es diretas para diminuir o n\u00famero de cirurgias no SNS. O l\u00edder do PS disse que a ministra da Sa\u00fade e o Primeiro-Ministro devem explicar publicamente quais instru\u00e7\u00f5es foram dadas para diminuir o investimento e, em particular, o volume de cirurgias. O dirigente socialista alerta para o poss\u00edvel agravamento das listas de espera, j\u00e1 graves, nomeadamente em oncologia, se estas medidas forem implementadas. No Observador, foi reportado que a Dire\u00e7\u00e3o Executiva do SNS instruiu os hospitais a n\u00e3o aumentar a produ\u00e7\u00e3o assistencial em 2026, visando cortar despesa, o que gerou apreens\u00e3o entre administradores hospitalares.","og_url":"https:\/\/portaltela.pt\/noticias\/2026\/03\/08\/lider-do-ps-pede-esclarecimentos-sobre-instrucoes-para-reduzir-cirurgias-no-sns-2\/","og_site_name":"Portal Tela Portugal","article_published_time":"2026-03-08T20:22:33+00:00","author":"Telinha","twitter_card":"summary_large_image","twitter_misc":{"Escrito por":"Telinha","Tempo estimado de leitura":"1 minuto"},"schema":{"@context":"https:\/\/schema.org","@graph":[{"@type":"Article","@id":"https:\/\/portaltela.pt\/noticias\/2026\/03\/08\/lider-do-ps-pede-esclarecimentos-sobre-instrucoes-para-reduzir-cirurgias-no-sns-2\/#article","isPartOf":{"@id":"https:\/\/portaltela.pt\/noticias\/2026\/03\/08\/lider-do-ps-pede-esclarecimentos-sobre-instrucoes-para-reduzir-cirurgias-no-sns-2\/"},"author":{"name":"Telinha","@id":"https:\/\/portaltela.pt\/#\/schema\/person\/c4278d4a6028830caff9ee44b42d32ed"},"headline":"L\u00edder do PS pede esclarecimentos sobre instru\u00e7\u00f5es para reduzir cirurgias no SNS","datePublished":"2026-03-08T20:22:33+00:00","mainEntityOfPage":{"@id":"https:\/\/portaltela.pt\/noticias\/2026\/03\/08\/lider-do-ps-pede-esclarecimentos-sobre-instrucoes-para-reduzir-cirurgias-no-sns-2\/"},"wordCount":207,"image":{"@id":"https:\/\/portaltela.pt\/noticias\/2026\/03\/08\/lider-do-ps-pede-esclarecimentos-sobre-instrucoes-para-reduzir-cirurgias-no-sns-2\/#primaryimage"},"thumbnailUrl":"https:\/\/portaltela.pt\/s.01k8rhncp4jt1\/2026\/03\/img_1500x1000uu2025-06-29-10-32-04-2219390.jpg","keywords":["Aveiro","cirurgias","investimento","pol\u00edtica","PS","sa\u00fade p\u00fablica"],"articleSection":["Not\u00edcias","Sa\u00fade"],"inLanguage":"pt-PT"},{"@type":"WebPage","@id":"https:\/\/portaltela.pt\/noticias\/2026\/03\/08\/lider-do-ps-pede-esclarecimentos-sobre-instrucoes-para-reduzir-cirurgias-no-sns-2\/","url":"https:\/\/portaltela.pt\/noticias\/2026\/03\/08\/lider-do-ps-pede-esclarecimentos-sobre-instrucoes-para-reduzir-cirurgias-no-sns-2\/","name":"L\u00edder do PS pede esclarecimentos sobre instru\u00e7\u00f5es para reduzir cirurgias no SNS - Portal Tela Portugal","isPartOf":{"@id":"https:\/\/portaltela.pt\/#website"},"primaryImageOfPage":{"@id":"https:\/\/portaltela.pt\/noticias\/2026\/03\/08\/lider-do-ps-pede-esclarecimentos-sobre-instrucoes-para-reduzir-cirurgias-no-sns-2\/#primaryimage"},"image":{"@id":"https:\/\/portaltela.pt\/noticias\/2026\/03\/08\/lider-do-ps-pede-esclarecimentos-sobre-instrucoes-para-reduzir-cirurgias-no-sns-2\/#primaryimage"},"thumbnailUrl":"https:\/\/portaltela.pt\/s.01k8rhncp4jt1\/2026\/03\/img_1500x1000uu2025-06-29-10-32-04-2219390.jpg","datePublished":"2026-03-08T20:22:33+00:00","author":{"@id":"https:\/\/portaltela.pt\/#\/schema\/person\/c4278d4a6028830caff9ee44b42d32ed"},"breadcrumb":{"@id":"https:\/\/portaltela.pt\/noticias\/2026\/03\/08\/lider-do-ps-pede-esclarecimentos-sobre-instrucoes-para-reduzir-cirurgias-no-sns-2\/#breadcrumb"},"inLanguage":"pt-PT","potentialAction":[{"@type":"ReadAction","target":["https:\/\/portaltela.pt\/noticias\/2026\/03\/08\/lider-do-ps-pede-esclarecimentos-sobre-instrucoes-para-reduzir-cirurgias-no-sns-2\/"]}]},{"@type":"ImageObject","inLanguage":"pt-PT","@id":"https:\/\/portaltela.pt\/noticias\/2026\/03\/08\/lider-do-ps-pede-esclarecimentos-sobre-instrucoes-para-reduzir-cirurgias-no-sns-2\/#primaryimage","url":"https:\/\/portaltela.pt\/s.01k8rhncp4jt1\/2026\/03\/img_1500x1000uu2025-06-29-10-32-04-2219390.jpg","contentUrl":"https:\/\/portaltela.pt\/s.01k8rhncp4jt1\/2026\/03\/img_1500x1000uu2025-06-29-10-32-04-2219390.jpg","width":796,"height":448,"caption":"Jos\u00e9 Lu\u00eds Carneiro"},{"@type":"BreadcrumbList","@id":"https:\/\/portaltela.pt\/noticias\/2026\/03\/08\/lider-do-ps-pede-esclarecimentos-sobre-instrucoes-para-reduzir-cirurgias-no-sns-2\/#breadcrumb","itemListElement":[{"@type":"ListItem","position":1,"name":"In\u00edcio","item":"https:\/\/portaltela.pt\/"},{"@type":"ListItem","position":2,"name":"L\u00edder do PS pede esclarecimentos sobre instru\u00e7\u00f5es para reduzir cirurgias no SNS"}]},{"@type":"WebSite","@id":"https:\/\/portaltela.pt\/#website","url":"https:\/\/portaltela.pt\/","name":"Portal Tela Portugal","description":"","potentialAction":[{"@type":"SearchAction","target":{"@type":"EntryPoint","urlTemplate":"https:\/\/portaltela.pt\/?s={search_term_string}"},"query-input":{"@type":"PropertyValueSpecification","valueRequired":true,"valueName":"search_term_string"}}],"inLanguage":"pt-PT"},{"@type":"Person","@id":"https:\/\/portaltela.pt\/#\/schema\/person\/c4278d4a6028830caff9ee44b42d32ed","name":"Telinha","image":{"@type":"ImageObject","inLanguage":"pt-PT","@id":"https:\/\/portaltela.pt\/s.01k8rhncp4jt1\/2025\/11\/talking-bot-125x125.png","url":"https:\/\/portaltela.pt\/s.01k8rhncp4jt1\/2025\/11\/talking-bot-125x125.png","contentUrl":"https:\/\/portaltela.pt\/s.01k8rhncp4jt1\/2025\/11\/talking-bot-125x125.png","caption":"Telinha"},"sameAs":["https:\/\/portaltela.pt\/"],"url":"https:\/\/portaltela.pt\/por\/367410592786\/"}]}},"_links":{"self":[{"href":"https:\/\/portaltela.pt\/api\/wp\/v2\/posts\/402611","targetHints":{"allow":["GET"]}}],"collection":[{"href":"https:\/\/portaltela.pt\/api\/wp\/v2\/posts"}],"about":[{"href":"https:\/\/portaltela.pt\/api\/wp\/v2\/types\/post"}],"author":[{"embeddable":true,"href":"https:\/\/portaltela.pt\/api\/wp\/v2\/users\/2"}],"replies":[{"embeddable":true,"href":"https:\/\/portaltela.pt\/api\/wp\/v2\/comments?post=402611"}],"version-history":[{"count":0,"href":"https:\/\/portaltela.pt\/api\/wp\/v2\/posts\/402611\/revisions"}],"wp:featuredmedia":[{"embeddable":true,"href":"https:\/\/portaltela.pt\/api\/wp\/v2\/media\/402612"}],"wp:attachment":[{"href":"https:\/\/portaltela.pt\/api\/wp\/v2\/media?parent=402611"}],"wp:term":[{"taxonomy":"category","embeddable":true,"href":"https:\/\/portaltela.pt\/api\/wp\/v2\/categories?post=402611"},{"taxonomy":"post_tag","embeddable":true,"href":"https:\/\/portaltela.pt\/api\/wp\/v2\/tags?post=402611"}],"curies":[{"name":"wp","href":"https:\/\/api.w.org\/{rel}","templated":true}]}}