{"id":402577,"date":"2026-03-08T16:44:12","date_gmt":"2026-03-08T19:44:12","guid":{"rendered":"https:\/\/portaltela.pt\/noticias\/2026\/03\/08\/lukebakio-falha-ao-poste-e-schjelderup-converte-recarga-para-golo-do-benfica\/"},"modified":"2026-03-08T16:44:12","modified_gmt":"2026-03-08T19:44:12","slug":"lukebakio-falha-ao-poste-e-schjelderup-converte-recarga-para-golo-do-benfica","status":"publish","type":"post","link":"https:\/\/portaltela.pt\/desporto\/futebol\/2026\/03\/08\/lukebakio-falha-ao-poste-e-schjelderup-converte-recarga-para-golo-do-benfica\/","title":{"rendered":"Lukebakio falha ao poste e Schjelderup converte recarga para golo do Benfica"},"content":{"rendered":"<p>O Benfica empatou aos 69 minutos do jogo contra o FC Porto, com Schjelderup a marcar o 2-1 para os encarnados. A jogada surgiu na recarga a um remate de Lukebakio ao poste, que tinha acabado de entrar em campo.<\/p>\n<p>Lukebakio testou o poste de imediato ap\u00f3s o ingresso, e a bola sobrou para Schjelderup, que n\u00e3o falhou na conclus\u00e3o junto ao segundo poste. O tento levou o Benfica \u00e0 vantagem no marcador.<\/p>\n<p>A equipa de Lisboa avan\u00e7ou para o golo no momento em que o guarda-redes advers\u00e1rio ainda reorganizava a defesa, ampliando a press\u00e3o sobre o Porto. A jogada foi conclu\u00edda sem incid\u00eancias adicionais na sequ\u00eancia imediata.<\/p>\n","protected":false},"excerpt":{"rendered":"<ul>\n<li>Aos 69 minutos, Schjelderup marcou o 1-2 para o Benfica frente ao FC Porto.<\/li>\n<li>O golo surgiu na recarga a um remate de Lukebakio ao poste.<\/li>\n<li>Lukebakio tinha acabado de entrar em campo.<\/li>\n<li>Este golo colocou o Benfica na dianteira da eliminat\u00f3ria.<\/li>\n<\/ul>\n","protected":false},"author":2,"featured_media":402580,"comment_status":"closed","ping_status":"closed","sticky":false,"template":"","format":"standard","meta":{"footnotes":""},"categories":[21,24],"tags":[4143,1946,32,3761,982,5654],"class_list":["post-402577","post","type-post","status-publish","format-standard","has-post-thumbnail","hentry","category-desporto","category-futebol","tag-1-liga","tag-benfica","tag-futebol","tag-lukebakio","tag-porto","tag-schjelderup"],"yoast_head":"<!-- This site is optimized with the Yoast SEO plugin v27.2 - https:\/\/yoast.com\/product\/yoast-seo-wordpress\/ -->\n<title>Lukebakio falha ao poste e Schjelderup converte recarga para golo do Benfica - Portal Tela Portugal<\/title>\n<meta name=\"robots\" content=\"index, follow, max-snippet:-1, max-image-preview:large, max-video-preview:-1\" \/>\n<meta property=\"og:locale\" content=\"pt_PT\" \/>\n<meta property=\"og:type\" content=\"article\" \/>\n<meta property=\"og:title\" content=\"Lukebakio falha ao poste e Schjelderup converte recarga para golo do Benfica - Portal Tela Portugal\" \/>\n<meta property=\"og:description\" content=\"Aos 69 minutos, Schjelderup marcou o 1-2 para o Benfica frente ao FC Porto. O golo surgiu na recarga a um remate de Lukebakio ao poste. Lukebakio tinha acabado de entrar em campo. Este golo colocou o Benfica na dianteira da eliminat\u00f3ria.\" \/>\n<meta property=\"og:url\" content=\"https:\/\/portaltela.pt\/noticias\/2026\/03\/08\/lukebakio-falha-ao-poste-e-schjelderup-converte-recarga-para-golo-do-benfica\/\" \/>\n<meta property=\"og:site_name\" content=\"Portal Tela Portugal\" \/>\n<meta property=\"article:published_time\" content=\"2026-03-08T19:44:12+00:00\" \/>\n<meta name=\"author\" content=\"Telinha\" \/>\n<meta name=\"twitter:card\" content=\"summary_large_image\" \/>\n<meta name=\"twitter:label1\" content=\"Escrito por\" \/>\n\t<meta name=\"twitter:data1\" content=\"Telinha\" \/>\n\t<meta name=\"twitter:label2\" content=\"Tempo estimado de leitura\" \/>\n\t<meta name=\"twitter:data2\" content=\"1 minuto\" \/>\n<script type=\"application\/ld+json\" class=\"yoast-schema-graph\">{\"@context\":\"https:\/\/schema.org\",\"@graph\":[{\"@type\":\"Article\",\"@id\":\"https:\/\/portaltela.pt\/noticias\/2026\/03\/08\/lukebakio-falha-ao-poste-e-schjelderup-converte-recarga-para-golo-do-benfica\/#article\",\"isPartOf\":{\"@id\":\"https:\/\/portaltela.pt\/noticias\/2026\/03\/08\/lukebakio-falha-ao-poste-e-schjelderup-converte-recarga-para-golo-do-benfica\/\"},\"author\":{\"name\":\"Telinha\",\"@id\":\"https:\/\/portaltela.pt\/#\/schema\/person\/c4278d4a6028830caff9ee44b42d32ed\"},\"headline\":\"Lukebakio falha ao poste e Schjelderup converte recarga para golo do Benfica\",\"datePublished\":\"2026-03-08T19:44:12+00:00\",\"mainEntityOfPage\":{\"@id\":\"https:\/\/portaltela.pt\/noticias\/2026\/03\/08\/lukebakio-falha-ao-poste-e-schjelderup-converte-recarga-para-golo-do-benfica\/\"},\"wordCount\":127,\"image\":{\"@id\":\"https:\/\/portaltela.pt\/noticias\/2026\/03\/08\/lukebakio-falha-ao-poste-e-schjelderup-converte-recarga-para-golo-do-benfica\/#primaryimage\"},\"thumbnailUrl\":\"https:\/\/portaltela.pt\/s.01k8rhncp4jt1\/2026\/03\/img_1200x721uu2026-03-08-19-44-05-2425719.jpg\",\"keywords\":[\"1. Liga\",\"Benfica\",\"futebol\",\"Lukebakio\",\"Porto\",\"Schjelderup\"],\"articleSection\":[\"Desporto\",\"Futebol\"],\"inLanguage\":\"pt-PT\"},{\"@type\":\"WebPage\",\"@id\":\"https:\/\/portaltela.pt\/noticias\/2026\/03\/08\/lukebakio-falha-ao-poste-e-schjelderup-converte-recarga-para-golo-do-benfica\/\",\"url\":\"https:\/\/portaltela.pt\/noticias\/2026\/03\/08\/lukebakio-falha-ao-poste-e-schjelderup-converte-recarga-para-golo-do-benfica\/\",\"name\":\"Lukebakio falha ao poste e Schjelderup converte recarga para golo do Benfica - Portal Tela Portugal\",\"isPartOf\":{\"@id\":\"https:\/\/portaltela.pt\/#website\"},\"primaryImageOfPage\":{\"@id\":\"https:\/\/portaltela.pt\/noticias\/2026\/03\/08\/lukebakio-falha-ao-poste-e-schjelderup-converte-recarga-para-golo-do-benfica\/#primaryimage\"},\"image\":{\"@id\":\"https:\/\/portaltela.pt\/noticias\/2026\/03\/08\/lukebakio-falha-ao-poste-e-schjelderup-converte-recarga-para-golo-do-benfica\/#primaryimage\"},\"thumbnailUrl\":\"https:\/\/portaltela.pt\/s.01k8rhncp4jt1\/2026\/03\/img_1200x721uu2026-03-08-19-44-05-2425719.jpg\",\"datePublished\":\"2026-03-08T19:44:12+00:00\",\"author\":{\"@id\":\"https:\/\/portaltela.pt\/#\/schema\/person\/c4278d4a6028830caff9ee44b42d32ed\"},\"breadcrumb\":{\"@id\":\"https:\/\/portaltela.pt\/noticias\/2026\/03\/08\/lukebakio-falha-ao-poste-e-schjelderup-converte-recarga-para-golo-do-benfica\/#breadcrumb\"},\"inLanguage\":\"pt-PT\",\"potentialAction\":[{\"@type\":\"ReadAction\",\"target\":[\"https:\/\/portaltela.pt\/noticias\/2026\/03\/08\/lukebakio-falha-ao-poste-e-schjelderup-converte-recarga-para-golo-do-benfica\/\"]}]},{\"@type\":\"ImageObject\",\"inLanguage\":\"pt-PT\",\"@id\":\"https:\/\/portaltela.pt\/noticias\/2026\/03\/08\/lukebakio-falha-ao-poste-e-schjelderup-converte-recarga-para-golo-do-benfica\/#primaryimage\",\"url\":\"https:\/\/portaltela.pt\/s.01k8rhncp4jt1\/2026\/03\/img_1200x721uu2026-03-08-19-44-05-2425719.jpg\",\"contentUrl\":\"https:\/\/portaltela.pt\/s.01k8rhncp4jt1\/2026\/03\/img_1200x721uu2026-03-08-19-44-05-2425719.jpg\",\"width\":796,\"height\":448,\"caption\":\"Lukebakio atirou ao poste e Schjelderup marcou na recarga: o golo do Benfica ao FC Porto\"},{\"@type\":\"BreadcrumbList\",\"@id\":\"https:\/\/portaltela.pt\/noticias\/2026\/03\/08\/lukebakio-falha-ao-poste-e-schjelderup-converte-recarga-para-golo-do-benfica\/#breadcrumb\",\"itemListElement\":[{\"@type\":\"ListItem\",\"position\":1,\"name\":\"In\u00edcio\",\"item\":\"https:\/\/portaltela.pt\/\"},{\"@type\":\"ListItem\",\"position\":2,\"name\":\"Lukebakio falha ao poste e Schjelderup converte recarga para golo do Benfica\"}]},{\"@type\":\"WebSite\",\"@id\":\"https:\/\/portaltela.pt\/#website\",\"url\":\"https:\/\/portaltela.pt\/\",\"name\":\"Portal Tela Portugal\",\"description\":\"\",\"potentialAction\":[{\"@type\":\"SearchAction\",\"target\":{\"@type\":\"EntryPoint\",\"urlTemplate\":\"https:\/\/portaltela.pt\/?s={search_term_string}\"},\"query-input\":{\"@type\":\"PropertyValueSpecification\",\"valueRequired\":true,\"valueName\":\"search_term_string\"}}],\"inLanguage\":\"pt-PT\"},{\"@type\":\"Person\",\"@id\":\"https:\/\/portaltela.pt\/#\/schema\/person\/c4278d4a6028830caff9ee44b42d32ed\",\"name\":\"Telinha\",\"image\":{\"@type\":\"ImageObject\",\"inLanguage\":\"pt-PT\",\"@id\":\"https:\/\/portaltela.pt\/s.01k8rhncp4jt1\/2025\/11\/talking-bot-125x125.png\",\"url\":\"https:\/\/portaltela.pt\/s.01k8rhncp4jt1\/2025\/11\/talking-bot-125x125.png\",\"contentUrl\":\"https:\/\/portaltela.pt\/s.01k8rhncp4jt1\/2025\/11\/talking-bot-125x125.png\",\"caption\":\"Telinha\"},\"sameAs\":[\"https:\/\/portaltela.pt\/\"],\"url\":\"https:\/\/portaltela.pt\/por\/367410592786\/\"}]}<\/script>\n<!-- \/ Yoast SEO plugin. -->","yoast_head_json":{"title":"Lukebakio falha ao poste e Schjelderup converte recarga para golo do Benfica - Portal Tela Portugal","robots":{"index":"index","follow":"follow","max-snippet":"max-snippet:-1","max-image-preview":"max-image-preview:large","max-video-preview":"max-video-preview:-1"},"og_locale":"pt_PT","og_type":"article","og_title":"Lukebakio falha ao poste e Schjelderup converte recarga para golo do Benfica - Portal Tela Portugal","og_description":"Aos 69 minutos, Schjelderup marcou o 1-2 para o Benfica frente ao FC Porto. O golo surgiu na recarga a um remate de Lukebakio ao poste. Lukebakio tinha acabado de entrar em campo. Este golo colocou o Benfica na dianteira da eliminat\u00f3ria.","og_url":"https:\/\/portaltela.pt\/noticias\/2026\/03\/08\/lukebakio-falha-ao-poste-e-schjelderup-converte-recarga-para-golo-do-benfica\/","og_site_name":"Portal Tela Portugal","article_published_time":"2026-03-08T19:44:12+00:00","author":"Telinha","twitter_card":"summary_large_image","twitter_misc":{"Escrito por":"Telinha","Tempo estimado de leitura":"1 minuto"},"schema":{"@context":"https:\/\/schema.org","@graph":[{"@type":"Article","@id":"https:\/\/portaltela.pt\/noticias\/2026\/03\/08\/lukebakio-falha-ao-poste-e-schjelderup-converte-recarga-para-golo-do-benfica\/#article","isPartOf":{"@id":"https:\/\/portaltela.pt\/noticias\/2026\/03\/08\/lukebakio-falha-ao-poste-e-schjelderup-converte-recarga-para-golo-do-benfica\/"},"author":{"name":"Telinha","@id":"https:\/\/portaltela.pt\/#\/schema\/person\/c4278d4a6028830caff9ee44b42d32ed"},"headline":"Lukebakio falha ao poste e Schjelderup converte recarga para golo do Benfica","datePublished":"2026-03-08T19:44:12+00:00","mainEntityOfPage":{"@id":"https:\/\/portaltela.pt\/noticias\/2026\/03\/08\/lukebakio-falha-ao-poste-e-schjelderup-converte-recarga-para-golo-do-benfica\/"},"wordCount":127,"image":{"@id":"https:\/\/portaltela.pt\/noticias\/2026\/03\/08\/lukebakio-falha-ao-poste-e-schjelderup-converte-recarga-para-golo-do-benfica\/#primaryimage"},"thumbnailUrl":"https:\/\/portaltela.pt\/s.01k8rhncp4jt1\/2026\/03\/img_1200x721uu2026-03-08-19-44-05-2425719.jpg","keywords":["1. Liga","Benfica","futebol","Lukebakio","Porto","Schjelderup"],"articleSection":["Desporto","Futebol"],"inLanguage":"pt-PT"},{"@type":"WebPage","@id":"https:\/\/portaltela.pt\/noticias\/2026\/03\/08\/lukebakio-falha-ao-poste-e-schjelderup-converte-recarga-para-golo-do-benfica\/","url":"https:\/\/portaltela.pt\/noticias\/2026\/03\/08\/lukebakio-falha-ao-poste-e-schjelderup-converte-recarga-para-golo-do-benfica\/","name":"Lukebakio falha ao poste e Schjelderup converte recarga para golo do Benfica - Portal Tela Portugal","isPartOf":{"@id":"https:\/\/portaltela.pt\/#website"},"primaryImageOfPage":{"@id":"https:\/\/portaltela.pt\/noticias\/2026\/03\/08\/lukebakio-falha-ao-poste-e-schjelderup-converte-recarga-para-golo-do-benfica\/#primaryimage"},"image":{"@id":"https:\/\/portaltela.pt\/noticias\/2026\/03\/08\/lukebakio-falha-ao-poste-e-schjelderup-converte-recarga-para-golo-do-benfica\/#primaryimage"},"thumbnailUrl":"https:\/\/portaltela.pt\/s.01k8rhncp4jt1\/2026\/03\/img_1200x721uu2026-03-08-19-44-05-2425719.jpg","datePublished":"2026-03-08T19:44:12+00:00","author":{"@id":"https:\/\/portaltela.pt\/#\/schema\/person\/c4278d4a6028830caff9ee44b42d32ed"},"breadcrumb":{"@id":"https:\/\/portaltela.pt\/noticias\/2026\/03\/08\/lukebakio-falha-ao-poste-e-schjelderup-converte-recarga-para-golo-do-benfica\/#breadcrumb"},"inLanguage":"pt-PT","potentialAction":[{"@type":"ReadAction","target":["https:\/\/portaltela.pt\/noticias\/2026\/03\/08\/lukebakio-falha-ao-poste-e-schjelderup-converte-recarga-para-golo-do-benfica\/"]}]},{"@type":"ImageObject","inLanguage":"pt-PT","@id":"https:\/\/portaltela.pt\/noticias\/2026\/03\/08\/lukebakio-falha-ao-poste-e-schjelderup-converte-recarga-para-golo-do-benfica\/#primaryimage","url":"https:\/\/portaltela.pt\/s.01k8rhncp4jt1\/2026\/03\/img_1200x721uu2026-03-08-19-44-05-2425719.jpg","contentUrl":"https:\/\/portaltela.pt\/s.01k8rhncp4jt1\/2026\/03\/img_1200x721uu2026-03-08-19-44-05-2425719.jpg","width":796,"height":448,"caption":"Lukebakio atirou ao poste e Schjelderup marcou na recarga: o golo do Benfica ao FC Porto"},{"@type":"BreadcrumbList","@id":"https:\/\/portaltela.pt\/noticias\/2026\/03\/08\/lukebakio-falha-ao-poste-e-schjelderup-converte-recarga-para-golo-do-benfica\/#breadcrumb","itemListElement":[{"@type":"ListItem","position":1,"name":"In\u00edcio","item":"https:\/\/portaltela.pt\/"},{"@type":"ListItem","position":2,"name":"Lukebakio falha ao poste e Schjelderup converte recarga para golo do Benfica"}]},{"@type":"WebSite","@id":"https:\/\/portaltela.pt\/#website","url":"https:\/\/portaltela.pt\/","name":"Portal Tela Portugal","description":"","potentialAction":[{"@type":"SearchAction","target":{"@type":"EntryPoint","urlTemplate":"https:\/\/portaltela.pt\/?s={search_term_string}"},"query-input":{"@type":"PropertyValueSpecification","valueRequired":true,"valueName":"search_term_string"}}],"inLanguage":"pt-PT"},{"@type":"Person","@id":"https:\/\/portaltela.pt\/#\/schema\/person\/c4278d4a6028830caff9ee44b42d32ed","name":"Telinha","image":{"@type":"ImageObject","inLanguage":"pt-PT","@id":"https:\/\/portaltela.pt\/s.01k8rhncp4jt1\/2025\/11\/talking-bot-125x125.png","url":"https:\/\/portaltela.pt\/s.01k8rhncp4jt1\/2025\/11\/talking-bot-125x125.png","contentUrl":"https:\/\/portaltela.pt\/s.01k8rhncp4jt1\/2025\/11\/talking-bot-125x125.png","caption":"Telinha"},"sameAs":["https:\/\/portaltela.pt\/"],"url":"https:\/\/portaltela.pt\/por\/367410592786\/"}]}},"_links":{"self":[{"href":"https:\/\/portaltela.pt\/api\/wp\/v2\/posts\/402577","targetHints":{"allow":["GET"]}}],"collection":[{"href":"https:\/\/portaltela.pt\/api\/wp\/v2\/posts"}],"about":[{"href":"https:\/\/portaltela.pt\/api\/wp\/v2\/types\/post"}],"author":[{"embeddable":true,"href":"https:\/\/portaltela.pt\/api\/wp\/v2\/users\/2"}],"replies":[{"embeddable":true,"href":"https:\/\/portaltela.pt\/api\/wp\/v2\/comments?post=402577"}],"version-history":[{"count":0,"href":"https:\/\/portaltela.pt\/api\/wp\/v2\/posts\/402577\/revisions"}],"wp:featuredmedia":[{"embeddable":true,"href":"https:\/\/portaltela.pt\/api\/wp\/v2\/media\/402580"}],"wp:attachment":[{"href":"https:\/\/portaltela.pt\/api\/wp\/v2\/media?parent=402577"}],"wp:term":[{"taxonomy":"category","embeddable":true,"href":"https:\/\/portaltela.pt\/api\/wp\/v2\/categories?post=402577"},{"taxonomy":"post_tag","embeddable":true,"href":"https:\/\/portaltela.pt\/api\/wp\/v2\/tags?post=402577"}],"curies":[{"name":"wp","href":"https:\/\/api.w.org\/{rel}","templated":true}]}}