{"id":402562,"date":"2026-03-08T16:03:32","date_gmt":"2026-03-08T19:03:32","guid":{"rendered":"https:\/\/portaltela.pt\/noticias\/2026\/03\/08\/gisele-pelicot-junta-se-a-milhares-numa-marcha-do-dia-da-mulher-em-paris\/"},"modified":"2026-03-08T16:03:32","modified_gmt":"2026-03-08T19:03:32","slug":"gisele-pelicot-junta-se-a-milhares-numa-marcha-do-dia-da-mulher-em-paris","status":"publish","type":"post","link":"https:\/\/portaltela.pt\/sociedade\/2026\/03\/08\/gisele-pelicot-junta-se-a-milhares-numa-marcha-do-dia-da-mulher-em-paris\/","title":{"rendered":"Gis\u00e8le Pelicot junta-se a milhares numa marcha do Dia da Mulher em Paris"},"content":{"rendered":"<p>Gis\u00e8le Pelicot, s\u00edmbolo de resist\u00eancia contra viol\u00eancia sexual, integrou a marcha em Paris para comemorar o Dia Internacional da Mulher, este domingo.<\/p>\n<p>Milhares de pessoas sa\u00edram \u00e0s ruas da capital e de outras cidades de Fran\u00e7a para defender os direitos das mulheres, conforme reporta a organiza\u00e7\u00e3o do evento.<\/p>\n<p>O ato ocorreu no \u00e2mbito das celebra\u00e7\u00f5es do dia, reunindo participantes de diversas regi\u00f5es do pa\u00eds, segundo as informa\u00e7\u00f5es recolhidas no local.<\/p>\n<p>A marcha visou evidenciar quest\u00f5es de g\u00e9nero, igualdade de oportunidades e prote\u00e7\u00e3o contra viol\u00eancia, mantendo o foco na defesa de direitos das mulheres, de acordo com as pr\u00f3prias palavras de quem organizou a a\u00e7\u00e3o.<\/p>\n","protected":false},"excerpt":{"rendered":"<ul>\n<li>Gis\u00e8le Pelicot participou numa marcha em Paris para assinalar o Dia Internacional da Mulher.<\/li>\n<li>A manifesta\u00e7\u00e3o contou com milhares de pessoas na capital francesa e noutras cidades de Fran\u00e7a.<\/li>\n<li>Pelicot tornou-se um s\u00edmbolo de resist\u00eancia contra a viol\u00eancia sexual.<\/li>\n<li>O objetivo foi defender os direitos das mulheres.<\/li>\n<\/ul>\n","protected":false},"author":2,"featured_media":402566,"comment_status":"closed","ping_status":"closed","sticky":false,"template":"","format":"standard","meta":{"footnotes":""},"categories":[1,6871],"tags":[2633,3108,1856,2701,3163,2857],"class_list":["post-402562","post","type-post","status-publish","format-standard","has-post-thumbnail","hentry","category-noticias","category-sociedade","tag-direitos-humanos","tag-equidade-de-genero-desafios-na-atualidade","tag-franca","tag-mulheres","tag-paris","tag-protestos"],"yoast_head":"<!-- This site is optimized with the Yoast SEO plugin v27.2 - https:\/\/yoast.com\/product\/yoast-seo-wordpress\/ -->\n<title>Gis\u00e8le Pelicot junta-se a milhares numa marcha do Dia da Mulher em Paris - Portal Tela Portugal<\/title>\n<meta name=\"robots\" content=\"index, follow, max-snippet:-1, max-image-preview:large, max-video-preview:-1\" \/>\n<meta property=\"og:locale\" content=\"pt_PT\" \/>\n<meta property=\"og:type\" content=\"article\" \/>\n<meta property=\"og:title\" content=\"Gis\u00e8le Pelicot junta-se a milhares numa marcha do Dia da Mulher em Paris - Portal Tela Portugal\" \/>\n<meta property=\"og:description\" content=\"Gis\u00e8le Pelicot participou numa marcha em Paris para assinalar o Dia Internacional da Mulher. A manifesta\u00e7\u00e3o contou com milhares de pessoas na capital francesa e noutras cidades de Fran\u00e7a. Pelicot tornou-se um s\u00edmbolo de resist\u00eancia contra a viol\u00eancia sexual. O objetivo foi defender os direitos das mulheres.\" \/>\n<meta property=\"og:url\" content=\"https:\/\/portaltela.pt\/noticias\/2026\/03\/08\/gisele-pelicot-junta-se-a-milhares-numa-marcha-do-dia-da-mulher-em-paris\/\" \/>\n<meta property=\"og:site_name\" content=\"Portal Tela Portugal\" \/>\n<meta property=\"article:published_time\" content=\"2026-03-08T19:03:32+00:00\" \/>\n<meta name=\"author\" content=\"Telinha\" \/>\n<meta name=\"twitter:card\" content=\"summary_large_image\" \/>\n<meta name=\"twitter:label1\" content=\"Escrito por\" \/>\n\t<meta name=\"twitter:data1\" content=\"Telinha\" \/>\n\t<meta name=\"twitter:label2\" content=\"Tempo estimado de leitura\" \/>\n\t<meta name=\"twitter:data2\" content=\"1 minuto\" \/>\n<script type=\"application\/ld+json\" class=\"yoast-schema-graph\">{\"@context\":\"https:\/\/schema.org\",\"@graph\":[{\"@type\":\"Article\",\"@id\":\"https:\/\/portaltela.pt\/noticias\/2026\/03\/08\/gisele-pelicot-junta-se-a-milhares-numa-marcha-do-dia-da-mulher-em-paris\/#article\",\"isPartOf\":{\"@id\":\"https:\/\/portaltela.pt\/noticias\/2026\/03\/08\/gisele-pelicot-junta-se-a-milhares-numa-marcha-do-dia-da-mulher-em-paris\/\"},\"author\":{\"name\":\"Telinha\",\"@id\":\"https:\/\/portaltela.pt\/#\/schema\/person\/c4278d4a6028830caff9ee44b42d32ed\"},\"headline\":\"Gis\u00e8le Pelicot junta-se a milhares numa marcha do Dia da Mulher em Paris\",\"datePublished\":\"2026-03-08T19:03:32+00:00\",\"mainEntityOfPage\":{\"@id\":\"https:\/\/portaltela.pt\/noticias\/2026\/03\/08\/gisele-pelicot-junta-se-a-milhares-numa-marcha-do-dia-da-mulher-em-paris\/\"},\"wordCount\":135,\"image\":{\"@id\":\"https:\/\/portaltela.pt\/noticias\/2026\/03\/08\/gisele-pelicot-junta-se-a-milhares-numa-marcha-do-dia-da-mulher-em-paris\/#primaryimage\"},\"thumbnailUrl\":\"https:\/\/portaltela.pt\/s.01k8rhncp4jt1\/2026\/03\/img_1280x722uu2026-03-08-18-55-59-2271139.jpg\",\"keywords\":[\"direitos humanos\",\"equidade de g\u00e9nero \u2013 Desafios na Atualidade\",\"Fran\u00e7a\",\"Mulheres\",\"Paris\",\"protestos\"],\"articleSection\":[\"Not\u00edcias\",\"Sociedade\"],\"inLanguage\":\"pt-PT\"},{\"@type\":\"WebPage\",\"@id\":\"https:\/\/portaltela.pt\/noticias\/2026\/03\/08\/gisele-pelicot-junta-se-a-milhares-numa-marcha-do-dia-da-mulher-em-paris\/\",\"url\":\"https:\/\/portaltela.pt\/noticias\/2026\/03\/08\/gisele-pelicot-junta-se-a-milhares-numa-marcha-do-dia-da-mulher-em-paris\/\",\"name\":\"Gis\u00e8le Pelicot junta-se a milhares numa marcha do Dia da Mulher em Paris - Portal Tela Portugal\",\"isPartOf\":{\"@id\":\"https:\/\/portaltela.pt\/#website\"},\"primaryImageOfPage\":{\"@id\":\"https:\/\/portaltela.pt\/noticias\/2026\/03\/08\/gisele-pelicot-junta-se-a-milhares-numa-marcha-do-dia-da-mulher-em-paris\/#primaryimage\"},\"image\":{\"@id\":\"https:\/\/portaltela.pt\/noticias\/2026\/03\/08\/gisele-pelicot-junta-se-a-milhares-numa-marcha-do-dia-da-mulher-em-paris\/#primaryimage\"},\"thumbnailUrl\":\"https:\/\/portaltela.pt\/s.01k8rhncp4jt1\/2026\/03\/img_1280x722uu2026-03-08-18-55-59-2271139.jpg\",\"datePublished\":\"2026-03-08T19:03:32+00:00\",\"author\":{\"@id\":\"https:\/\/portaltela.pt\/#\/schema\/person\/c4278d4a6028830caff9ee44b42d32ed\"},\"breadcrumb\":{\"@id\":\"https:\/\/portaltela.pt\/noticias\/2026\/03\/08\/gisele-pelicot-junta-se-a-milhares-numa-marcha-do-dia-da-mulher-em-paris\/#breadcrumb\"},\"inLanguage\":\"pt-PT\",\"potentialAction\":[{\"@type\":\"ReadAction\",\"target\":[\"https:\/\/portaltela.pt\/noticias\/2026\/03\/08\/gisele-pelicot-junta-se-a-milhares-numa-marcha-do-dia-da-mulher-em-paris\/\"]}]},{\"@type\":\"ImageObject\",\"inLanguage\":\"pt-PT\",\"@id\":\"https:\/\/portaltela.pt\/noticias\/2026\/03\/08\/gisele-pelicot-junta-se-a-milhares-numa-marcha-do-dia-da-mulher-em-paris\/#primaryimage\",\"url\":\"https:\/\/portaltela.pt\/s.01k8rhncp4jt1\/2026\/03\/img_1280x722uu2026-03-08-18-55-59-2271139.jpg\",\"contentUrl\":\"https:\/\/portaltela.pt\/s.01k8rhncp4jt1\/2026\/03\/img_1280x722uu2026-03-08-18-55-59-2271139.jpg\",\"width\":796,\"height\":448,\"caption\":\"Gis\u00e8le Pelicot, que se tornou um s\u00edmbolo de resist\u00eancia contra a viol\u00eancia sexual, participou numa marcha em Paris para assinalar o Dia Internacional da Mulher, este domingo. Milhares de pessoas sa\u00edram \u00e0s ruas da capital e de outras cidades de Fran\u00e7a para defender os direitos das mulheres.\"},{\"@type\":\"BreadcrumbList\",\"@id\":\"https:\/\/portaltela.pt\/noticias\/2026\/03\/08\/gisele-pelicot-junta-se-a-milhares-numa-marcha-do-dia-da-mulher-em-paris\/#breadcrumb\",\"itemListElement\":[{\"@type\":\"ListItem\",\"position\":1,\"name\":\"In\u00edcio\",\"item\":\"https:\/\/portaltela.pt\/\"},{\"@type\":\"ListItem\",\"position\":2,\"name\":\"Gis\u00e8le Pelicot junta-se a milhares numa marcha do Dia da Mulher em Paris\"}]},{\"@type\":\"WebSite\",\"@id\":\"https:\/\/portaltela.pt\/#website\",\"url\":\"https:\/\/portaltela.pt\/\",\"name\":\"Portal Tela Portugal\",\"description\":\"\",\"potentialAction\":[{\"@type\":\"SearchAction\",\"target\":{\"@type\":\"EntryPoint\",\"urlTemplate\":\"https:\/\/portaltela.pt\/?s={search_term_string}\"},\"query-input\":{\"@type\":\"PropertyValueSpecification\",\"valueRequired\":true,\"valueName\":\"search_term_string\"}}],\"inLanguage\":\"pt-PT\"},{\"@type\":\"Person\",\"@id\":\"https:\/\/portaltela.pt\/#\/schema\/person\/c4278d4a6028830caff9ee44b42d32ed\",\"name\":\"Telinha\",\"image\":{\"@type\":\"ImageObject\",\"inLanguage\":\"pt-PT\",\"@id\":\"https:\/\/portaltela.pt\/s.01k8rhncp4jt1\/2025\/11\/talking-bot-125x125.png\",\"url\":\"https:\/\/portaltela.pt\/s.01k8rhncp4jt1\/2025\/11\/talking-bot-125x125.png\",\"contentUrl\":\"https:\/\/portaltela.pt\/s.01k8rhncp4jt1\/2025\/11\/talking-bot-125x125.png\",\"caption\":\"Telinha\"},\"sameAs\":[\"https:\/\/portaltela.pt\/\"],\"url\":\"https:\/\/portaltela.pt\/por\/367410592786\/\"}]}<\/script>\n<!-- \/ Yoast SEO plugin. -->","yoast_head_json":{"title":"Gis\u00e8le Pelicot junta-se a milhares numa marcha do Dia da Mulher em Paris - Portal Tela Portugal","robots":{"index":"index","follow":"follow","max-snippet":"max-snippet:-1","max-image-preview":"max-image-preview:large","max-video-preview":"max-video-preview:-1"},"og_locale":"pt_PT","og_type":"article","og_title":"Gis\u00e8le Pelicot junta-se a milhares numa marcha do Dia da Mulher em Paris - Portal Tela Portugal","og_description":"Gis\u00e8le Pelicot participou numa marcha em Paris para assinalar o Dia Internacional da Mulher. A manifesta\u00e7\u00e3o contou com milhares de pessoas na capital francesa e noutras cidades de Fran\u00e7a. Pelicot tornou-se um s\u00edmbolo de resist\u00eancia contra a viol\u00eancia sexual. O objetivo foi defender os direitos das mulheres.","og_url":"https:\/\/portaltela.pt\/noticias\/2026\/03\/08\/gisele-pelicot-junta-se-a-milhares-numa-marcha-do-dia-da-mulher-em-paris\/","og_site_name":"Portal Tela Portugal","article_published_time":"2026-03-08T19:03:32+00:00","author":"Telinha","twitter_card":"summary_large_image","twitter_misc":{"Escrito por":"Telinha","Tempo estimado de leitura":"1 minuto"},"schema":{"@context":"https:\/\/schema.org","@graph":[{"@type":"Article","@id":"https:\/\/portaltela.pt\/noticias\/2026\/03\/08\/gisele-pelicot-junta-se-a-milhares-numa-marcha-do-dia-da-mulher-em-paris\/#article","isPartOf":{"@id":"https:\/\/portaltela.pt\/noticias\/2026\/03\/08\/gisele-pelicot-junta-se-a-milhares-numa-marcha-do-dia-da-mulher-em-paris\/"},"author":{"name":"Telinha","@id":"https:\/\/portaltela.pt\/#\/schema\/person\/c4278d4a6028830caff9ee44b42d32ed"},"headline":"Gis\u00e8le Pelicot junta-se a milhares numa marcha do Dia da Mulher em Paris","datePublished":"2026-03-08T19:03:32+00:00","mainEntityOfPage":{"@id":"https:\/\/portaltela.pt\/noticias\/2026\/03\/08\/gisele-pelicot-junta-se-a-milhares-numa-marcha-do-dia-da-mulher-em-paris\/"},"wordCount":135,"image":{"@id":"https:\/\/portaltela.pt\/noticias\/2026\/03\/08\/gisele-pelicot-junta-se-a-milhares-numa-marcha-do-dia-da-mulher-em-paris\/#primaryimage"},"thumbnailUrl":"https:\/\/portaltela.pt\/s.01k8rhncp4jt1\/2026\/03\/img_1280x722uu2026-03-08-18-55-59-2271139.jpg","keywords":["direitos humanos","equidade de g\u00e9nero \u2013 Desafios na Atualidade","Fran\u00e7a","Mulheres","Paris","protestos"],"articleSection":["Not\u00edcias","Sociedade"],"inLanguage":"pt-PT"},{"@type":"WebPage","@id":"https:\/\/portaltela.pt\/noticias\/2026\/03\/08\/gisele-pelicot-junta-se-a-milhares-numa-marcha-do-dia-da-mulher-em-paris\/","url":"https:\/\/portaltela.pt\/noticias\/2026\/03\/08\/gisele-pelicot-junta-se-a-milhares-numa-marcha-do-dia-da-mulher-em-paris\/","name":"Gis\u00e8le Pelicot junta-se a milhares numa marcha do Dia da Mulher em Paris - Portal Tela Portugal","isPartOf":{"@id":"https:\/\/portaltela.pt\/#website"},"primaryImageOfPage":{"@id":"https:\/\/portaltela.pt\/noticias\/2026\/03\/08\/gisele-pelicot-junta-se-a-milhares-numa-marcha-do-dia-da-mulher-em-paris\/#primaryimage"},"image":{"@id":"https:\/\/portaltela.pt\/noticias\/2026\/03\/08\/gisele-pelicot-junta-se-a-milhares-numa-marcha-do-dia-da-mulher-em-paris\/#primaryimage"},"thumbnailUrl":"https:\/\/portaltela.pt\/s.01k8rhncp4jt1\/2026\/03\/img_1280x722uu2026-03-08-18-55-59-2271139.jpg","datePublished":"2026-03-08T19:03:32+00:00","author":{"@id":"https:\/\/portaltela.pt\/#\/schema\/person\/c4278d4a6028830caff9ee44b42d32ed"},"breadcrumb":{"@id":"https:\/\/portaltela.pt\/noticias\/2026\/03\/08\/gisele-pelicot-junta-se-a-milhares-numa-marcha-do-dia-da-mulher-em-paris\/#breadcrumb"},"inLanguage":"pt-PT","potentialAction":[{"@type":"ReadAction","target":["https:\/\/portaltela.pt\/noticias\/2026\/03\/08\/gisele-pelicot-junta-se-a-milhares-numa-marcha-do-dia-da-mulher-em-paris\/"]}]},{"@type":"ImageObject","inLanguage":"pt-PT","@id":"https:\/\/portaltela.pt\/noticias\/2026\/03\/08\/gisele-pelicot-junta-se-a-milhares-numa-marcha-do-dia-da-mulher-em-paris\/#primaryimage","url":"https:\/\/portaltela.pt\/s.01k8rhncp4jt1\/2026\/03\/img_1280x722uu2026-03-08-18-55-59-2271139.jpg","contentUrl":"https:\/\/portaltela.pt\/s.01k8rhncp4jt1\/2026\/03\/img_1280x722uu2026-03-08-18-55-59-2271139.jpg","width":796,"height":448,"caption":"Gis\u00e8le Pelicot, que se tornou um s\u00edmbolo de resist\u00eancia contra a viol\u00eancia sexual, participou numa marcha em Paris para assinalar o Dia Internacional da Mulher, este domingo. Milhares de pessoas sa\u00edram \u00e0s ruas da capital e de outras cidades de Fran\u00e7a para defender os direitos das mulheres."},{"@type":"BreadcrumbList","@id":"https:\/\/portaltela.pt\/noticias\/2026\/03\/08\/gisele-pelicot-junta-se-a-milhares-numa-marcha-do-dia-da-mulher-em-paris\/#breadcrumb","itemListElement":[{"@type":"ListItem","position":1,"name":"In\u00edcio","item":"https:\/\/portaltela.pt\/"},{"@type":"ListItem","position":2,"name":"Gis\u00e8le Pelicot junta-se a milhares numa marcha do Dia da Mulher em Paris"}]},{"@type":"WebSite","@id":"https:\/\/portaltela.pt\/#website","url":"https:\/\/portaltela.pt\/","name":"Portal Tela Portugal","description":"","potentialAction":[{"@type":"SearchAction","target":{"@type":"EntryPoint","urlTemplate":"https:\/\/portaltela.pt\/?s={search_term_string}"},"query-input":{"@type":"PropertyValueSpecification","valueRequired":true,"valueName":"search_term_string"}}],"inLanguage":"pt-PT"},{"@type":"Person","@id":"https:\/\/portaltela.pt\/#\/schema\/person\/c4278d4a6028830caff9ee44b42d32ed","name":"Telinha","image":{"@type":"ImageObject","inLanguage":"pt-PT","@id":"https:\/\/portaltela.pt\/s.01k8rhncp4jt1\/2025\/11\/talking-bot-125x125.png","url":"https:\/\/portaltela.pt\/s.01k8rhncp4jt1\/2025\/11\/talking-bot-125x125.png","contentUrl":"https:\/\/portaltela.pt\/s.01k8rhncp4jt1\/2025\/11\/talking-bot-125x125.png","caption":"Telinha"},"sameAs":["https:\/\/portaltela.pt\/"],"url":"https:\/\/portaltela.pt\/por\/367410592786\/"}]}},"_links":{"self":[{"href":"https:\/\/portaltela.pt\/api\/wp\/v2\/posts\/402562","targetHints":{"allow":["GET"]}}],"collection":[{"href":"https:\/\/portaltela.pt\/api\/wp\/v2\/posts"}],"about":[{"href":"https:\/\/portaltela.pt\/api\/wp\/v2\/types\/post"}],"author":[{"embeddable":true,"href":"https:\/\/portaltela.pt\/api\/wp\/v2\/users\/2"}],"replies":[{"embeddable":true,"href":"https:\/\/portaltela.pt\/api\/wp\/v2\/comments?post=402562"}],"version-history":[{"count":0,"href":"https:\/\/portaltela.pt\/api\/wp\/v2\/posts\/402562\/revisions"}],"wp:featuredmedia":[{"embeddable":true,"href":"https:\/\/portaltela.pt\/api\/wp\/v2\/media\/402566"}],"wp:attachment":[{"href":"https:\/\/portaltela.pt\/api\/wp\/v2\/media?parent=402562"}],"wp:term":[{"taxonomy":"category","embeddable":true,"href":"https:\/\/portaltela.pt\/api\/wp\/v2\/categories?post=402562"},{"taxonomy":"post_tag","embeddable":true,"href":"https:\/\/portaltela.pt\/api\/wp\/v2\/tags?post=402562"}],"curies":[{"name":"wp","href":"https:\/\/api.w.org\/{rel}","templated":true}]}}