{"id":402554,"date":"2026-03-08T16:05:00","date_gmt":"2026-03-08T19:05:00","guid":{"rendered":"https:\/\/portaltela.pt\/noticias\/2026\/03\/08\/casal-com-tres-filhos-vive-em-casa-com-tetos-a-cair-em-s-pedro-da-cova\/"},"modified":"2026-03-08T16:05:00","modified_gmt":"2026-03-08T19:05:00","slug":"casal-com-tres-filhos-vive-em-casa-com-tetos-a-cair-em-s-pedro-da-cova","status":"publish","type":"post","link":"https:\/\/portaltela.pt\/noticias\/2026\/03\/08\/casal-com-tres-filhos-vive-em-casa-com-tetos-a-cair-em-s-pedro-da-cova\/","title":{"rendered":"Casal com tr\u00eas filhos vive em casa com tetos a cair em S. Pedro da Cova"},"content":{"rendered":"<p>Um casal e tr\u00eas filhos pequenos vivem numa casa de S. Pedro da Cova com tetos a cair e piso coberto de estuque partido. A sala mostra telhas expostas e o quarto tamb\u00e9m apresenta deteriora\u00e7\u00e3o vis\u00edvel. A habita\u00e7\u00e3o est\u00e1 num estado de degrada\u00e7\u00e3o acentuado.<\/p>\n<p>Os residentes, Bruno Seixas e Bruna Pinto, arrendaram o im\u00f3vel h\u00e1 10 anos. Alegam que a situa\u00e7\u00e3o piorou ap\u00f3s obras no telhado, conclu\u00eddas em mar\u00e7o de 2024, que teriam agravado a humidade e as fissuras.<\/p>\n<p>Ana Leite, representante da propriet\u00e1ria \u2014 que \u00e9 nora de quem det\u00e9m o im\u00f3vel \u2014 afirma que o mau estado decorre do uso indevido da habita\u00e7\u00e3o por parte dos inquilinos, contradizendo o relato dos moradores.<\/p>\n<h3>Controv\u00e9rsia entre inquilinos e propriet\u00e1rios<\/h3>\n<p>A fam\u00edlia diz que a degrada\u00e7\u00e3o \u00e9 uma forma de press\u00e3o para obter habita\u00e7\u00e3o municipal. O respons\u00e1vel pela habita\u00e7\u00e3o na zona n\u00e3o foi apresentado nesta pe\u00e7a. O caso permanece sem prazo para resolu\u00e7\u00e3o, com as partes em disputa sobre as causas da deteriora\u00e7\u00e3o.<\/p>\n<p>As autoridades locais ainda n\u00e3o confirmaram interven\u00e7\u00f5es oficiais no im\u00f3vel. N\u00e3o foram fornecidos detalhes sobre poss\u00edveis medidas de realojamento ou inspe\u00e7\u00f5es t\u00e9cnicas.<\/p>\n<p>As informa\u00e7\u00f5es dispon\u00edveis apontam para um conflito entre inquilinos e propriet\u00e1rios, com relatos divergentes sobre as origens dos danos estruturais e o estado atual da habita\u00e7\u00e3o.<\/p>\n","protected":false},"excerpt":{"rendered":"<ul>\n<li>Em S. Pedro da Cova, um casal e os tr\u00eas filhos menores vivem numa habita\u00e7\u00e3o com tetos a cair e ch\u00e3o coberto de estuque desprendido.<\/li>\n<li>A sala e um quarto j\u00e1 apresentam telhas expostas e sinais de desabamento do teto.<\/li>\n<li>Os inquilinos, Bruno Seixas e Bruna Pinto, ocupam o im\u00f3vel h\u00e1 dez anos.<\/li>\n<li>A representante da propriet\u00e1ria sustenta que o mau estado resulta do uso indevido da habita\u00e7\u00e3o pelos inquilinos, e n\u00e3o de culpa sua.<\/li>\n<li>A fam\u00edlia afirma que a degrada\u00e7\u00e3o aumentou ap\u00f3s obras no telhado realizadas em mar\u00e7o de 2024.<\/li>\n<\/ul>\n","protected":false},"author":2,"featured_media":402557,"comment_status":"closed","ping_status":"closed","sticky":false,"template":"","format":"standard","meta":{"footnotes":""},"categories":[1],"tags":[4590,6372,150,1010,3621,6188],"class_list":["post-402554","post","type-post","status-publish","format-standard","has-post-thumbnail","hentry","category-noticias","tag-desabrigos","tag-despejos","tag-habitacao","tag-habitacao-publica","tag-moradores","tag-realojamento"],"yoast_head":"<!-- This site is optimized with the Yoast SEO plugin v27.2 - https:\/\/yoast.com\/product\/yoast-seo-wordpress\/ -->\n<title>Casal com tr\u00eas filhos vive em casa com tetos a cair em S. Pedro da Cova - Portal Tela Portugal<\/title>\n<meta name=\"robots\" content=\"index, follow, max-snippet:-1, max-image-preview:large, max-video-preview:-1\" \/>\n<meta property=\"og:locale\" content=\"pt_PT\" \/>\n<meta property=\"og:type\" content=\"article\" \/>\n<meta property=\"og:title\" content=\"Casal com tr\u00eas filhos vive em casa com tetos a cair em S. Pedro da Cova - Portal Tela Portugal\" \/>\n<meta property=\"og:description\" content=\"Em S. Pedro da Cova, um casal e os tr\u00eas filhos menores vivem numa habita\u00e7\u00e3o com tetos a cair e ch\u00e3o coberto de estuque desprendido. A sala e um quarto j\u00e1 apresentam telhas expostas e sinais de desabamento do teto. Os inquilinos, Bruno Seixas e Bruna Pinto, ocupam o im\u00f3vel h\u00e1 dez anos. A representante da propriet\u00e1ria sustenta que o mau estado resulta do uso indevido da habita\u00e7\u00e3o pelos inquilinos, e n\u00e3o de culpa sua. A fam\u00edlia afirma que a degrada\u00e7\u00e3o aumentou ap\u00f3s obras no telhado realizadas em mar\u00e7o de 2024.\" \/>\n<meta property=\"og:url\" content=\"https:\/\/portaltela.pt\/noticias\/2026\/03\/08\/casal-com-tres-filhos-vive-em-casa-com-tetos-a-cair-em-s-pedro-da-cova\/\" \/>\n<meta property=\"og:site_name\" content=\"Portal Tela Portugal\" \/>\n<meta property=\"article:published_time\" content=\"2026-03-08T19:05:00+00:00\" \/>\n<meta name=\"author\" content=\"Telinha\" \/>\n<meta name=\"twitter:card\" content=\"summary_large_image\" \/>\n<meta name=\"twitter:label1\" content=\"Escrito por\" \/>\n\t<meta name=\"twitter:data1\" content=\"Telinha\" \/>\n\t<meta name=\"twitter:label2\" content=\"Tempo estimado de leitura\" \/>\n\t<meta name=\"twitter:data2\" content=\"1 minuto\" \/>\n<script type=\"application\/ld+json\" class=\"yoast-schema-graph\">{\"@context\":\"https:\/\/schema.org\",\"@graph\":[{\"@type\":\"Article\",\"@id\":\"https:\/\/portaltela.pt\/noticias\/2026\/03\/08\/casal-com-tres-filhos-vive-em-casa-com-tetos-a-cair-em-s-pedro-da-cova\/#article\",\"isPartOf\":{\"@id\":\"https:\/\/portaltela.pt\/noticias\/2026\/03\/08\/casal-com-tres-filhos-vive-em-casa-com-tetos-a-cair-em-s-pedro-da-cova\/\"},\"author\":{\"name\":\"Telinha\",\"@id\":\"https:\/\/portaltela.pt\/#\/schema\/person\/c4278d4a6028830caff9ee44b42d32ed\"},\"headline\":\"Casal com tr\u00eas filhos vive em casa com tetos a cair em S. Pedro da Cova\",\"datePublished\":\"2026-03-08T19:05:00+00:00\",\"mainEntityOfPage\":{\"@id\":\"https:\/\/portaltela.pt\/noticias\/2026\/03\/08\/casal-com-tres-filhos-vive-em-casa-com-tetos-a-cair-em-s-pedro-da-cova\/\"},\"wordCount\":259,\"image\":{\"@id\":\"https:\/\/portaltela.pt\/noticias\/2026\/03\/08\/casal-com-tres-filhos-vive-em-casa-com-tetos-a-cair-em-s-pedro-da-cova\/#primaryimage\"},\"thumbnailUrl\":\"https:\/\/portaltela.pt\/s.01k8rhncp4jt1\/2026\/03\/image-528.jpg\",\"keywords\":[\"desabrigos\",\"despejos\",\"habita\u00e7\u00e3o\",\"habita\u00e7\u00e3o p\u00fablica\",\"moradores\",\"realojamento\"],\"articleSection\":[\"Not\u00edcias\"],\"inLanguage\":\"pt-PT\"},{\"@type\":\"WebPage\",\"@id\":\"https:\/\/portaltela.pt\/noticias\/2026\/03\/08\/casal-com-tres-filhos-vive-em-casa-com-tetos-a-cair-em-s-pedro-da-cova\/\",\"url\":\"https:\/\/portaltela.pt\/noticias\/2026\/03\/08\/casal-com-tres-filhos-vive-em-casa-com-tetos-a-cair-em-s-pedro-da-cova\/\",\"name\":\"Casal com tr\u00eas filhos vive em casa com tetos a cair em S. Pedro da Cova - Portal Tela Portugal\",\"isPartOf\":{\"@id\":\"https:\/\/portaltela.pt\/#website\"},\"primaryImageOfPage\":{\"@id\":\"https:\/\/portaltela.pt\/noticias\/2026\/03\/08\/casal-com-tres-filhos-vive-em-casa-com-tetos-a-cair-em-s-pedro-da-cova\/#primaryimage\"},\"image\":{\"@id\":\"https:\/\/portaltela.pt\/noticias\/2026\/03\/08\/casal-com-tres-filhos-vive-em-casa-com-tetos-a-cair-em-s-pedro-da-cova\/#primaryimage\"},\"thumbnailUrl\":\"https:\/\/portaltela.pt\/s.01k8rhncp4jt1\/2026\/03\/image-528.jpg\",\"datePublished\":\"2026-03-08T19:05:00+00:00\",\"author\":{\"@id\":\"https:\/\/portaltela.pt\/#\/schema\/person\/c4278d4a6028830caff9ee44b42d32ed\"},\"breadcrumb\":{\"@id\":\"https:\/\/portaltela.pt\/noticias\/2026\/03\/08\/casal-com-tres-filhos-vive-em-casa-com-tetos-a-cair-em-s-pedro-da-cova\/#breadcrumb\"},\"inLanguage\":\"pt-PT\",\"potentialAction\":[{\"@type\":\"ReadAction\",\"target\":[\"https:\/\/portaltela.pt\/noticias\/2026\/03\/08\/casal-com-tres-filhos-vive-em-casa-com-tetos-a-cair-em-s-pedro-da-cova\/\"]}]},{\"@type\":\"ImageObject\",\"inLanguage\":\"pt-PT\",\"@id\":\"https:\/\/portaltela.pt\/noticias\/2026\/03\/08\/casal-com-tres-filhos-vive-em-casa-com-tetos-a-cair-em-s-pedro-da-cova\/#primaryimage\",\"url\":\"https:\/\/portaltela.pt\/s.01k8rhncp4jt1\/2026\/03\/image-528.jpg\",\"contentUrl\":\"https:\/\/portaltela.pt\/s.01k8rhncp4jt1\/2026\/03\/image-528.jpg\",\"width\":796,\"height\":448,\"caption\":\"Habita\u00e7\u00e3o est\u00e1 em muito m\u00e1s condi\u00e7\u00f5es\"},{\"@type\":\"BreadcrumbList\",\"@id\":\"https:\/\/portaltela.pt\/noticias\/2026\/03\/08\/casal-com-tres-filhos-vive-em-casa-com-tetos-a-cair-em-s-pedro-da-cova\/#breadcrumb\",\"itemListElement\":[{\"@type\":\"ListItem\",\"position\":1,\"name\":\"In\u00edcio\",\"item\":\"https:\/\/portaltela.pt\/\"},{\"@type\":\"ListItem\",\"position\":2,\"name\":\"Casal com tr\u00eas filhos vive em casa com tetos a cair em S. Pedro da Cova\"}]},{\"@type\":\"WebSite\",\"@id\":\"https:\/\/portaltela.pt\/#website\",\"url\":\"https:\/\/portaltela.pt\/\",\"name\":\"Portal Tela Portugal\",\"description\":\"\",\"potentialAction\":[{\"@type\":\"SearchAction\",\"target\":{\"@type\":\"EntryPoint\",\"urlTemplate\":\"https:\/\/portaltela.pt\/?s={search_term_string}\"},\"query-input\":{\"@type\":\"PropertyValueSpecification\",\"valueRequired\":true,\"valueName\":\"search_term_string\"}}],\"inLanguage\":\"pt-PT\"},{\"@type\":\"Person\",\"@id\":\"https:\/\/portaltela.pt\/#\/schema\/person\/c4278d4a6028830caff9ee44b42d32ed\",\"name\":\"Telinha\",\"image\":{\"@type\":\"ImageObject\",\"inLanguage\":\"pt-PT\",\"@id\":\"https:\/\/portaltela.pt\/s.01k8rhncp4jt1\/2025\/11\/talking-bot-125x125.png\",\"url\":\"https:\/\/portaltela.pt\/s.01k8rhncp4jt1\/2025\/11\/talking-bot-125x125.png\",\"contentUrl\":\"https:\/\/portaltela.pt\/s.01k8rhncp4jt1\/2025\/11\/talking-bot-125x125.png\",\"caption\":\"Telinha\"},\"sameAs\":[\"https:\/\/portaltela.pt\/\"],\"url\":\"https:\/\/portaltela.pt\/por\/367410592786\/\"}]}<\/script>\n<!-- \/ Yoast SEO plugin. -->","yoast_head_json":{"title":"Casal com tr\u00eas filhos vive em casa com tetos a cair em S. Pedro da Cova - Portal Tela Portugal","robots":{"index":"index","follow":"follow","max-snippet":"max-snippet:-1","max-image-preview":"max-image-preview:large","max-video-preview":"max-video-preview:-1"},"og_locale":"pt_PT","og_type":"article","og_title":"Casal com tr\u00eas filhos vive em casa com tetos a cair em S. Pedro da Cova - Portal Tela Portugal","og_description":"Em S. Pedro da Cova, um casal e os tr\u00eas filhos menores vivem numa habita\u00e7\u00e3o com tetos a cair e ch\u00e3o coberto de estuque desprendido. A sala e um quarto j\u00e1 apresentam telhas expostas e sinais de desabamento do teto. Os inquilinos, Bruno Seixas e Bruna Pinto, ocupam o im\u00f3vel h\u00e1 dez anos. A representante da propriet\u00e1ria sustenta que o mau estado resulta do uso indevido da habita\u00e7\u00e3o pelos inquilinos, e n\u00e3o de culpa sua. A fam\u00edlia afirma que a degrada\u00e7\u00e3o aumentou ap\u00f3s obras no telhado realizadas em mar\u00e7o de 2024.","og_url":"https:\/\/portaltela.pt\/noticias\/2026\/03\/08\/casal-com-tres-filhos-vive-em-casa-com-tetos-a-cair-em-s-pedro-da-cova\/","og_site_name":"Portal Tela Portugal","article_published_time":"2026-03-08T19:05:00+00:00","author":"Telinha","twitter_card":"summary_large_image","twitter_misc":{"Escrito por":"Telinha","Tempo estimado de leitura":"1 minuto"},"schema":{"@context":"https:\/\/schema.org","@graph":[{"@type":"Article","@id":"https:\/\/portaltela.pt\/noticias\/2026\/03\/08\/casal-com-tres-filhos-vive-em-casa-com-tetos-a-cair-em-s-pedro-da-cova\/#article","isPartOf":{"@id":"https:\/\/portaltela.pt\/noticias\/2026\/03\/08\/casal-com-tres-filhos-vive-em-casa-com-tetos-a-cair-em-s-pedro-da-cova\/"},"author":{"name":"Telinha","@id":"https:\/\/portaltela.pt\/#\/schema\/person\/c4278d4a6028830caff9ee44b42d32ed"},"headline":"Casal com tr\u00eas filhos vive em casa com tetos a cair em S. Pedro da Cova","datePublished":"2026-03-08T19:05:00+00:00","mainEntityOfPage":{"@id":"https:\/\/portaltela.pt\/noticias\/2026\/03\/08\/casal-com-tres-filhos-vive-em-casa-com-tetos-a-cair-em-s-pedro-da-cova\/"},"wordCount":259,"image":{"@id":"https:\/\/portaltela.pt\/noticias\/2026\/03\/08\/casal-com-tres-filhos-vive-em-casa-com-tetos-a-cair-em-s-pedro-da-cova\/#primaryimage"},"thumbnailUrl":"https:\/\/portaltela.pt\/s.01k8rhncp4jt1\/2026\/03\/image-528.jpg","keywords":["desabrigos","despejos","habita\u00e7\u00e3o","habita\u00e7\u00e3o p\u00fablica","moradores","realojamento"],"articleSection":["Not\u00edcias"],"inLanguage":"pt-PT"},{"@type":"WebPage","@id":"https:\/\/portaltela.pt\/noticias\/2026\/03\/08\/casal-com-tres-filhos-vive-em-casa-com-tetos-a-cair-em-s-pedro-da-cova\/","url":"https:\/\/portaltela.pt\/noticias\/2026\/03\/08\/casal-com-tres-filhos-vive-em-casa-com-tetos-a-cair-em-s-pedro-da-cova\/","name":"Casal com tr\u00eas filhos vive em casa com tetos a cair em S. Pedro da Cova - Portal Tela Portugal","isPartOf":{"@id":"https:\/\/portaltela.pt\/#website"},"primaryImageOfPage":{"@id":"https:\/\/portaltela.pt\/noticias\/2026\/03\/08\/casal-com-tres-filhos-vive-em-casa-com-tetos-a-cair-em-s-pedro-da-cova\/#primaryimage"},"image":{"@id":"https:\/\/portaltela.pt\/noticias\/2026\/03\/08\/casal-com-tres-filhos-vive-em-casa-com-tetos-a-cair-em-s-pedro-da-cova\/#primaryimage"},"thumbnailUrl":"https:\/\/portaltela.pt\/s.01k8rhncp4jt1\/2026\/03\/image-528.jpg","datePublished":"2026-03-08T19:05:00+00:00","author":{"@id":"https:\/\/portaltela.pt\/#\/schema\/person\/c4278d4a6028830caff9ee44b42d32ed"},"breadcrumb":{"@id":"https:\/\/portaltela.pt\/noticias\/2026\/03\/08\/casal-com-tres-filhos-vive-em-casa-com-tetos-a-cair-em-s-pedro-da-cova\/#breadcrumb"},"inLanguage":"pt-PT","potentialAction":[{"@type":"ReadAction","target":["https:\/\/portaltela.pt\/noticias\/2026\/03\/08\/casal-com-tres-filhos-vive-em-casa-com-tetos-a-cair-em-s-pedro-da-cova\/"]}]},{"@type":"ImageObject","inLanguage":"pt-PT","@id":"https:\/\/portaltela.pt\/noticias\/2026\/03\/08\/casal-com-tres-filhos-vive-em-casa-com-tetos-a-cair-em-s-pedro-da-cova\/#primaryimage","url":"https:\/\/portaltela.pt\/s.01k8rhncp4jt1\/2026\/03\/image-528.jpg","contentUrl":"https:\/\/portaltela.pt\/s.01k8rhncp4jt1\/2026\/03\/image-528.jpg","width":796,"height":448,"caption":"Habita\u00e7\u00e3o est\u00e1 em muito m\u00e1s condi\u00e7\u00f5es"},{"@type":"BreadcrumbList","@id":"https:\/\/portaltela.pt\/noticias\/2026\/03\/08\/casal-com-tres-filhos-vive-em-casa-com-tetos-a-cair-em-s-pedro-da-cova\/#breadcrumb","itemListElement":[{"@type":"ListItem","position":1,"name":"In\u00edcio","item":"https:\/\/portaltela.pt\/"},{"@type":"ListItem","position":2,"name":"Casal com tr\u00eas filhos vive em casa com tetos a cair em S. Pedro da Cova"}]},{"@type":"WebSite","@id":"https:\/\/portaltela.pt\/#website","url":"https:\/\/portaltela.pt\/","name":"Portal Tela Portugal","description":"","potentialAction":[{"@type":"SearchAction","target":{"@type":"EntryPoint","urlTemplate":"https:\/\/portaltela.pt\/?s={search_term_string}"},"query-input":{"@type":"PropertyValueSpecification","valueRequired":true,"valueName":"search_term_string"}}],"inLanguage":"pt-PT"},{"@type":"Person","@id":"https:\/\/portaltela.pt\/#\/schema\/person\/c4278d4a6028830caff9ee44b42d32ed","name":"Telinha","image":{"@type":"ImageObject","inLanguage":"pt-PT","@id":"https:\/\/portaltela.pt\/s.01k8rhncp4jt1\/2025\/11\/talking-bot-125x125.png","url":"https:\/\/portaltela.pt\/s.01k8rhncp4jt1\/2025\/11\/talking-bot-125x125.png","contentUrl":"https:\/\/portaltela.pt\/s.01k8rhncp4jt1\/2025\/11\/talking-bot-125x125.png","caption":"Telinha"},"sameAs":["https:\/\/portaltela.pt\/"],"url":"https:\/\/portaltela.pt\/por\/367410592786\/"}]}},"_links":{"self":[{"href":"https:\/\/portaltela.pt\/api\/wp\/v2\/posts\/402554","targetHints":{"allow":["GET"]}}],"collection":[{"href":"https:\/\/portaltela.pt\/api\/wp\/v2\/posts"}],"about":[{"href":"https:\/\/portaltela.pt\/api\/wp\/v2\/types\/post"}],"author":[{"embeddable":true,"href":"https:\/\/portaltela.pt\/api\/wp\/v2\/users\/2"}],"replies":[{"embeddable":true,"href":"https:\/\/portaltela.pt\/api\/wp\/v2\/comments?post=402554"}],"version-history":[{"count":0,"href":"https:\/\/portaltela.pt\/api\/wp\/v2\/posts\/402554\/revisions"}],"wp:featuredmedia":[{"embeddable":true,"href":"https:\/\/portaltela.pt\/api\/wp\/v2\/media\/402557"}],"wp:attachment":[{"href":"https:\/\/portaltela.pt\/api\/wp\/v2\/media?parent=402554"}],"wp:term":[{"taxonomy":"category","embeddable":true,"href":"https:\/\/portaltela.pt\/api\/wp\/v2\/categories?post=402554"},{"taxonomy":"post_tag","embeddable":true,"href":"https:\/\/portaltela.pt\/api\/wp\/v2\/tags?post=402554"}],"curies":[{"name":"wp","href":"https:\/\/api.w.org\/{rel}","templated":true}]}}