{"id":402531,"date":"2026-03-08T15:14:00","date_gmt":"2026-03-08T18:14:00","guid":{"rendered":"https:\/\/portaltela.pt\/noticias\/2026\/03\/08\/comandantes-dos-bombeiros-acusados-de-desviar-verbas-dos-incendios\/"},"modified":"2026-03-08T15:14:00","modified_gmt":"2026-03-08T18:14:00","slug":"comandantes-dos-bombeiros-acusados-de-desviar-verbas-dos-incendios","status":"publish","type":"post","link":"https:\/\/portaltela.pt\/noticias\/2026\/03\/08\/comandantes-dos-bombeiros-acusados-de-desviar-verbas-dos-incendios\/","title":{"rendered":"Comandantes dos bombeiros acusados de desviar verbas dos inc\u00eandios"},"content":{"rendered":"<p>O Tribunal de Bragan\u00e7a iniciou, na \u00faltima semana, o julgamento dos comandantes dos Bombeiros Volunt\u00e1rios de Macedo de Cavaleiros e do antigo segundo comandante. O Minist\u00e9rio P\u00fablico acusa-os de peculato, falsifica\u00e7\u00e3o de documentos agravada e abuso de poder.<\/p>\n<p>Segundo o MP, entre 2012 e 2014 os arguidos teriam apropriado 63.798,50 euros que tinham sido transferidos para a corpora\u00e7\u00e3o pela Autoridade Nacional de Emerg\u00eancia e Prote\u00e7\u00e3o Civil (ANEPC). Os acusados negam qualquer desvio.<\/p>\n<p>O processo envolve a utiliza\u00e7\u00e3o de verbas destinadas a emerg\u00eancias. O julgamento decorre em Bragan\u00e7a e continua a desenvolver-se com a an\u00e1lise de documentos e depoimentos.<\/p>\n","protected":false},"excerpt":{"rendered":"<ul>\n<li>O Tribunal de Bragan\u00e7a come\u00e7ou a julgar o comandante dos Bombeiros Volunt\u00e1rios de Macedo de Cavaleiros e o antigo segundo comandante, acusados pelo Minist\u00e9rio P\u00fablico de peculato, falsifica\u00e7\u00e3o de documentos agravado e abuso de poder.<\/li>\n<li>O MP sustenta que, entre 2012 e 2014, os arguidos se apropriaram de 63.798,50 euros transferidos para a corpora\u00e7\u00e3o pela Autoridade Nacional de Emerg\u00eancia e Prote\u00e7\u00e3o Civil (ANEPC).<\/li>\n<li>Os arguidos negam qualquer desvio.<\/li>\n<li>A acusa\u00e7\u00e3o envolve irregularidades ocorridas no per\u00edodo em que ocuparam posi\u00e7\u00f5es de comando na corpora\u00e7\u00e3o.<\/li>\n<li>O julgamento ocorre na mesma institui\u00e7\u00e3o onde foram apresentadas as acusa\u00e7\u00f5es, com a defesa a contestar os fundamentos da acusa\u00e7\u00e3o.<\/li>\n<\/ul>\n","protected":false},"author":2,"featured_media":402537,"comment_status":"closed","ping_status":"closed","sticky":false,"template":"","format":"standard","meta":{"footnotes":""},"categories":[1],"tags":[212,4351,906,260,5896,259],"class_list":["post-402531","post","type-post","status-publish","format-standard","has-post-thumbnail","hentry","category-noticias","tag-abuso-de-poder","tag-bombeiros-voluntarios","tag-braganca","tag-falsificacao-de-documentos","tag-macedo-de-cavaleiros","tag-peculato"],"yoast_head":"<!-- This site is optimized with the Yoast SEO plugin v27.2 - https:\/\/yoast.com\/product\/yoast-seo-wordpress\/ -->\n<title>Comandantes dos bombeiros acusados de desviar verbas dos inc\u00eandios - Portal Tela Portugal<\/title>\n<meta name=\"robots\" content=\"index, follow, max-snippet:-1, max-image-preview:large, max-video-preview:-1\" \/>\n<meta property=\"og:locale\" content=\"pt_PT\" \/>\n<meta property=\"og:type\" content=\"article\" \/>\n<meta property=\"og:title\" content=\"Comandantes dos bombeiros acusados de desviar verbas dos inc\u00eandios - Portal Tela Portugal\" \/>\n<meta property=\"og:description\" content=\"O Tribunal de Bragan\u00e7a come\u00e7ou a julgar o comandante dos Bombeiros Volunt\u00e1rios de Macedo de Cavaleiros e o antigo segundo comandante, acusados pelo Minist\u00e9rio P\u00fablico de peculato, falsifica\u00e7\u00e3o de documentos agravado e abuso de poder. O MP sustenta que, entre 2012 e 2014, os arguidos se apropriaram de 63.798,50 euros transferidos para a corpora\u00e7\u00e3o pela Autoridade Nacional de Emerg\u00eancia e Prote\u00e7\u00e3o Civil (ANEPC). Os arguidos negam qualquer desvio. A acusa\u00e7\u00e3o envolve irregularidades ocorridas no per\u00edodo em que ocuparam posi\u00e7\u00f5es de comando na corpora\u00e7\u00e3o. O julgamento ocorre na mesma institui\u00e7\u00e3o onde foram apresentadas as acusa\u00e7\u00f5es, com a defesa a contestar os fundamentos da acusa\u00e7\u00e3o.\" \/>\n<meta property=\"og:url\" content=\"https:\/\/portaltela.pt\/noticias\/2026\/03\/08\/comandantes-dos-bombeiros-acusados-de-desviar-verbas-dos-incendios\/\" \/>\n<meta property=\"og:site_name\" content=\"Portal Tela Portugal\" \/>\n<meta property=\"article:published_time\" content=\"2026-03-08T18:14:00+00:00\" \/>\n<meta name=\"author\" content=\"Telinha\" \/>\n<meta name=\"twitter:card\" content=\"summary_large_image\" \/>\n<meta name=\"twitter:label1\" content=\"Escrito por\" \/>\n\t<meta name=\"twitter:data1\" content=\"Telinha\" \/>\n\t<meta name=\"twitter:label2\" content=\"Tempo estimado de leitura\" \/>\n\t<meta name=\"twitter:data2\" content=\"1 minuto\" \/>\n<script type=\"application\/ld+json\" class=\"yoast-schema-graph\">{\"@context\":\"https:\/\/schema.org\",\"@graph\":[{\"@type\":\"Article\",\"@id\":\"https:\/\/portaltela.pt\/noticias\/2026\/03\/08\/comandantes-dos-bombeiros-acusados-de-desviar-verbas-dos-incendios\/#article\",\"isPartOf\":{\"@id\":\"https:\/\/portaltela.pt\/noticias\/2026\/03\/08\/comandantes-dos-bombeiros-acusados-de-desviar-verbas-dos-incendios\/\"},\"author\":{\"name\":\"Telinha\",\"@id\":\"https:\/\/portaltela.pt\/#\/schema\/person\/c4278d4a6028830caff9ee44b42d32ed\"},\"headline\":\"Comandantes dos bombeiros acusados de desviar verbas dos inc\u00eandios\",\"datePublished\":\"2026-03-08T18:14:00+00:00\",\"mainEntityOfPage\":{\"@id\":\"https:\/\/portaltela.pt\/noticias\/2026\/03\/08\/comandantes-dos-bombeiros-acusados-de-desviar-verbas-dos-incendios\/\"},\"wordCount\":117,\"image\":{\"@id\":\"https:\/\/portaltela.pt\/noticias\/2026\/03\/08\/comandantes-dos-bombeiros-acusados-de-desviar-verbas-dos-incendios\/#primaryimage\"},\"thumbnailUrl\":\"https:\/\/portaltela.pt\/s.01k8rhncp4jt1\/2026\/03\/e636a126-09ad-4b40-b08f-5ab104070224_1200x675.jpg\",\"keywords\":[\"abuso de poder\",\"Bombeiros Volunt\u00e1rios\",\"Bragan\u00e7a\",\"falsifica\u00e7\u00e3o de documentos\",\"MACEDO DE CAVALEIROS\",\"peculato\"],\"articleSection\":[\"Not\u00edcias\"],\"inLanguage\":\"pt-PT\"},{\"@type\":\"WebPage\",\"@id\":\"https:\/\/portaltela.pt\/noticias\/2026\/03\/08\/comandantes-dos-bombeiros-acusados-de-desviar-verbas-dos-incendios\/\",\"url\":\"https:\/\/portaltela.pt\/noticias\/2026\/03\/08\/comandantes-dos-bombeiros-acusados-de-desviar-verbas-dos-incendios\/\",\"name\":\"Comandantes dos bombeiros acusados de desviar verbas dos inc\u00eandios - Portal Tela Portugal\",\"isPartOf\":{\"@id\":\"https:\/\/portaltela.pt\/#website\"},\"primaryImageOfPage\":{\"@id\":\"https:\/\/portaltela.pt\/noticias\/2026\/03\/08\/comandantes-dos-bombeiros-acusados-de-desviar-verbas-dos-incendios\/#primaryimage\"},\"image\":{\"@id\":\"https:\/\/portaltela.pt\/noticias\/2026\/03\/08\/comandantes-dos-bombeiros-acusados-de-desviar-verbas-dos-incendios\/#primaryimage\"},\"thumbnailUrl\":\"https:\/\/portaltela.pt\/s.01k8rhncp4jt1\/2026\/03\/e636a126-09ad-4b40-b08f-5ab104070224_1200x675.jpg\",\"datePublished\":\"2026-03-08T18:14:00+00:00\",\"author\":{\"@id\":\"https:\/\/portaltela.pt\/#\/schema\/person\/c4278d4a6028830caff9ee44b42d32ed\"},\"breadcrumb\":{\"@id\":\"https:\/\/portaltela.pt\/noticias\/2026\/03\/08\/comandantes-dos-bombeiros-acusados-de-desviar-verbas-dos-incendios\/#breadcrumb\"},\"inLanguage\":\"pt-PT\",\"potentialAction\":[{\"@type\":\"ReadAction\",\"target\":[\"https:\/\/portaltela.pt\/noticias\/2026\/03\/08\/comandantes-dos-bombeiros-acusados-de-desviar-verbas-dos-incendios\/\"]}]},{\"@type\":\"ImageObject\",\"inLanguage\":\"pt-PT\",\"@id\":\"https:\/\/portaltela.pt\/noticias\/2026\/03\/08\/comandantes-dos-bombeiros-acusados-de-desviar-verbas-dos-incendios\/#primaryimage\",\"url\":\"https:\/\/portaltela.pt\/s.01k8rhncp4jt1\/2026\/03\/e636a126-09ad-4b40-b08f-5ab104070224_1200x675.jpg\",\"contentUrl\":\"https:\/\/portaltela.pt\/s.01k8rhncp4jt1\/2026\/03\/e636a126-09ad-4b40-b08f-5ab104070224_1200x675.jpg\",\"width\":796,\"height\":448,\"caption\":\"Crimes ter\u00e3o ocorrido nos inc\u00eandios de 2012 a 2014\"},{\"@type\":\"BreadcrumbList\",\"@id\":\"https:\/\/portaltela.pt\/noticias\/2026\/03\/08\/comandantes-dos-bombeiros-acusados-de-desviar-verbas-dos-incendios\/#breadcrumb\",\"itemListElement\":[{\"@type\":\"ListItem\",\"position\":1,\"name\":\"In\u00edcio\",\"item\":\"https:\/\/portaltela.pt\/\"},{\"@type\":\"ListItem\",\"position\":2,\"name\":\"Comandantes dos bombeiros acusados de desviar verbas dos inc\u00eandios\"}]},{\"@type\":\"WebSite\",\"@id\":\"https:\/\/portaltela.pt\/#website\",\"url\":\"https:\/\/portaltela.pt\/\",\"name\":\"Portal Tela Portugal\",\"description\":\"\",\"potentialAction\":[{\"@type\":\"SearchAction\",\"target\":{\"@type\":\"EntryPoint\",\"urlTemplate\":\"https:\/\/portaltela.pt\/?s={search_term_string}\"},\"query-input\":{\"@type\":\"PropertyValueSpecification\",\"valueRequired\":true,\"valueName\":\"search_term_string\"}}],\"inLanguage\":\"pt-PT\"},{\"@type\":\"Person\",\"@id\":\"https:\/\/portaltela.pt\/#\/schema\/person\/c4278d4a6028830caff9ee44b42d32ed\",\"name\":\"Telinha\",\"image\":{\"@type\":\"ImageObject\",\"inLanguage\":\"pt-PT\",\"@id\":\"https:\/\/portaltela.pt\/s.01k8rhncp4jt1\/2025\/11\/talking-bot-125x125.png\",\"url\":\"https:\/\/portaltela.pt\/s.01k8rhncp4jt1\/2025\/11\/talking-bot-125x125.png\",\"contentUrl\":\"https:\/\/portaltela.pt\/s.01k8rhncp4jt1\/2025\/11\/talking-bot-125x125.png\",\"caption\":\"Telinha\"},\"sameAs\":[\"https:\/\/portaltela.pt\/\"],\"url\":\"https:\/\/portaltela.pt\/por\/367410592786\/\"}]}<\/script>\n<!-- \/ Yoast SEO plugin. -->","yoast_head_json":{"title":"Comandantes dos bombeiros acusados de desviar verbas dos inc\u00eandios - Portal Tela Portugal","robots":{"index":"index","follow":"follow","max-snippet":"max-snippet:-1","max-image-preview":"max-image-preview:large","max-video-preview":"max-video-preview:-1"},"og_locale":"pt_PT","og_type":"article","og_title":"Comandantes dos bombeiros acusados de desviar verbas dos inc\u00eandios - Portal Tela Portugal","og_description":"O Tribunal de Bragan\u00e7a come\u00e7ou a julgar o comandante dos Bombeiros Volunt\u00e1rios de Macedo de Cavaleiros e o antigo segundo comandante, acusados pelo Minist\u00e9rio P\u00fablico de peculato, falsifica\u00e7\u00e3o de documentos agravado e abuso de poder. O MP sustenta que, entre 2012 e 2014, os arguidos se apropriaram de 63.798,50 euros transferidos para a corpora\u00e7\u00e3o pela Autoridade Nacional de Emerg\u00eancia e Prote\u00e7\u00e3o Civil (ANEPC). Os arguidos negam qualquer desvio. A acusa\u00e7\u00e3o envolve irregularidades ocorridas no per\u00edodo em que ocuparam posi\u00e7\u00f5es de comando na corpora\u00e7\u00e3o. O julgamento ocorre na mesma institui\u00e7\u00e3o onde foram apresentadas as acusa\u00e7\u00f5es, com a defesa a contestar os fundamentos da acusa\u00e7\u00e3o.","og_url":"https:\/\/portaltela.pt\/noticias\/2026\/03\/08\/comandantes-dos-bombeiros-acusados-de-desviar-verbas-dos-incendios\/","og_site_name":"Portal Tela Portugal","article_published_time":"2026-03-08T18:14:00+00:00","author":"Telinha","twitter_card":"summary_large_image","twitter_misc":{"Escrito por":"Telinha","Tempo estimado de leitura":"1 minuto"},"schema":{"@context":"https:\/\/schema.org","@graph":[{"@type":"Article","@id":"https:\/\/portaltela.pt\/noticias\/2026\/03\/08\/comandantes-dos-bombeiros-acusados-de-desviar-verbas-dos-incendios\/#article","isPartOf":{"@id":"https:\/\/portaltela.pt\/noticias\/2026\/03\/08\/comandantes-dos-bombeiros-acusados-de-desviar-verbas-dos-incendios\/"},"author":{"name":"Telinha","@id":"https:\/\/portaltela.pt\/#\/schema\/person\/c4278d4a6028830caff9ee44b42d32ed"},"headline":"Comandantes dos bombeiros acusados de desviar verbas dos inc\u00eandios","datePublished":"2026-03-08T18:14:00+00:00","mainEntityOfPage":{"@id":"https:\/\/portaltela.pt\/noticias\/2026\/03\/08\/comandantes-dos-bombeiros-acusados-de-desviar-verbas-dos-incendios\/"},"wordCount":117,"image":{"@id":"https:\/\/portaltela.pt\/noticias\/2026\/03\/08\/comandantes-dos-bombeiros-acusados-de-desviar-verbas-dos-incendios\/#primaryimage"},"thumbnailUrl":"https:\/\/portaltela.pt\/s.01k8rhncp4jt1\/2026\/03\/e636a126-09ad-4b40-b08f-5ab104070224_1200x675.jpg","keywords":["abuso de poder","Bombeiros Volunt\u00e1rios","Bragan\u00e7a","falsifica\u00e7\u00e3o de documentos","MACEDO DE CAVALEIROS","peculato"],"articleSection":["Not\u00edcias"],"inLanguage":"pt-PT"},{"@type":"WebPage","@id":"https:\/\/portaltela.pt\/noticias\/2026\/03\/08\/comandantes-dos-bombeiros-acusados-de-desviar-verbas-dos-incendios\/","url":"https:\/\/portaltela.pt\/noticias\/2026\/03\/08\/comandantes-dos-bombeiros-acusados-de-desviar-verbas-dos-incendios\/","name":"Comandantes dos bombeiros acusados de desviar verbas dos inc\u00eandios - Portal Tela Portugal","isPartOf":{"@id":"https:\/\/portaltela.pt\/#website"},"primaryImageOfPage":{"@id":"https:\/\/portaltela.pt\/noticias\/2026\/03\/08\/comandantes-dos-bombeiros-acusados-de-desviar-verbas-dos-incendios\/#primaryimage"},"image":{"@id":"https:\/\/portaltela.pt\/noticias\/2026\/03\/08\/comandantes-dos-bombeiros-acusados-de-desviar-verbas-dos-incendios\/#primaryimage"},"thumbnailUrl":"https:\/\/portaltela.pt\/s.01k8rhncp4jt1\/2026\/03\/e636a126-09ad-4b40-b08f-5ab104070224_1200x675.jpg","datePublished":"2026-03-08T18:14:00+00:00","author":{"@id":"https:\/\/portaltela.pt\/#\/schema\/person\/c4278d4a6028830caff9ee44b42d32ed"},"breadcrumb":{"@id":"https:\/\/portaltela.pt\/noticias\/2026\/03\/08\/comandantes-dos-bombeiros-acusados-de-desviar-verbas-dos-incendios\/#breadcrumb"},"inLanguage":"pt-PT","potentialAction":[{"@type":"ReadAction","target":["https:\/\/portaltela.pt\/noticias\/2026\/03\/08\/comandantes-dos-bombeiros-acusados-de-desviar-verbas-dos-incendios\/"]}]},{"@type":"ImageObject","inLanguage":"pt-PT","@id":"https:\/\/portaltela.pt\/noticias\/2026\/03\/08\/comandantes-dos-bombeiros-acusados-de-desviar-verbas-dos-incendios\/#primaryimage","url":"https:\/\/portaltela.pt\/s.01k8rhncp4jt1\/2026\/03\/e636a126-09ad-4b40-b08f-5ab104070224_1200x675.jpg","contentUrl":"https:\/\/portaltela.pt\/s.01k8rhncp4jt1\/2026\/03\/e636a126-09ad-4b40-b08f-5ab104070224_1200x675.jpg","width":796,"height":448,"caption":"Crimes ter\u00e3o ocorrido nos inc\u00eandios de 2012 a 2014"},{"@type":"BreadcrumbList","@id":"https:\/\/portaltela.pt\/noticias\/2026\/03\/08\/comandantes-dos-bombeiros-acusados-de-desviar-verbas-dos-incendios\/#breadcrumb","itemListElement":[{"@type":"ListItem","position":1,"name":"In\u00edcio","item":"https:\/\/portaltela.pt\/"},{"@type":"ListItem","position":2,"name":"Comandantes dos bombeiros acusados de desviar verbas dos inc\u00eandios"}]},{"@type":"WebSite","@id":"https:\/\/portaltela.pt\/#website","url":"https:\/\/portaltela.pt\/","name":"Portal Tela Portugal","description":"","potentialAction":[{"@type":"SearchAction","target":{"@type":"EntryPoint","urlTemplate":"https:\/\/portaltela.pt\/?s={search_term_string}"},"query-input":{"@type":"PropertyValueSpecification","valueRequired":true,"valueName":"search_term_string"}}],"inLanguage":"pt-PT"},{"@type":"Person","@id":"https:\/\/portaltela.pt\/#\/schema\/person\/c4278d4a6028830caff9ee44b42d32ed","name":"Telinha","image":{"@type":"ImageObject","inLanguage":"pt-PT","@id":"https:\/\/portaltela.pt\/s.01k8rhncp4jt1\/2025\/11\/talking-bot-125x125.png","url":"https:\/\/portaltela.pt\/s.01k8rhncp4jt1\/2025\/11\/talking-bot-125x125.png","contentUrl":"https:\/\/portaltela.pt\/s.01k8rhncp4jt1\/2025\/11\/talking-bot-125x125.png","caption":"Telinha"},"sameAs":["https:\/\/portaltela.pt\/"],"url":"https:\/\/portaltela.pt\/por\/367410592786\/"}]}},"_links":{"self":[{"href":"https:\/\/portaltela.pt\/api\/wp\/v2\/posts\/402531","targetHints":{"allow":["GET"]}}],"collection":[{"href":"https:\/\/portaltela.pt\/api\/wp\/v2\/posts"}],"about":[{"href":"https:\/\/portaltela.pt\/api\/wp\/v2\/types\/post"}],"author":[{"embeddable":true,"href":"https:\/\/portaltela.pt\/api\/wp\/v2\/users\/2"}],"replies":[{"embeddable":true,"href":"https:\/\/portaltela.pt\/api\/wp\/v2\/comments?post=402531"}],"version-history":[{"count":0,"href":"https:\/\/portaltela.pt\/api\/wp\/v2\/posts\/402531\/revisions"}],"wp:featuredmedia":[{"embeddable":true,"href":"https:\/\/portaltela.pt\/api\/wp\/v2\/media\/402537"}],"wp:attachment":[{"href":"https:\/\/portaltela.pt\/api\/wp\/v2\/media?parent=402531"}],"wp:term":[{"taxonomy":"category","embeddable":true,"href":"https:\/\/portaltela.pt\/api\/wp\/v2\/categories?post=402531"},{"taxonomy":"post_tag","embeddable":true,"href":"https:\/\/portaltela.pt\/api\/wp\/v2\/tags?post=402531"}],"curies":[{"name":"wp","href":"https:\/\/api.w.org\/{rel}","templated":true}]}}