{"id":402518,"date":"2026-03-08T15:01:00","date_gmt":"2026-03-08T18:01:00","guid":{"rendered":"https:\/\/portaltela.pt\/noticias\/2026\/03\/08\/governo-argentino-encerra-politicas-de-igualdade-de-genero-no-dia-da-mulher\/"},"modified":"2026-03-08T15:01:00","modified_gmt":"2026-03-08T18:01:00","slug":"governo-argentino-encerra-politicas-de-igualdade-de-genero-no-dia-da-mulher","status":"publish","type":"post","link":"https:\/\/portaltela.pt\/saude\/2026\/03\/08\/governo-argentino-encerra-politicas-de-igualdade-de-genero-no-dia-da-mulher\/","title":{"rendered":"Governo argentino encerra pol\u00edticas de igualdade de g\u00e9nero no Dia da Mulher"},"content":{"rendered":"<p>O Governo argentino, liderado por Javier Milei, celebrou neste Domingo da Mulher o desmantelamento de v\u00e1rias pol\u00edticas de igualdade de g\u00e9nero criadas em administra\u00e7\u00f5es anteriores. O an\u00fancio ocorreu no \u00e2mbito do Dia Internacional da Mulher, a 8 de mar\u00e7o, em Buenos Aires.<\/p>\n<p>Desde dezembro de 2023, o Executivo tem avan\u00e7ado com a retirada de institui\u00e7\u00f5es, programas e regulamentos destinados a promover direitos de mulheres e da comunidade LGBTI+. Entre as medidas, destaca-se o encerramento da Subsecretaria de Prote\u00e7\u00e3o contra a Viol\u00eancia de G\u00e9nero, extinta em junho de 2024, o que deixou o pa\u00eds sem uma ag\u00eancia nacional dedicada a estas causas pela primeira vez em 37 anos.<\/p>\n<p>Segundo organiza\u00e7\u00f5es internacionais, o or\u00e7amento dos principais programas de preven\u00e7\u00e3o e combate \u00e0 viol\u00eancia de g\u00e9nero caiu 89% desde 2023. Treze programas estatais foram eliminados, incluindo servi\u00e7os de apoio em casos cr\u00edticos de viol\u00eancia e um mecanismo de acesso \u00e0 justi\u00e7a que prestou apoio jur\u00eddico e psicossocial a mais de 59 mil mulheres e pessoas com identidades de g\u00e9nero diversas entre julho de 2023 e fevereiro de 2024.<\/p>\n<h3>Impacto e n\u00fameros<\/h3>\n<p>A Amnistia Internacional apontou ainda agravamento das barreiras ao aborto, com 2025 a registar um aumento de den\u00fancias relativas a obst\u00e1culos ao acesso a servi\u00e7os reprodutivos. Registos de viol\u00eancia de g\u00e9nero, incluindo feminic\u00eddios, mant\u00eam-se elevados, com relatos de casos graves nas linhas de 2024 para 2025. Em 2025 tamb\u00e9m foram referidos m\u00faltiplos casos de viol\u00eancia contra jovens, elevando o n\u00famero de v\u00edtimas e de fam\u00edlias afetadas.<\/p>\n","protected":false},"excerpt":{"rendered":"<ul>\n<li>O Governo argentino de Javier Milei celebrou no Dia Internacional da Mulher o fim de pol\u00edticas de igualdade de g\u00e9nero criadas por governos anteriores.<\/li>\n<li>Desde dezembro de 2023, o Executivo tem desmantelado institui\u00e7\u00f5es, programas e regulamentos destinados a direitos de mulheres e da comunidade LGBTI+.<\/li>\n<li>Com o encerramento da Subsecretaria de Prote\u00e7\u00e3o contra Viol\u00eancia de G\u00e9nero, o Estado ficou pela primeira vez em 37 anos sem uma ag\u00eancia nacional dedicada aos direitos das mulheres (fechou em junho de 2024).<\/li>\n<li>A Amnistia Internacional indica uma redu\u00e7\u00e3o de oitenta e nove por cento no or\u00e7amento de programas de preven\u00e7\u00e3o e combate \u00e0 viol\u00eancia de g\u00e9nero desde 2023, com treze programas eliminados.<\/li>\n<li>A organiza\u00e7\u00e3o tamb\u00e9m alerta para maior dificuldade de acesso ao aborto e registos de feminic\u00eddios e de crian\u00e7as \u00f3rf\u00e3s causados pela viol\u00eancia de g\u00e9nero, com n\u00fameros de 2025 acima dos de 2024.<\/li>\n<\/ul>\n","protected":false},"author":2,"featured_media":402523,"comment_status":"closed","ping_status":"closed","sticky":false,"template":"","format":"standard","meta":{"footnotes":""},"categories":[1,6745],"tags":[1730,2732,5282,2633,6165,1165],"class_list":["post-402518","post","type-post","status-publish","format-standard","has-post-thumbnail","hentry","category-noticias","category-saude","tag-amnistia-internacional","tag-argentina","tag-direitos-da-mulher","tag-direitos-humanos","tag-pessoas-lgbt","tag-violencia-de-genero"],"yoast_head":"<!-- This site is optimized with the Yoast SEO plugin v27.2 - https:\/\/yoast.com\/product\/yoast-seo-wordpress\/ -->\n<title>Governo argentino encerra pol\u00edticas de igualdade de g\u00e9nero no Dia da Mulher - Portal Tela Portugal<\/title>\n<meta name=\"robots\" content=\"index, follow, max-snippet:-1, max-image-preview:large, max-video-preview:-1\" \/>\n<meta property=\"og:locale\" content=\"pt_PT\" \/>\n<meta property=\"og:type\" content=\"article\" \/>\n<meta property=\"og:title\" content=\"Governo argentino encerra pol\u00edticas de igualdade de g\u00e9nero no Dia da Mulher - Portal Tela Portugal\" \/>\n<meta property=\"og:description\" content=\"O Governo argentino de Javier Milei celebrou no Dia Internacional da Mulher o fim de pol\u00edticas de igualdade de g\u00e9nero criadas por governos anteriores. Desde dezembro de 2023, o Executivo tem desmantelado institui\u00e7\u00f5es, programas e regulamentos destinados a direitos de mulheres e da comunidade LGBTI+. Com o encerramento da Subsecretaria de Prote\u00e7\u00e3o contra Viol\u00eancia de G\u00e9nero, o Estado ficou pela primeira vez em 37 anos sem uma ag\u00eancia nacional dedicada aos direitos das mulheres (fechou em junho de 2024). A Amnistia Internacional indica uma redu\u00e7\u00e3o de oitenta e nove por cento no or\u00e7amento de programas de preven\u00e7\u00e3o e combate \u00e0 viol\u00eancia de g\u00e9nero desde 2023, com treze programas eliminados. A organiza\u00e7\u00e3o tamb\u00e9m alerta para maior dificuldade de acesso ao aborto e registos de feminic\u00eddios e de crian\u00e7as \u00f3rf\u00e3s causados pela viol\u00eancia de g\u00e9nero, com n\u00fameros de 2025 acima dos de 2024.\" \/>\n<meta property=\"og:url\" content=\"https:\/\/portaltela.pt\/noticias\/2026\/03\/08\/governo-argentino-encerra-politicas-de-igualdade-de-genero-no-dia-da-mulher\/\" \/>\n<meta property=\"og:site_name\" content=\"Portal Tela Portugal\" \/>\n<meta property=\"article:published_time\" content=\"2026-03-08T18:01:00+00:00\" \/>\n<meta name=\"author\" content=\"Telinha\" \/>\n<meta name=\"twitter:card\" content=\"summary_large_image\" \/>\n<meta name=\"twitter:label1\" content=\"Escrito por\" \/>\n\t<meta name=\"twitter:data1\" content=\"Telinha\" \/>\n\t<meta name=\"twitter:label2\" content=\"Tempo estimado de leitura\" \/>\n\t<meta name=\"twitter:data2\" content=\"1 minuto\" \/>\n<script type=\"application\/ld+json\" class=\"yoast-schema-graph\">{\"@context\":\"https:\/\/schema.org\",\"@graph\":[{\"@type\":\"Article\",\"@id\":\"https:\/\/portaltela.pt\/noticias\/2026\/03\/08\/governo-argentino-encerra-politicas-de-igualdade-de-genero-no-dia-da-mulher\/#article\",\"isPartOf\":{\"@id\":\"https:\/\/portaltela.pt\/noticias\/2026\/03\/08\/governo-argentino-encerra-politicas-de-igualdade-de-genero-no-dia-da-mulher\/\"},\"author\":{\"name\":\"Telinha\",\"@id\":\"https:\/\/portaltela.pt\/#\/schema\/person\/c4278d4a6028830caff9ee44b42d32ed\"},\"headline\":\"Governo argentino encerra pol\u00edticas de igualdade de g\u00e9nero no Dia da Mulher\",\"datePublished\":\"2026-03-08T18:01:00+00:00\",\"mainEntityOfPage\":{\"@id\":\"https:\/\/portaltela.pt\/noticias\/2026\/03\/08\/governo-argentino-encerra-politicas-de-igualdade-de-genero-no-dia-da-mulher\/\"},\"wordCount\":281,\"image\":{\"@id\":\"https:\/\/portaltela.pt\/noticias\/2026\/03\/08\/governo-argentino-encerra-politicas-de-igualdade-de-genero-no-dia-da-mulher\/#primaryimage\"},\"thumbnailUrl\":\"https:\/\/portaltela.pt\/s.01k8rhncp4jt1\/2026\/03\/image-525.jpg\",\"keywords\":[\"Amnistia Internacional\",\"Argentina\",\"Direitos da Mulher\",\"direitos humanos\",\"pessoas LGBT\",\"viol\u00eancia de g\u00e9nero\"],\"articleSection\":[\"Not\u00edcias\",\"Sa\u00fade\"],\"inLanguage\":\"pt-PT\"},{\"@type\":\"WebPage\",\"@id\":\"https:\/\/portaltela.pt\/noticias\/2026\/03\/08\/governo-argentino-encerra-politicas-de-igualdade-de-genero-no-dia-da-mulher\/\",\"url\":\"https:\/\/portaltela.pt\/noticias\/2026\/03\/08\/governo-argentino-encerra-politicas-de-igualdade-de-genero-no-dia-da-mulher\/\",\"name\":\"Governo argentino encerra pol\u00edticas de igualdade de g\u00e9nero no Dia da Mulher - Portal Tela Portugal\",\"isPartOf\":{\"@id\":\"https:\/\/portaltela.pt\/#website\"},\"primaryImageOfPage\":{\"@id\":\"https:\/\/portaltela.pt\/noticias\/2026\/03\/08\/governo-argentino-encerra-politicas-de-igualdade-de-genero-no-dia-da-mulher\/#primaryimage\"},\"image\":{\"@id\":\"https:\/\/portaltela.pt\/noticias\/2026\/03\/08\/governo-argentino-encerra-politicas-de-igualdade-de-genero-no-dia-da-mulher\/#primaryimage\"},\"thumbnailUrl\":\"https:\/\/portaltela.pt\/s.01k8rhncp4jt1\/2026\/03\/image-525.jpg\",\"datePublished\":\"2026-03-08T18:01:00+00:00\",\"author\":{\"@id\":\"https:\/\/portaltela.pt\/#\/schema\/person\/c4278d4a6028830caff9ee44b42d32ed\"},\"breadcrumb\":{\"@id\":\"https:\/\/portaltela.pt\/noticias\/2026\/03\/08\/governo-argentino-encerra-politicas-de-igualdade-de-genero-no-dia-da-mulher\/#breadcrumb\"},\"inLanguage\":\"pt-PT\",\"potentialAction\":[{\"@type\":\"ReadAction\",\"target\":[\"https:\/\/portaltela.pt\/noticias\/2026\/03\/08\/governo-argentino-encerra-politicas-de-igualdade-de-genero-no-dia-da-mulher\/\"]}]},{\"@type\":\"ImageObject\",\"inLanguage\":\"pt-PT\",\"@id\":\"https:\/\/portaltela.pt\/noticias\/2026\/03\/08\/governo-argentino-encerra-politicas-de-igualdade-de-genero-no-dia-da-mulher\/#primaryimage\",\"url\":\"https:\/\/portaltela.pt\/s.01k8rhncp4jt1\/2026\/03\/image-525.jpg\",\"contentUrl\":\"https:\/\/portaltela.pt\/s.01k8rhncp4jt1\/2026\/03\/image-525.jpg\",\"width\":796,\"height\":448,\"caption\":\"O pa\u00eds sofreu uma onda de protestos, em fevereiro, contra a reforma laboral proposta pelo Governo de Javier Milei\"},{\"@type\":\"BreadcrumbList\",\"@id\":\"https:\/\/portaltela.pt\/noticias\/2026\/03\/08\/governo-argentino-encerra-politicas-de-igualdade-de-genero-no-dia-da-mulher\/#breadcrumb\",\"itemListElement\":[{\"@type\":\"ListItem\",\"position\":1,\"name\":\"In\u00edcio\",\"item\":\"https:\/\/portaltela.pt\/\"},{\"@type\":\"ListItem\",\"position\":2,\"name\":\"Governo argentino encerra pol\u00edticas de igualdade de g\u00e9nero no Dia da Mulher\"}]},{\"@type\":\"WebSite\",\"@id\":\"https:\/\/portaltela.pt\/#website\",\"url\":\"https:\/\/portaltela.pt\/\",\"name\":\"Portal Tela Portugal\",\"description\":\"\",\"potentialAction\":[{\"@type\":\"SearchAction\",\"target\":{\"@type\":\"EntryPoint\",\"urlTemplate\":\"https:\/\/portaltela.pt\/?s={search_term_string}\"},\"query-input\":{\"@type\":\"PropertyValueSpecification\",\"valueRequired\":true,\"valueName\":\"search_term_string\"}}],\"inLanguage\":\"pt-PT\"},{\"@type\":\"Person\",\"@id\":\"https:\/\/portaltela.pt\/#\/schema\/person\/c4278d4a6028830caff9ee44b42d32ed\",\"name\":\"Telinha\",\"image\":{\"@type\":\"ImageObject\",\"inLanguage\":\"pt-PT\",\"@id\":\"https:\/\/portaltela.pt\/s.01k8rhncp4jt1\/2025\/11\/talking-bot-125x125.png\",\"url\":\"https:\/\/portaltela.pt\/s.01k8rhncp4jt1\/2025\/11\/talking-bot-125x125.png\",\"contentUrl\":\"https:\/\/portaltela.pt\/s.01k8rhncp4jt1\/2025\/11\/talking-bot-125x125.png\",\"caption\":\"Telinha\"},\"sameAs\":[\"https:\/\/portaltela.pt\/\"],\"url\":\"https:\/\/portaltela.pt\/por\/367410592786\/\"}]}<\/script>\n<!-- \/ Yoast SEO plugin. -->","yoast_head_json":{"title":"Governo argentino encerra pol\u00edticas de igualdade de g\u00e9nero no Dia da Mulher - Portal Tela Portugal","robots":{"index":"index","follow":"follow","max-snippet":"max-snippet:-1","max-image-preview":"max-image-preview:large","max-video-preview":"max-video-preview:-1"},"og_locale":"pt_PT","og_type":"article","og_title":"Governo argentino encerra pol\u00edticas de igualdade de g\u00e9nero no Dia da Mulher - Portal Tela Portugal","og_description":"O Governo argentino de Javier Milei celebrou no Dia Internacional da Mulher o fim de pol\u00edticas de igualdade de g\u00e9nero criadas por governos anteriores. Desde dezembro de 2023, o Executivo tem desmantelado institui\u00e7\u00f5es, programas e regulamentos destinados a direitos de mulheres e da comunidade LGBTI+. Com o encerramento da Subsecretaria de Prote\u00e7\u00e3o contra Viol\u00eancia de G\u00e9nero, o Estado ficou pela primeira vez em 37 anos sem uma ag\u00eancia nacional dedicada aos direitos das mulheres (fechou em junho de 2024). A Amnistia Internacional indica uma redu\u00e7\u00e3o de oitenta e nove por cento no or\u00e7amento de programas de preven\u00e7\u00e3o e combate \u00e0 viol\u00eancia de g\u00e9nero desde 2023, com treze programas eliminados. A organiza\u00e7\u00e3o tamb\u00e9m alerta para maior dificuldade de acesso ao aborto e registos de feminic\u00eddios e de crian\u00e7as \u00f3rf\u00e3s causados pela viol\u00eancia de g\u00e9nero, com n\u00fameros de 2025 acima dos de 2024.","og_url":"https:\/\/portaltela.pt\/noticias\/2026\/03\/08\/governo-argentino-encerra-politicas-de-igualdade-de-genero-no-dia-da-mulher\/","og_site_name":"Portal Tela Portugal","article_published_time":"2026-03-08T18:01:00+00:00","author":"Telinha","twitter_card":"summary_large_image","twitter_misc":{"Escrito por":"Telinha","Tempo estimado de leitura":"1 minuto"},"schema":{"@context":"https:\/\/schema.org","@graph":[{"@type":"Article","@id":"https:\/\/portaltela.pt\/noticias\/2026\/03\/08\/governo-argentino-encerra-politicas-de-igualdade-de-genero-no-dia-da-mulher\/#article","isPartOf":{"@id":"https:\/\/portaltela.pt\/noticias\/2026\/03\/08\/governo-argentino-encerra-politicas-de-igualdade-de-genero-no-dia-da-mulher\/"},"author":{"name":"Telinha","@id":"https:\/\/portaltela.pt\/#\/schema\/person\/c4278d4a6028830caff9ee44b42d32ed"},"headline":"Governo argentino encerra pol\u00edticas de igualdade de g\u00e9nero no Dia da Mulher","datePublished":"2026-03-08T18:01:00+00:00","mainEntityOfPage":{"@id":"https:\/\/portaltela.pt\/noticias\/2026\/03\/08\/governo-argentino-encerra-politicas-de-igualdade-de-genero-no-dia-da-mulher\/"},"wordCount":281,"image":{"@id":"https:\/\/portaltela.pt\/noticias\/2026\/03\/08\/governo-argentino-encerra-politicas-de-igualdade-de-genero-no-dia-da-mulher\/#primaryimage"},"thumbnailUrl":"https:\/\/portaltela.pt\/s.01k8rhncp4jt1\/2026\/03\/image-525.jpg","keywords":["Amnistia Internacional","Argentina","Direitos da Mulher","direitos humanos","pessoas LGBT","viol\u00eancia de g\u00e9nero"],"articleSection":["Not\u00edcias","Sa\u00fade"],"inLanguage":"pt-PT"},{"@type":"WebPage","@id":"https:\/\/portaltela.pt\/noticias\/2026\/03\/08\/governo-argentino-encerra-politicas-de-igualdade-de-genero-no-dia-da-mulher\/","url":"https:\/\/portaltela.pt\/noticias\/2026\/03\/08\/governo-argentino-encerra-politicas-de-igualdade-de-genero-no-dia-da-mulher\/","name":"Governo argentino encerra pol\u00edticas de igualdade de g\u00e9nero no Dia da Mulher - Portal Tela Portugal","isPartOf":{"@id":"https:\/\/portaltela.pt\/#website"},"primaryImageOfPage":{"@id":"https:\/\/portaltela.pt\/noticias\/2026\/03\/08\/governo-argentino-encerra-politicas-de-igualdade-de-genero-no-dia-da-mulher\/#primaryimage"},"image":{"@id":"https:\/\/portaltela.pt\/noticias\/2026\/03\/08\/governo-argentino-encerra-politicas-de-igualdade-de-genero-no-dia-da-mulher\/#primaryimage"},"thumbnailUrl":"https:\/\/portaltela.pt\/s.01k8rhncp4jt1\/2026\/03\/image-525.jpg","datePublished":"2026-03-08T18:01:00+00:00","author":{"@id":"https:\/\/portaltela.pt\/#\/schema\/person\/c4278d4a6028830caff9ee44b42d32ed"},"breadcrumb":{"@id":"https:\/\/portaltela.pt\/noticias\/2026\/03\/08\/governo-argentino-encerra-politicas-de-igualdade-de-genero-no-dia-da-mulher\/#breadcrumb"},"inLanguage":"pt-PT","potentialAction":[{"@type":"ReadAction","target":["https:\/\/portaltela.pt\/noticias\/2026\/03\/08\/governo-argentino-encerra-politicas-de-igualdade-de-genero-no-dia-da-mulher\/"]}]},{"@type":"ImageObject","inLanguage":"pt-PT","@id":"https:\/\/portaltela.pt\/noticias\/2026\/03\/08\/governo-argentino-encerra-politicas-de-igualdade-de-genero-no-dia-da-mulher\/#primaryimage","url":"https:\/\/portaltela.pt\/s.01k8rhncp4jt1\/2026\/03\/image-525.jpg","contentUrl":"https:\/\/portaltela.pt\/s.01k8rhncp4jt1\/2026\/03\/image-525.jpg","width":796,"height":448,"caption":"O pa\u00eds sofreu uma onda de protestos, em fevereiro, contra a reforma laboral proposta pelo Governo de Javier Milei"},{"@type":"BreadcrumbList","@id":"https:\/\/portaltela.pt\/noticias\/2026\/03\/08\/governo-argentino-encerra-politicas-de-igualdade-de-genero-no-dia-da-mulher\/#breadcrumb","itemListElement":[{"@type":"ListItem","position":1,"name":"In\u00edcio","item":"https:\/\/portaltela.pt\/"},{"@type":"ListItem","position":2,"name":"Governo argentino encerra pol\u00edticas de igualdade de g\u00e9nero no Dia da Mulher"}]},{"@type":"WebSite","@id":"https:\/\/portaltela.pt\/#website","url":"https:\/\/portaltela.pt\/","name":"Portal Tela Portugal","description":"","potentialAction":[{"@type":"SearchAction","target":{"@type":"EntryPoint","urlTemplate":"https:\/\/portaltela.pt\/?s={search_term_string}"},"query-input":{"@type":"PropertyValueSpecification","valueRequired":true,"valueName":"search_term_string"}}],"inLanguage":"pt-PT"},{"@type":"Person","@id":"https:\/\/portaltela.pt\/#\/schema\/person\/c4278d4a6028830caff9ee44b42d32ed","name":"Telinha","image":{"@type":"ImageObject","inLanguage":"pt-PT","@id":"https:\/\/portaltela.pt\/s.01k8rhncp4jt1\/2025\/11\/talking-bot-125x125.png","url":"https:\/\/portaltela.pt\/s.01k8rhncp4jt1\/2025\/11\/talking-bot-125x125.png","contentUrl":"https:\/\/portaltela.pt\/s.01k8rhncp4jt1\/2025\/11\/talking-bot-125x125.png","caption":"Telinha"},"sameAs":["https:\/\/portaltela.pt\/"],"url":"https:\/\/portaltela.pt\/por\/367410592786\/"}]}},"_links":{"self":[{"href":"https:\/\/portaltela.pt\/api\/wp\/v2\/posts\/402518","targetHints":{"allow":["GET"]}}],"collection":[{"href":"https:\/\/portaltela.pt\/api\/wp\/v2\/posts"}],"about":[{"href":"https:\/\/portaltela.pt\/api\/wp\/v2\/types\/post"}],"author":[{"embeddable":true,"href":"https:\/\/portaltela.pt\/api\/wp\/v2\/users\/2"}],"replies":[{"embeddable":true,"href":"https:\/\/portaltela.pt\/api\/wp\/v2\/comments?post=402518"}],"version-history":[{"count":0,"href":"https:\/\/portaltela.pt\/api\/wp\/v2\/posts\/402518\/revisions"}],"wp:featuredmedia":[{"embeddable":true,"href":"https:\/\/portaltela.pt\/api\/wp\/v2\/media\/402523"}],"wp:attachment":[{"href":"https:\/\/portaltela.pt\/api\/wp\/v2\/media?parent=402518"}],"wp:term":[{"taxonomy":"category","embeddable":true,"href":"https:\/\/portaltela.pt\/api\/wp\/v2\/categories?post=402518"},{"taxonomy":"post_tag","embeddable":true,"href":"https:\/\/portaltela.pt\/api\/wp\/v2\/tags?post=402518"}],"curies":[{"name":"wp","href":"https:\/\/api.w.org\/{rel}","templated":true}]}}