{"id":402516,"date":"2026-03-08T15:23:00","date_gmt":"2026-03-08T18:23:00","guid":{"rendered":"https:\/\/portaltela.pt\/noticias\/2026\/03\/08\/homem-que-deixou-cair-drone-na-cadeia-e-condenado-a-oito-anos-por-trafico\/"},"modified":"2026-03-08T15:23:00","modified_gmt":"2026-03-08T18:23:00","slug":"homem-que-deixou-cair-drone-na-cadeia-e-condenado-a-oito-anos-por-trafico","status":"publish","type":"post","link":"https:\/\/portaltela.pt\/noticias\/2026\/03\/08\/homem-que-deixou-cair-drone-na-cadeia-e-condenado-a-oito-anos-por-trafico\/","title":{"rendered":"Homem que deixou cair drone na cadeia \u00e9 condenado a oito anos por tr\u00e1fico"},"content":{"rendered":"<p>O homem que tentou entregar telem\u00f3veis ao irm\u00e3o numa pris\u00e3o de Set\u00fabal, em 2022, foi condenado a oito anos e seis meses de pris\u00e3o por crimes de tr\u00e1fico de armas e de droga. A a\u00e7\u00e3o envolveu o uso de um drone.<\/p>\n<p>O voo ocorreu em 30 de dezembro de 2022, quando o aparelho se descontrolou e chocou contra o edif\u00edcio da cadeia, caindo no interior. A Pol\u00edcia Judici\u00e1ria identificou, em 2024, o principal arguido, Jo\u00e3o Teixeira, bem como o irm\u00e3o que se encontrava recluso e a quem os telem\u00f3veis eram destinados.<\/p>\n<p>A investiga\u00e7\u00e3o concluiu que o drone foi utilizado para facilitar o tr\u00e1fico de armas e de droga, com o objetivo de facilitar comunica\u00e7\u00e3o e entregas \u00e0 pessoa detida. A decis\u00e3o de condena\u00e7\u00e3o recai sobre o principal arguido e envolve outras medidas legais no \u00e2mbito do caso.<\/p>\n","protected":false},"excerpt":{"rendered":"<ul>\n<li>Em Set\u00fabal, um homem foi condenado a oito anos e seis meses de pris\u00e3o por tr\u00e1fico de armas e de droga, relacionado com uma tentativa de entregar telem\u00f3veis ao irm\u00e3o na cadeia em 2022.<\/li>\n<li>O drone foi utilizado para o envio dos telem\u00f3veis e caiu ap\u00f3s colidir com o edif\u00edcio da cadeia, a 30 de dezembro de 2022.<\/li>\n<li>A Pol\u00edcia Judici\u00e1ria identificou o principal arguido, Jo\u00e3o Teixeira, com o drone, e tamb\u00e9m o irm\u00e3o que se encontrava preso.<\/li>\n<li>Os telem\u00f3veis destinavam-se ao irm\u00e3o do arguido, que estava na cadeia de Set\u00fabal.<\/li>\n<li>A senten\u00e7a foi anunciada recentemente pela autoridade judici\u00e1ria.<\/li>\n<\/ul>\n","protected":false},"author":2,"featured_media":402520,"comment_status":"closed","ping_status":"closed","sticky":false,"template":"","format":"standard","meta":{"footnotes":""},"categories":[6815,1],"tags":[215,4343,994,2423,96],"class_list":["post-402516","post","type-post","status-publish","format-standard","has-post-thumbnail","hentry","category-justica","category-noticias","tag-investigacao","tag-prisoes","tag-setubal","tag-trafico-de-armas","tag-trafico-de-droga"],"yoast_head":"<!-- This site is optimized with the Yoast SEO plugin v27.2 - https:\/\/yoast.com\/product\/yoast-seo-wordpress\/ -->\n<title>Homem que deixou cair drone na cadeia \u00e9 condenado a oito anos por tr\u00e1fico - Portal Tela Portugal<\/title>\n<meta name=\"robots\" content=\"index, follow, max-snippet:-1, max-image-preview:large, max-video-preview:-1\" \/>\n<meta property=\"og:locale\" content=\"pt_PT\" \/>\n<meta property=\"og:type\" content=\"article\" \/>\n<meta property=\"og:title\" content=\"Homem que deixou cair drone na cadeia \u00e9 condenado a oito anos por tr\u00e1fico - Portal Tela Portugal\" \/>\n<meta property=\"og:description\" content=\"Em Set\u00fabal, um homem foi condenado a oito anos e seis meses de pris\u00e3o por tr\u00e1fico de armas e de droga, relacionado com uma tentativa de entregar telem\u00f3veis ao irm\u00e3o na cadeia em 2022. O drone foi utilizado para o envio dos telem\u00f3veis e caiu ap\u00f3s colidir com o edif\u00edcio da cadeia, a 30 de dezembro de 2022. A Pol\u00edcia Judici\u00e1ria identificou o principal arguido, Jo\u00e3o Teixeira, com o drone, e tamb\u00e9m o irm\u00e3o que se encontrava preso. Os telem\u00f3veis destinavam-se ao irm\u00e3o do arguido, que estava na cadeia de Set\u00fabal. A senten\u00e7a foi anunciada recentemente pela autoridade judici\u00e1ria.\" \/>\n<meta property=\"og:url\" content=\"https:\/\/portaltela.pt\/noticias\/2026\/03\/08\/homem-que-deixou-cair-drone-na-cadeia-e-condenado-a-oito-anos-por-trafico\/\" \/>\n<meta property=\"og:site_name\" content=\"Portal Tela Portugal\" \/>\n<meta property=\"article:published_time\" content=\"2026-03-08T18:23:00+00:00\" \/>\n<meta name=\"author\" content=\"Telinha\" \/>\n<meta name=\"twitter:card\" content=\"summary_large_image\" \/>\n<meta name=\"twitter:label1\" content=\"Escrito por\" \/>\n\t<meta name=\"twitter:data1\" content=\"Telinha\" \/>\n\t<meta name=\"twitter:label2\" content=\"Tempo estimado de leitura\" \/>\n\t<meta name=\"twitter:data2\" content=\"1 minuto\" \/>\n<script type=\"application\/ld+json\" class=\"yoast-schema-graph\">{\"@context\":\"https:\/\/schema.org\",\"@graph\":[{\"@type\":\"Article\",\"@id\":\"https:\/\/portaltela.pt\/noticias\/2026\/03\/08\/homem-que-deixou-cair-drone-na-cadeia-e-condenado-a-oito-anos-por-trafico\/#article\",\"isPartOf\":{\"@id\":\"https:\/\/portaltela.pt\/noticias\/2026\/03\/08\/homem-que-deixou-cair-drone-na-cadeia-e-condenado-a-oito-anos-por-trafico\/\"},\"author\":{\"name\":\"Telinha\",\"@id\":\"https:\/\/portaltela.pt\/#\/schema\/person\/c4278d4a6028830caff9ee44b42d32ed\"},\"headline\":\"Homem que deixou cair drone na cadeia \u00e9 condenado a oito anos por tr\u00e1fico\",\"datePublished\":\"2026-03-08T18:23:00+00:00\",\"mainEntityOfPage\":{\"@id\":\"https:\/\/portaltela.pt\/noticias\/2026\/03\/08\/homem-que-deixou-cair-drone-na-cadeia-e-condenado-a-oito-anos-por-trafico\/\"},\"wordCount\":164,\"image\":{\"@id\":\"https:\/\/portaltela.pt\/noticias\/2026\/03\/08\/homem-que-deixou-cair-drone-na-cadeia-e-condenado-a-oito-anos-por-trafico\/#primaryimage\"},\"thumbnailUrl\":\"https:\/\/portaltela.pt\/s.01k8rhncp4jt1\/2026\/03\/image-524.jpg\",\"keywords\":[\"investiga\u00e7\u00e3o\",\"pris\u00f5es\",\"Set\u00fabal\",\"tr\u00e1fico de armas\",\"tr\u00e1fico de droga\"],\"articleSection\":[\"Justi\u00e7a\",\"Not\u00edcias\"],\"inLanguage\":\"pt-PT\"},{\"@type\":\"WebPage\",\"@id\":\"https:\/\/portaltela.pt\/noticias\/2026\/03\/08\/homem-que-deixou-cair-drone-na-cadeia-e-condenado-a-oito-anos-por-trafico\/\",\"url\":\"https:\/\/portaltela.pt\/noticias\/2026\/03\/08\/homem-que-deixou-cair-drone-na-cadeia-e-condenado-a-oito-anos-por-trafico\/\",\"name\":\"Homem que deixou cair drone na cadeia \u00e9 condenado a oito anos por tr\u00e1fico - Portal Tela Portugal\",\"isPartOf\":{\"@id\":\"https:\/\/portaltela.pt\/#website\"},\"primaryImageOfPage\":{\"@id\":\"https:\/\/portaltela.pt\/noticias\/2026\/03\/08\/homem-que-deixou-cair-drone-na-cadeia-e-condenado-a-oito-anos-por-trafico\/#primaryimage\"},\"image\":{\"@id\":\"https:\/\/portaltela.pt\/noticias\/2026\/03\/08\/homem-que-deixou-cair-drone-na-cadeia-e-condenado-a-oito-anos-por-trafico\/#primaryimage\"},\"thumbnailUrl\":\"https:\/\/portaltela.pt\/s.01k8rhncp4jt1\/2026\/03\/image-524.jpg\",\"datePublished\":\"2026-03-08T18:23:00+00:00\",\"author\":{\"@id\":\"https:\/\/portaltela.pt\/#\/schema\/person\/c4278d4a6028830caff9ee44b42d32ed\"},\"breadcrumb\":{\"@id\":\"https:\/\/portaltela.pt\/noticias\/2026\/03\/08\/homem-que-deixou-cair-drone-na-cadeia-e-condenado-a-oito-anos-por-trafico\/#breadcrumb\"},\"inLanguage\":\"pt-PT\",\"potentialAction\":[{\"@type\":\"ReadAction\",\"target\":[\"https:\/\/portaltela.pt\/noticias\/2026\/03\/08\/homem-que-deixou-cair-drone-na-cadeia-e-condenado-a-oito-anos-por-trafico\/\"]}]},{\"@type\":\"ImageObject\",\"inLanguage\":\"pt-PT\",\"@id\":\"https:\/\/portaltela.pt\/noticias\/2026\/03\/08\/homem-que-deixou-cair-drone-na-cadeia-e-condenado-a-oito-anos-por-trafico\/#primaryimage\",\"url\":\"https:\/\/portaltela.pt\/s.01k8rhncp4jt1\/2026\/03\/image-524.jpg\",\"contentUrl\":\"https:\/\/portaltela.pt\/s.01k8rhncp4jt1\/2026\/03\/image-524.jpg\",\"width\":796,\"height\":448,\"caption\":\"Guarda prisional intercetou aparelho\"},{\"@type\":\"BreadcrumbList\",\"@id\":\"https:\/\/portaltela.pt\/noticias\/2026\/03\/08\/homem-que-deixou-cair-drone-na-cadeia-e-condenado-a-oito-anos-por-trafico\/#breadcrumb\",\"itemListElement\":[{\"@type\":\"ListItem\",\"position\":1,\"name\":\"In\u00edcio\",\"item\":\"https:\/\/portaltela.pt\/\"},{\"@type\":\"ListItem\",\"position\":2,\"name\":\"Homem que deixou cair drone na cadeia \u00e9 condenado a oito anos por tr\u00e1fico\"}]},{\"@type\":\"WebSite\",\"@id\":\"https:\/\/portaltela.pt\/#website\",\"url\":\"https:\/\/portaltela.pt\/\",\"name\":\"Portal Tela Portugal\",\"description\":\"\",\"potentialAction\":[{\"@type\":\"SearchAction\",\"target\":{\"@type\":\"EntryPoint\",\"urlTemplate\":\"https:\/\/portaltela.pt\/?s={search_term_string}\"},\"query-input\":{\"@type\":\"PropertyValueSpecification\",\"valueRequired\":true,\"valueName\":\"search_term_string\"}}],\"inLanguage\":\"pt-PT\"},{\"@type\":\"Person\",\"@id\":\"https:\/\/portaltela.pt\/#\/schema\/person\/c4278d4a6028830caff9ee44b42d32ed\",\"name\":\"Telinha\",\"image\":{\"@type\":\"ImageObject\",\"inLanguage\":\"pt-PT\",\"@id\":\"https:\/\/portaltela.pt\/s.01k8rhncp4jt1\/2025\/11\/talking-bot-125x125.png\",\"url\":\"https:\/\/portaltela.pt\/s.01k8rhncp4jt1\/2025\/11\/talking-bot-125x125.png\",\"contentUrl\":\"https:\/\/portaltela.pt\/s.01k8rhncp4jt1\/2025\/11\/talking-bot-125x125.png\",\"caption\":\"Telinha\"},\"sameAs\":[\"https:\/\/portaltela.pt\/\"],\"url\":\"https:\/\/portaltela.pt\/por\/367410592786\/\"}]}<\/script>\n<!-- \/ Yoast SEO plugin. -->","yoast_head_json":{"title":"Homem que deixou cair drone na cadeia \u00e9 condenado a oito anos por tr\u00e1fico - Portal Tela Portugal","robots":{"index":"index","follow":"follow","max-snippet":"max-snippet:-1","max-image-preview":"max-image-preview:large","max-video-preview":"max-video-preview:-1"},"og_locale":"pt_PT","og_type":"article","og_title":"Homem que deixou cair drone na cadeia \u00e9 condenado a oito anos por tr\u00e1fico - Portal Tela Portugal","og_description":"Em Set\u00fabal, um homem foi condenado a oito anos e seis meses de pris\u00e3o por tr\u00e1fico de armas e de droga, relacionado com uma tentativa de entregar telem\u00f3veis ao irm\u00e3o na cadeia em 2022. O drone foi utilizado para o envio dos telem\u00f3veis e caiu ap\u00f3s colidir com o edif\u00edcio da cadeia, a 30 de dezembro de 2022. A Pol\u00edcia Judici\u00e1ria identificou o principal arguido, Jo\u00e3o Teixeira, com o drone, e tamb\u00e9m o irm\u00e3o que se encontrava preso. Os telem\u00f3veis destinavam-se ao irm\u00e3o do arguido, que estava na cadeia de Set\u00fabal. A senten\u00e7a foi anunciada recentemente pela autoridade judici\u00e1ria.","og_url":"https:\/\/portaltela.pt\/noticias\/2026\/03\/08\/homem-que-deixou-cair-drone-na-cadeia-e-condenado-a-oito-anos-por-trafico\/","og_site_name":"Portal Tela Portugal","article_published_time":"2026-03-08T18:23:00+00:00","author":"Telinha","twitter_card":"summary_large_image","twitter_misc":{"Escrito por":"Telinha","Tempo estimado de leitura":"1 minuto"},"schema":{"@context":"https:\/\/schema.org","@graph":[{"@type":"Article","@id":"https:\/\/portaltela.pt\/noticias\/2026\/03\/08\/homem-que-deixou-cair-drone-na-cadeia-e-condenado-a-oito-anos-por-trafico\/#article","isPartOf":{"@id":"https:\/\/portaltela.pt\/noticias\/2026\/03\/08\/homem-que-deixou-cair-drone-na-cadeia-e-condenado-a-oito-anos-por-trafico\/"},"author":{"name":"Telinha","@id":"https:\/\/portaltela.pt\/#\/schema\/person\/c4278d4a6028830caff9ee44b42d32ed"},"headline":"Homem que deixou cair drone na cadeia \u00e9 condenado a oito anos por tr\u00e1fico","datePublished":"2026-03-08T18:23:00+00:00","mainEntityOfPage":{"@id":"https:\/\/portaltela.pt\/noticias\/2026\/03\/08\/homem-que-deixou-cair-drone-na-cadeia-e-condenado-a-oito-anos-por-trafico\/"},"wordCount":164,"image":{"@id":"https:\/\/portaltela.pt\/noticias\/2026\/03\/08\/homem-que-deixou-cair-drone-na-cadeia-e-condenado-a-oito-anos-por-trafico\/#primaryimage"},"thumbnailUrl":"https:\/\/portaltela.pt\/s.01k8rhncp4jt1\/2026\/03\/image-524.jpg","keywords":["investiga\u00e7\u00e3o","pris\u00f5es","Set\u00fabal","tr\u00e1fico de armas","tr\u00e1fico de droga"],"articleSection":["Justi\u00e7a","Not\u00edcias"],"inLanguage":"pt-PT"},{"@type":"WebPage","@id":"https:\/\/portaltela.pt\/noticias\/2026\/03\/08\/homem-que-deixou-cair-drone-na-cadeia-e-condenado-a-oito-anos-por-trafico\/","url":"https:\/\/portaltela.pt\/noticias\/2026\/03\/08\/homem-que-deixou-cair-drone-na-cadeia-e-condenado-a-oito-anos-por-trafico\/","name":"Homem que deixou cair drone na cadeia \u00e9 condenado a oito anos por tr\u00e1fico - Portal Tela Portugal","isPartOf":{"@id":"https:\/\/portaltela.pt\/#website"},"primaryImageOfPage":{"@id":"https:\/\/portaltela.pt\/noticias\/2026\/03\/08\/homem-que-deixou-cair-drone-na-cadeia-e-condenado-a-oito-anos-por-trafico\/#primaryimage"},"image":{"@id":"https:\/\/portaltela.pt\/noticias\/2026\/03\/08\/homem-que-deixou-cair-drone-na-cadeia-e-condenado-a-oito-anos-por-trafico\/#primaryimage"},"thumbnailUrl":"https:\/\/portaltela.pt\/s.01k8rhncp4jt1\/2026\/03\/image-524.jpg","datePublished":"2026-03-08T18:23:00+00:00","author":{"@id":"https:\/\/portaltela.pt\/#\/schema\/person\/c4278d4a6028830caff9ee44b42d32ed"},"breadcrumb":{"@id":"https:\/\/portaltela.pt\/noticias\/2026\/03\/08\/homem-que-deixou-cair-drone-na-cadeia-e-condenado-a-oito-anos-por-trafico\/#breadcrumb"},"inLanguage":"pt-PT","potentialAction":[{"@type":"ReadAction","target":["https:\/\/portaltela.pt\/noticias\/2026\/03\/08\/homem-que-deixou-cair-drone-na-cadeia-e-condenado-a-oito-anos-por-trafico\/"]}]},{"@type":"ImageObject","inLanguage":"pt-PT","@id":"https:\/\/portaltela.pt\/noticias\/2026\/03\/08\/homem-que-deixou-cair-drone-na-cadeia-e-condenado-a-oito-anos-por-trafico\/#primaryimage","url":"https:\/\/portaltela.pt\/s.01k8rhncp4jt1\/2026\/03\/image-524.jpg","contentUrl":"https:\/\/portaltela.pt\/s.01k8rhncp4jt1\/2026\/03\/image-524.jpg","width":796,"height":448,"caption":"Guarda prisional intercetou aparelho"},{"@type":"BreadcrumbList","@id":"https:\/\/portaltela.pt\/noticias\/2026\/03\/08\/homem-que-deixou-cair-drone-na-cadeia-e-condenado-a-oito-anos-por-trafico\/#breadcrumb","itemListElement":[{"@type":"ListItem","position":1,"name":"In\u00edcio","item":"https:\/\/portaltela.pt\/"},{"@type":"ListItem","position":2,"name":"Homem que deixou cair drone na cadeia \u00e9 condenado a oito anos por tr\u00e1fico"}]},{"@type":"WebSite","@id":"https:\/\/portaltela.pt\/#website","url":"https:\/\/portaltela.pt\/","name":"Portal Tela Portugal","description":"","potentialAction":[{"@type":"SearchAction","target":{"@type":"EntryPoint","urlTemplate":"https:\/\/portaltela.pt\/?s={search_term_string}"},"query-input":{"@type":"PropertyValueSpecification","valueRequired":true,"valueName":"search_term_string"}}],"inLanguage":"pt-PT"},{"@type":"Person","@id":"https:\/\/portaltela.pt\/#\/schema\/person\/c4278d4a6028830caff9ee44b42d32ed","name":"Telinha","image":{"@type":"ImageObject","inLanguage":"pt-PT","@id":"https:\/\/portaltela.pt\/s.01k8rhncp4jt1\/2025\/11\/talking-bot-125x125.png","url":"https:\/\/portaltela.pt\/s.01k8rhncp4jt1\/2025\/11\/talking-bot-125x125.png","contentUrl":"https:\/\/portaltela.pt\/s.01k8rhncp4jt1\/2025\/11\/talking-bot-125x125.png","caption":"Telinha"},"sameAs":["https:\/\/portaltela.pt\/"],"url":"https:\/\/portaltela.pt\/por\/367410592786\/"}]}},"_links":{"self":[{"href":"https:\/\/portaltela.pt\/api\/wp\/v2\/posts\/402516","targetHints":{"allow":["GET"]}}],"collection":[{"href":"https:\/\/portaltela.pt\/api\/wp\/v2\/posts"}],"about":[{"href":"https:\/\/portaltela.pt\/api\/wp\/v2\/types\/post"}],"author":[{"embeddable":true,"href":"https:\/\/portaltela.pt\/api\/wp\/v2\/users\/2"}],"replies":[{"embeddable":true,"href":"https:\/\/portaltela.pt\/api\/wp\/v2\/comments?post=402516"}],"version-history":[{"count":0,"href":"https:\/\/portaltela.pt\/api\/wp\/v2\/posts\/402516\/revisions"}],"wp:featuredmedia":[{"embeddable":true,"href":"https:\/\/portaltela.pt\/api\/wp\/v2\/media\/402520"}],"wp:attachment":[{"href":"https:\/\/portaltela.pt\/api\/wp\/v2\/media?parent=402516"}],"wp:term":[{"taxonomy":"category","embeddable":true,"href":"https:\/\/portaltela.pt\/api\/wp\/v2\/categories?post=402516"},{"taxonomy":"post_tag","embeddable":true,"href":"https:\/\/portaltela.pt\/api\/wp\/v2\/tags?post=402516"}],"curies":[{"name":"wp","href":"https:\/\/api.w.org\/{rel}","templated":true}]}}