{"id":402487,"date":"2026-03-08T14:53:04","date_gmt":"2026-03-08T17:53:04","guid":{"rendered":"https:\/\/portaltela.pt\/noticias\/2026\/03\/08\/nicolas-tivani-vence-na-classica-da-primavera\/"},"modified":"2026-03-08T14:53:04","modified_gmt":"2026-03-08T17:53:04","slug":"nicolas-tivani-vence-na-classica-da-primavera","status":"publish","type":"post","link":"https:\/\/portaltela.pt\/desporto\/futebol\/2026\/03\/08\/nicolas-tivani-vence-na-classica-da-primavera\/","title":{"rendered":"Nicol\u00e1s Tivani vence na Cl\u00e1ssica da Primavera"},"content":{"rendered":"<p>O ciclista argentino Nicol\u00e1s Tivani venceu a XXIX Cl\u00e1ssica da Primavera, disputada hoje em Santo Tirso, numa prova de 145,8 quil\u00f3metros. Tivani completou o percurso em 3:33.02 horas, em igualdade de tempo com Tomas Contte, tamb\u00e9m da mesma equipa, e com David Dom\u00ednguez, do Feir a dos Sof\u00e1s-Boavista, a terminar na mesma contagem.<\/p>\n<p>Na frente, uma fuga de Jos\u00e9 Neves, Jo\u00e3o Ant\u00f3nio, Aleksandr Grigorev, Viacheslav Ivanov e Hugo Nunes acabou por n\u00e3o chegar ao final com sucesso, mesmo com mais de tr\u00eas minutos de vantagem em rela\u00e7\u00e3o ao pelot\u00e3o, na \u00faltima volta ao percurso da P\u00f3voa de Varzim.<\/p>\n<p>Na derradeira passagem pelo Alto de S\u00e3o F\u00e9lix, Tivani, Contte e Dom\u00ednguez destacaram-se do pelot\u00e3o e disputaram o triunfo, com a equipa algarvia a beneficiar da superioridade num\u00e9rica para vencer a prova.<\/p>\n<h3>Ta\u00e7a de Portugal em foco<\/h3>\n<p>David Dom\u00ednguez e Santiago Mesa, ambos do Feir a dos Sof\u00e1s-Boavista, lideram a Ta\u00e7a de Portugal com 105 pontos cada, 17 acima de Afonso Silva (Tavira-Cr\u00e9dito Agr\u00edcola), que venceu a Cl\u00e1ssica de Santo Tirso no s\u00e1bado.<\/p>\n<p>A pr\u00f3xima etapa da Ta\u00e7a de Portugal est\u00e1 agendada para 11 de abril, no Trof\u00e9u Regi\u00e3o de Coimbra &#8211; Aldeias de Xisto.<\/p>\n","protected":false},"excerpt":{"rendered":"<ul>\n<li>Nicol\u00e1s Tivani (Aviludo-Louletano-Loul\u00e9 Concelho) venceu a XXIX Cl\u00e1ssica da Primavera, disputada este domingo entre Santo Tirso e terminou em 03:33.02 horas, empatando o tempo com Tomas Contte, do mesmo pelot\u00e3o, e com David Dom\u00ednguez.<\/li>\n<li>David Dom\u00ednguez (Feira dos Sof\u00e1s-Boavista) ficou em segundo, enquanto Santiago Mesa (Anicolor-Campicarn) completou o p\u00f3dio em terceiro, na mesma dist\u00e2ncia de Tivani.<\/li>\n<li>No momento da aproxima\u00e7\u00e3o final, v\u00e1rios atletas separaram-se do pelot\u00e3o na \u00faltima volta, mas Tivani manteve a vit\u00f3ria com a equipa algarvia a assegurar a lideran\u00e7a num\u00e9rica.<\/li>\n<li>Com duas provas disputadas na Ta\u00e7a de Portugal, David Dom\u00ednguez e Santiago Mesa lideram a classifica\u00e7\u00e3o, ambos com 105 pontos, 17 acima de Afonso Silva, vencedor da Cl\u00e1ssica de Santo Tirso.<\/li>\n<li>A terceira etapa da Ta\u00e7a de Portugal realiza-se a 11 de abril, no Trof\u00e9u Regi\u00e3o de Coimbra &#8211; Aldeias de Xisto.<\/li>\n<\/ul>\n","protected":false},"author":2,"featured_media":402490,"comment_status":"closed","ping_status":"closed","sticky":false,"template":"","format":"standard","meta":{"footnotes":""},"categories":[21,24],"tags":[2732,923,3504,3343,1146,1266],"class_list":["post-402487","post","type-post","status-publish","format-standard","has-post-thumbnail","hentry","category-desporto","category-futebol","tag-argentina","tag-ciclismo","tag-corridas","tag-povoa-de-varzim","tag-santo-tirso","tag-taca-de-portugal"],"yoast_head":"<!-- This site is optimized with the Yoast SEO plugin v27.2 - https:\/\/yoast.com\/product\/yoast-seo-wordpress\/ -->\n<title>Nicol\u00e1s Tivani vence na Cl\u00e1ssica da Primavera - Portal Tela Portugal<\/title>\n<meta name=\"robots\" content=\"index, follow, max-snippet:-1, max-image-preview:large, max-video-preview:-1\" \/>\n<meta property=\"og:locale\" content=\"pt_PT\" \/>\n<meta property=\"og:type\" content=\"article\" \/>\n<meta property=\"og:title\" content=\"Nicol\u00e1s Tivani vence na Cl\u00e1ssica da Primavera - Portal Tela Portugal\" \/>\n<meta property=\"og:description\" content=\"Nicol\u00e1s Tivani (Aviludo-Louletano-Loul\u00e9 Concelho) venceu a XXIX Cl\u00e1ssica da Primavera, disputada este domingo entre Santo Tirso e terminou em 03:33.02 horas, empatando o tempo com Tomas Contte, do mesmo pelot\u00e3o, e com David Dom\u00ednguez. David Dom\u00ednguez (Feira dos Sof\u00e1s-Boavista) ficou em segundo, enquanto Santiago Mesa (Anicolor-Campicarn) completou o p\u00f3dio em terceiro, na mesma dist\u00e2ncia de Tivani. No momento da aproxima\u00e7\u00e3o final, v\u00e1rios atletas separaram-se do pelot\u00e3o na \u00faltima volta, mas Tivani manteve a vit\u00f3ria com a equipa algarvia a assegurar a lideran\u00e7a num\u00e9rica. Com duas provas disputadas na Ta\u00e7a de Portugal, David Dom\u00ednguez e Santiago Mesa lideram a classifica\u00e7\u00e3o, ambos com 105 pontos, 17 acima de Afonso Silva, vencedor da Cl\u00e1ssica de Santo Tirso. A terceira etapa da Ta\u00e7a de Portugal realiza-se a 11 de abril, no Trof\u00e9u Regi\u00e3o de Coimbra - Aldeias de Xisto.\" \/>\n<meta property=\"og:url\" content=\"https:\/\/portaltela.pt\/noticias\/2026\/03\/08\/nicolas-tivani-vence-na-classica-da-primavera\/\" \/>\n<meta property=\"og:site_name\" content=\"Portal Tela Portugal\" \/>\n<meta property=\"article:published_time\" content=\"2026-03-08T17:53:04+00:00\" \/>\n<meta name=\"author\" content=\"Telinha\" \/>\n<meta name=\"twitter:card\" content=\"summary_large_image\" \/>\n<meta name=\"twitter:label1\" content=\"Escrito por\" \/>\n\t<meta name=\"twitter:data1\" content=\"Telinha\" \/>\n\t<meta name=\"twitter:label2\" content=\"Tempo estimado de leitura\" \/>\n\t<meta name=\"twitter:data2\" content=\"1 minuto\" \/>\n<script type=\"application\/ld+json\" class=\"yoast-schema-graph\">{\"@context\":\"https:\/\/schema.org\",\"@graph\":[{\"@type\":\"Article\",\"@id\":\"https:\/\/portaltela.pt\/noticias\/2026\/03\/08\/nicolas-tivani-vence-na-classica-da-primavera\/#article\",\"isPartOf\":{\"@id\":\"https:\/\/portaltela.pt\/noticias\/2026\/03\/08\/nicolas-tivani-vence-na-classica-da-primavera\/\"},\"author\":{\"name\":\"Telinha\",\"@id\":\"https:\/\/portaltela.pt\/#\/schema\/person\/c4278d4a6028830caff9ee44b42d32ed\"},\"headline\":\"Nicol\u00e1s Tivani vence na Cl\u00e1ssica da Primavera\",\"datePublished\":\"2026-03-08T17:53:04+00:00\",\"mainEntityOfPage\":{\"@id\":\"https:\/\/portaltela.pt\/noticias\/2026\/03\/08\/nicolas-tivani-vence-na-classica-da-primavera\/\"},\"wordCount\":227,\"image\":{\"@id\":\"https:\/\/portaltela.pt\/noticias\/2026\/03\/08\/nicolas-tivani-vence-na-classica-da-primavera\/#primaryimage\"},\"thumbnailUrl\":\"https:\/\/portaltela.pt\/s.01k8rhncp4jt1\/2026\/03\/img_920x518uu2026-03-08-17-52-50-2425684.jpg\",\"keywords\":[\"Argentina\",\"ciclismo\",\"corridas\",\"P\u00f3voa de Varzim\",\"Santo Tirso\",\"Ta\u00e7a de Portugal\"],\"articleSection\":[\"Desporto\",\"Futebol\"],\"inLanguage\":\"pt-PT\"},{\"@type\":\"WebPage\",\"@id\":\"https:\/\/portaltela.pt\/noticias\/2026\/03\/08\/nicolas-tivani-vence-na-classica-da-primavera\/\",\"url\":\"https:\/\/portaltela.pt\/noticias\/2026\/03\/08\/nicolas-tivani-vence-na-classica-da-primavera\/\",\"name\":\"Nicol\u00e1s Tivani vence na Cl\u00e1ssica da Primavera - Portal Tela Portugal\",\"isPartOf\":{\"@id\":\"https:\/\/portaltela.pt\/#website\"},\"primaryImageOfPage\":{\"@id\":\"https:\/\/portaltela.pt\/noticias\/2026\/03\/08\/nicolas-tivani-vence-na-classica-da-primavera\/#primaryimage\"},\"image\":{\"@id\":\"https:\/\/portaltela.pt\/noticias\/2026\/03\/08\/nicolas-tivani-vence-na-classica-da-primavera\/#primaryimage\"},\"thumbnailUrl\":\"https:\/\/portaltela.pt\/s.01k8rhncp4jt1\/2026\/03\/img_920x518uu2026-03-08-17-52-50-2425684.jpg\",\"datePublished\":\"2026-03-08T17:53:04+00:00\",\"author\":{\"@id\":\"https:\/\/portaltela.pt\/#\/schema\/person\/c4278d4a6028830caff9ee44b42d32ed\"},\"breadcrumb\":{\"@id\":\"https:\/\/portaltela.pt\/noticias\/2026\/03\/08\/nicolas-tivani-vence-na-classica-da-primavera\/#breadcrumb\"},\"inLanguage\":\"pt-PT\",\"potentialAction\":[{\"@type\":\"ReadAction\",\"target\":[\"https:\/\/portaltela.pt\/noticias\/2026\/03\/08\/nicolas-tivani-vence-na-classica-da-primavera\/\"]}]},{\"@type\":\"ImageObject\",\"inLanguage\":\"pt-PT\",\"@id\":\"https:\/\/portaltela.pt\/noticias\/2026\/03\/08\/nicolas-tivani-vence-na-classica-da-primavera\/#primaryimage\",\"url\":\"https:\/\/portaltela.pt\/s.01k8rhncp4jt1\/2026\/03\/img_920x518uu2026-03-08-17-52-50-2425684.jpg\",\"contentUrl\":\"https:\/\/portaltela.pt\/s.01k8rhncp4jt1\/2026\/03\/img_920x518uu2026-03-08-17-52-50-2425684.jpg\",\"width\":796,\"height\":448,\"caption\":\"Nicol\u00e1s Tivani\"},{\"@type\":\"BreadcrumbList\",\"@id\":\"https:\/\/portaltela.pt\/noticias\/2026\/03\/08\/nicolas-tivani-vence-na-classica-da-primavera\/#breadcrumb\",\"itemListElement\":[{\"@type\":\"ListItem\",\"position\":1,\"name\":\"In\u00edcio\",\"item\":\"https:\/\/portaltela.pt\/\"},{\"@type\":\"ListItem\",\"position\":2,\"name\":\"Nicol\u00e1s Tivani vence na Cl\u00e1ssica da Primavera\"}]},{\"@type\":\"WebSite\",\"@id\":\"https:\/\/portaltela.pt\/#website\",\"url\":\"https:\/\/portaltela.pt\/\",\"name\":\"Portal Tela Portugal\",\"description\":\"\",\"potentialAction\":[{\"@type\":\"SearchAction\",\"target\":{\"@type\":\"EntryPoint\",\"urlTemplate\":\"https:\/\/portaltela.pt\/?s={search_term_string}\"},\"query-input\":{\"@type\":\"PropertyValueSpecification\",\"valueRequired\":true,\"valueName\":\"search_term_string\"}}],\"inLanguage\":\"pt-PT\"},{\"@type\":\"Person\",\"@id\":\"https:\/\/portaltela.pt\/#\/schema\/person\/c4278d4a6028830caff9ee44b42d32ed\",\"name\":\"Telinha\",\"image\":{\"@type\":\"ImageObject\",\"inLanguage\":\"pt-PT\",\"@id\":\"https:\/\/portaltela.pt\/s.01k8rhncp4jt1\/2025\/11\/talking-bot-125x125.png\",\"url\":\"https:\/\/portaltela.pt\/s.01k8rhncp4jt1\/2025\/11\/talking-bot-125x125.png\",\"contentUrl\":\"https:\/\/portaltela.pt\/s.01k8rhncp4jt1\/2025\/11\/talking-bot-125x125.png\",\"caption\":\"Telinha\"},\"sameAs\":[\"https:\/\/portaltela.pt\/\"],\"url\":\"https:\/\/portaltela.pt\/por\/367410592786\/\"}]}<\/script>\n<!-- \/ Yoast SEO plugin. -->","yoast_head_json":{"title":"Nicol\u00e1s Tivani vence na Cl\u00e1ssica da Primavera - Portal Tela Portugal","robots":{"index":"index","follow":"follow","max-snippet":"max-snippet:-1","max-image-preview":"max-image-preview:large","max-video-preview":"max-video-preview:-1"},"og_locale":"pt_PT","og_type":"article","og_title":"Nicol\u00e1s Tivani vence na Cl\u00e1ssica da Primavera - Portal Tela Portugal","og_description":"Nicol\u00e1s Tivani (Aviludo-Louletano-Loul\u00e9 Concelho) venceu a XXIX Cl\u00e1ssica da Primavera, disputada este domingo entre Santo Tirso e terminou em 03:33.02 horas, empatando o tempo com Tomas Contte, do mesmo pelot\u00e3o, e com David Dom\u00ednguez. David Dom\u00ednguez (Feira dos Sof\u00e1s-Boavista) ficou em segundo, enquanto Santiago Mesa (Anicolor-Campicarn) completou o p\u00f3dio em terceiro, na mesma dist\u00e2ncia de Tivani. No momento da aproxima\u00e7\u00e3o final, v\u00e1rios atletas separaram-se do pelot\u00e3o na \u00faltima volta, mas Tivani manteve a vit\u00f3ria com a equipa algarvia a assegurar a lideran\u00e7a num\u00e9rica. Com duas provas disputadas na Ta\u00e7a de Portugal, David Dom\u00ednguez e Santiago Mesa lideram a classifica\u00e7\u00e3o, ambos com 105 pontos, 17 acima de Afonso Silva, vencedor da Cl\u00e1ssica de Santo Tirso. A terceira etapa da Ta\u00e7a de Portugal realiza-se a 11 de abril, no Trof\u00e9u Regi\u00e3o de Coimbra - Aldeias de Xisto.","og_url":"https:\/\/portaltela.pt\/noticias\/2026\/03\/08\/nicolas-tivani-vence-na-classica-da-primavera\/","og_site_name":"Portal Tela Portugal","article_published_time":"2026-03-08T17:53:04+00:00","author":"Telinha","twitter_card":"summary_large_image","twitter_misc":{"Escrito por":"Telinha","Tempo estimado de leitura":"1 minuto"},"schema":{"@context":"https:\/\/schema.org","@graph":[{"@type":"Article","@id":"https:\/\/portaltela.pt\/noticias\/2026\/03\/08\/nicolas-tivani-vence-na-classica-da-primavera\/#article","isPartOf":{"@id":"https:\/\/portaltela.pt\/noticias\/2026\/03\/08\/nicolas-tivani-vence-na-classica-da-primavera\/"},"author":{"name":"Telinha","@id":"https:\/\/portaltela.pt\/#\/schema\/person\/c4278d4a6028830caff9ee44b42d32ed"},"headline":"Nicol\u00e1s Tivani vence na Cl\u00e1ssica da Primavera","datePublished":"2026-03-08T17:53:04+00:00","mainEntityOfPage":{"@id":"https:\/\/portaltela.pt\/noticias\/2026\/03\/08\/nicolas-tivani-vence-na-classica-da-primavera\/"},"wordCount":227,"image":{"@id":"https:\/\/portaltela.pt\/noticias\/2026\/03\/08\/nicolas-tivani-vence-na-classica-da-primavera\/#primaryimage"},"thumbnailUrl":"https:\/\/portaltela.pt\/s.01k8rhncp4jt1\/2026\/03\/img_920x518uu2026-03-08-17-52-50-2425684.jpg","keywords":["Argentina","ciclismo","corridas","P\u00f3voa de Varzim","Santo Tirso","Ta\u00e7a de Portugal"],"articleSection":["Desporto","Futebol"],"inLanguage":"pt-PT"},{"@type":"WebPage","@id":"https:\/\/portaltela.pt\/noticias\/2026\/03\/08\/nicolas-tivani-vence-na-classica-da-primavera\/","url":"https:\/\/portaltela.pt\/noticias\/2026\/03\/08\/nicolas-tivani-vence-na-classica-da-primavera\/","name":"Nicol\u00e1s Tivani vence na Cl\u00e1ssica da Primavera - Portal Tela Portugal","isPartOf":{"@id":"https:\/\/portaltela.pt\/#website"},"primaryImageOfPage":{"@id":"https:\/\/portaltela.pt\/noticias\/2026\/03\/08\/nicolas-tivani-vence-na-classica-da-primavera\/#primaryimage"},"image":{"@id":"https:\/\/portaltela.pt\/noticias\/2026\/03\/08\/nicolas-tivani-vence-na-classica-da-primavera\/#primaryimage"},"thumbnailUrl":"https:\/\/portaltela.pt\/s.01k8rhncp4jt1\/2026\/03\/img_920x518uu2026-03-08-17-52-50-2425684.jpg","datePublished":"2026-03-08T17:53:04+00:00","author":{"@id":"https:\/\/portaltela.pt\/#\/schema\/person\/c4278d4a6028830caff9ee44b42d32ed"},"breadcrumb":{"@id":"https:\/\/portaltela.pt\/noticias\/2026\/03\/08\/nicolas-tivani-vence-na-classica-da-primavera\/#breadcrumb"},"inLanguage":"pt-PT","potentialAction":[{"@type":"ReadAction","target":["https:\/\/portaltela.pt\/noticias\/2026\/03\/08\/nicolas-tivani-vence-na-classica-da-primavera\/"]}]},{"@type":"ImageObject","inLanguage":"pt-PT","@id":"https:\/\/portaltela.pt\/noticias\/2026\/03\/08\/nicolas-tivani-vence-na-classica-da-primavera\/#primaryimage","url":"https:\/\/portaltela.pt\/s.01k8rhncp4jt1\/2026\/03\/img_920x518uu2026-03-08-17-52-50-2425684.jpg","contentUrl":"https:\/\/portaltela.pt\/s.01k8rhncp4jt1\/2026\/03\/img_920x518uu2026-03-08-17-52-50-2425684.jpg","width":796,"height":448,"caption":"Nicol\u00e1s Tivani"},{"@type":"BreadcrumbList","@id":"https:\/\/portaltela.pt\/noticias\/2026\/03\/08\/nicolas-tivani-vence-na-classica-da-primavera\/#breadcrumb","itemListElement":[{"@type":"ListItem","position":1,"name":"In\u00edcio","item":"https:\/\/portaltela.pt\/"},{"@type":"ListItem","position":2,"name":"Nicol\u00e1s Tivani vence na Cl\u00e1ssica da Primavera"}]},{"@type":"WebSite","@id":"https:\/\/portaltela.pt\/#website","url":"https:\/\/portaltela.pt\/","name":"Portal Tela Portugal","description":"","potentialAction":[{"@type":"SearchAction","target":{"@type":"EntryPoint","urlTemplate":"https:\/\/portaltela.pt\/?s={search_term_string}"},"query-input":{"@type":"PropertyValueSpecification","valueRequired":true,"valueName":"search_term_string"}}],"inLanguage":"pt-PT"},{"@type":"Person","@id":"https:\/\/portaltela.pt\/#\/schema\/person\/c4278d4a6028830caff9ee44b42d32ed","name":"Telinha","image":{"@type":"ImageObject","inLanguage":"pt-PT","@id":"https:\/\/portaltela.pt\/s.01k8rhncp4jt1\/2025\/11\/talking-bot-125x125.png","url":"https:\/\/portaltela.pt\/s.01k8rhncp4jt1\/2025\/11\/talking-bot-125x125.png","contentUrl":"https:\/\/portaltela.pt\/s.01k8rhncp4jt1\/2025\/11\/talking-bot-125x125.png","caption":"Telinha"},"sameAs":["https:\/\/portaltela.pt\/"],"url":"https:\/\/portaltela.pt\/por\/367410592786\/"}]}},"_links":{"self":[{"href":"https:\/\/portaltela.pt\/api\/wp\/v2\/posts\/402487","targetHints":{"allow":["GET"]}}],"collection":[{"href":"https:\/\/portaltela.pt\/api\/wp\/v2\/posts"}],"about":[{"href":"https:\/\/portaltela.pt\/api\/wp\/v2\/types\/post"}],"author":[{"embeddable":true,"href":"https:\/\/portaltela.pt\/api\/wp\/v2\/users\/2"}],"replies":[{"embeddable":true,"href":"https:\/\/portaltela.pt\/api\/wp\/v2\/comments?post=402487"}],"version-history":[{"count":0,"href":"https:\/\/portaltela.pt\/api\/wp\/v2\/posts\/402487\/revisions"}],"wp:featuredmedia":[{"embeddable":true,"href":"https:\/\/portaltela.pt\/api\/wp\/v2\/media\/402490"}],"wp:attachment":[{"href":"https:\/\/portaltela.pt\/api\/wp\/v2\/media?parent=402487"}],"wp:term":[{"taxonomy":"category","embeddable":true,"href":"https:\/\/portaltela.pt\/api\/wp\/v2\/categories?post=402487"},{"taxonomy":"post_tag","embeddable":true,"href":"https:\/\/portaltela.pt\/api\/wp\/v2\/tags?post=402487"}],"curies":[{"name":"wp","href":"https:\/\/api.w.org\/{rel}","templated":true}]}}