{"id":402472,"date":"2026-03-08T14:15:46","date_gmt":"2026-03-08T17:15:46","guid":{"rendered":"https:\/\/portaltela.pt\/noticias\/2026\/03\/08\/portugal-e-campeao-masculino-nos-mundiais-virtus-de-pista-curta\/"},"modified":"2026-03-09T15:02:50","modified_gmt":"2026-03-09T18:02:50","slug":"portugal-e-campeao-masculino-nos-mundiais-virtus-de-pista-curta","status":"publish","type":"post","link":"https:\/\/portaltela.pt\/desporto\/copa-do-mundo\/2026\/03\/08\/portugal-e-campeao-masculino-nos-mundiais-virtus-de-pista-curta\/","title":{"rendered":"Portugal \u00e9 campe\u00e3o masculino nos Mundiais Virtus de pista curta"},"content":{"rendered":"<p>Portugal sagrou-se campe\u00e3o masculino nos Mundiais Virtus de atletismo em pista curta, disputados em Ourense, Espanha, neste fim de semana. A equipa portuguesa venceu o t\u00edtulo com uma presta\u00e7\u00e3o dominante na \u00faltima jornada, consolidando o ouro coletivo.<\/p>\n<p>Na final de tr\u00eas dias, Portugal somou duas pratas nos 4&#215;400 metros masculinos (Sandro Baessa, Cristiano Pinto Pereira, Leandro Freitas e Daniel Ant\u00f3nio) e no salto em comprimento, com Tiago Ramos a assegurar a prata.<\/p>\n<h3>Dia 1 e come\u00e7o dos Mundiais Virtus<\/h3>\n<p>Logo no arranque, Afonso Roll conquistou a segunda posi\u00e7\u00e3o nos 3.000 metros marcha, marcando a estreia com a primeira medalha para Portugal e apontando o caminho para o fim de semana.<\/p>\n<h3>Dia 2: ouro em peso<\/h3>\n<p>No s\u00e1bado, Portugal recolheu quatro medalhas de ouro: Ana Filipe no triplo salto, Josiane Pereira nos 400 metros, Igor Oliveira nos 60 metros (novo recorde dos campeonatos) e a estafeta 4&#215;200 (Baessa, Ant\u00f3nio, Freitas, Oliveira). Lenine Cunha somou prata no triplo salto.<\/p>\n<h3>Dia 3: equil\u00edbrio de p\u00f3dios<\/h3>\n<p>Lenine Cunha acrescentou prata no salto em altura, enquanto Daniel Ant\u00f3nio foi segundo nos 400 metros e Ana Filipe conquistou prata no salto em altura, fechando um programa com v\u00e1rias medalhas e o t\u00edtulo coletivo para Portugal.<\/p>\n","protected":false},"excerpt":{"rendered":"<ul>\n<li>Portugal sagrou-se campe\u00e3o masculino nos Mundiais Virtus de pista curta, em Ourense, Espanha; a equipa feminina terminou em quarto lugar no agregado.<\/li>\n<li>No \u00faltimo dia, Portugal somou duas medalhas de prata: 4&#215;400 metros masculino e salto em comprimento, com Tiago Ramos a alcan\u00e7ar a prata.<\/li>\n<li>A primeira medalha portuguesa surgiu na abertura dos Mundiais, com Afonso Roll a ficar em segundo nos 3.000 metros marcha.<\/li>\n<li>No s\u00e1bado, Portugal conquistou quatro medalhas de ouro: Ana Filipe (triplo salto), Josiane Pereira (400 metros), Igor Oliveira (60 metros, com novo recorde dos campeonatos) e a estafeta 4&#215;200 metros.<\/li>\n<li>Lenine Cunha somou mais duas medalhas (prata no triplo salto e bronze no salto em altura); Daniel Ant\u00f3nio foi segundo nos 400 metros e Ana Filipe ficou com a prata no salto em altura.<\/li>\n<\/ul>\n","protected":false},"author":2,"featured_media":402474,"comment_status":"closed","ping_status":"closed","sticky":false,"template":"","format":"standard","meta":{"footnotes":""},"categories":[6695,21],"tags":[6359],"class_list":["post-402472","post","type-post","status-publish","format-standard","has-post-thumbnail","hentry","category-copa-do-mundo","category-desporto","tag-ultimas-da-copa-do-mundo"],"yoast_head":"<!-- This site is optimized with the Yoast SEO plugin v27.2 - https:\/\/yoast.com\/product\/yoast-seo-wordpress\/ -->\n<title>Portugal \u00e9 campe\u00e3o masculino nos Mundiais Virtus de pista curta - Portal Tela Portugal<\/title>\n<meta name=\"robots\" content=\"index, follow, max-snippet:-1, max-image-preview:large, max-video-preview:-1\" \/>\n<meta property=\"og:locale\" content=\"pt_PT\" \/>\n<meta property=\"og:type\" content=\"article\" \/>\n<meta property=\"og:title\" content=\"Portugal \u00e9 campe\u00e3o masculino nos Mundiais Virtus de pista curta - Portal Tela Portugal\" \/>\n<meta property=\"og:description\" content=\"Portugal sagrou-se campe\u00e3o masculino nos Mundiais Virtus de pista curta, em Ourense, Espanha; a equipa feminina terminou em quarto lugar no agregado. No \u00faltimo dia, Portugal somou duas medalhas de prata: 4x400 metros masculino e salto em comprimento, com Tiago Ramos a alcan\u00e7ar a prata. A primeira medalha portuguesa surgiu na abertura dos Mundiais, com Afonso Roll a ficar em segundo nos 3.000 metros marcha. No s\u00e1bado, Portugal conquistou quatro medalhas de ouro: Ana Filipe (triplo salto), Josiane Pereira (400 metros), Igor Oliveira (60 metros, com novo recorde dos campeonatos) e a estafeta 4x200 metros. Lenine Cunha somou mais duas medalhas (prata no triplo salto e bronze no salto em altura); Daniel Ant\u00f3nio foi segundo nos 400 metros e Ana Filipe ficou com a prata no salto em altura.\" \/>\n<meta property=\"og:url\" content=\"https:\/\/portaltela.pt\/desporto\/copa-do-mundo\/2026\/03\/08\/portugal-e-campeao-masculino-nos-mundiais-virtus-de-pista-curta\/\" \/>\n<meta property=\"og:site_name\" content=\"Portal Tela Portugal\" \/>\n<meta property=\"article:published_time\" content=\"2026-03-08T17:15:46+00:00\" \/>\n<meta property=\"article:modified_time\" content=\"2026-03-09T18:02:50+00:00\" \/>\n<meta property=\"og:image\" content=\"https:\/\/portaltela.pt\/s.01k8rhncp4jt1\/2026\/03\/img_920x518uu2026-03-08-17-15-33-2425677.jpg\" \/>\n\t<meta property=\"og:image:width\" content=\"796\" \/>\n\t<meta property=\"og:image:height\" content=\"448\" \/>\n\t<meta property=\"og:image:type\" content=\"image\/jpeg\" \/>\n<meta name=\"author\" content=\"Telinha\" \/>\n<meta name=\"twitter:card\" content=\"summary_large_image\" \/>\n<meta name=\"twitter:label1\" content=\"Escrito por\" \/>\n\t<meta name=\"twitter:data1\" content=\"Telinha\" \/>\n\t<meta name=\"twitter:label2\" content=\"Tempo estimado de leitura\" \/>\n\t<meta name=\"twitter:data2\" content=\"1 minuto\" \/>\n<script type=\"application\/ld+json\" class=\"yoast-schema-graph\">{\"@context\":\"https:\/\/schema.org\",\"@graph\":[{\"@type\":\"Article\",\"@id\":\"https:\/\/portaltela.pt\/desporto\/copa-do-mundo\/2026\/03\/08\/portugal-e-campeao-masculino-nos-mundiais-virtus-de-pista-curta\/#article\",\"isPartOf\":{\"@id\":\"https:\/\/portaltela.pt\/desporto\/copa-do-mundo\/2026\/03\/08\/portugal-e-campeao-masculino-nos-mundiais-virtus-de-pista-curta\/\"},\"author\":{\"name\":\"Telinha\",\"@id\":\"https:\/\/portaltela.pt\/#\/schema\/person\/c4278d4a6028830caff9ee44b42d32ed\"},\"headline\":\"Portugal \u00e9 campe\u00e3o masculino nos Mundiais Virtus de pista curta\",\"datePublished\":\"2026-03-08T17:15:46+00:00\",\"dateModified\":\"2026-03-09T18:02:50+00:00\",\"mainEntityOfPage\":{\"@id\":\"https:\/\/portaltela.pt\/desporto\/copa-do-mundo\/2026\/03\/08\/portugal-e-campeao-masculino-nos-mundiais-virtus-de-pista-curta\/\"},\"wordCount\":216,\"image\":{\"@id\":\"https:\/\/portaltela.pt\/desporto\/copa-do-mundo\/2026\/03\/08\/portugal-e-campeao-masculino-nos-mundiais-virtus-de-pista-curta\/#primaryimage\"},\"thumbnailUrl\":\"https:\/\/portaltela.pt\/s.01k8rhncp4jt1\/2026\/03\/img_920x518uu2026-03-08-17-15-33-2425677.jpg\",\"keywords\":[\"\u00daltimas da Copa do Mundo\"],\"articleSection\":[\"Copa do Mundo\",\"Desporto\"],\"inLanguage\":\"pt-PT\"},{\"@type\":\"WebPage\",\"@id\":\"https:\/\/portaltela.pt\/desporto\/copa-do-mundo\/2026\/03\/08\/portugal-e-campeao-masculino-nos-mundiais-virtus-de-pista-curta\/\",\"url\":\"https:\/\/portaltela.pt\/desporto\/copa-do-mundo\/2026\/03\/08\/portugal-e-campeao-masculino-nos-mundiais-virtus-de-pista-curta\/\",\"name\":\"Portugal \u00e9 campe\u00e3o masculino nos Mundiais Virtus de pista curta - Portal Tela Portugal\",\"isPartOf\":{\"@id\":\"https:\/\/portaltela.pt\/#website\"},\"primaryImageOfPage\":{\"@id\":\"https:\/\/portaltela.pt\/desporto\/copa-do-mundo\/2026\/03\/08\/portugal-e-campeao-masculino-nos-mundiais-virtus-de-pista-curta\/#primaryimage\"},\"image\":{\"@id\":\"https:\/\/portaltela.pt\/desporto\/copa-do-mundo\/2026\/03\/08\/portugal-e-campeao-masculino-nos-mundiais-virtus-de-pista-curta\/#primaryimage\"},\"thumbnailUrl\":\"https:\/\/portaltela.pt\/s.01k8rhncp4jt1\/2026\/03\/img_920x518uu2026-03-08-17-15-33-2425677.jpg\",\"datePublished\":\"2026-03-08T17:15:46+00:00\",\"dateModified\":\"2026-03-09T18:02:50+00:00\",\"author\":{\"@id\":\"https:\/\/portaltela.pt\/#\/schema\/person\/c4278d4a6028830caff9ee44b42d32ed\"},\"breadcrumb\":{\"@id\":\"https:\/\/portaltela.pt\/desporto\/copa-do-mundo\/2026\/03\/08\/portugal-e-campeao-masculino-nos-mundiais-virtus-de-pista-curta\/#breadcrumb\"},\"inLanguage\":\"pt-PT\",\"potentialAction\":[{\"@type\":\"ReadAction\",\"target\":[\"https:\/\/portaltela.pt\/desporto\/copa-do-mundo\/2026\/03\/08\/portugal-e-campeao-masculino-nos-mundiais-virtus-de-pista-curta\/\"]}]},{\"@type\":\"ImageObject\",\"inLanguage\":\"pt-PT\",\"@id\":\"https:\/\/portaltela.pt\/desporto\/copa-do-mundo\/2026\/03\/08\/portugal-e-campeao-masculino-nos-mundiais-virtus-de-pista-curta\/#primaryimage\",\"url\":\"https:\/\/portaltela.pt\/s.01k8rhncp4jt1\/2026\/03\/img_920x518uu2026-03-08-17-15-33-2425677.jpg\",\"contentUrl\":\"https:\/\/portaltela.pt\/s.01k8rhncp4jt1\/2026\/03\/img_920x518uu2026-03-08-17-15-33-2425677.jpg\",\"width\":796,\"height\":448,\"caption\":\"Portugal sagra-se campe\u00e3o masculino nos Mundiais Virtus de pista curta\"},{\"@type\":\"BreadcrumbList\",\"@id\":\"https:\/\/portaltela.pt\/desporto\/copa-do-mundo\/2026\/03\/08\/portugal-e-campeao-masculino-nos-mundiais-virtus-de-pista-curta\/#breadcrumb\",\"itemListElement\":[{\"@type\":\"ListItem\",\"position\":1,\"name\":\"In\u00edcio\",\"item\":\"https:\/\/portaltela.pt\/\"},{\"@type\":\"ListItem\",\"position\":2,\"name\":\"Portugal \u00e9 campe\u00e3o masculino nos Mundiais Virtus de pista curta\"}]},{\"@type\":\"WebSite\",\"@id\":\"https:\/\/portaltela.pt\/#website\",\"url\":\"https:\/\/portaltela.pt\/\",\"name\":\"Portal Tela Portugal\",\"description\":\"\",\"potentialAction\":[{\"@type\":\"SearchAction\",\"target\":{\"@type\":\"EntryPoint\",\"urlTemplate\":\"https:\/\/portaltela.pt\/?s={search_term_string}\"},\"query-input\":{\"@type\":\"PropertyValueSpecification\",\"valueRequired\":true,\"valueName\":\"search_term_string\"}}],\"inLanguage\":\"pt-PT\"},{\"@type\":\"Person\",\"@id\":\"https:\/\/portaltela.pt\/#\/schema\/person\/c4278d4a6028830caff9ee44b42d32ed\",\"name\":\"Telinha\",\"image\":{\"@type\":\"ImageObject\",\"inLanguage\":\"pt-PT\",\"@id\":\"https:\/\/portaltela.pt\/s.01k8rhncp4jt1\/2025\/11\/talking-bot-125x125.png\",\"url\":\"https:\/\/portaltela.pt\/s.01k8rhncp4jt1\/2025\/11\/talking-bot-125x125.png\",\"contentUrl\":\"https:\/\/portaltela.pt\/s.01k8rhncp4jt1\/2025\/11\/talking-bot-125x125.png\",\"caption\":\"Telinha\"},\"sameAs\":[\"https:\/\/portaltela.pt\/\"],\"url\":\"https:\/\/portaltela.pt\/por\/367410592786\/\"}]}<\/script>\n<!-- \/ Yoast SEO plugin. -->","yoast_head_json":{"title":"Portugal \u00e9 campe\u00e3o masculino nos Mundiais Virtus de pista curta - Portal Tela Portugal","robots":{"index":"index","follow":"follow","max-snippet":"max-snippet:-1","max-image-preview":"max-image-preview:large","max-video-preview":"max-video-preview:-1"},"og_locale":"pt_PT","og_type":"article","og_title":"Portugal \u00e9 campe\u00e3o masculino nos Mundiais Virtus de pista curta - Portal Tela Portugal","og_description":"Portugal sagrou-se campe\u00e3o masculino nos Mundiais Virtus de pista curta, em Ourense, Espanha; a equipa feminina terminou em quarto lugar no agregado. No \u00faltimo dia, Portugal somou duas medalhas de prata: 4x400 metros masculino e salto em comprimento, com Tiago Ramos a alcan\u00e7ar a prata. A primeira medalha portuguesa surgiu na abertura dos Mundiais, com Afonso Roll a ficar em segundo nos 3.000 metros marcha. No s\u00e1bado, Portugal conquistou quatro medalhas de ouro: Ana Filipe (triplo salto), Josiane Pereira (400 metros), Igor Oliveira (60 metros, com novo recorde dos campeonatos) e a estafeta 4x200 metros. Lenine Cunha somou mais duas medalhas (prata no triplo salto e bronze no salto em altura); Daniel Ant\u00f3nio foi segundo nos 400 metros e Ana Filipe ficou com a prata no salto em altura.","og_url":"https:\/\/portaltela.pt\/desporto\/copa-do-mundo\/2026\/03\/08\/portugal-e-campeao-masculino-nos-mundiais-virtus-de-pista-curta\/","og_site_name":"Portal Tela Portugal","article_published_time":"2026-03-08T17:15:46+00:00","article_modified_time":"2026-03-09T18:02:50+00:00","og_image":[{"width":796,"height":448,"url":"https:\/\/portaltela.pt\/s.01k8rhncp4jt1\/2026\/03\/img_920x518uu2026-03-08-17-15-33-2425677.jpg","type":"image\/jpeg"}],"author":"Telinha","twitter_card":"summary_large_image","twitter_misc":{"Escrito por":"Telinha","Tempo estimado de leitura":"1 minuto"},"schema":{"@context":"https:\/\/schema.org","@graph":[{"@type":"Article","@id":"https:\/\/portaltela.pt\/desporto\/copa-do-mundo\/2026\/03\/08\/portugal-e-campeao-masculino-nos-mundiais-virtus-de-pista-curta\/#article","isPartOf":{"@id":"https:\/\/portaltela.pt\/desporto\/copa-do-mundo\/2026\/03\/08\/portugal-e-campeao-masculino-nos-mundiais-virtus-de-pista-curta\/"},"author":{"name":"Telinha","@id":"https:\/\/portaltela.pt\/#\/schema\/person\/c4278d4a6028830caff9ee44b42d32ed"},"headline":"Portugal \u00e9 campe\u00e3o masculino nos Mundiais Virtus de pista curta","datePublished":"2026-03-08T17:15:46+00:00","dateModified":"2026-03-09T18:02:50+00:00","mainEntityOfPage":{"@id":"https:\/\/portaltela.pt\/desporto\/copa-do-mundo\/2026\/03\/08\/portugal-e-campeao-masculino-nos-mundiais-virtus-de-pista-curta\/"},"wordCount":216,"image":{"@id":"https:\/\/portaltela.pt\/desporto\/copa-do-mundo\/2026\/03\/08\/portugal-e-campeao-masculino-nos-mundiais-virtus-de-pista-curta\/#primaryimage"},"thumbnailUrl":"https:\/\/portaltela.pt\/s.01k8rhncp4jt1\/2026\/03\/img_920x518uu2026-03-08-17-15-33-2425677.jpg","keywords":["\u00daltimas da Copa do Mundo"],"articleSection":["Copa do Mundo","Desporto"],"inLanguage":"pt-PT"},{"@type":"WebPage","@id":"https:\/\/portaltela.pt\/desporto\/copa-do-mundo\/2026\/03\/08\/portugal-e-campeao-masculino-nos-mundiais-virtus-de-pista-curta\/","url":"https:\/\/portaltela.pt\/desporto\/copa-do-mundo\/2026\/03\/08\/portugal-e-campeao-masculino-nos-mundiais-virtus-de-pista-curta\/","name":"Portugal \u00e9 campe\u00e3o masculino nos Mundiais Virtus de pista curta - Portal Tela Portugal","isPartOf":{"@id":"https:\/\/portaltela.pt\/#website"},"primaryImageOfPage":{"@id":"https:\/\/portaltela.pt\/desporto\/copa-do-mundo\/2026\/03\/08\/portugal-e-campeao-masculino-nos-mundiais-virtus-de-pista-curta\/#primaryimage"},"image":{"@id":"https:\/\/portaltela.pt\/desporto\/copa-do-mundo\/2026\/03\/08\/portugal-e-campeao-masculino-nos-mundiais-virtus-de-pista-curta\/#primaryimage"},"thumbnailUrl":"https:\/\/portaltela.pt\/s.01k8rhncp4jt1\/2026\/03\/img_920x518uu2026-03-08-17-15-33-2425677.jpg","datePublished":"2026-03-08T17:15:46+00:00","dateModified":"2026-03-09T18:02:50+00:00","author":{"@id":"https:\/\/portaltela.pt\/#\/schema\/person\/c4278d4a6028830caff9ee44b42d32ed"},"breadcrumb":{"@id":"https:\/\/portaltela.pt\/desporto\/copa-do-mundo\/2026\/03\/08\/portugal-e-campeao-masculino-nos-mundiais-virtus-de-pista-curta\/#breadcrumb"},"inLanguage":"pt-PT","potentialAction":[{"@type":"ReadAction","target":["https:\/\/portaltela.pt\/desporto\/copa-do-mundo\/2026\/03\/08\/portugal-e-campeao-masculino-nos-mundiais-virtus-de-pista-curta\/"]}]},{"@type":"ImageObject","inLanguage":"pt-PT","@id":"https:\/\/portaltela.pt\/desporto\/copa-do-mundo\/2026\/03\/08\/portugal-e-campeao-masculino-nos-mundiais-virtus-de-pista-curta\/#primaryimage","url":"https:\/\/portaltela.pt\/s.01k8rhncp4jt1\/2026\/03\/img_920x518uu2026-03-08-17-15-33-2425677.jpg","contentUrl":"https:\/\/portaltela.pt\/s.01k8rhncp4jt1\/2026\/03\/img_920x518uu2026-03-08-17-15-33-2425677.jpg","width":796,"height":448,"caption":"Portugal sagra-se campe\u00e3o masculino nos Mundiais Virtus de pista curta"},{"@type":"BreadcrumbList","@id":"https:\/\/portaltela.pt\/desporto\/copa-do-mundo\/2026\/03\/08\/portugal-e-campeao-masculino-nos-mundiais-virtus-de-pista-curta\/#breadcrumb","itemListElement":[{"@type":"ListItem","position":1,"name":"In\u00edcio","item":"https:\/\/portaltela.pt\/"},{"@type":"ListItem","position":2,"name":"Portugal \u00e9 campe\u00e3o masculino nos Mundiais Virtus de pista curta"}]},{"@type":"WebSite","@id":"https:\/\/portaltela.pt\/#website","url":"https:\/\/portaltela.pt\/","name":"Portal Tela Portugal","description":"","potentialAction":[{"@type":"SearchAction","target":{"@type":"EntryPoint","urlTemplate":"https:\/\/portaltela.pt\/?s={search_term_string}"},"query-input":{"@type":"PropertyValueSpecification","valueRequired":true,"valueName":"search_term_string"}}],"inLanguage":"pt-PT"},{"@type":"Person","@id":"https:\/\/portaltela.pt\/#\/schema\/person\/c4278d4a6028830caff9ee44b42d32ed","name":"Telinha","image":{"@type":"ImageObject","inLanguage":"pt-PT","@id":"https:\/\/portaltela.pt\/s.01k8rhncp4jt1\/2025\/11\/talking-bot-125x125.png","url":"https:\/\/portaltela.pt\/s.01k8rhncp4jt1\/2025\/11\/talking-bot-125x125.png","contentUrl":"https:\/\/portaltela.pt\/s.01k8rhncp4jt1\/2025\/11\/talking-bot-125x125.png","caption":"Telinha"},"sameAs":["https:\/\/portaltela.pt\/"],"url":"https:\/\/portaltela.pt\/por\/367410592786\/"}]}},"_links":{"self":[{"href":"https:\/\/portaltela.pt\/api\/wp\/v2\/posts\/402472","targetHints":{"allow":["GET"]}}],"collection":[{"href":"https:\/\/portaltela.pt\/api\/wp\/v2\/posts"}],"about":[{"href":"https:\/\/portaltela.pt\/api\/wp\/v2\/types\/post"}],"author":[{"embeddable":true,"href":"https:\/\/portaltela.pt\/api\/wp\/v2\/users\/2"}],"replies":[{"embeddable":true,"href":"https:\/\/portaltela.pt\/api\/wp\/v2\/comments?post=402472"}],"version-history":[{"count":0,"href":"https:\/\/portaltela.pt\/api\/wp\/v2\/posts\/402472\/revisions"}],"wp:featuredmedia":[{"embeddable":true,"href":"https:\/\/portaltela.pt\/api\/wp\/v2\/media\/402474"}],"wp:attachment":[{"href":"https:\/\/portaltela.pt\/api\/wp\/v2\/media?parent=402472"}],"wp:term":[{"taxonomy":"category","embeddable":true,"href":"https:\/\/portaltela.pt\/api\/wp\/v2\/categories?post=402472"},{"taxonomy":"post_tag","embeddable":true,"href":"https:\/\/portaltela.pt\/api\/wp\/v2\/tags?post=402472"}],"curies":[{"name":"wp","href":"https:\/\/api.w.org\/{rel}","templated":true}]}}