{"id":402456,"date":"2026-03-08T14:01:00","date_gmt":"2026-03-08T17:01:00","guid":{"rendered":"https:\/\/portaltela.pt\/noticias\/2026\/03\/08\/pinto-explica-escolhas-de-farioli-bednarek-em-condicao-otamendi-sem-problemas\/"},"modified":"2026-03-08T14:01:00","modified_gmt":"2026-03-08T17:01:00","slug":"pinto-explica-escolhas-de-farioli-bednarek-em-condicao-otamendi-sem-problemas","status":"publish","type":"post","link":"https:\/\/portaltela.pt\/desporto\/futebol\/2026\/03\/08\/pinto-explica-escolhas-de-farioli-bednarek-em-condicao-otamendi-sem-problemas\/","title":{"rendered":"Pinto explica escolhas de Farioli; Bednarek em condi\u00e7\u00e3o, Otamendi sem problemas"},"content":{"rendered":"<p>V\u00edtor Pinto, subdiretor do Record, revelou na CMTV que Otamendi e Bednarek v\u00e3o iniciar o cl\u00e1ssico entre Benfica e FC Porto. A informa\u00e7\u00e3o ocorreu em direto, antes do apito inicial da meia\u2011final entre as duas equipas.<\/p>\n<p>Poucos minutos depois, foi confirmado pela pr\u00f3pria equipa t\u00e9cnica que ambos os jogadores seriam titulares no confronto. A not\u00edcia, partilhada ao minuto, refor\u00e7a a leitura t\u00e1tica prevista para o encontro.<\/p>\n<h3>Confirma\u00e7\u00e3o do alinhamento<\/h3>\n<p>A not\u00edcia aponta que a dupla central tem condi\u00e7\u00f5es f\u00edsicas para atuar, sem limita\u00e7\u00f5es que comprometam o desempenho. O foco recai sobre a dupla polivalente e a presen\u00e7a de Bednarek, que j\u00e1 apresentava boa disponibilidade.<\/p>\n<h3>Contexto e impacto<\/h3>\n<p>A escolha de Otamendi e Bednarek reflete a gest\u00e3o de les\u00f5es e a prefer\u00eancia estrat\u00e9gica do treinador para o duelo com o FC Porto. O cl\u00e1ssico ocorre no Est\u00e1dio, num contexto de competi\u00e7\u00e3o entre duas hist\u00f3ricas rivais.<\/p>\n","protected":false},"excerpt":{"rendered":"<ul>\n<li>O subdiretor de Record, V\u00edtor Pinto, adiantou, em direto na CMTV, que Otamendi e Bednarek seriam titulares no cl\u00e1ssico.<\/li>\n<li>Poucos minutos depois, confirmou-se que ambos come\u00e7ariam a jogo pela dupla Benfica-FC Porto.<\/li>\n<li>A explica\u00e7\u00e3o envolve as escolhas de Farioli e Mourinho para o encontro.<\/li>\n<li>Bednarek est\u00e1 em condi\u00e7\u00f5es f\u00edsicas e n\u00e3o h\u00e1 quest\u00e3o f\u00edsica com Otamendi.<\/li>\n<li>O duelo em quest\u00e3o \u00e9 Benfica contra FC Porto.<\/li>\n<\/ul>\n","protected":false},"author":2,"featured_media":402462,"comment_status":"closed","ping_status":"closed","sticky":false,"template":"","format":"standard","meta":{"footnotes":""},"categories":[21,24],"tags":[3160,1946,3972,32,4117,982],"class_list":["post-402456","post","type-post","status-publish","format-standard","has-post-thumbnail","hentry","category-desporto","category-futebol","tag-bednarek","tag-benfica","tag-benfica-sad","tag-futebol","tag-otamendi","tag-porto"],"yoast_head":"<!-- This site is optimized with the Yoast SEO plugin v27.2 - https:\/\/yoast.com\/product\/yoast-seo-wordpress\/ -->\n<title>Pinto explica escolhas de Farioli; Bednarek em condi\u00e7\u00e3o, Otamendi sem problemas - Portal Tela Portugal<\/title>\n<meta name=\"robots\" content=\"index, follow, max-snippet:-1, max-image-preview:large, max-video-preview:-1\" \/>\n<meta property=\"og:locale\" content=\"pt_PT\" \/>\n<meta property=\"og:type\" content=\"article\" \/>\n<meta property=\"og:title\" content=\"Pinto explica escolhas de Farioli; Bednarek em condi\u00e7\u00e3o, Otamendi sem problemas - Portal Tela Portugal\" \/>\n<meta property=\"og:description\" content=\"O subdiretor de Record, V\u00edtor Pinto, adiantou, em direto na CMTV, que Otamendi e Bednarek seriam titulares no cl\u00e1ssico. Poucos minutos depois, confirmou-se que ambos come\u00e7ariam a jogo pela dupla Benfica-FC Porto. A explica\u00e7\u00e3o envolve as escolhas de Farioli e Mourinho para o encontro. Bednarek est\u00e1 em condi\u00e7\u00f5es f\u00edsicas e n\u00e3o h\u00e1 quest\u00e3o f\u00edsica com Otamendi. O duelo em quest\u00e3o \u00e9 Benfica contra FC Porto.\" \/>\n<meta property=\"og:url\" content=\"https:\/\/portaltela.pt\/noticias\/2026\/03\/08\/pinto-explica-escolhas-de-farioli-bednarek-em-condicao-otamendi-sem-problemas\/\" \/>\n<meta property=\"og:site_name\" content=\"Portal Tela Portugal\" \/>\n<meta property=\"article:published_time\" content=\"2026-03-08T17:01:00+00:00\" \/>\n<meta name=\"author\" content=\"Telinha\" \/>\n<meta name=\"twitter:card\" content=\"summary_large_image\" \/>\n<meta name=\"twitter:label1\" content=\"Escrito por\" \/>\n\t<meta name=\"twitter:data1\" content=\"Telinha\" \/>\n\t<meta name=\"twitter:label2\" content=\"Tempo estimado de leitura\" \/>\n\t<meta name=\"twitter:data2\" content=\"1 minuto\" \/>\n<script type=\"application\/ld+json\" class=\"yoast-schema-graph\">{\"@context\":\"https:\/\/schema.org\",\"@graph\":[{\"@type\":\"Article\",\"@id\":\"https:\/\/portaltela.pt\/noticias\/2026\/03\/08\/pinto-explica-escolhas-de-farioli-bednarek-em-condicao-otamendi-sem-problemas\/#article\",\"isPartOf\":{\"@id\":\"https:\/\/portaltela.pt\/noticias\/2026\/03\/08\/pinto-explica-escolhas-de-farioli-bednarek-em-condicao-otamendi-sem-problemas\/\"},\"author\":{\"name\":\"Telinha\",\"@id\":\"https:\/\/portaltela.pt\/#\/schema\/person\/c4278d4a6028830caff9ee44b42d32ed\"},\"headline\":\"Pinto explica escolhas de Farioli; Bednarek em condi\u00e7\u00e3o, Otamendi sem problemas\",\"datePublished\":\"2026-03-08T17:01:00+00:00\",\"mainEntityOfPage\":{\"@id\":\"https:\/\/portaltela.pt\/noticias\/2026\/03\/08\/pinto-explica-escolhas-de-farioli-bednarek-em-condicao-otamendi-sem-problemas\/\"},\"wordCount\":180,\"image\":{\"@id\":\"https:\/\/portaltela.pt\/noticias\/2026\/03\/08\/pinto-explica-escolhas-de-farioli-bednarek-em-condicao-otamendi-sem-problemas\/#primaryimage\"},\"thumbnailUrl\":\"https:\/\/portaltela.pt\/s.01k8rhncp4jt1\/2026\/03\/img_1200x721uu2026-03-08-16-58-19-2425673.jpg\",\"keywords\":[\"Bednarek\",\"Benfica\",\"Benfica SAD\",\"futebol\",\"Otamendi\",\"Porto\"],\"articleSection\":[\"Desporto\",\"Futebol\"],\"inLanguage\":\"pt-PT\"},{\"@type\":\"WebPage\",\"@id\":\"https:\/\/portaltela.pt\/noticias\/2026\/03\/08\/pinto-explica-escolhas-de-farioli-bednarek-em-condicao-otamendi-sem-problemas\/\",\"url\":\"https:\/\/portaltela.pt\/noticias\/2026\/03\/08\/pinto-explica-escolhas-de-farioli-bednarek-em-condicao-otamendi-sem-problemas\/\",\"name\":\"Pinto explica escolhas de Farioli; Bednarek em condi\u00e7\u00e3o, Otamendi sem problemas - Portal Tela Portugal\",\"isPartOf\":{\"@id\":\"https:\/\/portaltela.pt\/#website\"},\"primaryImageOfPage\":{\"@id\":\"https:\/\/portaltela.pt\/noticias\/2026\/03\/08\/pinto-explica-escolhas-de-farioli-bednarek-em-condicao-otamendi-sem-problemas\/#primaryimage\"},\"image\":{\"@id\":\"https:\/\/portaltela.pt\/noticias\/2026\/03\/08\/pinto-explica-escolhas-de-farioli-bednarek-em-condicao-otamendi-sem-problemas\/#primaryimage\"},\"thumbnailUrl\":\"https:\/\/portaltela.pt\/s.01k8rhncp4jt1\/2026\/03\/img_1200x721uu2026-03-08-16-58-19-2425673.jpg\",\"datePublished\":\"2026-03-08T17:01:00+00:00\",\"author\":{\"@id\":\"https:\/\/portaltela.pt\/#\/schema\/person\/c4278d4a6028830caff9ee44b42d32ed\"},\"breadcrumb\":{\"@id\":\"https:\/\/portaltela.pt\/noticias\/2026\/03\/08\/pinto-explica-escolhas-de-farioli-bednarek-em-condicao-otamendi-sem-problemas\/#breadcrumb\"},\"inLanguage\":\"pt-PT\",\"potentialAction\":[{\"@type\":\"ReadAction\",\"target\":[\"https:\/\/portaltela.pt\/noticias\/2026\/03\/08\/pinto-explica-escolhas-de-farioli-bednarek-em-condicao-otamendi-sem-problemas\/\"]}]},{\"@type\":\"ImageObject\",\"inLanguage\":\"pt-PT\",\"@id\":\"https:\/\/portaltela.pt\/noticias\/2026\/03\/08\/pinto-explica-escolhas-de-farioli-bednarek-em-condicao-otamendi-sem-problemas\/#primaryimage\",\"url\":\"https:\/\/portaltela.pt\/s.01k8rhncp4jt1\/2026\/03\/img_1200x721uu2026-03-08-16-58-19-2425673.jpg\",\"contentUrl\":\"https:\/\/portaltela.pt\/s.01k8rhncp4jt1\/2026\/03\/img_1200x721uu2026-03-08-16-58-19-2425673.jpg\",\"width\":796,\"height\":448,\"caption\":\"V\u00edtor Pinto explica escolhas de Farioli e Mourinho: \u00abBednarek est\u00e1 em condi\u00e7\u00f5es e n\u00e3o h\u00e1 quest\u00e3o f\u00edsica com Otamendi\u00bb\"},{\"@type\":\"BreadcrumbList\",\"@id\":\"https:\/\/portaltela.pt\/noticias\/2026\/03\/08\/pinto-explica-escolhas-de-farioli-bednarek-em-condicao-otamendi-sem-problemas\/#breadcrumb\",\"itemListElement\":[{\"@type\":\"ListItem\",\"position\":1,\"name\":\"In\u00edcio\",\"item\":\"https:\/\/portaltela.pt\/\"},{\"@type\":\"ListItem\",\"position\":2,\"name\":\"Pinto explica escolhas de Farioli; Bednarek em condi\u00e7\u00e3o, Otamendi sem problemas\"}]},{\"@type\":\"WebSite\",\"@id\":\"https:\/\/portaltela.pt\/#website\",\"url\":\"https:\/\/portaltela.pt\/\",\"name\":\"Portal Tela Portugal\",\"description\":\"\",\"potentialAction\":[{\"@type\":\"SearchAction\",\"target\":{\"@type\":\"EntryPoint\",\"urlTemplate\":\"https:\/\/portaltela.pt\/?s={search_term_string}\"},\"query-input\":{\"@type\":\"PropertyValueSpecification\",\"valueRequired\":true,\"valueName\":\"search_term_string\"}}],\"inLanguage\":\"pt-PT\"},{\"@type\":\"Person\",\"@id\":\"https:\/\/portaltela.pt\/#\/schema\/person\/c4278d4a6028830caff9ee44b42d32ed\",\"name\":\"Telinha\",\"image\":{\"@type\":\"ImageObject\",\"inLanguage\":\"pt-PT\",\"@id\":\"https:\/\/portaltela.pt\/s.01k8rhncp4jt1\/2025\/11\/talking-bot-125x125.png\",\"url\":\"https:\/\/portaltela.pt\/s.01k8rhncp4jt1\/2025\/11\/talking-bot-125x125.png\",\"contentUrl\":\"https:\/\/portaltela.pt\/s.01k8rhncp4jt1\/2025\/11\/talking-bot-125x125.png\",\"caption\":\"Telinha\"},\"sameAs\":[\"https:\/\/portaltela.pt\/\"],\"url\":\"https:\/\/portaltela.pt\/por\/367410592786\/\"}]}<\/script>\n<!-- \/ Yoast SEO plugin. -->","yoast_head_json":{"title":"Pinto explica escolhas de Farioli; Bednarek em condi\u00e7\u00e3o, Otamendi sem problemas - Portal Tela Portugal","robots":{"index":"index","follow":"follow","max-snippet":"max-snippet:-1","max-image-preview":"max-image-preview:large","max-video-preview":"max-video-preview:-1"},"og_locale":"pt_PT","og_type":"article","og_title":"Pinto explica escolhas de Farioli; Bednarek em condi\u00e7\u00e3o, Otamendi sem problemas - Portal Tela Portugal","og_description":"O subdiretor de Record, V\u00edtor Pinto, adiantou, em direto na CMTV, que Otamendi e Bednarek seriam titulares no cl\u00e1ssico. Poucos minutos depois, confirmou-se que ambos come\u00e7ariam a jogo pela dupla Benfica-FC Porto. A explica\u00e7\u00e3o envolve as escolhas de Farioli e Mourinho para o encontro. Bednarek est\u00e1 em condi\u00e7\u00f5es f\u00edsicas e n\u00e3o h\u00e1 quest\u00e3o f\u00edsica com Otamendi. O duelo em quest\u00e3o \u00e9 Benfica contra FC Porto.","og_url":"https:\/\/portaltela.pt\/noticias\/2026\/03\/08\/pinto-explica-escolhas-de-farioli-bednarek-em-condicao-otamendi-sem-problemas\/","og_site_name":"Portal Tela Portugal","article_published_time":"2026-03-08T17:01:00+00:00","author":"Telinha","twitter_card":"summary_large_image","twitter_misc":{"Escrito por":"Telinha","Tempo estimado de leitura":"1 minuto"},"schema":{"@context":"https:\/\/schema.org","@graph":[{"@type":"Article","@id":"https:\/\/portaltela.pt\/noticias\/2026\/03\/08\/pinto-explica-escolhas-de-farioli-bednarek-em-condicao-otamendi-sem-problemas\/#article","isPartOf":{"@id":"https:\/\/portaltela.pt\/noticias\/2026\/03\/08\/pinto-explica-escolhas-de-farioli-bednarek-em-condicao-otamendi-sem-problemas\/"},"author":{"name":"Telinha","@id":"https:\/\/portaltela.pt\/#\/schema\/person\/c4278d4a6028830caff9ee44b42d32ed"},"headline":"Pinto explica escolhas de Farioli; Bednarek em condi\u00e7\u00e3o, Otamendi sem problemas","datePublished":"2026-03-08T17:01:00+00:00","mainEntityOfPage":{"@id":"https:\/\/portaltela.pt\/noticias\/2026\/03\/08\/pinto-explica-escolhas-de-farioli-bednarek-em-condicao-otamendi-sem-problemas\/"},"wordCount":180,"image":{"@id":"https:\/\/portaltela.pt\/noticias\/2026\/03\/08\/pinto-explica-escolhas-de-farioli-bednarek-em-condicao-otamendi-sem-problemas\/#primaryimage"},"thumbnailUrl":"https:\/\/portaltela.pt\/s.01k8rhncp4jt1\/2026\/03\/img_1200x721uu2026-03-08-16-58-19-2425673.jpg","keywords":["Bednarek","Benfica","Benfica SAD","futebol","Otamendi","Porto"],"articleSection":["Desporto","Futebol"],"inLanguage":"pt-PT"},{"@type":"WebPage","@id":"https:\/\/portaltela.pt\/noticias\/2026\/03\/08\/pinto-explica-escolhas-de-farioli-bednarek-em-condicao-otamendi-sem-problemas\/","url":"https:\/\/portaltela.pt\/noticias\/2026\/03\/08\/pinto-explica-escolhas-de-farioli-bednarek-em-condicao-otamendi-sem-problemas\/","name":"Pinto explica escolhas de Farioli; Bednarek em condi\u00e7\u00e3o, Otamendi sem problemas - Portal Tela Portugal","isPartOf":{"@id":"https:\/\/portaltela.pt\/#website"},"primaryImageOfPage":{"@id":"https:\/\/portaltela.pt\/noticias\/2026\/03\/08\/pinto-explica-escolhas-de-farioli-bednarek-em-condicao-otamendi-sem-problemas\/#primaryimage"},"image":{"@id":"https:\/\/portaltela.pt\/noticias\/2026\/03\/08\/pinto-explica-escolhas-de-farioli-bednarek-em-condicao-otamendi-sem-problemas\/#primaryimage"},"thumbnailUrl":"https:\/\/portaltela.pt\/s.01k8rhncp4jt1\/2026\/03\/img_1200x721uu2026-03-08-16-58-19-2425673.jpg","datePublished":"2026-03-08T17:01:00+00:00","author":{"@id":"https:\/\/portaltela.pt\/#\/schema\/person\/c4278d4a6028830caff9ee44b42d32ed"},"breadcrumb":{"@id":"https:\/\/portaltela.pt\/noticias\/2026\/03\/08\/pinto-explica-escolhas-de-farioli-bednarek-em-condicao-otamendi-sem-problemas\/#breadcrumb"},"inLanguage":"pt-PT","potentialAction":[{"@type":"ReadAction","target":["https:\/\/portaltela.pt\/noticias\/2026\/03\/08\/pinto-explica-escolhas-de-farioli-bednarek-em-condicao-otamendi-sem-problemas\/"]}]},{"@type":"ImageObject","inLanguage":"pt-PT","@id":"https:\/\/portaltela.pt\/noticias\/2026\/03\/08\/pinto-explica-escolhas-de-farioli-bednarek-em-condicao-otamendi-sem-problemas\/#primaryimage","url":"https:\/\/portaltela.pt\/s.01k8rhncp4jt1\/2026\/03\/img_1200x721uu2026-03-08-16-58-19-2425673.jpg","contentUrl":"https:\/\/portaltela.pt\/s.01k8rhncp4jt1\/2026\/03\/img_1200x721uu2026-03-08-16-58-19-2425673.jpg","width":796,"height":448,"caption":"V\u00edtor Pinto explica escolhas de Farioli e Mourinho: \u00abBednarek est\u00e1 em condi\u00e7\u00f5es e n\u00e3o h\u00e1 quest\u00e3o f\u00edsica com Otamendi\u00bb"},{"@type":"BreadcrumbList","@id":"https:\/\/portaltela.pt\/noticias\/2026\/03\/08\/pinto-explica-escolhas-de-farioli-bednarek-em-condicao-otamendi-sem-problemas\/#breadcrumb","itemListElement":[{"@type":"ListItem","position":1,"name":"In\u00edcio","item":"https:\/\/portaltela.pt\/"},{"@type":"ListItem","position":2,"name":"Pinto explica escolhas de Farioli; Bednarek em condi\u00e7\u00e3o, Otamendi sem problemas"}]},{"@type":"WebSite","@id":"https:\/\/portaltela.pt\/#website","url":"https:\/\/portaltela.pt\/","name":"Portal Tela Portugal","description":"","potentialAction":[{"@type":"SearchAction","target":{"@type":"EntryPoint","urlTemplate":"https:\/\/portaltela.pt\/?s={search_term_string}"},"query-input":{"@type":"PropertyValueSpecification","valueRequired":true,"valueName":"search_term_string"}}],"inLanguage":"pt-PT"},{"@type":"Person","@id":"https:\/\/portaltela.pt\/#\/schema\/person\/c4278d4a6028830caff9ee44b42d32ed","name":"Telinha","image":{"@type":"ImageObject","inLanguage":"pt-PT","@id":"https:\/\/portaltela.pt\/s.01k8rhncp4jt1\/2025\/11\/talking-bot-125x125.png","url":"https:\/\/portaltela.pt\/s.01k8rhncp4jt1\/2025\/11\/talking-bot-125x125.png","contentUrl":"https:\/\/portaltela.pt\/s.01k8rhncp4jt1\/2025\/11\/talking-bot-125x125.png","caption":"Telinha"},"sameAs":["https:\/\/portaltela.pt\/"],"url":"https:\/\/portaltela.pt\/por\/367410592786\/"}]}},"_links":{"self":[{"href":"https:\/\/portaltela.pt\/api\/wp\/v2\/posts\/402456","targetHints":{"allow":["GET"]}}],"collection":[{"href":"https:\/\/portaltela.pt\/api\/wp\/v2\/posts"}],"about":[{"href":"https:\/\/portaltela.pt\/api\/wp\/v2\/types\/post"}],"author":[{"embeddable":true,"href":"https:\/\/portaltela.pt\/api\/wp\/v2\/users\/2"}],"replies":[{"embeddable":true,"href":"https:\/\/portaltela.pt\/api\/wp\/v2\/comments?post=402456"}],"version-history":[{"count":0,"href":"https:\/\/portaltela.pt\/api\/wp\/v2\/posts\/402456\/revisions"}],"wp:featuredmedia":[{"embeddable":true,"href":"https:\/\/portaltela.pt\/api\/wp\/v2\/media\/402462"}],"wp:attachment":[{"href":"https:\/\/portaltela.pt\/api\/wp\/v2\/media?parent=402456"}],"wp:term":[{"taxonomy":"category","embeddable":true,"href":"https:\/\/portaltela.pt\/api\/wp\/v2\/categories?post=402456"},{"taxonomy":"post_tag","embeddable":true,"href":"https:\/\/portaltela.pt\/api\/wp\/v2\/tags?post=402456"}],"curies":[{"name":"wp","href":"https:\/\/api.w.org\/{rel}","templated":true}]}}