{"id":402454,"date":"2026-03-08T14:07:00","date_gmt":"2026-03-08T17:07:00","guid":{"rendered":"https:\/\/portaltela.pt\/noticias\/2026\/03\/08\/mocambique-amplia-alerta-de-chuvas-fortes-do-sul-para-o-centro\/"},"modified":"2026-03-08T14:07:00","modified_gmt":"2026-03-08T17:07:00","slug":"mocambique-amplia-alerta-de-chuvas-fortes-do-sul-para-o-centro","status":"publish","type":"post","link":"https:\/\/portaltela.pt\/noticias\/2026\/03\/08\/mocambique-amplia-alerta-de-chuvas-fortes-do-sul-para-o-centro\/","title":{"rendered":"Mo\u00e7ambique amplia alerta de chuvas fortes do sul para o centro"},"content":{"rendered":"<p>Autoridades mo\u00e7ambicanas anunciaram hoje a extens\u00e3o do alerta de chuvas fortes, que passa do sul para o centro do pa\u00eds, com previs\u00f5es de aguaceiros intensos e potenciais inunda\u00e7\u00f5es localizadas.<\/p>\n<p>O an\u00fancio indica que as regi\u00f5es sul e centro devem manter condi\u00e7\u00f5es adversas nos pr\u00f3ximos dias, com risco de alagamentos, quedas de \u00e1rvores e interrup\u00e7\u00f5es em infraestruturas cr\u00edticas.<\/p>\n<p>A decis\u00e3o visa sensibilizar popula\u00e7\u00f5es, autoridades locais e servi\u00e7os de prote\u00e7\u00e3o civil, que devem manter planos de preven\u00e7\u00e3o e evacua\u00e7\u00e3o em \u00e1reas de risco.<\/p>\n<p>As informa\u00e7\u00f5es oficiais s\u00e3o emitidas por entidades de meteorologia e prote\u00e7\u00e3o civil, com base em modelos clim\u00e1ticos atualizados nas \u00faltimas horas.<\/p>\n<p>O conte\u00fado completo permanece acess\u00edvel apenas a subscritores.<\/p>\n","protected":false},"excerpt":{"rendered":"<ul>\n<li>Mo\u00e7ambique alargou o alerta de chuvas fortes do sul para o centro do pa\u00eds.<\/li>\n<li>O conte\u00fado completo n\u00e3o est\u00e1 dispon\u00edvel sem subscri\u00e7\u00e3o.<\/li>\n<li>O acesso ao texto integral permanece reservado a subscritores.<\/li>\n<\/ul>\n","protected":false},"author":2,"featured_media":402461,"comment_status":"closed","ping_status":"closed","sticky":false,"template":"","format":"standard","meta":{"footnotes":""},"categories":[1],"tags":[3812,5215,5329,3931,1911,320],"class_list":["post-402454","post","type-post","status-publish","format-standard","has-post-thumbnail","hentry","category-noticias","tag-alagamentos","tag-catastrofes-naturais","tag-chuva","tag-chuva-forte","tag-mocambique","tag-protecao-civil"],"yoast_head":"<!-- This site is optimized with the Yoast SEO plugin v27.2 - https:\/\/yoast.com\/product\/yoast-seo-wordpress\/ -->\n<title>Mo\u00e7ambique amplia alerta de chuvas fortes do sul para o centro - Portal Tela Portugal<\/title>\n<meta name=\"robots\" content=\"index, follow, max-snippet:-1, max-image-preview:large, max-video-preview:-1\" \/>\n<meta property=\"og:locale\" content=\"pt_PT\" \/>\n<meta property=\"og:type\" content=\"article\" \/>\n<meta property=\"og:title\" content=\"Mo\u00e7ambique amplia alerta de chuvas fortes do sul para o centro - Portal Tela Portugal\" \/>\n<meta property=\"og:description\" content=\"Mo\u00e7ambique alargou o alerta de chuvas fortes do sul para o centro do pa\u00eds. O conte\u00fado completo n\u00e3o est\u00e1 dispon\u00edvel sem subscri\u00e7\u00e3o. O acesso ao texto integral permanece reservado a subscritores.\" \/>\n<meta property=\"og:url\" content=\"https:\/\/portaltela.pt\/noticias\/2026\/03\/08\/mocambique-amplia-alerta-de-chuvas-fortes-do-sul-para-o-centro\/\" \/>\n<meta property=\"og:site_name\" content=\"Portal Tela Portugal\" \/>\n<meta property=\"article:published_time\" content=\"2026-03-08T17:07:00+00:00\" \/>\n<meta name=\"author\" content=\"Telinha\" \/>\n<meta name=\"twitter:card\" content=\"summary_large_image\" \/>\n<meta name=\"twitter:label1\" content=\"Escrito por\" \/>\n\t<meta name=\"twitter:data1\" content=\"Telinha\" \/>\n\t<meta name=\"twitter:label2\" content=\"Tempo estimado de leitura\" \/>\n\t<meta name=\"twitter:data2\" content=\"1 minuto\" \/>\n<script type=\"application\/ld+json\" class=\"yoast-schema-graph\">{\"@context\":\"https:\/\/schema.org\",\"@graph\":[{\"@type\":\"Article\",\"@id\":\"https:\/\/portaltela.pt\/noticias\/2026\/03\/08\/mocambique-amplia-alerta-de-chuvas-fortes-do-sul-para-o-centro\/#article\",\"isPartOf\":{\"@id\":\"https:\/\/portaltela.pt\/noticias\/2026\/03\/08\/mocambique-amplia-alerta-de-chuvas-fortes-do-sul-para-o-centro\/\"},\"author\":{\"name\":\"Telinha\",\"@id\":\"https:\/\/portaltela.pt\/#\/schema\/person\/c4278d4a6028830caff9ee44b42d32ed\"},\"headline\":\"Mo\u00e7ambique amplia alerta de chuvas fortes do sul para o centro\",\"datePublished\":\"2026-03-08T17:07:00+00:00\",\"mainEntityOfPage\":{\"@id\":\"https:\/\/portaltela.pt\/noticias\/2026\/03\/08\/mocambique-amplia-alerta-de-chuvas-fortes-do-sul-para-o-centro\/\"},\"wordCount\":145,\"image\":{\"@id\":\"https:\/\/portaltela.pt\/noticias\/2026\/03\/08\/mocambique-amplia-alerta-de-chuvas-fortes-do-sul-para-o-centro\/#primaryimage\"},\"thumbnailUrl\":\"https:\/\/portaltela.pt\/s.01k8rhncp4jt1\/2026\/03\/CACHE_780X1200_ANALOG_WATERMARKED_46460082_6641611_30012026074546.jpg\",\"keywords\":[\"alagamentos\",\"cat\u00e1strofes naturais\",\"chuva\",\"chuva forte\",\"Mo\u00e7ambique\",\"prote\u00e7\u00e3o civil\"],\"articleSection\":[\"Not\u00edcias\"],\"inLanguage\":\"pt-PT\"},{\"@type\":\"WebPage\",\"@id\":\"https:\/\/portaltela.pt\/noticias\/2026\/03\/08\/mocambique-amplia-alerta-de-chuvas-fortes-do-sul-para-o-centro\/\",\"url\":\"https:\/\/portaltela.pt\/noticias\/2026\/03\/08\/mocambique-amplia-alerta-de-chuvas-fortes-do-sul-para-o-centro\/\",\"name\":\"Mo\u00e7ambique amplia alerta de chuvas fortes do sul para o centro - Portal Tela Portugal\",\"isPartOf\":{\"@id\":\"https:\/\/portaltela.pt\/#website\"},\"primaryImageOfPage\":{\"@id\":\"https:\/\/portaltela.pt\/noticias\/2026\/03\/08\/mocambique-amplia-alerta-de-chuvas-fortes-do-sul-para-o-centro\/#primaryimage\"},\"image\":{\"@id\":\"https:\/\/portaltela.pt\/noticias\/2026\/03\/08\/mocambique-amplia-alerta-de-chuvas-fortes-do-sul-para-o-centro\/#primaryimage\"},\"thumbnailUrl\":\"https:\/\/portaltela.pt\/s.01k8rhncp4jt1\/2026\/03\/CACHE_780X1200_ANALOG_WATERMARKED_46460082_6641611_30012026074546.jpg\",\"datePublished\":\"2026-03-08T17:07:00+00:00\",\"author\":{\"@id\":\"https:\/\/portaltela.pt\/#\/schema\/person\/c4278d4a6028830caff9ee44b42d32ed\"},\"breadcrumb\":{\"@id\":\"https:\/\/portaltela.pt\/noticias\/2026\/03\/08\/mocambique-amplia-alerta-de-chuvas-fortes-do-sul-para-o-centro\/#breadcrumb\"},\"inLanguage\":\"pt-PT\",\"potentialAction\":[{\"@type\":\"ReadAction\",\"target\":[\"https:\/\/portaltela.pt\/noticias\/2026\/03\/08\/mocambique-amplia-alerta-de-chuvas-fortes-do-sul-para-o-centro\/\"]}]},{\"@type\":\"ImageObject\",\"inLanguage\":\"pt-PT\",\"@id\":\"https:\/\/portaltela.pt\/noticias\/2026\/03\/08\/mocambique-amplia-alerta-de-chuvas-fortes-do-sul-para-o-centro\/#primaryimage\",\"url\":\"https:\/\/portaltela.pt\/s.01k8rhncp4jt1\/2026\/03\/CACHE_780X1200_ANALOG_WATERMARKED_46460082_6641611_30012026074546.jpg\",\"contentUrl\":\"https:\/\/portaltela.pt\/s.01k8rhncp4jt1\/2026\/03\/CACHE_780X1200_ANALOG_WATERMARKED_46460082_6641611_30012026074546.jpg\",\"width\":796,\"height\":448,\"caption\":\"Mo\u00e7ambique alarga alerta de chuvas fortes do sul para centro do pa\u00eds\"},{\"@type\":\"BreadcrumbList\",\"@id\":\"https:\/\/portaltela.pt\/noticias\/2026\/03\/08\/mocambique-amplia-alerta-de-chuvas-fortes-do-sul-para-o-centro\/#breadcrumb\",\"itemListElement\":[{\"@type\":\"ListItem\",\"position\":1,\"name\":\"In\u00edcio\",\"item\":\"https:\/\/portaltela.pt\/\"},{\"@type\":\"ListItem\",\"position\":2,\"name\":\"Mo\u00e7ambique amplia alerta de chuvas fortes do sul para o centro\"}]},{\"@type\":\"WebSite\",\"@id\":\"https:\/\/portaltela.pt\/#website\",\"url\":\"https:\/\/portaltela.pt\/\",\"name\":\"Portal Tela Portugal\",\"description\":\"\",\"potentialAction\":[{\"@type\":\"SearchAction\",\"target\":{\"@type\":\"EntryPoint\",\"urlTemplate\":\"https:\/\/portaltela.pt\/?s={search_term_string}\"},\"query-input\":{\"@type\":\"PropertyValueSpecification\",\"valueRequired\":true,\"valueName\":\"search_term_string\"}}],\"inLanguage\":\"pt-PT\"},{\"@type\":\"Person\",\"@id\":\"https:\/\/portaltela.pt\/#\/schema\/person\/c4278d4a6028830caff9ee44b42d32ed\",\"name\":\"Telinha\",\"image\":{\"@type\":\"ImageObject\",\"inLanguage\":\"pt-PT\",\"@id\":\"https:\/\/portaltela.pt\/s.01k8rhncp4jt1\/2025\/11\/talking-bot-125x125.png\",\"url\":\"https:\/\/portaltela.pt\/s.01k8rhncp4jt1\/2025\/11\/talking-bot-125x125.png\",\"contentUrl\":\"https:\/\/portaltela.pt\/s.01k8rhncp4jt1\/2025\/11\/talking-bot-125x125.png\",\"caption\":\"Telinha\"},\"sameAs\":[\"https:\/\/portaltela.pt\/\"],\"url\":\"https:\/\/portaltela.pt\/por\/367410592786\/\"}]}<\/script>\n<!-- \/ Yoast SEO plugin. -->","yoast_head_json":{"title":"Mo\u00e7ambique amplia alerta de chuvas fortes do sul para o centro - Portal Tela Portugal","robots":{"index":"index","follow":"follow","max-snippet":"max-snippet:-1","max-image-preview":"max-image-preview:large","max-video-preview":"max-video-preview:-1"},"og_locale":"pt_PT","og_type":"article","og_title":"Mo\u00e7ambique amplia alerta de chuvas fortes do sul para o centro - Portal Tela Portugal","og_description":"Mo\u00e7ambique alargou o alerta de chuvas fortes do sul para o centro do pa\u00eds. O conte\u00fado completo n\u00e3o est\u00e1 dispon\u00edvel sem subscri\u00e7\u00e3o. O acesso ao texto integral permanece reservado a subscritores.","og_url":"https:\/\/portaltela.pt\/noticias\/2026\/03\/08\/mocambique-amplia-alerta-de-chuvas-fortes-do-sul-para-o-centro\/","og_site_name":"Portal Tela Portugal","article_published_time":"2026-03-08T17:07:00+00:00","author":"Telinha","twitter_card":"summary_large_image","twitter_misc":{"Escrito por":"Telinha","Tempo estimado de leitura":"1 minuto"},"schema":{"@context":"https:\/\/schema.org","@graph":[{"@type":"Article","@id":"https:\/\/portaltela.pt\/noticias\/2026\/03\/08\/mocambique-amplia-alerta-de-chuvas-fortes-do-sul-para-o-centro\/#article","isPartOf":{"@id":"https:\/\/portaltela.pt\/noticias\/2026\/03\/08\/mocambique-amplia-alerta-de-chuvas-fortes-do-sul-para-o-centro\/"},"author":{"name":"Telinha","@id":"https:\/\/portaltela.pt\/#\/schema\/person\/c4278d4a6028830caff9ee44b42d32ed"},"headline":"Mo\u00e7ambique amplia alerta de chuvas fortes do sul para o centro","datePublished":"2026-03-08T17:07:00+00:00","mainEntityOfPage":{"@id":"https:\/\/portaltela.pt\/noticias\/2026\/03\/08\/mocambique-amplia-alerta-de-chuvas-fortes-do-sul-para-o-centro\/"},"wordCount":145,"image":{"@id":"https:\/\/portaltela.pt\/noticias\/2026\/03\/08\/mocambique-amplia-alerta-de-chuvas-fortes-do-sul-para-o-centro\/#primaryimage"},"thumbnailUrl":"https:\/\/portaltela.pt\/s.01k8rhncp4jt1\/2026\/03\/CACHE_780X1200_ANALOG_WATERMARKED_46460082_6641611_30012026074546.jpg","keywords":["alagamentos","cat\u00e1strofes naturais","chuva","chuva forte","Mo\u00e7ambique","prote\u00e7\u00e3o civil"],"articleSection":["Not\u00edcias"],"inLanguage":"pt-PT"},{"@type":"WebPage","@id":"https:\/\/portaltela.pt\/noticias\/2026\/03\/08\/mocambique-amplia-alerta-de-chuvas-fortes-do-sul-para-o-centro\/","url":"https:\/\/portaltela.pt\/noticias\/2026\/03\/08\/mocambique-amplia-alerta-de-chuvas-fortes-do-sul-para-o-centro\/","name":"Mo\u00e7ambique amplia alerta de chuvas fortes do sul para o centro - Portal Tela Portugal","isPartOf":{"@id":"https:\/\/portaltela.pt\/#website"},"primaryImageOfPage":{"@id":"https:\/\/portaltela.pt\/noticias\/2026\/03\/08\/mocambique-amplia-alerta-de-chuvas-fortes-do-sul-para-o-centro\/#primaryimage"},"image":{"@id":"https:\/\/portaltela.pt\/noticias\/2026\/03\/08\/mocambique-amplia-alerta-de-chuvas-fortes-do-sul-para-o-centro\/#primaryimage"},"thumbnailUrl":"https:\/\/portaltela.pt\/s.01k8rhncp4jt1\/2026\/03\/CACHE_780X1200_ANALOG_WATERMARKED_46460082_6641611_30012026074546.jpg","datePublished":"2026-03-08T17:07:00+00:00","author":{"@id":"https:\/\/portaltela.pt\/#\/schema\/person\/c4278d4a6028830caff9ee44b42d32ed"},"breadcrumb":{"@id":"https:\/\/portaltela.pt\/noticias\/2026\/03\/08\/mocambique-amplia-alerta-de-chuvas-fortes-do-sul-para-o-centro\/#breadcrumb"},"inLanguage":"pt-PT","potentialAction":[{"@type":"ReadAction","target":["https:\/\/portaltela.pt\/noticias\/2026\/03\/08\/mocambique-amplia-alerta-de-chuvas-fortes-do-sul-para-o-centro\/"]}]},{"@type":"ImageObject","inLanguage":"pt-PT","@id":"https:\/\/portaltela.pt\/noticias\/2026\/03\/08\/mocambique-amplia-alerta-de-chuvas-fortes-do-sul-para-o-centro\/#primaryimage","url":"https:\/\/portaltela.pt\/s.01k8rhncp4jt1\/2026\/03\/CACHE_780X1200_ANALOG_WATERMARKED_46460082_6641611_30012026074546.jpg","contentUrl":"https:\/\/portaltela.pt\/s.01k8rhncp4jt1\/2026\/03\/CACHE_780X1200_ANALOG_WATERMARKED_46460082_6641611_30012026074546.jpg","width":796,"height":448,"caption":"Mo\u00e7ambique alarga alerta de chuvas fortes do sul para centro do pa\u00eds"},{"@type":"BreadcrumbList","@id":"https:\/\/portaltela.pt\/noticias\/2026\/03\/08\/mocambique-amplia-alerta-de-chuvas-fortes-do-sul-para-o-centro\/#breadcrumb","itemListElement":[{"@type":"ListItem","position":1,"name":"In\u00edcio","item":"https:\/\/portaltela.pt\/"},{"@type":"ListItem","position":2,"name":"Mo\u00e7ambique amplia alerta de chuvas fortes do sul para o centro"}]},{"@type":"WebSite","@id":"https:\/\/portaltela.pt\/#website","url":"https:\/\/portaltela.pt\/","name":"Portal Tela Portugal","description":"","potentialAction":[{"@type":"SearchAction","target":{"@type":"EntryPoint","urlTemplate":"https:\/\/portaltela.pt\/?s={search_term_string}"},"query-input":{"@type":"PropertyValueSpecification","valueRequired":true,"valueName":"search_term_string"}}],"inLanguage":"pt-PT"},{"@type":"Person","@id":"https:\/\/portaltela.pt\/#\/schema\/person\/c4278d4a6028830caff9ee44b42d32ed","name":"Telinha","image":{"@type":"ImageObject","inLanguage":"pt-PT","@id":"https:\/\/portaltela.pt\/s.01k8rhncp4jt1\/2025\/11\/talking-bot-125x125.png","url":"https:\/\/portaltela.pt\/s.01k8rhncp4jt1\/2025\/11\/talking-bot-125x125.png","contentUrl":"https:\/\/portaltela.pt\/s.01k8rhncp4jt1\/2025\/11\/talking-bot-125x125.png","caption":"Telinha"},"sameAs":["https:\/\/portaltela.pt\/"],"url":"https:\/\/portaltela.pt\/por\/367410592786\/"}]}},"_links":{"self":[{"href":"https:\/\/portaltela.pt\/api\/wp\/v2\/posts\/402454","targetHints":{"allow":["GET"]}}],"collection":[{"href":"https:\/\/portaltela.pt\/api\/wp\/v2\/posts"}],"about":[{"href":"https:\/\/portaltela.pt\/api\/wp\/v2\/types\/post"}],"author":[{"embeddable":true,"href":"https:\/\/portaltela.pt\/api\/wp\/v2\/users\/2"}],"replies":[{"embeddable":true,"href":"https:\/\/portaltela.pt\/api\/wp\/v2\/comments?post=402454"}],"version-history":[{"count":0,"href":"https:\/\/portaltela.pt\/api\/wp\/v2\/posts\/402454\/revisions"}],"wp:featuredmedia":[{"embeddable":true,"href":"https:\/\/portaltela.pt\/api\/wp\/v2\/media\/402461"}],"wp:attachment":[{"href":"https:\/\/portaltela.pt\/api\/wp\/v2\/media?parent=402454"}],"wp:term":[{"taxonomy":"category","embeddable":true,"href":"https:\/\/portaltela.pt\/api\/wp\/v2\/categories?post=402454"},{"taxonomy":"post_tag","embeddable":true,"href":"https:\/\/portaltela.pt\/api\/wp\/v2\/tags?post=402454"}],"curies":[{"name":"wp","href":"https:\/\/api.w.org\/{rel}","templated":true}]}}