{"id":402429,"date":"2026-03-08T13:33:14","date_gmt":"2026-03-08T16:33:14","guid":{"rendered":"https:\/\/portaltela.pt\/noticias\/2026\/03\/08\/rui-borges-diz-que-terminar-nos-oito-primeiros-da-champions-era-impensavel\/"},"modified":"2026-03-08T13:33:14","modified_gmt":"2026-03-08T16:33:14","slug":"rui-borges-diz-que-terminar-nos-oito-primeiros-da-champions-era-impensavel","status":"publish","type":"post","link":"https:\/\/portaltela.pt\/desporto\/futebol\/2026\/03\/08\/rui-borges-diz-que-terminar-nos-oito-primeiros-da-champions-era-impensavel\/","title":{"rendered":"Rui Borges diz que terminar nos oito primeiros da Champions era impens\u00e1vel"},"content":{"rendered":"<p>\u200bRui Borges, treinador do Sporting, abriu a antec\u00e2mara dos oitavos de final da Liga dos Campe\u00f5es com o Bodo\/Glimt, ap\u00f3s o empate 2-2 em Braga. A equipa prepara-se para a desloca\u00e7\u00e3o \u00e0 Noruega na pr\u00f3xima quarta e recebe os noruegueses a 17 de casa.<\/p>\n<p>Os le\u00f5es chegam aos oitavos com uma campanha invulgar na Champions, marcada pela ambi\u00e7\u00e3o e pelo rigor do grupo t\u00e9cnico. Borges faz partilhar o m\u00e9rito com a equipa que o acompanhou desde o Mirandela, descrevendo o percurso como uma evolu\u00e7\u00e3o cont\u00ednua.<\/p>\n<h3>A liga\u00e7\u00e3o ao Mirandela e a identidade do treinador<\/h3>\n<p>Borges recorda as origens num clube modesto, onde aprendeu a acompanhar o tempo do jogo sem placards. A liga\u00e7\u00e3o \u00e0 sua cidade natal permanece forte e define a personalidade do t\u00e9cnico, que admite manter o mesmo estilo desde o inicio da carreira.<\/p>\n<p>A rapid\u00edssima ascens\u00e3o surge da combina\u00e7\u00e3o entre oportunidades e trabalho constante, segundo o treinador. Real\u00e7a que a coragem para agarrar as hip\u00f3teses foi determinante, levando-o a este patamar no Sporting.<\/p>\n<h3>A campanha m\u00e1gica na Champions<\/h3>\n<p>Borges descreve uma trajet\u00f3ria de grande rigor e compromisso. Iniciou a sua primeira Champions desde o in\u00edcio com a ambi\u00e7\u00e3o de alcan\u00e7ar os oito primeiros, o que, na altura, pareceu improv\u00e1vel. O obejtivo \u00e9 manter-se entre os melhores e cimentar a hist\u00f3ria do clube no torneio.<\/p>\n<p>Carlos Correia, antigo treinador de Rui Borges no Mirandela, lembra a qualidade do capit\u00e3o que evoluiu para treinador. Enaltece a humildade e o orgulho que o jogador-revela\u00e7\u00e3o desperta em Mirandela, destacando o impacto do treinador no reconhecimento da regi\u00e3o.<\/p>\n","protected":false},"excerpt":{"rendered":"<ul>\n<li>O Sporting vai defrontar o Bodo\/Glimt na Liga dos Campe\u00f5es, com o jogo na Noruega na pr\u00f3xima quarta-feira e o segundo encontro a 17 de em Alvalade.<\/li>\n<li>Rui Borges concedeu entrevista \u00e0 UEFA na antec\u00e2mara dos oitavos-de-final, partilhando a sua trajet\u00f3ria desde o Mirandela at\u00e9 \u00e0 campanha hist\u00f3rica com o Sporting.<\/li>\n<li>O treinador falou da liga\u00e7\u00e3o ao Mirandela, mantendo a identidade e o car\u00e1ter que o acompanham desde o in\u00edcio da carreira.<\/li>\n<li>Enalteceu a ascens\u00e3o r\u00e1pida na carreira, sublinhando que a sorte acompanhou o trabalho e que, sem isso, o trajeto poderia ter sido diferente.<\/li>\n<li>Considerou impens\u00e1vel terminar entre os oito primeiros da Champions na primeira \u00e9poca \u00e0 frente da competi\u00e7\u00e3o, destacando a ambi\u00e7\u00e3o, o rigor e o compromisso da equipa.<\/li>\n<\/ul>\n","protected":false},"author":2,"featured_media":402430,"comment_status":"closed","ping_status":"closed","sticky":false,"template":"","format":"standard","meta":{"footnotes":""},"categories":[21,24],"tags":[1207,3577,32,1315,1652],"class_list":["post-402429","post","type-post","status-publish","format-standard","has-post-thumbnail","hentry","category-desporto","category-futebol","tag-braga","tag-champions-league","tag-futebol","tag-mirandela","tag-sporting"],"yoast_head":"<!-- This site is optimized with the Yoast SEO plugin v27.2 - https:\/\/yoast.com\/product\/yoast-seo-wordpress\/ -->\n<title>Rui Borges diz que terminar nos oito primeiros da Champions era impens\u00e1vel - Portal Tela Portugal<\/title>\n<meta name=\"robots\" content=\"index, follow, max-snippet:-1, max-image-preview:large, max-video-preview:-1\" \/>\n<meta property=\"og:locale\" content=\"pt_PT\" \/>\n<meta property=\"og:type\" content=\"article\" \/>\n<meta property=\"og:title\" content=\"Rui Borges diz que terminar nos oito primeiros da Champions era impens\u00e1vel - Portal Tela Portugal\" \/>\n<meta property=\"og:description\" content=\"O Sporting vai defrontar o Bodo\/Glimt na Liga dos Campe\u00f5es, com o jogo na Noruega na pr\u00f3xima quarta-feira e o segundo encontro a 17 de em Alvalade. Rui Borges concedeu entrevista \u00e0 UEFA na antec\u00e2mara dos oitavos-de-final, partilhando a sua trajet\u00f3ria desde o Mirandela at\u00e9 \u00e0 campanha hist\u00f3rica com o Sporting. O treinador falou da liga\u00e7\u00e3o ao Mirandela, mantendo a identidade e o car\u00e1ter que o acompanham desde o in\u00edcio da carreira. Enalteceu a ascens\u00e3o r\u00e1pida na carreira, sublinhando que a sorte acompanhou o trabalho e que, sem isso, o trajeto poderia ter sido diferente. Considerou impens\u00e1vel terminar entre os oito primeiros da Champions na primeira \u00e9poca \u00e0 frente da competi\u00e7\u00e3o, destacando a ambi\u00e7\u00e3o, o rigor e o compromisso da equipa.\" \/>\n<meta property=\"og:url\" content=\"https:\/\/portaltela.pt\/noticias\/2026\/03\/08\/rui-borges-diz-que-terminar-nos-oito-primeiros-da-champions-era-impensavel\/\" \/>\n<meta property=\"og:site_name\" content=\"Portal Tela Portugal\" \/>\n<meta property=\"article:published_time\" content=\"2026-03-08T16:33:14+00:00\" \/>\n<meta name=\"author\" content=\"Telinha\" \/>\n<meta name=\"twitter:card\" content=\"summary_large_image\" \/>\n<meta name=\"twitter:label1\" content=\"Escrito por\" \/>\n\t<meta name=\"twitter:data1\" content=\"Telinha\" \/>\n\t<meta name=\"twitter:label2\" content=\"Tempo estimado de leitura\" \/>\n\t<meta name=\"twitter:data2\" content=\"1 minuto\" \/>\n<script type=\"application\/ld+json\" class=\"yoast-schema-graph\">{\"@context\":\"https:\/\/schema.org\",\"@graph\":[{\"@type\":\"Article\",\"@id\":\"https:\/\/portaltela.pt\/noticias\/2026\/03\/08\/rui-borges-diz-que-terminar-nos-oito-primeiros-da-champions-era-impensavel\/#article\",\"isPartOf\":{\"@id\":\"https:\/\/portaltela.pt\/noticias\/2026\/03\/08\/rui-borges-diz-que-terminar-nos-oito-primeiros-da-champions-era-impensavel\/\"},\"author\":{\"name\":\"Telinha\",\"@id\":\"https:\/\/portaltela.pt\/#\/schema\/person\/c4278d4a6028830caff9ee44b42d32ed\"},\"headline\":\"Rui Borges diz que terminar nos oito primeiros da Champions era impens\u00e1vel\",\"datePublished\":\"2026-03-08T16:33:14+00:00\",\"mainEntityOfPage\":{\"@id\":\"https:\/\/portaltela.pt\/noticias\/2026\/03\/08\/rui-borges-diz-que-terminar-nos-oito-primeiros-da-champions-era-impensavel\/\"},\"wordCount\":295,\"image\":{\"@id\":\"https:\/\/portaltela.pt\/noticias\/2026\/03\/08\/rui-borges-diz-que-terminar-nos-oito-primeiros-da-champions-era-impensavel\/#primaryimage\"},\"thumbnailUrl\":\"https:\/\/portaltela.pt\/s.01k8rhncp4jt1\/2026\/03\/img_920x518uu2026-01-20-22-25-51-2416133-im-639046422542389735.jpg\",\"keywords\":[\"Braga\",\"Champions League\",\"futebol\",\"Mirandela\",\"Sporting\"],\"articleSection\":[\"Desporto\",\"Futebol\"],\"inLanguage\":\"pt-PT\"},{\"@type\":\"WebPage\",\"@id\":\"https:\/\/portaltela.pt\/noticias\/2026\/03\/08\/rui-borges-diz-que-terminar-nos-oito-primeiros-da-champions-era-impensavel\/\",\"url\":\"https:\/\/portaltela.pt\/noticias\/2026\/03\/08\/rui-borges-diz-que-terminar-nos-oito-primeiros-da-champions-era-impensavel\/\",\"name\":\"Rui Borges diz que terminar nos oito primeiros da Champions era impens\u00e1vel - Portal Tela Portugal\",\"isPartOf\":{\"@id\":\"https:\/\/portaltela.pt\/#website\"},\"primaryImageOfPage\":{\"@id\":\"https:\/\/portaltela.pt\/noticias\/2026\/03\/08\/rui-borges-diz-que-terminar-nos-oito-primeiros-da-champions-era-impensavel\/#primaryimage\"},\"image\":{\"@id\":\"https:\/\/portaltela.pt\/noticias\/2026\/03\/08\/rui-borges-diz-que-terminar-nos-oito-primeiros-da-champions-era-impensavel\/#primaryimage\"},\"thumbnailUrl\":\"https:\/\/portaltela.pt\/s.01k8rhncp4jt1\/2026\/03\/img_920x518uu2026-01-20-22-25-51-2416133-im-639046422542389735.jpg\",\"datePublished\":\"2026-03-08T16:33:14+00:00\",\"author\":{\"@id\":\"https:\/\/portaltela.pt\/#\/schema\/person\/c4278d4a6028830caff9ee44b42d32ed\"},\"breadcrumb\":{\"@id\":\"https:\/\/portaltela.pt\/noticias\/2026\/03\/08\/rui-borges-diz-que-terminar-nos-oito-primeiros-da-champions-era-impensavel\/#breadcrumb\"},\"inLanguage\":\"pt-PT\",\"potentialAction\":[{\"@type\":\"ReadAction\",\"target\":[\"https:\/\/portaltela.pt\/noticias\/2026\/03\/08\/rui-borges-diz-que-terminar-nos-oito-primeiros-da-champions-era-impensavel\/\"]}]},{\"@type\":\"ImageObject\",\"inLanguage\":\"pt-PT\",\"@id\":\"https:\/\/portaltela.pt\/noticias\/2026\/03\/08\/rui-borges-diz-que-terminar-nos-oito-primeiros-da-champions-era-impensavel\/#primaryimage\",\"url\":\"https:\/\/portaltela.pt\/s.01k8rhncp4jt1\/2026\/03\/img_920x518uu2026-01-20-22-25-51-2416133-im-639046422542389735.jpg\",\"contentUrl\":\"https:\/\/portaltela.pt\/s.01k8rhncp4jt1\/2026\/03\/img_920x518uu2026-01-20-22-25-51-2416133-im-639046422542389735.jpg\",\"width\":796,\"height\":448,\"caption\":\"Rui Borges\"},{\"@type\":\"BreadcrumbList\",\"@id\":\"https:\/\/portaltela.pt\/noticias\/2026\/03\/08\/rui-borges-diz-que-terminar-nos-oito-primeiros-da-champions-era-impensavel\/#breadcrumb\",\"itemListElement\":[{\"@type\":\"ListItem\",\"position\":1,\"name\":\"In\u00edcio\",\"item\":\"https:\/\/portaltela.pt\/\"},{\"@type\":\"ListItem\",\"position\":2,\"name\":\"Rui Borges diz que terminar nos oito primeiros da Champions era impens\u00e1vel\"}]},{\"@type\":\"WebSite\",\"@id\":\"https:\/\/portaltela.pt\/#website\",\"url\":\"https:\/\/portaltela.pt\/\",\"name\":\"Portal Tela Portugal\",\"description\":\"\",\"potentialAction\":[{\"@type\":\"SearchAction\",\"target\":{\"@type\":\"EntryPoint\",\"urlTemplate\":\"https:\/\/portaltela.pt\/?s={search_term_string}\"},\"query-input\":{\"@type\":\"PropertyValueSpecification\",\"valueRequired\":true,\"valueName\":\"search_term_string\"}}],\"inLanguage\":\"pt-PT\"},{\"@type\":\"Person\",\"@id\":\"https:\/\/portaltela.pt\/#\/schema\/person\/c4278d4a6028830caff9ee44b42d32ed\",\"name\":\"Telinha\",\"image\":{\"@type\":\"ImageObject\",\"inLanguage\":\"pt-PT\",\"@id\":\"https:\/\/portaltela.pt\/s.01k8rhncp4jt1\/2025\/11\/talking-bot-125x125.png\",\"url\":\"https:\/\/portaltela.pt\/s.01k8rhncp4jt1\/2025\/11\/talking-bot-125x125.png\",\"contentUrl\":\"https:\/\/portaltela.pt\/s.01k8rhncp4jt1\/2025\/11\/talking-bot-125x125.png\",\"caption\":\"Telinha\"},\"sameAs\":[\"https:\/\/portaltela.pt\/\"],\"url\":\"https:\/\/portaltela.pt\/por\/367410592786\/\"}]}<\/script>\n<!-- \/ Yoast SEO plugin. -->","yoast_head_json":{"title":"Rui Borges diz que terminar nos oito primeiros da Champions era impens\u00e1vel - Portal Tela Portugal","robots":{"index":"index","follow":"follow","max-snippet":"max-snippet:-1","max-image-preview":"max-image-preview:large","max-video-preview":"max-video-preview:-1"},"og_locale":"pt_PT","og_type":"article","og_title":"Rui Borges diz que terminar nos oito primeiros da Champions era impens\u00e1vel - Portal Tela Portugal","og_description":"O Sporting vai defrontar o Bodo\/Glimt na Liga dos Campe\u00f5es, com o jogo na Noruega na pr\u00f3xima quarta-feira e o segundo encontro a 17 de em Alvalade. Rui Borges concedeu entrevista \u00e0 UEFA na antec\u00e2mara dos oitavos-de-final, partilhando a sua trajet\u00f3ria desde o Mirandela at\u00e9 \u00e0 campanha hist\u00f3rica com o Sporting. O treinador falou da liga\u00e7\u00e3o ao Mirandela, mantendo a identidade e o car\u00e1ter que o acompanham desde o in\u00edcio da carreira. Enalteceu a ascens\u00e3o r\u00e1pida na carreira, sublinhando que a sorte acompanhou o trabalho e que, sem isso, o trajeto poderia ter sido diferente. Considerou impens\u00e1vel terminar entre os oito primeiros da Champions na primeira \u00e9poca \u00e0 frente da competi\u00e7\u00e3o, destacando a ambi\u00e7\u00e3o, o rigor e o compromisso da equipa.","og_url":"https:\/\/portaltela.pt\/noticias\/2026\/03\/08\/rui-borges-diz-que-terminar-nos-oito-primeiros-da-champions-era-impensavel\/","og_site_name":"Portal Tela Portugal","article_published_time":"2026-03-08T16:33:14+00:00","author":"Telinha","twitter_card":"summary_large_image","twitter_misc":{"Escrito por":"Telinha","Tempo estimado de leitura":"1 minuto"},"schema":{"@context":"https:\/\/schema.org","@graph":[{"@type":"Article","@id":"https:\/\/portaltela.pt\/noticias\/2026\/03\/08\/rui-borges-diz-que-terminar-nos-oito-primeiros-da-champions-era-impensavel\/#article","isPartOf":{"@id":"https:\/\/portaltela.pt\/noticias\/2026\/03\/08\/rui-borges-diz-que-terminar-nos-oito-primeiros-da-champions-era-impensavel\/"},"author":{"name":"Telinha","@id":"https:\/\/portaltela.pt\/#\/schema\/person\/c4278d4a6028830caff9ee44b42d32ed"},"headline":"Rui Borges diz que terminar nos oito primeiros da Champions era impens\u00e1vel","datePublished":"2026-03-08T16:33:14+00:00","mainEntityOfPage":{"@id":"https:\/\/portaltela.pt\/noticias\/2026\/03\/08\/rui-borges-diz-que-terminar-nos-oito-primeiros-da-champions-era-impensavel\/"},"wordCount":295,"image":{"@id":"https:\/\/portaltela.pt\/noticias\/2026\/03\/08\/rui-borges-diz-que-terminar-nos-oito-primeiros-da-champions-era-impensavel\/#primaryimage"},"thumbnailUrl":"https:\/\/portaltela.pt\/s.01k8rhncp4jt1\/2026\/03\/img_920x518uu2026-01-20-22-25-51-2416133-im-639046422542389735.jpg","keywords":["Braga","Champions League","futebol","Mirandela","Sporting"],"articleSection":["Desporto","Futebol"],"inLanguage":"pt-PT"},{"@type":"WebPage","@id":"https:\/\/portaltela.pt\/noticias\/2026\/03\/08\/rui-borges-diz-que-terminar-nos-oito-primeiros-da-champions-era-impensavel\/","url":"https:\/\/portaltela.pt\/noticias\/2026\/03\/08\/rui-borges-diz-que-terminar-nos-oito-primeiros-da-champions-era-impensavel\/","name":"Rui Borges diz que terminar nos oito primeiros da Champions era impens\u00e1vel - Portal Tela Portugal","isPartOf":{"@id":"https:\/\/portaltela.pt\/#website"},"primaryImageOfPage":{"@id":"https:\/\/portaltela.pt\/noticias\/2026\/03\/08\/rui-borges-diz-que-terminar-nos-oito-primeiros-da-champions-era-impensavel\/#primaryimage"},"image":{"@id":"https:\/\/portaltela.pt\/noticias\/2026\/03\/08\/rui-borges-diz-que-terminar-nos-oito-primeiros-da-champions-era-impensavel\/#primaryimage"},"thumbnailUrl":"https:\/\/portaltela.pt\/s.01k8rhncp4jt1\/2026\/03\/img_920x518uu2026-01-20-22-25-51-2416133-im-639046422542389735.jpg","datePublished":"2026-03-08T16:33:14+00:00","author":{"@id":"https:\/\/portaltela.pt\/#\/schema\/person\/c4278d4a6028830caff9ee44b42d32ed"},"breadcrumb":{"@id":"https:\/\/portaltela.pt\/noticias\/2026\/03\/08\/rui-borges-diz-que-terminar-nos-oito-primeiros-da-champions-era-impensavel\/#breadcrumb"},"inLanguage":"pt-PT","potentialAction":[{"@type":"ReadAction","target":["https:\/\/portaltela.pt\/noticias\/2026\/03\/08\/rui-borges-diz-que-terminar-nos-oito-primeiros-da-champions-era-impensavel\/"]}]},{"@type":"ImageObject","inLanguage":"pt-PT","@id":"https:\/\/portaltela.pt\/noticias\/2026\/03\/08\/rui-borges-diz-que-terminar-nos-oito-primeiros-da-champions-era-impensavel\/#primaryimage","url":"https:\/\/portaltela.pt\/s.01k8rhncp4jt1\/2026\/03\/img_920x518uu2026-01-20-22-25-51-2416133-im-639046422542389735.jpg","contentUrl":"https:\/\/portaltela.pt\/s.01k8rhncp4jt1\/2026\/03\/img_920x518uu2026-01-20-22-25-51-2416133-im-639046422542389735.jpg","width":796,"height":448,"caption":"Rui Borges"},{"@type":"BreadcrumbList","@id":"https:\/\/portaltela.pt\/noticias\/2026\/03\/08\/rui-borges-diz-que-terminar-nos-oito-primeiros-da-champions-era-impensavel\/#breadcrumb","itemListElement":[{"@type":"ListItem","position":1,"name":"In\u00edcio","item":"https:\/\/portaltela.pt\/"},{"@type":"ListItem","position":2,"name":"Rui Borges diz que terminar nos oito primeiros da Champions era impens\u00e1vel"}]},{"@type":"WebSite","@id":"https:\/\/portaltela.pt\/#website","url":"https:\/\/portaltela.pt\/","name":"Portal Tela Portugal","description":"","potentialAction":[{"@type":"SearchAction","target":{"@type":"EntryPoint","urlTemplate":"https:\/\/portaltela.pt\/?s={search_term_string}"},"query-input":{"@type":"PropertyValueSpecification","valueRequired":true,"valueName":"search_term_string"}}],"inLanguage":"pt-PT"},{"@type":"Person","@id":"https:\/\/portaltela.pt\/#\/schema\/person\/c4278d4a6028830caff9ee44b42d32ed","name":"Telinha","image":{"@type":"ImageObject","inLanguage":"pt-PT","@id":"https:\/\/portaltela.pt\/s.01k8rhncp4jt1\/2025\/11\/talking-bot-125x125.png","url":"https:\/\/portaltela.pt\/s.01k8rhncp4jt1\/2025\/11\/talking-bot-125x125.png","contentUrl":"https:\/\/portaltela.pt\/s.01k8rhncp4jt1\/2025\/11\/talking-bot-125x125.png","caption":"Telinha"},"sameAs":["https:\/\/portaltela.pt\/"],"url":"https:\/\/portaltela.pt\/por\/367410592786\/"}]}},"_links":{"self":[{"href":"https:\/\/portaltela.pt\/api\/wp\/v2\/posts\/402429","targetHints":{"allow":["GET"]}}],"collection":[{"href":"https:\/\/portaltela.pt\/api\/wp\/v2\/posts"}],"about":[{"href":"https:\/\/portaltela.pt\/api\/wp\/v2\/types\/post"}],"author":[{"embeddable":true,"href":"https:\/\/portaltela.pt\/api\/wp\/v2\/users\/2"}],"replies":[{"embeddable":true,"href":"https:\/\/portaltela.pt\/api\/wp\/v2\/comments?post=402429"}],"version-history":[{"count":0,"href":"https:\/\/portaltela.pt\/api\/wp\/v2\/posts\/402429\/revisions"}],"wp:featuredmedia":[{"embeddable":true,"href":"https:\/\/portaltela.pt\/api\/wp\/v2\/media\/402430"}],"wp:attachment":[{"href":"https:\/\/portaltela.pt\/api\/wp\/v2\/media?parent=402429"}],"wp:term":[{"taxonomy":"category","embeddable":true,"href":"https:\/\/portaltela.pt\/api\/wp\/v2\/categories?post=402429"},{"taxonomy":"post_tag","embeddable":true,"href":"https:\/\/portaltela.pt\/api\/wp\/v2\/tags?post=402429"}],"curies":[{"name":"wp","href":"https:\/\/api.w.org\/{rel}","templated":true}]}}