{"id":402418,"date":"2026-03-08T13:47:07","date_gmt":"2026-03-08T16:47:07","guid":{"rendered":"https:\/\/portaltela.pt\/noticias\/2026\/03\/08\/protesto-em-curso-com-participacao-de-cidadaos\/"},"modified":"2026-03-08T13:47:07","modified_gmt":"2026-03-08T16:47:07","slug":"protesto-em-curso-com-participacao-de-cidadaos","status":"publish","type":"post","link":"https:\/\/portaltela.pt\/conflitos\/2026\/03\/08\/protesto-em-curso-com-participacao-de-cidadaos\/","title":{"rendered":"Protesto em curso com participa\u00e7\u00e3o de cidad\u00e3os"},"content":{"rendered":"<p>Manifestantes recalcaram o Dia Internacional da Mulher com marchas em v\u00e1rias cidades europeias. Em Madrid, a concentra\u00e7\u00e3o foi marcada por a\u00e7\u00f5es n\u00e3o violentas e mensagens de igualdade. O evento teve como objetivo chamar a aten\u00e7\u00e3o para direitos, sal\u00e1rios e combate \u00e0 discrimina\u00e7\u00e3o.<\/p>\n<p>Em Fran\u00e7a, Alemanha e outros pa\u00edses, os protestos contaram com participa\u00e7\u00e3o de sindicatos, grupos de jovens e organiza\u00e7\u00f5es civis. Os organizadores indicaram apoio a pol\u00edticas de inclus\u00e3o e melhoria de condi\u00e7\u00f5es laborais para mulheres. A atua\u00e7\u00e3o policial permaneceu contida, sem ocorr\u00eancias graves.<\/p>\n<p>Madrid acolheu concentra\u00e7\u00f5es pac\u00edficas na tarde de 8 de mar\u00e7o de 2026, com mobiliza\u00e7\u00e3o dispersa por zonas centrais da cidade. Os participantes destacaram a necessidade de avan\u00e7os concretos em paridade salarial e prote\u00e7\u00e3o de direitos reprodutivos.<\/p>\n<h3>Proibi\u00e7\u00e3o, representantes e balan\u00e7os na regi\u00e3o iraniana<\/h3>\n<p>Protestos contra condi\u00e7\u00f5es econ\u00f4micas e de vida no Ir\u00e3o prolongaram-se pela 14\u00aa noite consecutiva. Estudantes ganharam express\u00e3o mais sustentada na rua, cobrando medidas governamentais.<\/p>\n<p>No Ir\u00e3o, autoridades divulgaram um balan\u00e7o oficial de mortos. A televis\u00e3o estatal indicou n\u00fameros oficiais, citando o Minist\u00e9rio do Interior e a Funda\u00e7\u00e3o dos M\u00e1rtires e Assuntos dos Veteranos.<\/p>\n<p>Pelo menos tr\u00eas mortos foram reportados durante os protestos econ\u00f3micos, com a moeda a desvalorizar-se severamente. O d\u00f3lar atingiu valores superiores, agravando a press\u00e3o financeira sobre fam\u00edlias iranianas.<\/p>\n<p>O Governo iraniano tem enfrentado cr\u00edticas internacionais quanto \u00e0 repress\u00e3o das manifesta\u00e7\u00f5es. Pa\u00edses e organiza\u00e7\u00f5es pedem respeito aos direitos das cidad\u00e3s e dos cidad\u00e3os, mantendo press\u00e3o diplom\u00e1tica.<\/p>\n<h3>Continuidade dos protestos e cobertura<\/h3>\n<p>A imprensa continuar\u00e1 a acompanhar desenvolvimentos no Ir\u00e3o, incluindo desdobramentos econ\u00f3micos, sociais e pol\u00edticos. As pr\u00f3ximas horas s\u00e3o consideradas cruciais para a evolu\u00e7\u00e3o dos protestos e da resposta governamental.<\/p>\n","protected":false},"excerpt":{"rendered":"<ul>\n<li>Marchas em toda a europa para assinalar o Dia Internacional da Mulher, com concentra\u00e7\u00e3o em madrid a 8 de mar\u00e7o de 2026.<\/li>\n<li>Em madrid, manifestantes reuniram-se por ocasi\u00e3o dessa data.<\/li>\n<li>O conjunto de protestos ocorre em v\u00e1rias cidades europeias como parte da celebra\u00e7\u00e3o do dia.<\/li>\n<li>O texto n\u00e3o fornece n\u00fameros oficiais de participantes nem detalhes adicionais sobre incidentes.<\/li>\n<\/ul>\n","protected":false},"author":2,"featured_media":402422,"comment_status":"closed","ping_status":"closed","sticky":false,"template":"","format":"standard","meta":{"footnotes":""},"categories":[6790],"tags":[5282,2633,3327,2701,2857,2730],"class_list":["post-402418","post","type-post","status-publish","format-standard","has-post-thumbnail","hentry","category-conflitos","tag-direitos-da-mulher","tag-direitos-humanos","tag-iran","tag-mulheres","tag-protestos","tag-protestos-internacionais"],"yoast_head":"<!-- This site is optimized with the Yoast SEO plugin v27.2 - https:\/\/yoast.com\/product\/yoast-seo-wordpress\/ -->\n<title>Protesto em curso com participa\u00e7\u00e3o de cidad\u00e3os - Portal Tela Portugal<\/title>\n<meta name=\"robots\" content=\"index, follow, max-snippet:-1, max-image-preview:large, max-video-preview:-1\" \/>\n<meta property=\"og:locale\" content=\"pt_PT\" \/>\n<meta property=\"og:type\" content=\"article\" \/>\n<meta property=\"og:title\" content=\"Protesto em curso com participa\u00e7\u00e3o de cidad\u00e3os - Portal Tela Portugal\" \/>\n<meta property=\"og:description\" content=\"Marchas em toda a europa para assinalar o Dia Internacional da Mulher, com concentra\u00e7\u00e3o em madrid a 8 de mar\u00e7o de 2026. Em madrid, manifestantes reuniram-se por ocasi\u00e3o dessa data. O conjunto de protestos ocorre em v\u00e1rias cidades europeias como parte da celebra\u00e7\u00e3o do dia. O texto n\u00e3o fornece n\u00fameros oficiais de participantes nem detalhes adicionais sobre incidentes.\" \/>\n<meta property=\"og:url\" content=\"https:\/\/portaltela.pt\/noticias\/2026\/03\/08\/protesto-em-curso-com-participacao-de-cidadaos\/\" \/>\n<meta property=\"og:site_name\" content=\"Portal Tela Portugal\" \/>\n<meta property=\"article:published_time\" content=\"2026-03-08T16:47:07+00:00\" \/>\n<meta name=\"author\" content=\"Telinha\" \/>\n<meta name=\"twitter:card\" content=\"summary_large_image\" \/>\n<meta name=\"twitter:label1\" content=\"Escrito por\" \/>\n\t<meta name=\"twitter:data1\" content=\"Telinha\" \/>\n\t<meta name=\"twitter:label2\" content=\"Tempo estimado de leitura\" \/>\n\t<meta name=\"twitter:data2\" content=\"2 minutos\" \/>\n<script type=\"application\/ld+json\" class=\"yoast-schema-graph\">{\"@context\":\"https:\/\/schema.org\",\"@graph\":[{\"@type\":\"Article\",\"@id\":\"https:\/\/portaltela.pt\/noticias\/2026\/03\/08\/protesto-em-curso-com-participacao-de-cidadaos\/#article\",\"isPartOf\":{\"@id\":\"https:\/\/portaltela.pt\/noticias\/2026\/03\/08\/protesto-em-curso-com-participacao-de-cidadaos\/\"},\"author\":{\"name\":\"Telinha\",\"@id\":\"https:\/\/portaltela.pt\/#\/schema\/person\/c4278d4a6028830caff9ee44b42d32ed\"},\"headline\":\"Protesto em curso com participa\u00e7\u00e3o de cidad\u00e3os\",\"datePublished\":\"2026-03-08T16:47:07+00:00\",\"mainEntityOfPage\":{\"@id\":\"https:\/\/portaltela.pt\/noticias\/2026\/03\/08\/protesto-em-curso-com-participacao-de-cidadaos\/\"},\"wordCount\":329,\"image\":{\"@id\":\"https:\/\/portaltela.pt\/noticias\/2026\/03\/08\/protesto-em-curso-com-participacao-de-cidadaos\/#primaryimage\"},\"thumbnailUrl\":\"https:\/\/portaltela.pt\/s.01k8rhncp4jt1\/2026\/03\/320x180_cmsv2_33349ca3-c09f-5c79-9747-b7f1078729d8-9678202.jpg\",\"keywords\":[\"Direitos da Mulher\",\"direitos humanos\",\"\u00cdr\u00e1n\",\"Mulheres\",\"protestos\",\"protestos internacionais\"],\"articleSection\":[\"Conflitos\"],\"inLanguage\":\"pt-PT\"},{\"@type\":\"WebPage\",\"@id\":\"https:\/\/portaltela.pt\/noticias\/2026\/03\/08\/protesto-em-curso-com-participacao-de-cidadaos\/\",\"url\":\"https:\/\/portaltela.pt\/noticias\/2026\/03\/08\/protesto-em-curso-com-participacao-de-cidadaos\/\",\"name\":\"Protesto em curso com participa\u00e7\u00e3o de cidad\u00e3os - Portal Tela Portugal\",\"isPartOf\":{\"@id\":\"https:\/\/portaltela.pt\/#website\"},\"primaryImageOfPage\":{\"@id\":\"https:\/\/portaltela.pt\/noticias\/2026\/03\/08\/protesto-em-curso-com-participacao-de-cidadaos\/#primaryimage\"},\"image\":{\"@id\":\"https:\/\/portaltela.pt\/noticias\/2026\/03\/08\/protesto-em-curso-com-participacao-de-cidadaos\/#primaryimage\"},\"thumbnailUrl\":\"https:\/\/portaltela.pt\/s.01k8rhncp4jt1\/2026\/03\/320x180_cmsv2_33349ca3-c09f-5c79-9747-b7f1078729d8-9678202.jpg\",\"datePublished\":\"2026-03-08T16:47:07+00:00\",\"author\":{\"@id\":\"https:\/\/portaltela.pt\/#\/schema\/person\/c4278d4a6028830caff9ee44b42d32ed\"},\"breadcrumb\":{\"@id\":\"https:\/\/portaltela.pt\/noticias\/2026\/03\/08\/protesto-em-curso-com-participacao-de-cidadaos\/#breadcrumb\"},\"inLanguage\":\"pt-PT\",\"potentialAction\":[{\"@type\":\"ReadAction\",\"target\":[\"https:\/\/portaltela.pt\/noticias\/2026\/03\/08\/protesto-em-curso-com-participacao-de-cidadaos\/\"]}]},{\"@type\":\"ImageObject\",\"inLanguage\":\"pt-PT\",\"@id\":\"https:\/\/portaltela.pt\/noticias\/2026\/03\/08\/protesto-em-curso-com-participacao-de-cidadaos\/#primaryimage\",\"url\":\"https:\/\/portaltela.pt\/s.01k8rhncp4jt1\/2026\/03\/320x180_cmsv2_33349ca3-c09f-5c79-9747-b7f1078729d8-9678202.jpg\",\"contentUrl\":\"https:\/\/portaltela.pt\/s.01k8rhncp4jt1\/2026\/03\/320x180_cmsv2_33349ca3-c09f-5c79-9747-b7f1078729d8-9678202.jpg\",\"width\":796,\"height\":448,\"caption\":\"Manifestantes re\u00fanem-se em Madrid por ocasi\u00e3o do Dia Internacional da Mulher, 8 de mar\u00e7o de 2026.\"},{\"@type\":\"BreadcrumbList\",\"@id\":\"https:\/\/portaltela.pt\/noticias\/2026\/03\/08\/protesto-em-curso-com-participacao-de-cidadaos\/#breadcrumb\",\"itemListElement\":[{\"@type\":\"ListItem\",\"position\":1,\"name\":\"In\u00edcio\",\"item\":\"https:\/\/portaltela.pt\/\"},{\"@type\":\"ListItem\",\"position\":2,\"name\":\"Protesto em curso com participa\u00e7\u00e3o de cidad\u00e3os\"}]},{\"@type\":\"WebSite\",\"@id\":\"https:\/\/portaltela.pt\/#website\",\"url\":\"https:\/\/portaltela.pt\/\",\"name\":\"Portal Tela Portugal\",\"description\":\"\",\"potentialAction\":[{\"@type\":\"SearchAction\",\"target\":{\"@type\":\"EntryPoint\",\"urlTemplate\":\"https:\/\/portaltela.pt\/?s={search_term_string}\"},\"query-input\":{\"@type\":\"PropertyValueSpecification\",\"valueRequired\":true,\"valueName\":\"search_term_string\"}}],\"inLanguage\":\"pt-PT\"},{\"@type\":\"Person\",\"@id\":\"https:\/\/portaltela.pt\/#\/schema\/person\/c4278d4a6028830caff9ee44b42d32ed\",\"name\":\"Telinha\",\"image\":{\"@type\":\"ImageObject\",\"inLanguage\":\"pt-PT\",\"@id\":\"https:\/\/portaltela.pt\/s.01k8rhncp4jt1\/2025\/11\/talking-bot-125x125.png\",\"url\":\"https:\/\/portaltela.pt\/s.01k8rhncp4jt1\/2025\/11\/talking-bot-125x125.png\",\"contentUrl\":\"https:\/\/portaltela.pt\/s.01k8rhncp4jt1\/2025\/11\/talking-bot-125x125.png\",\"caption\":\"Telinha\"},\"sameAs\":[\"https:\/\/portaltela.pt\/\"],\"url\":\"https:\/\/portaltela.pt\/por\/367410592786\/\"}]}<\/script>\n<!-- \/ Yoast SEO plugin. -->","yoast_head_json":{"title":"Protesto em curso com participa\u00e7\u00e3o de cidad\u00e3os - Portal Tela Portugal","robots":{"index":"index","follow":"follow","max-snippet":"max-snippet:-1","max-image-preview":"max-image-preview:large","max-video-preview":"max-video-preview:-1"},"og_locale":"pt_PT","og_type":"article","og_title":"Protesto em curso com participa\u00e7\u00e3o de cidad\u00e3os - Portal Tela Portugal","og_description":"Marchas em toda a europa para assinalar o Dia Internacional da Mulher, com concentra\u00e7\u00e3o em madrid a 8 de mar\u00e7o de 2026. Em madrid, manifestantes reuniram-se por ocasi\u00e3o dessa data. O conjunto de protestos ocorre em v\u00e1rias cidades europeias como parte da celebra\u00e7\u00e3o do dia. O texto n\u00e3o fornece n\u00fameros oficiais de participantes nem detalhes adicionais sobre incidentes.","og_url":"https:\/\/portaltela.pt\/noticias\/2026\/03\/08\/protesto-em-curso-com-participacao-de-cidadaos\/","og_site_name":"Portal Tela Portugal","article_published_time":"2026-03-08T16:47:07+00:00","author":"Telinha","twitter_card":"summary_large_image","twitter_misc":{"Escrito por":"Telinha","Tempo estimado de leitura":"2 minutos"},"schema":{"@context":"https:\/\/schema.org","@graph":[{"@type":"Article","@id":"https:\/\/portaltela.pt\/noticias\/2026\/03\/08\/protesto-em-curso-com-participacao-de-cidadaos\/#article","isPartOf":{"@id":"https:\/\/portaltela.pt\/noticias\/2026\/03\/08\/protesto-em-curso-com-participacao-de-cidadaos\/"},"author":{"name":"Telinha","@id":"https:\/\/portaltela.pt\/#\/schema\/person\/c4278d4a6028830caff9ee44b42d32ed"},"headline":"Protesto em curso com participa\u00e7\u00e3o de cidad\u00e3os","datePublished":"2026-03-08T16:47:07+00:00","mainEntityOfPage":{"@id":"https:\/\/portaltela.pt\/noticias\/2026\/03\/08\/protesto-em-curso-com-participacao-de-cidadaos\/"},"wordCount":329,"image":{"@id":"https:\/\/portaltela.pt\/noticias\/2026\/03\/08\/protesto-em-curso-com-participacao-de-cidadaos\/#primaryimage"},"thumbnailUrl":"https:\/\/portaltela.pt\/s.01k8rhncp4jt1\/2026\/03\/320x180_cmsv2_33349ca3-c09f-5c79-9747-b7f1078729d8-9678202.jpg","keywords":["Direitos da Mulher","direitos humanos","\u00cdr\u00e1n","Mulheres","protestos","protestos internacionais"],"articleSection":["Conflitos"],"inLanguage":"pt-PT"},{"@type":"WebPage","@id":"https:\/\/portaltela.pt\/noticias\/2026\/03\/08\/protesto-em-curso-com-participacao-de-cidadaos\/","url":"https:\/\/portaltela.pt\/noticias\/2026\/03\/08\/protesto-em-curso-com-participacao-de-cidadaos\/","name":"Protesto em curso com participa\u00e7\u00e3o de cidad\u00e3os - Portal Tela Portugal","isPartOf":{"@id":"https:\/\/portaltela.pt\/#website"},"primaryImageOfPage":{"@id":"https:\/\/portaltela.pt\/noticias\/2026\/03\/08\/protesto-em-curso-com-participacao-de-cidadaos\/#primaryimage"},"image":{"@id":"https:\/\/portaltela.pt\/noticias\/2026\/03\/08\/protesto-em-curso-com-participacao-de-cidadaos\/#primaryimage"},"thumbnailUrl":"https:\/\/portaltela.pt\/s.01k8rhncp4jt1\/2026\/03\/320x180_cmsv2_33349ca3-c09f-5c79-9747-b7f1078729d8-9678202.jpg","datePublished":"2026-03-08T16:47:07+00:00","author":{"@id":"https:\/\/portaltela.pt\/#\/schema\/person\/c4278d4a6028830caff9ee44b42d32ed"},"breadcrumb":{"@id":"https:\/\/portaltela.pt\/noticias\/2026\/03\/08\/protesto-em-curso-com-participacao-de-cidadaos\/#breadcrumb"},"inLanguage":"pt-PT","potentialAction":[{"@type":"ReadAction","target":["https:\/\/portaltela.pt\/noticias\/2026\/03\/08\/protesto-em-curso-com-participacao-de-cidadaos\/"]}]},{"@type":"ImageObject","inLanguage":"pt-PT","@id":"https:\/\/portaltela.pt\/noticias\/2026\/03\/08\/protesto-em-curso-com-participacao-de-cidadaos\/#primaryimage","url":"https:\/\/portaltela.pt\/s.01k8rhncp4jt1\/2026\/03\/320x180_cmsv2_33349ca3-c09f-5c79-9747-b7f1078729d8-9678202.jpg","contentUrl":"https:\/\/portaltela.pt\/s.01k8rhncp4jt1\/2026\/03\/320x180_cmsv2_33349ca3-c09f-5c79-9747-b7f1078729d8-9678202.jpg","width":796,"height":448,"caption":"Manifestantes re\u00fanem-se em Madrid por ocasi\u00e3o do Dia Internacional da Mulher, 8 de mar\u00e7o de 2026."},{"@type":"BreadcrumbList","@id":"https:\/\/portaltela.pt\/noticias\/2026\/03\/08\/protesto-em-curso-com-participacao-de-cidadaos\/#breadcrumb","itemListElement":[{"@type":"ListItem","position":1,"name":"In\u00edcio","item":"https:\/\/portaltela.pt\/"},{"@type":"ListItem","position":2,"name":"Protesto em curso com participa\u00e7\u00e3o de cidad\u00e3os"}]},{"@type":"WebSite","@id":"https:\/\/portaltela.pt\/#website","url":"https:\/\/portaltela.pt\/","name":"Portal Tela Portugal","description":"","potentialAction":[{"@type":"SearchAction","target":{"@type":"EntryPoint","urlTemplate":"https:\/\/portaltela.pt\/?s={search_term_string}"},"query-input":{"@type":"PropertyValueSpecification","valueRequired":true,"valueName":"search_term_string"}}],"inLanguage":"pt-PT"},{"@type":"Person","@id":"https:\/\/portaltela.pt\/#\/schema\/person\/c4278d4a6028830caff9ee44b42d32ed","name":"Telinha","image":{"@type":"ImageObject","inLanguage":"pt-PT","@id":"https:\/\/portaltela.pt\/s.01k8rhncp4jt1\/2025\/11\/talking-bot-125x125.png","url":"https:\/\/portaltela.pt\/s.01k8rhncp4jt1\/2025\/11\/talking-bot-125x125.png","contentUrl":"https:\/\/portaltela.pt\/s.01k8rhncp4jt1\/2025\/11\/talking-bot-125x125.png","caption":"Telinha"},"sameAs":["https:\/\/portaltela.pt\/"],"url":"https:\/\/portaltela.pt\/por\/367410592786\/"}]}},"_links":{"self":[{"href":"https:\/\/portaltela.pt\/api\/wp\/v2\/posts\/402418","targetHints":{"allow":["GET"]}}],"collection":[{"href":"https:\/\/portaltela.pt\/api\/wp\/v2\/posts"}],"about":[{"href":"https:\/\/portaltela.pt\/api\/wp\/v2\/types\/post"}],"author":[{"embeddable":true,"href":"https:\/\/portaltela.pt\/api\/wp\/v2\/users\/2"}],"replies":[{"embeddable":true,"href":"https:\/\/portaltela.pt\/api\/wp\/v2\/comments?post=402418"}],"version-history":[{"count":0,"href":"https:\/\/portaltela.pt\/api\/wp\/v2\/posts\/402418\/revisions"}],"wp:featuredmedia":[{"embeddable":true,"href":"https:\/\/portaltela.pt\/api\/wp\/v2\/media\/402422"}],"wp:attachment":[{"href":"https:\/\/portaltela.pt\/api\/wp\/v2\/media?parent=402418"}],"wp:term":[{"taxonomy":"category","embeddable":true,"href":"https:\/\/portaltela.pt\/api\/wp\/v2\/categories?post=402418"},{"taxonomy":"post_tag","embeddable":true,"href":"https:\/\/portaltela.pt\/api\/wp\/v2\/tags?post=402418"}],"curies":[{"name":"wp","href":"https:\/\/api.w.org\/{rel}","templated":true}]}}