{"id":402413,"date":"2026-03-08T13:43:30","date_gmt":"2026-03-08T16:43:30","guid":{"rendered":"https:\/\/portaltela.pt\/noticias\/2026\/03\/08\/emigrante-de-felgueiras-morre-em-acidente-de-mota-na-suica\/"},"modified":"2026-03-08T13:43:30","modified_gmt":"2026-03-08T16:43:30","slug":"emigrante-de-felgueiras-morre-em-acidente-de-mota-na-suica","status":"publish","type":"post","link":"https:\/\/portaltela.pt\/acidentes\/2026\/03\/08\/emigrante-de-felgueiras-morre-em-acidente-de-mota-na-suica\/","title":{"rendered":"Emigrante de Felgueiras morre em acidente de mota na Su\u00ed\u00e7a"},"content":{"rendered":"<p>Um emigrante portugu\u00eas morreu na tarde de s\u00e1bado num despiste de mota em Courlevon, no cant\u00e3o de Friburgo, Su\u00ed\u00e7a. Pedro Magalh\u00e3es, de 40 anos, natural de Sendim, Felgueiras, conduzia a moto quando perdeu o controlo e embateu contra uma \u00e1rvore.<\/p>\n<p>O acidente ocorreu por volta das 15h30, segundo a imprensa su\u00ed\u00e7a. Apesar das manobras de reanima\u00e7\u00e3o efectuadas pelos servi\u00e7os de socorro, n\u00e3o foi poss\u00edvel salvar o homem, que faleceu no local.<\/p>\n<p>As circunst\u00e2ncias do despiste ainda n\u00e3o s\u00e3o conhecidas. As autoridades su\u00ed\u00e7as desenvolveram uma investiga\u00e7\u00e3o para determinar as causas do acidente.<\/p>\n<h3>Investiga\u00e7\u00e3o em curso<\/h3>\n<p>As autoridades respons\u00e1veis descrevem o incidente como sob investiga\u00e7\u00e3o, sem ainda confirmar fatores contributivos ou condi\u00e7\u00f5es da via. O corpo foi encaminhado para aut\u00f3psia conforme protocolo local.<\/p>\n<h3>Dados de contexto<\/h3>\n<p>Pedro Magalh\u00e3es era conhecido como emigrante na regi\u00e3o e deixou Felgueiras, no norte de Portugal, para residir no estrangeiro. A not\u00edcia foi avan\u00e7ada pela imprensa su\u00ed\u00e7a, sem refer\u00eancias a outras pessoas envolvidas.<\/p>\n","protected":false},"excerpt":{"rendered":"<ul>\n<li>Emigrante de Felgueiras, Pedro Magalh\u00e3es, de 40 anos, morreu este s\u00e1bado \u00e0 tarde na Su\u00ed\u00e7a.<\/li>\n<li>O acidente ocorreu em Courlevon, Friburgo, ap\u00f3s um despiste da moto que seguia, embatando numa \u00e1rvore.<\/li>\n<li>Segundo a imprensa local, as manobras de reanima\u00e7\u00e3o dos meios de socorro n\u00e3o tiveram sucesso.<\/li>\n<li>O homem era natural de Sendim, no concelho de Felgueiras.<\/li>\n<li>As causas do despiste s\u00e3o desconhecidas e as autoridades su\u00ed\u00e7as est\u00e3o a investigar.<\/li>\n<\/ul>\n","protected":false},"author":2,"featured_media":402415,"comment_status":"closed","ping_status":"closed","sticky":false,"template":"","format":"standard","meta":{"footnotes":""},"categories":[6849],"tags":[5487,902,6669,1965,2210,1014],"class_list":["post-402413","post","type-post","status-publish","format-standard","has-post-thumbnail","hentry","category-acidentes","tag-acidente","tag-emigracao","tag-emigracao-internacional","tag-emigrantes","tag-felgueiras","tag-portugal"],"yoast_head":"<!-- This site is optimized with the Yoast SEO plugin v27.2 - https:\/\/yoast.com\/product\/yoast-seo-wordpress\/ -->\n<title>Emigrante de Felgueiras morre em acidente de mota na Su\u00ed\u00e7a - Portal Tela Portugal<\/title>\n<meta name=\"robots\" content=\"index, follow, max-snippet:-1, max-image-preview:large, max-video-preview:-1\" \/>\n<meta property=\"og:locale\" content=\"pt_PT\" \/>\n<meta property=\"og:type\" content=\"article\" \/>\n<meta property=\"og:title\" content=\"Emigrante de Felgueiras morre em acidente de mota na Su\u00ed\u00e7a - Portal Tela Portugal\" \/>\n<meta property=\"og:description\" content=\"Emigrante de Felgueiras, Pedro Magalh\u00e3es, de 40 anos, morreu este s\u00e1bado \u00e0 tarde na Su\u00ed\u00e7a. O acidente ocorreu em Courlevon, Friburgo, ap\u00f3s um despiste da moto que seguia, embatando numa \u00e1rvore. Segundo a imprensa local, as manobras de reanima\u00e7\u00e3o dos meios de socorro n\u00e3o tiveram sucesso. O homem era natural de Sendim, no concelho de Felgueiras. As causas do despiste s\u00e3o desconhecidas e as autoridades su\u00ed\u00e7as est\u00e3o a investigar.\" \/>\n<meta property=\"og:url\" content=\"https:\/\/portaltela.pt\/noticias\/2026\/03\/08\/emigrante-de-felgueiras-morre-em-acidente-de-mota-na-suica\/\" \/>\n<meta property=\"og:site_name\" content=\"Portal Tela Portugal\" \/>\n<meta property=\"article:published_time\" content=\"2026-03-08T16:43:30+00:00\" \/>\n<meta name=\"author\" content=\"Telinha\" \/>\n<meta name=\"twitter:card\" content=\"summary_large_image\" \/>\n<meta name=\"twitter:label1\" content=\"Escrito por\" \/>\n\t<meta name=\"twitter:data1\" content=\"Telinha\" \/>\n\t<meta name=\"twitter:label2\" content=\"Tempo estimado de leitura\" \/>\n\t<meta name=\"twitter:data2\" content=\"1 minuto\" \/>\n<script type=\"application\/ld+json\" class=\"yoast-schema-graph\">{\"@context\":\"https:\/\/schema.org\",\"@graph\":[{\"@type\":\"Article\",\"@id\":\"https:\/\/portaltela.pt\/noticias\/2026\/03\/08\/emigrante-de-felgueiras-morre-em-acidente-de-mota-na-suica\/#article\",\"isPartOf\":{\"@id\":\"https:\/\/portaltela.pt\/noticias\/2026\/03\/08\/emigrante-de-felgueiras-morre-em-acidente-de-mota-na-suica\/\"},\"author\":{\"name\":\"Telinha\",\"@id\":\"https:\/\/portaltela.pt\/#\/schema\/person\/c4278d4a6028830caff9ee44b42d32ed\"},\"headline\":\"Emigrante de Felgueiras morre em acidente de mota na Su\u00ed\u00e7a\",\"datePublished\":\"2026-03-08T16:43:30+00:00\",\"mainEntityOfPage\":{\"@id\":\"https:\/\/portaltela.pt\/noticias\/2026\/03\/08\/emigrante-de-felgueiras-morre-em-acidente-de-mota-na-suica\/\"},\"wordCount\":192,\"image\":{\"@id\":\"https:\/\/portaltela.pt\/noticias\/2026\/03\/08\/emigrante-de-felgueiras-morre-em-acidente-de-mota-na-suica\/#primaryimage\"},\"thumbnailUrl\":\"https:\/\/portaltela.pt\/s.01k8rhncp4jt1\/2026\/03\/img_1500x1000uu2026-03-08-16-42-32-2271116-im-639085849843967977.jpg\",\"keywords\":[\"acidente\",\"emigra\u00e7\u00e3o\",\"emigra\u00e7\u00e3o internacional\",\"emigrantes\",\"Felgueiras\",\"Portugal\"],\"articleSection\":[\"Acidentes\"],\"inLanguage\":\"pt-PT\"},{\"@type\":\"WebPage\",\"@id\":\"https:\/\/portaltela.pt\/noticias\/2026\/03\/08\/emigrante-de-felgueiras-morre-em-acidente-de-mota-na-suica\/\",\"url\":\"https:\/\/portaltela.pt\/noticias\/2026\/03\/08\/emigrante-de-felgueiras-morre-em-acidente-de-mota-na-suica\/\",\"name\":\"Emigrante de Felgueiras morre em acidente de mota na Su\u00ed\u00e7a - Portal Tela Portugal\",\"isPartOf\":{\"@id\":\"https:\/\/portaltela.pt\/#website\"},\"primaryImageOfPage\":{\"@id\":\"https:\/\/portaltela.pt\/noticias\/2026\/03\/08\/emigrante-de-felgueiras-morre-em-acidente-de-mota-na-suica\/#primaryimage\"},\"image\":{\"@id\":\"https:\/\/portaltela.pt\/noticias\/2026\/03\/08\/emigrante-de-felgueiras-morre-em-acidente-de-mota-na-suica\/#primaryimage\"},\"thumbnailUrl\":\"https:\/\/portaltela.pt\/s.01k8rhncp4jt1\/2026\/03\/img_1500x1000uu2026-03-08-16-42-32-2271116-im-639085849843967977.jpg\",\"datePublished\":\"2026-03-08T16:43:30+00:00\",\"author\":{\"@id\":\"https:\/\/portaltela.pt\/#\/schema\/person\/c4278d4a6028830caff9ee44b42d32ed\"},\"breadcrumb\":{\"@id\":\"https:\/\/portaltela.pt\/noticias\/2026\/03\/08\/emigrante-de-felgueiras-morre-em-acidente-de-mota-na-suica\/#breadcrumb\"},\"inLanguage\":\"pt-PT\",\"potentialAction\":[{\"@type\":\"ReadAction\",\"target\":[\"https:\/\/portaltela.pt\/noticias\/2026\/03\/08\/emigrante-de-felgueiras-morre-em-acidente-de-mota-na-suica\/\"]}]},{\"@type\":\"ImageObject\",\"inLanguage\":\"pt-PT\",\"@id\":\"https:\/\/portaltela.pt\/noticias\/2026\/03\/08\/emigrante-de-felgueiras-morre-em-acidente-de-mota-na-suica\/#primaryimage\",\"url\":\"https:\/\/portaltela.pt\/s.01k8rhncp4jt1\/2026\/03\/img_1500x1000uu2026-03-08-16-42-32-2271116-im-639085849843967977.jpg\",\"contentUrl\":\"https:\/\/portaltela.pt\/s.01k8rhncp4jt1\/2026\/03\/img_1500x1000uu2026-03-08-16-42-32-2271116-im-639085849843967977.jpg\",\"width\":796,\"height\":448,\"caption\":\"Emigrante de Felgueiras morre em acidente de mota na Su\u00ed\u00e7a\"},{\"@type\":\"BreadcrumbList\",\"@id\":\"https:\/\/portaltela.pt\/noticias\/2026\/03\/08\/emigrante-de-felgueiras-morre-em-acidente-de-mota-na-suica\/#breadcrumb\",\"itemListElement\":[{\"@type\":\"ListItem\",\"position\":1,\"name\":\"In\u00edcio\",\"item\":\"https:\/\/portaltela.pt\/\"},{\"@type\":\"ListItem\",\"position\":2,\"name\":\"Emigrante de Felgueiras morre em acidente de mota na Su\u00ed\u00e7a\"}]},{\"@type\":\"WebSite\",\"@id\":\"https:\/\/portaltela.pt\/#website\",\"url\":\"https:\/\/portaltela.pt\/\",\"name\":\"Portal Tela Portugal\",\"description\":\"\",\"potentialAction\":[{\"@type\":\"SearchAction\",\"target\":{\"@type\":\"EntryPoint\",\"urlTemplate\":\"https:\/\/portaltela.pt\/?s={search_term_string}\"},\"query-input\":{\"@type\":\"PropertyValueSpecification\",\"valueRequired\":true,\"valueName\":\"search_term_string\"}}],\"inLanguage\":\"pt-PT\"},{\"@type\":\"Person\",\"@id\":\"https:\/\/portaltela.pt\/#\/schema\/person\/c4278d4a6028830caff9ee44b42d32ed\",\"name\":\"Telinha\",\"image\":{\"@type\":\"ImageObject\",\"inLanguage\":\"pt-PT\",\"@id\":\"https:\/\/portaltela.pt\/s.01k8rhncp4jt1\/2025\/11\/talking-bot-125x125.png\",\"url\":\"https:\/\/portaltela.pt\/s.01k8rhncp4jt1\/2025\/11\/talking-bot-125x125.png\",\"contentUrl\":\"https:\/\/portaltela.pt\/s.01k8rhncp4jt1\/2025\/11\/talking-bot-125x125.png\",\"caption\":\"Telinha\"},\"sameAs\":[\"https:\/\/portaltela.pt\/\"],\"url\":\"https:\/\/portaltela.pt\/por\/367410592786\/\"}]}<\/script>\n<!-- \/ Yoast SEO plugin. -->","yoast_head_json":{"title":"Emigrante de Felgueiras morre em acidente de mota na Su\u00ed\u00e7a - Portal Tela Portugal","robots":{"index":"index","follow":"follow","max-snippet":"max-snippet:-1","max-image-preview":"max-image-preview:large","max-video-preview":"max-video-preview:-1"},"og_locale":"pt_PT","og_type":"article","og_title":"Emigrante de Felgueiras morre em acidente de mota na Su\u00ed\u00e7a - Portal Tela Portugal","og_description":"Emigrante de Felgueiras, Pedro Magalh\u00e3es, de 40 anos, morreu este s\u00e1bado \u00e0 tarde na Su\u00ed\u00e7a. O acidente ocorreu em Courlevon, Friburgo, ap\u00f3s um despiste da moto que seguia, embatando numa \u00e1rvore. Segundo a imprensa local, as manobras de reanima\u00e7\u00e3o dos meios de socorro n\u00e3o tiveram sucesso. O homem era natural de Sendim, no concelho de Felgueiras. As causas do despiste s\u00e3o desconhecidas e as autoridades su\u00ed\u00e7as est\u00e3o a investigar.","og_url":"https:\/\/portaltela.pt\/noticias\/2026\/03\/08\/emigrante-de-felgueiras-morre-em-acidente-de-mota-na-suica\/","og_site_name":"Portal Tela Portugal","article_published_time":"2026-03-08T16:43:30+00:00","author":"Telinha","twitter_card":"summary_large_image","twitter_misc":{"Escrito por":"Telinha","Tempo estimado de leitura":"1 minuto"},"schema":{"@context":"https:\/\/schema.org","@graph":[{"@type":"Article","@id":"https:\/\/portaltela.pt\/noticias\/2026\/03\/08\/emigrante-de-felgueiras-morre-em-acidente-de-mota-na-suica\/#article","isPartOf":{"@id":"https:\/\/portaltela.pt\/noticias\/2026\/03\/08\/emigrante-de-felgueiras-morre-em-acidente-de-mota-na-suica\/"},"author":{"name":"Telinha","@id":"https:\/\/portaltela.pt\/#\/schema\/person\/c4278d4a6028830caff9ee44b42d32ed"},"headline":"Emigrante de Felgueiras morre em acidente de mota na Su\u00ed\u00e7a","datePublished":"2026-03-08T16:43:30+00:00","mainEntityOfPage":{"@id":"https:\/\/portaltela.pt\/noticias\/2026\/03\/08\/emigrante-de-felgueiras-morre-em-acidente-de-mota-na-suica\/"},"wordCount":192,"image":{"@id":"https:\/\/portaltela.pt\/noticias\/2026\/03\/08\/emigrante-de-felgueiras-morre-em-acidente-de-mota-na-suica\/#primaryimage"},"thumbnailUrl":"https:\/\/portaltela.pt\/s.01k8rhncp4jt1\/2026\/03\/img_1500x1000uu2026-03-08-16-42-32-2271116-im-639085849843967977.jpg","keywords":["acidente","emigra\u00e7\u00e3o","emigra\u00e7\u00e3o internacional","emigrantes","Felgueiras","Portugal"],"articleSection":["Acidentes"],"inLanguage":"pt-PT"},{"@type":"WebPage","@id":"https:\/\/portaltela.pt\/noticias\/2026\/03\/08\/emigrante-de-felgueiras-morre-em-acidente-de-mota-na-suica\/","url":"https:\/\/portaltela.pt\/noticias\/2026\/03\/08\/emigrante-de-felgueiras-morre-em-acidente-de-mota-na-suica\/","name":"Emigrante de Felgueiras morre em acidente de mota na Su\u00ed\u00e7a - Portal Tela Portugal","isPartOf":{"@id":"https:\/\/portaltela.pt\/#website"},"primaryImageOfPage":{"@id":"https:\/\/portaltela.pt\/noticias\/2026\/03\/08\/emigrante-de-felgueiras-morre-em-acidente-de-mota-na-suica\/#primaryimage"},"image":{"@id":"https:\/\/portaltela.pt\/noticias\/2026\/03\/08\/emigrante-de-felgueiras-morre-em-acidente-de-mota-na-suica\/#primaryimage"},"thumbnailUrl":"https:\/\/portaltela.pt\/s.01k8rhncp4jt1\/2026\/03\/img_1500x1000uu2026-03-08-16-42-32-2271116-im-639085849843967977.jpg","datePublished":"2026-03-08T16:43:30+00:00","author":{"@id":"https:\/\/portaltela.pt\/#\/schema\/person\/c4278d4a6028830caff9ee44b42d32ed"},"breadcrumb":{"@id":"https:\/\/portaltela.pt\/noticias\/2026\/03\/08\/emigrante-de-felgueiras-morre-em-acidente-de-mota-na-suica\/#breadcrumb"},"inLanguage":"pt-PT","potentialAction":[{"@type":"ReadAction","target":["https:\/\/portaltela.pt\/noticias\/2026\/03\/08\/emigrante-de-felgueiras-morre-em-acidente-de-mota-na-suica\/"]}]},{"@type":"ImageObject","inLanguage":"pt-PT","@id":"https:\/\/portaltela.pt\/noticias\/2026\/03\/08\/emigrante-de-felgueiras-morre-em-acidente-de-mota-na-suica\/#primaryimage","url":"https:\/\/portaltela.pt\/s.01k8rhncp4jt1\/2026\/03\/img_1500x1000uu2026-03-08-16-42-32-2271116-im-639085849843967977.jpg","contentUrl":"https:\/\/portaltela.pt\/s.01k8rhncp4jt1\/2026\/03\/img_1500x1000uu2026-03-08-16-42-32-2271116-im-639085849843967977.jpg","width":796,"height":448,"caption":"Emigrante de Felgueiras morre em acidente de mota na Su\u00ed\u00e7a"},{"@type":"BreadcrumbList","@id":"https:\/\/portaltela.pt\/noticias\/2026\/03\/08\/emigrante-de-felgueiras-morre-em-acidente-de-mota-na-suica\/#breadcrumb","itemListElement":[{"@type":"ListItem","position":1,"name":"In\u00edcio","item":"https:\/\/portaltela.pt\/"},{"@type":"ListItem","position":2,"name":"Emigrante de Felgueiras morre em acidente de mota na Su\u00ed\u00e7a"}]},{"@type":"WebSite","@id":"https:\/\/portaltela.pt\/#website","url":"https:\/\/portaltela.pt\/","name":"Portal Tela Portugal","description":"","potentialAction":[{"@type":"SearchAction","target":{"@type":"EntryPoint","urlTemplate":"https:\/\/portaltela.pt\/?s={search_term_string}"},"query-input":{"@type":"PropertyValueSpecification","valueRequired":true,"valueName":"search_term_string"}}],"inLanguage":"pt-PT"},{"@type":"Person","@id":"https:\/\/portaltela.pt\/#\/schema\/person\/c4278d4a6028830caff9ee44b42d32ed","name":"Telinha","image":{"@type":"ImageObject","inLanguage":"pt-PT","@id":"https:\/\/portaltela.pt\/s.01k8rhncp4jt1\/2025\/11\/talking-bot-125x125.png","url":"https:\/\/portaltela.pt\/s.01k8rhncp4jt1\/2025\/11\/talking-bot-125x125.png","contentUrl":"https:\/\/portaltela.pt\/s.01k8rhncp4jt1\/2025\/11\/talking-bot-125x125.png","caption":"Telinha"},"sameAs":["https:\/\/portaltela.pt\/"],"url":"https:\/\/portaltela.pt\/por\/367410592786\/"}]}},"_links":{"self":[{"href":"https:\/\/portaltela.pt\/api\/wp\/v2\/posts\/402413","targetHints":{"allow":["GET"]}}],"collection":[{"href":"https:\/\/portaltela.pt\/api\/wp\/v2\/posts"}],"about":[{"href":"https:\/\/portaltela.pt\/api\/wp\/v2\/types\/post"}],"author":[{"embeddable":true,"href":"https:\/\/portaltela.pt\/api\/wp\/v2\/users\/2"}],"replies":[{"embeddable":true,"href":"https:\/\/portaltela.pt\/api\/wp\/v2\/comments?post=402413"}],"version-history":[{"count":0,"href":"https:\/\/portaltela.pt\/api\/wp\/v2\/posts\/402413\/revisions"}],"wp:featuredmedia":[{"embeddable":true,"href":"https:\/\/portaltela.pt\/api\/wp\/v2\/media\/402415"}],"wp:attachment":[{"href":"https:\/\/portaltela.pt\/api\/wp\/v2\/media?parent=402413"}],"wp:term":[{"taxonomy":"category","embeddable":true,"href":"https:\/\/portaltela.pt\/api\/wp\/v2\/categories?post=402413"},{"taxonomy":"post_tag","embeddable":true,"href":"https:\/\/portaltela.pt\/api\/wp\/v2\/tags?post=402413"}],"curies":[{"name":"wp","href":"https:\/\/api.w.org\/{rel}","templated":true}]}}