{"id":402392,"date":"2026-03-08T13:00:00","date_gmt":"2026-03-08T16:00:00","guid":{"rendered":"https:\/\/portaltela.pt\/noticias\/2026\/03\/08\/china-pede-fim-aos-ataques-ao-irao-e-que-a-guerra-nao-deveria-ter-existido\/"},"modified":"2026-03-08T13:00:00","modified_gmt":"2026-03-08T16:00:00","slug":"china-pede-fim-aos-ataques-ao-irao-e-que-a-guerra-nao-deveria-ter-existido","status":"publish","type":"post","link":"https:\/\/portaltela.pt\/noticias\/2026\/03\/08\/china-pede-fim-aos-ataques-ao-irao-e-que-a-guerra-nao-deveria-ter-existido\/","title":{"rendered":"China pede fim aos ataques ao Ir\u00e3o e que a guerra n\u00e3o deveria ter existido"},"content":{"rendered":"<p>O chefe da diplomacia chinesa pediu este domingo o fim dos ataques ao Ir\u00e3o, defendendo um cessar-fogo imediato numa guerra que n\u00e3o deveria ter acontecido. Wang Yi afirmou que a for\u00e7a n\u00e3o resolve conflitos e que os ataques s\u00f3 criam mais hostilidade.<\/p>\n<p>Durante a quarta sess\u00e3o do Congresso Nacional do Povo, o ministro apelou a que se evite a escalada no M\u00e9dio Oriente e se proteja a soberania nacional como base da ordem internacional. Criticou a viola\u00e7\u00e3o da soberania e de integridade territorial do Ir\u00e3o, sublinhando que a lei n\u00e3o deve ceder ao uso da for\u00e7a.<\/p>\n<p>Wang Yi afirmou que a interven\u00e7\u00e3o de Estados Unidos e Israel para alterar regimes n\u00e3o ter\u00e1 apoio popular. Defendeu que o povo do M\u00e9dio Oriente deve resolver os seus assuntos de forma independente, com o di\u00e1logo a regressar \u00e0 negocia\u00e7\u00e3o.<\/p>\n<p>O ministro enfatizou o papel dos pa\u00edses importantes na facilita\u00e7\u00e3o de uma solu\u00e7\u00e3o construtiva, apelando a boa-f\u00e9 para reduzir tens\u00f5es e restabelecer a paz regional. A China disse estar disposta a apoiar a Iniciativa de Seguran\u00e7a Global para devolver a tranquilidade \u00e0 regi\u00e3o.<\/p>\n<p>No mesmo discurso, Wang Yi reiterou obje\u00e7\u00e3o \u00e0 ideia de uma \u201crevolu\u00e7\u00e3o colorida\u201d no Ir\u00e3o e destacou que a popula\u00e7\u00e3o iraniana deve ser a protagonista de qualquer mudan\u00e7a, mantendo o respeito pela soberania do pa\u00eds.<\/p>\n<h3>Taiwan<\/h3>\n<p>Em paralelo, Wang Yi abordou Taiwan, afirmando que a reunifica\u00e7\u00e3o completa \u00e9 a \u00fanica forma de assegurar a paz na regi\u00e3o. Reiterou que Taiwan faz parte da China e acusou o governo liderado pelo Partido Progressista Democr\u00e1tico de manter uma agenda separatista.<\/p>\n<p>O ministro disse que a maioria da comunidade internacional apoia o princ\u00edpio de uma s\u00f3 China, mas pediu maior firmeza de outros pa\u00edses contra a independ\u00eancia de Taiwan para ampliar a estabilidade regional.<\/p>\n<p>A defesa da soberania taiwanesa foi apresentada como parte do repert\u00f3rio de pol\u00edtica externa da China, com foco na unidade nacional e na preserva\u00e7\u00e3o dos interesses chineses. As rela\u00e7\u00f5es entre a China e Taiwan permanecem tensas desde 1949, quando o Kuomintang refugiou-se na ilha.<\/p>\n","protected":false},"excerpt":{"rendered":"<ul>\n<li>O ministro dos Neg\u00f3cios Estrangeiros da China, Wang Yi, pediu um cessar-fogo no Ir\u00e3o e a cessa\u00e7\u00e3o imediata dos ataques, dizendo que a guerra n\u00e3o deveria ter acontecido e n\u00e3o beneficia ningu\u00e9m.<\/li>\n<li>Frisou que a hist\u00f3ria do M\u00e9dio Oriente mostra repetidamente que a for\u00e7a n\u00e3o resolve conflitos e que os confrontos apenas aumentam o \u00f3dio e geram novas crises, pedindo evitar escalada.<\/li>\n<li>Defendeu o respeito pela soberania nacional como base da ordem internacional e criticou viola\u00e7\u00f5es \u00e0 soberania, seguran\u00e7a e integridade territorial do Ir\u00e3o.<\/li>\n<li>Afirmou que planos de mudan\u00e7a de regime, promovidos por Estados Unidos e Israel, n\u00e3o ter\u00e3o apoio popular e que o povo do M\u00e9dio Oriente deve resolver os assuntos de forma independente, atrav\u00e9s do di\u00e1logo.<\/li>\n<li>Sobre Taiwan, manteve a posi\u00e7\u00e3o de que a China \u00e9 a \u00fanica autoridade leg\u00edtima sobre o territ\u00f3rio, defendendo a reunifica\u00e7\u00e3o completa e alegando que a maioria da comunidade internacional apoia a ideia de uma s\u00f3 China, com firmeza contra a independ\u00eancia de Taiwan.<\/li>\n<\/ul>\n","protected":false},"author":2,"featured_media":402402,"comment_status":"closed","ping_status":"closed","sticky":false,"template":"","format":"standard","meta":{"footnotes":""},"categories":[6814,1],"tags":[2198,3153,3708,5698,27,5489],"class_list":["post-402392","post","type-post","status-publish","format-standard","has-post-thumbnail","hentry","category-geopolitica","category-noticias","tag-conflitos-internacionais","tag-ira","tag-israel","tag-politica-internacional","tag-relacoes-internacionais","tag-soberania-nacional"],"yoast_head":"<!-- This site is optimized with the Yoast SEO plugin v27.2 - https:\/\/yoast.com\/product\/yoast-seo-wordpress\/ -->\n<title>China pede fim aos ataques ao Ir\u00e3o e que a guerra n\u00e3o deveria ter existido - Portal Tela Portugal<\/title>\n<meta name=\"robots\" content=\"index, follow, max-snippet:-1, max-image-preview:large, max-video-preview:-1\" \/>\n<meta property=\"og:locale\" content=\"pt_PT\" \/>\n<meta property=\"og:type\" content=\"article\" \/>\n<meta property=\"og:title\" content=\"China pede fim aos ataques ao Ir\u00e3o e que a guerra n\u00e3o deveria ter existido - Portal Tela Portugal\" \/>\n<meta property=\"og:description\" content=\"O ministro dos Neg\u00f3cios Estrangeiros da China, Wang Yi, pediu um cessar-fogo no Ir\u00e3o e a cessa\u00e7\u00e3o imediata dos ataques, dizendo que a guerra n\u00e3o deveria ter acontecido e n\u00e3o beneficia ningu\u00e9m. Frisou que a hist\u00f3ria do M\u00e9dio Oriente mostra repetidamente que a for\u00e7a n\u00e3o resolve conflitos e que os confrontos apenas aumentam o \u00f3dio e geram novas crises, pedindo evitar escalada. Defendeu o respeito pela soberania nacional como base da ordem internacional e criticou viola\u00e7\u00f5es \u00e0 soberania, seguran\u00e7a e integridade territorial do Ir\u00e3o. Afirmou que planos de mudan\u00e7a de regime, promovidos por Estados Unidos e Israel, n\u00e3o ter\u00e3o apoio popular e que o povo do M\u00e9dio Oriente deve resolver os assuntos de forma independente, atrav\u00e9s do di\u00e1logo. Sobre Taiwan, manteve a posi\u00e7\u00e3o de que a China \u00e9 a \u00fanica autoridade leg\u00edtima sobre o territ\u00f3rio, defendendo a reunifica\u00e7\u00e3o completa e alegando que a maioria da comunidade internacional apoia a ideia de uma s\u00f3 China, com firmeza contra a independ\u00eancia de Taiwan.\" \/>\n<meta property=\"og:url\" content=\"https:\/\/portaltela.pt\/noticias\/2026\/03\/08\/china-pede-fim-aos-ataques-ao-irao-e-que-a-guerra-nao-deveria-ter-existido\/\" \/>\n<meta property=\"og:site_name\" content=\"Portal Tela Portugal\" \/>\n<meta property=\"article:published_time\" content=\"2026-03-08T16:00:00+00:00\" \/>\n<meta name=\"author\" content=\"Telinha\" \/>\n<meta name=\"twitter:card\" content=\"summary_large_image\" \/>\n<meta name=\"twitter:label1\" content=\"Escrito por\" \/>\n\t<meta name=\"twitter:data1\" content=\"Telinha\" \/>\n\t<meta name=\"twitter:label2\" content=\"Tempo estimado de leitura\" \/>\n\t<meta name=\"twitter:data2\" content=\"2 minutos\" \/>\n<script type=\"application\/ld+json\" class=\"yoast-schema-graph\">{\"@context\":\"https:\/\/schema.org\",\"@graph\":[{\"@type\":\"Article\",\"@id\":\"https:\/\/portaltela.pt\/noticias\/2026\/03\/08\/china-pede-fim-aos-ataques-ao-irao-e-que-a-guerra-nao-deveria-ter-existido\/#article\",\"isPartOf\":{\"@id\":\"https:\/\/portaltela.pt\/noticias\/2026\/03\/08\/china-pede-fim-aos-ataques-ao-irao-e-que-a-guerra-nao-deveria-ter-existido\/\"},\"author\":{\"name\":\"Telinha\",\"@id\":\"https:\/\/portaltela.pt\/#\/schema\/person\/c4278d4a6028830caff9ee44b42d32ed\"},\"headline\":\"China pede fim aos ataques ao Ir\u00e3o e que a guerra n\u00e3o deveria ter existido\",\"datePublished\":\"2026-03-08T16:00:00+00:00\",\"mainEntityOfPage\":{\"@id\":\"https:\/\/portaltela.pt\/noticias\/2026\/03\/08\/china-pede-fim-aos-ataques-ao-irao-e-que-a-guerra-nao-deveria-ter-existido\/\"},\"wordCount\":383,\"image\":{\"@id\":\"https:\/\/portaltela.pt\/noticias\/2026\/03\/08\/china-pede-fim-aos-ataques-ao-irao-e-que-a-guerra-nao-deveria-ter-existido\/#primaryimage\"},\"thumbnailUrl\":\"https:\/\/portaltela.pt\/s.01k8rhncp4jt1\/2026\/03\/2072615.jpg\",\"keywords\":[\"conflitos internacionais\",\"Ir\u00e3\",\"Israel\",\"pol\u00edtica internacional\",\"rela\u00e7\u00f5es internacionais\",\"soberania nacional\"],\"articleSection\":[\"Geopol\u00edtica\",\"Not\u00edcias\"],\"inLanguage\":\"pt-PT\"},{\"@type\":\"WebPage\",\"@id\":\"https:\/\/portaltela.pt\/noticias\/2026\/03\/08\/china-pede-fim-aos-ataques-ao-irao-e-que-a-guerra-nao-deveria-ter-existido\/\",\"url\":\"https:\/\/portaltela.pt\/noticias\/2026\/03\/08\/china-pede-fim-aos-ataques-ao-irao-e-que-a-guerra-nao-deveria-ter-existido\/\",\"name\":\"China pede fim aos ataques ao Ir\u00e3o e que a guerra n\u00e3o deveria ter existido - Portal Tela Portugal\",\"isPartOf\":{\"@id\":\"https:\/\/portaltela.pt\/#website\"},\"primaryImageOfPage\":{\"@id\":\"https:\/\/portaltela.pt\/noticias\/2026\/03\/08\/china-pede-fim-aos-ataques-ao-irao-e-que-a-guerra-nao-deveria-ter-existido\/#primaryimage\"},\"image\":{\"@id\":\"https:\/\/portaltela.pt\/noticias\/2026\/03\/08\/china-pede-fim-aos-ataques-ao-irao-e-que-a-guerra-nao-deveria-ter-existido\/#primaryimage\"},\"thumbnailUrl\":\"https:\/\/portaltela.pt\/s.01k8rhncp4jt1\/2026\/03\/2072615.jpg\",\"datePublished\":\"2026-03-08T16:00:00+00:00\",\"author\":{\"@id\":\"https:\/\/portaltela.pt\/#\/schema\/person\/c4278d4a6028830caff9ee44b42d32ed\"},\"breadcrumb\":{\"@id\":\"https:\/\/portaltela.pt\/noticias\/2026\/03\/08\/china-pede-fim-aos-ataques-ao-irao-e-que-a-guerra-nao-deveria-ter-existido\/#breadcrumb\"},\"inLanguage\":\"pt-PT\",\"potentialAction\":[{\"@type\":\"ReadAction\",\"target\":[\"https:\/\/portaltela.pt\/noticias\/2026\/03\/08\/china-pede-fim-aos-ataques-ao-irao-e-que-a-guerra-nao-deveria-ter-existido\/\"]}]},{\"@type\":\"ImageObject\",\"inLanguage\":\"pt-PT\",\"@id\":\"https:\/\/portaltela.pt\/noticias\/2026\/03\/08\/china-pede-fim-aos-ataques-ao-irao-e-que-a-guerra-nao-deveria-ter-existido\/#primaryimage\",\"url\":\"https:\/\/portaltela.pt\/s.01k8rhncp4jt1\/2026\/03\/2072615.jpg\",\"contentUrl\":\"https:\/\/portaltela.pt\/s.01k8rhncp4jt1\/2026\/03\/2072615.jpg\",\"width\":796,\"height\":448,\"caption\":\"Wang Yi, ministro dos Neg\u00f3cios Estrangeiros, durante o seu discurso anual no Congresso Nacional do Povo da China\"},{\"@type\":\"BreadcrumbList\",\"@id\":\"https:\/\/portaltela.pt\/noticias\/2026\/03\/08\/china-pede-fim-aos-ataques-ao-irao-e-que-a-guerra-nao-deveria-ter-existido\/#breadcrumb\",\"itemListElement\":[{\"@type\":\"ListItem\",\"position\":1,\"name\":\"In\u00edcio\",\"item\":\"https:\/\/portaltela.pt\/\"},{\"@type\":\"ListItem\",\"position\":2,\"name\":\"China pede fim aos ataques ao Ir\u00e3o e que a guerra n\u00e3o deveria ter existido\"}]},{\"@type\":\"WebSite\",\"@id\":\"https:\/\/portaltela.pt\/#website\",\"url\":\"https:\/\/portaltela.pt\/\",\"name\":\"Portal Tela Portugal\",\"description\":\"\",\"potentialAction\":[{\"@type\":\"SearchAction\",\"target\":{\"@type\":\"EntryPoint\",\"urlTemplate\":\"https:\/\/portaltela.pt\/?s={search_term_string}\"},\"query-input\":{\"@type\":\"PropertyValueSpecification\",\"valueRequired\":true,\"valueName\":\"search_term_string\"}}],\"inLanguage\":\"pt-PT\"},{\"@type\":\"Person\",\"@id\":\"https:\/\/portaltela.pt\/#\/schema\/person\/c4278d4a6028830caff9ee44b42d32ed\",\"name\":\"Telinha\",\"image\":{\"@type\":\"ImageObject\",\"inLanguage\":\"pt-PT\",\"@id\":\"https:\/\/portaltela.pt\/s.01k8rhncp4jt1\/2025\/11\/talking-bot-125x125.png\",\"url\":\"https:\/\/portaltela.pt\/s.01k8rhncp4jt1\/2025\/11\/talking-bot-125x125.png\",\"contentUrl\":\"https:\/\/portaltela.pt\/s.01k8rhncp4jt1\/2025\/11\/talking-bot-125x125.png\",\"caption\":\"Telinha\"},\"sameAs\":[\"https:\/\/portaltela.pt\/\"],\"url\":\"https:\/\/portaltela.pt\/por\/367410592786\/\"}]}<\/script>\n<!-- \/ Yoast SEO plugin. -->","yoast_head_json":{"title":"China pede fim aos ataques ao Ir\u00e3o e que a guerra n\u00e3o deveria ter existido - Portal Tela Portugal","robots":{"index":"index","follow":"follow","max-snippet":"max-snippet:-1","max-image-preview":"max-image-preview:large","max-video-preview":"max-video-preview:-1"},"og_locale":"pt_PT","og_type":"article","og_title":"China pede fim aos ataques ao Ir\u00e3o e que a guerra n\u00e3o deveria ter existido - Portal Tela Portugal","og_description":"O ministro dos Neg\u00f3cios Estrangeiros da China, Wang Yi, pediu um cessar-fogo no Ir\u00e3o e a cessa\u00e7\u00e3o imediata dos ataques, dizendo que a guerra n\u00e3o deveria ter acontecido e n\u00e3o beneficia ningu\u00e9m. Frisou que a hist\u00f3ria do M\u00e9dio Oriente mostra repetidamente que a for\u00e7a n\u00e3o resolve conflitos e que os confrontos apenas aumentam o \u00f3dio e geram novas crises, pedindo evitar escalada. Defendeu o respeito pela soberania nacional como base da ordem internacional e criticou viola\u00e7\u00f5es \u00e0 soberania, seguran\u00e7a e integridade territorial do Ir\u00e3o. Afirmou que planos de mudan\u00e7a de regime, promovidos por Estados Unidos e Israel, n\u00e3o ter\u00e3o apoio popular e que o povo do M\u00e9dio Oriente deve resolver os assuntos de forma independente, atrav\u00e9s do di\u00e1logo. Sobre Taiwan, manteve a posi\u00e7\u00e3o de que a China \u00e9 a \u00fanica autoridade leg\u00edtima sobre o territ\u00f3rio, defendendo a reunifica\u00e7\u00e3o completa e alegando que a maioria da comunidade internacional apoia a ideia de uma s\u00f3 China, com firmeza contra a independ\u00eancia de Taiwan.","og_url":"https:\/\/portaltela.pt\/noticias\/2026\/03\/08\/china-pede-fim-aos-ataques-ao-irao-e-que-a-guerra-nao-deveria-ter-existido\/","og_site_name":"Portal Tela Portugal","article_published_time":"2026-03-08T16:00:00+00:00","author":"Telinha","twitter_card":"summary_large_image","twitter_misc":{"Escrito por":"Telinha","Tempo estimado de leitura":"2 minutos"},"schema":{"@context":"https:\/\/schema.org","@graph":[{"@type":"Article","@id":"https:\/\/portaltela.pt\/noticias\/2026\/03\/08\/china-pede-fim-aos-ataques-ao-irao-e-que-a-guerra-nao-deveria-ter-existido\/#article","isPartOf":{"@id":"https:\/\/portaltela.pt\/noticias\/2026\/03\/08\/china-pede-fim-aos-ataques-ao-irao-e-que-a-guerra-nao-deveria-ter-existido\/"},"author":{"name":"Telinha","@id":"https:\/\/portaltela.pt\/#\/schema\/person\/c4278d4a6028830caff9ee44b42d32ed"},"headline":"China pede fim aos ataques ao Ir\u00e3o e que a guerra n\u00e3o deveria ter existido","datePublished":"2026-03-08T16:00:00+00:00","mainEntityOfPage":{"@id":"https:\/\/portaltela.pt\/noticias\/2026\/03\/08\/china-pede-fim-aos-ataques-ao-irao-e-que-a-guerra-nao-deveria-ter-existido\/"},"wordCount":383,"image":{"@id":"https:\/\/portaltela.pt\/noticias\/2026\/03\/08\/china-pede-fim-aos-ataques-ao-irao-e-que-a-guerra-nao-deveria-ter-existido\/#primaryimage"},"thumbnailUrl":"https:\/\/portaltela.pt\/s.01k8rhncp4jt1\/2026\/03\/2072615.jpg","keywords":["conflitos internacionais","Ir\u00e3","Israel","pol\u00edtica internacional","rela\u00e7\u00f5es internacionais","soberania nacional"],"articleSection":["Geopol\u00edtica","Not\u00edcias"],"inLanguage":"pt-PT"},{"@type":"WebPage","@id":"https:\/\/portaltela.pt\/noticias\/2026\/03\/08\/china-pede-fim-aos-ataques-ao-irao-e-que-a-guerra-nao-deveria-ter-existido\/","url":"https:\/\/portaltela.pt\/noticias\/2026\/03\/08\/china-pede-fim-aos-ataques-ao-irao-e-que-a-guerra-nao-deveria-ter-existido\/","name":"China pede fim aos ataques ao Ir\u00e3o e que a guerra n\u00e3o deveria ter existido - Portal Tela Portugal","isPartOf":{"@id":"https:\/\/portaltela.pt\/#website"},"primaryImageOfPage":{"@id":"https:\/\/portaltela.pt\/noticias\/2026\/03\/08\/china-pede-fim-aos-ataques-ao-irao-e-que-a-guerra-nao-deveria-ter-existido\/#primaryimage"},"image":{"@id":"https:\/\/portaltela.pt\/noticias\/2026\/03\/08\/china-pede-fim-aos-ataques-ao-irao-e-que-a-guerra-nao-deveria-ter-existido\/#primaryimage"},"thumbnailUrl":"https:\/\/portaltela.pt\/s.01k8rhncp4jt1\/2026\/03\/2072615.jpg","datePublished":"2026-03-08T16:00:00+00:00","author":{"@id":"https:\/\/portaltela.pt\/#\/schema\/person\/c4278d4a6028830caff9ee44b42d32ed"},"breadcrumb":{"@id":"https:\/\/portaltela.pt\/noticias\/2026\/03\/08\/china-pede-fim-aos-ataques-ao-irao-e-que-a-guerra-nao-deveria-ter-existido\/#breadcrumb"},"inLanguage":"pt-PT","potentialAction":[{"@type":"ReadAction","target":["https:\/\/portaltela.pt\/noticias\/2026\/03\/08\/china-pede-fim-aos-ataques-ao-irao-e-que-a-guerra-nao-deveria-ter-existido\/"]}]},{"@type":"ImageObject","inLanguage":"pt-PT","@id":"https:\/\/portaltela.pt\/noticias\/2026\/03\/08\/china-pede-fim-aos-ataques-ao-irao-e-que-a-guerra-nao-deveria-ter-existido\/#primaryimage","url":"https:\/\/portaltela.pt\/s.01k8rhncp4jt1\/2026\/03\/2072615.jpg","contentUrl":"https:\/\/portaltela.pt\/s.01k8rhncp4jt1\/2026\/03\/2072615.jpg","width":796,"height":448,"caption":"Wang Yi, ministro dos Neg\u00f3cios Estrangeiros, durante o seu discurso anual no Congresso Nacional do Povo da China"},{"@type":"BreadcrumbList","@id":"https:\/\/portaltela.pt\/noticias\/2026\/03\/08\/china-pede-fim-aos-ataques-ao-irao-e-que-a-guerra-nao-deveria-ter-existido\/#breadcrumb","itemListElement":[{"@type":"ListItem","position":1,"name":"In\u00edcio","item":"https:\/\/portaltela.pt\/"},{"@type":"ListItem","position":2,"name":"China pede fim aos ataques ao Ir\u00e3o e que a guerra n\u00e3o deveria ter existido"}]},{"@type":"WebSite","@id":"https:\/\/portaltela.pt\/#website","url":"https:\/\/portaltela.pt\/","name":"Portal Tela Portugal","description":"","potentialAction":[{"@type":"SearchAction","target":{"@type":"EntryPoint","urlTemplate":"https:\/\/portaltela.pt\/?s={search_term_string}"},"query-input":{"@type":"PropertyValueSpecification","valueRequired":true,"valueName":"search_term_string"}}],"inLanguage":"pt-PT"},{"@type":"Person","@id":"https:\/\/portaltela.pt\/#\/schema\/person\/c4278d4a6028830caff9ee44b42d32ed","name":"Telinha","image":{"@type":"ImageObject","inLanguage":"pt-PT","@id":"https:\/\/portaltela.pt\/s.01k8rhncp4jt1\/2025\/11\/talking-bot-125x125.png","url":"https:\/\/portaltela.pt\/s.01k8rhncp4jt1\/2025\/11\/talking-bot-125x125.png","contentUrl":"https:\/\/portaltela.pt\/s.01k8rhncp4jt1\/2025\/11\/talking-bot-125x125.png","caption":"Telinha"},"sameAs":["https:\/\/portaltela.pt\/"],"url":"https:\/\/portaltela.pt\/por\/367410592786\/"}]}},"_links":{"self":[{"href":"https:\/\/portaltela.pt\/api\/wp\/v2\/posts\/402392","targetHints":{"allow":["GET"]}}],"collection":[{"href":"https:\/\/portaltela.pt\/api\/wp\/v2\/posts"}],"about":[{"href":"https:\/\/portaltela.pt\/api\/wp\/v2\/types\/post"}],"author":[{"embeddable":true,"href":"https:\/\/portaltela.pt\/api\/wp\/v2\/users\/2"}],"replies":[{"embeddable":true,"href":"https:\/\/portaltela.pt\/api\/wp\/v2\/comments?post=402392"}],"version-history":[{"count":0,"href":"https:\/\/portaltela.pt\/api\/wp\/v2\/posts\/402392\/revisions"}],"wp:featuredmedia":[{"embeddable":true,"href":"https:\/\/portaltela.pt\/api\/wp\/v2\/media\/402402"}],"wp:attachment":[{"href":"https:\/\/portaltela.pt\/api\/wp\/v2\/media?parent=402392"}],"wp:term":[{"taxonomy":"category","embeddable":true,"href":"https:\/\/portaltela.pt\/api\/wp\/v2\/categories?post=402392"},{"taxonomy":"post_tag","embeddable":true,"href":"https:\/\/portaltela.pt\/api\/wp\/v2\/tags?post=402392"}],"curies":[{"name":"wp","href":"https:\/\/api.w.org\/{rel}","templated":true}]}}