{"id":402390,"date":"2026-03-08T13:22:00","date_gmt":"2026-03-08T16:22:00","guid":{"rendered":"https:\/\/portaltela.pt\/noticias\/2026\/03\/08\/incendio-em-hotel-de-troia-mobilizou-90-bombeiros-ja-dominado-sem-vitimas\/"},"modified":"2026-03-08T13:22:00","modified_gmt":"2026-03-08T16:22:00","slug":"incendio-em-hotel-de-troia-mobilizou-90-bombeiros-ja-dominado-sem-vitimas","status":"publish","type":"post","link":"https:\/\/portaltela.pt\/noticias\/2026\/03\/08\/incendio-em-hotel-de-troia-mobilizou-90-bombeiros-ja-dominado-sem-vitimas\/","title":{"rendered":"Inc\u00eandio em hotel de Tr\u00f3ia mobilizou 90 bombeiros; j\u00e1 dominado, sem v\u00edtimas"},"content":{"rendered":"<p>O inc\u00eandio deflagrou na madrugada de domingo num empreendimento hoteleiro na Estrada que liga a vila da Comporta a Tr\u00f3ia, no concelho de Gr\u00e2ndola. O fogo foi dominado \u00e0s 14h35, sem registar v\u00edtimas. Os meios de combate mant\u00eam-se no local para concluir opera\u00e7\u00f5es de rescaldo.<\/p>\n<p>O hotel Na Praia pertence a Sandra Ortega, herdeira do fundador da Zara e do Grupo Inditex. A obra enfrentou atrasos ap\u00f3s uma provid\u00eancia cautelar movida por v\u00e1rias organiza\u00e7\u00f5es ecol\u00f3gicas, que foi indeferida ap\u00f3s a C\u00e2mara Municipal declarar o interesse p\u00fablico do projeto.<\/p>\n<h3>Investiga\u00e7\u00e3o da origem<\/h3>\n<p>O alerta foi dado \u00e0s 4h40, segundo o Comando Sub-regional de Emerg\u00eancia e Prote\u00e7\u00e3o Civil do Alentejo Litoral. No local estiveram 90 operacionais e 35 viaturas, vindos de v\u00e1rias regi\u00f5es, incluindo Set\u00fabal, Alentejo Central e Baixo Alentejo.<\/p>\n<p>A Pol\u00edcia Judici\u00e1ria (PJ) vai investigar a origem do inc\u00eandio. Per\u00edcias est\u00e3o a ser realizadas para tentar esclarecer as causas do fogo, que afetou a zona central do hotel em fase final de acabamentos.<\/p>\n<h3>Impacto no empreendimento<\/h3>\n<p>O fogo atingiu quartos da \u00e1rea central do hotel, segundo informa\u00e7\u00f5es do promotor do projeto Na Praia. Apenas um edif\u00edcio ficou parcialmente danificado, com extens\u00e3o de cerca de 50 metros. O restante complexo manteve-se \u00edntegro, incluindo unidades de alojamento, zonas p\u00fablicas, restaurante e servi\u00e7os.<\/p>\n<p>A data de abertura, prevista para 1 de Junho, dever\u00e1 sofrer atraso. As autoridades n\u00e3o avan\u00e7aram com estimativas de preju\u00edzos financeiros ou de tempo para retomar a conclus\u00e3o da obra.<\/p>\n","protected":false},"excerpt":{"rendered":"<ul>\n<li>O inc\u00eandio num empreendimento tur\u00edstico Na Praia, entre a Comporta e Tr\u00f3ia, est\u00e1 dominado desde as 14h35, sem v\u00edtimas.<\/li>\n<li>Cerca de noventa operacionais de quatro comandos da Prote\u00e7\u00e3o Civil estiveram no local, com 35 viaturas, para a fase de conclus\u00e3o e rescaldo.<\/li>\n<li>O alerta foi dado \u00e0s 04h40 e a origem do fogo \u00e9 desconhecida; a Pol\u00edcia Judici\u00e1ria vai investigar no local.<\/li>\n<li>O fogo afectou parte central do hotel na fase final de acabamentos, com cerca de 50 metros de edif\u00edcio comprometidos; o restante do complexo n\u00e3o sofreu danos.<\/li>\n<li>A abertura do espa\u00e7o, prevista para 1 de Junho, foi adiada; o empreendimento pertence a Sandra Ortega, herdeira do fundador da Zara, e fica em Gr\u00e2ndola.<\/li>\n<\/ul>\n","protected":false},"author":2,"featured_media":402397,"comment_status":"closed","ping_status":"closed","sticky":false,"template":"","format":"standard","meta":{"footnotes":""},"categories":[1],"tags":[971,6288,2465,719,1438,1802],"class_list":["post-402390","post","type-post","status-publish","format-standard","has-post-thumbnail","hentry","category-noticias","tag-bombeiros","tag-comporta","tag-grandola","tag-hotelaria","tag-incendio","tag-policia-judiciaria"],"yoast_head":"<!-- This site is optimized with the Yoast SEO plugin v27.2 - https:\/\/yoast.com\/product\/yoast-seo-wordpress\/ -->\n<title>Inc\u00eandio em hotel de Tr\u00f3ia mobilizou 90 bombeiros; j\u00e1 dominado, sem v\u00edtimas - Portal Tela Portugal<\/title>\n<meta name=\"robots\" content=\"index, follow, max-snippet:-1, max-image-preview:large, max-video-preview:-1\" \/>\n<meta property=\"og:locale\" content=\"pt_PT\" \/>\n<meta property=\"og:type\" content=\"article\" \/>\n<meta property=\"og:title\" content=\"Inc\u00eandio em hotel de Tr\u00f3ia mobilizou 90 bombeiros; j\u00e1 dominado, sem v\u00edtimas - Portal Tela Portugal\" \/>\n<meta property=\"og:description\" content=\"O inc\u00eandio num empreendimento tur\u00edstico Na Praia, entre a Comporta e Tr\u00f3ia, est\u00e1 dominado desde as 14h35, sem v\u00edtimas. Cerca de noventa operacionais de quatro comandos da Prote\u00e7\u00e3o Civil estiveram no local, com 35 viaturas, para a fase de conclus\u00e3o e rescaldo. O alerta foi dado \u00e0s 04h40 e a origem do fogo \u00e9 desconhecida; a Pol\u00edcia Judici\u00e1ria vai investigar no local. O fogo afectou parte central do hotel na fase final de acabamentos, com cerca de 50 metros de edif\u00edcio comprometidos; o restante do complexo n\u00e3o sofreu danos. A abertura do espa\u00e7o, prevista para 1 de Junho, foi adiada; o empreendimento pertence a Sandra Ortega, herdeira do fundador da Zara, e fica em Gr\u00e2ndola.\" \/>\n<meta property=\"og:url\" content=\"https:\/\/portaltela.pt\/noticias\/2026\/03\/08\/incendio-em-hotel-de-troia-mobilizou-90-bombeiros-ja-dominado-sem-vitimas\/\" \/>\n<meta property=\"og:site_name\" content=\"Portal Tela Portugal\" \/>\n<meta property=\"article:published_time\" content=\"2026-03-08T16:22:00+00:00\" \/>\n<meta name=\"author\" content=\"Telinha\" \/>\n<meta name=\"twitter:card\" content=\"summary_large_image\" \/>\n<meta name=\"twitter:label1\" content=\"Escrito por\" \/>\n\t<meta name=\"twitter:data1\" content=\"Telinha\" \/>\n\t<meta name=\"twitter:label2\" content=\"Tempo estimado de leitura\" \/>\n\t<meta name=\"twitter:data2\" content=\"1 minuto\" \/>\n<script type=\"application\/ld+json\" class=\"yoast-schema-graph\">{\"@context\":\"https:\/\/schema.org\",\"@graph\":[{\"@type\":\"Article\",\"@id\":\"https:\/\/portaltela.pt\/noticias\/2026\/03\/08\/incendio-em-hotel-de-troia-mobilizou-90-bombeiros-ja-dominado-sem-vitimas\/#article\",\"isPartOf\":{\"@id\":\"https:\/\/portaltela.pt\/noticias\/2026\/03\/08\/incendio-em-hotel-de-troia-mobilizou-90-bombeiros-ja-dominado-sem-vitimas\/\"},\"author\":{\"name\":\"Telinha\",\"@id\":\"https:\/\/portaltela.pt\/#\/schema\/person\/c4278d4a6028830caff9ee44b42d32ed\"},\"headline\":\"Inc\u00eandio em hotel de Tr\u00f3ia mobilizou 90 bombeiros; j\u00e1 dominado, sem v\u00edtimas\",\"datePublished\":\"2026-03-08T16:22:00+00:00\",\"mainEntityOfPage\":{\"@id\":\"https:\/\/portaltela.pt\/noticias\/2026\/03\/08\/incendio-em-hotel-de-troia-mobilizou-90-bombeiros-ja-dominado-sem-vitimas\/\"},\"wordCount\":283,\"image\":{\"@id\":\"https:\/\/portaltela.pt\/noticias\/2026\/03\/08\/incendio-em-hotel-de-troia-mobilizou-90-bombeiros-ja-dominado-sem-vitimas\/#primaryimage\"},\"thumbnailUrl\":\"https:\/\/portaltela.pt\/s.01k8rhncp4jt1\/2026\/03\/2072614.jpg\",\"keywords\":[\"bombeiros\",\"Comporta\",\"Gr\u00e2ndola\",\"hotelaria\",\"inc\u00eandio\",\"Pol\u00edcia Judici\u00e1ria\"],\"articleSection\":[\"Not\u00edcias\"],\"inLanguage\":\"pt-PT\"},{\"@type\":\"WebPage\",\"@id\":\"https:\/\/portaltela.pt\/noticias\/2026\/03\/08\/incendio-em-hotel-de-troia-mobilizou-90-bombeiros-ja-dominado-sem-vitimas\/\",\"url\":\"https:\/\/portaltela.pt\/noticias\/2026\/03\/08\/incendio-em-hotel-de-troia-mobilizou-90-bombeiros-ja-dominado-sem-vitimas\/\",\"name\":\"Inc\u00eandio em hotel de Tr\u00f3ia mobilizou 90 bombeiros; j\u00e1 dominado, sem v\u00edtimas - Portal Tela Portugal\",\"isPartOf\":{\"@id\":\"https:\/\/portaltela.pt\/#website\"},\"primaryImageOfPage\":{\"@id\":\"https:\/\/portaltela.pt\/noticias\/2026\/03\/08\/incendio-em-hotel-de-troia-mobilizou-90-bombeiros-ja-dominado-sem-vitimas\/#primaryimage\"},\"image\":{\"@id\":\"https:\/\/portaltela.pt\/noticias\/2026\/03\/08\/incendio-em-hotel-de-troia-mobilizou-90-bombeiros-ja-dominado-sem-vitimas\/#primaryimage\"},\"thumbnailUrl\":\"https:\/\/portaltela.pt\/s.01k8rhncp4jt1\/2026\/03\/2072614.jpg\",\"datePublished\":\"2026-03-08T16:22:00+00:00\",\"author\":{\"@id\":\"https:\/\/portaltela.pt\/#\/schema\/person\/c4278d4a6028830caff9ee44b42d32ed\"},\"breadcrumb\":{\"@id\":\"https:\/\/portaltela.pt\/noticias\/2026\/03\/08\/incendio-em-hotel-de-troia-mobilizou-90-bombeiros-ja-dominado-sem-vitimas\/#breadcrumb\"},\"inLanguage\":\"pt-PT\",\"potentialAction\":[{\"@type\":\"ReadAction\",\"target\":[\"https:\/\/portaltela.pt\/noticias\/2026\/03\/08\/incendio-em-hotel-de-troia-mobilizou-90-bombeiros-ja-dominado-sem-vitimas\/\"]}]},{\"@type\":\"ImageObject\",\"inLanguage\":\"pt-PT\",\"@id\":\"https:\/\/portaltela.pt\/noticias\/2026\/03\/08\/incendio-em-hotel-de-troia-mobilizou-90-bombeiros-ja-dominado-sem-vitimas\/#primaryimage\",\"url\":\"https:\/\/portaltela.pt\/s.01k8rhncp4jt1\/2026\/03\/2072614.jpg\",\"contentUrl\":\"https:\/\/portaltela.pt\/s.01k8rhncp4jt1\/2026\/03\/2072614.jpg\",\"width\":796,\"height\":448,\"caption\":\"A zona costeira do munc\u00edpio de Gr\u00e2ndola est\u00e1 sob forte press\u00e3o tur\u00edstica\"},{\"@type\":\"BreadcrumbList\",\"@id\":\"https:\/\/portaltela.pt\/noticias\/2026\/03\/08\/incendio-em-hotel-de-troia-mobilizou-90-bombeiros-ja-dominado-sem-vitimas\/#breadcrumb\",\"itemListElement\":[{\"@type\":\"ListItem\",\"position\":1,\"name\":\"In\u00edcio\",\"item\":\"https:\/\/portaltela.pt\/\"},{\"@type\":\"ListItem\",\"position\":2,\"name\":\"Inc\u00eandio em hotel de Tr\u00f3ia mobilizou 90 bombeiros; j\u00e1 dominado, sem v\u00edtimas\"}]},{\"@type\":\"WebSite\",\"@id\":\"https:\/\/portaltela.pt\/#website\",\"url\":\"https:\/\/portaltela.pt\/\",\"name\":\"Portal Tela Portugal\",\"description\":\"\",\"potentialAction\":[{\"@type\":\"SearchAction\",\"target\":{\"@type\":\"EntryPoint\",\"urlTemplate\":\"https:\/\/portaltela.pt\/?s={search_term_string}\"},\"query-input\":{\"@type\":\"PropertyValueSpecification\",\"valueRequired\":true,\"valueName\":\"search_term_string\"}}],\"inLanguage\":\"pt-PT\"},{\"@type\":\"Person\",\"@id\":\"https:\/\/portaltela.pt\/#\/schema\/person\/c4278d4a6028830caff9ee44b42d32ed\",\"name\":\"Telinha\",\"image\":{\"@type\":\"ImageObject\",\"inLanguage\":\"pt-PT\",\"@id\":\"https:\/\/portaltela.pt\/s.01k8rhncp4jt1\/2025\/11\/talking-bot-125x125.png\",\"url\":\"https:\/\/portaltela.pt\/s.01k8rhncp4jt1\/2025\/11\/talking-bot-125x125.png\",\"contentUrl\":\"https:\/\/portaltela.pt\/s.01k8rhncp4jt1\/2025\/11\/talking-bot-125x125.png\",\"caption\":\"Telinha\"},\"sameAs\":[\"https:\/\/portaltela.pt\/\"],\"url\":\"https:\/\/portaltela.pt\/por\/367410592786\/\"}]}<\/script>\n<!-- \/ Yoast SEO plugin. -->","yoast_head_json":{"title":"Inc\u00eandio em hotel de Tr\u00f3ia mobilizou 90 bombeiros; j\u00e1 dominado, sem v\u00edtimas - Portal Tela Portugal","robots":{"index":"index","follow":"follow","max-snippet":"max-snippet:-1","max-image-preview":"max-image-preview:large","max-video-preview":"max-video-preview:-1"},"og_locale":"pt_PT","og_type":"article","og_title":"Inc\u00eandio em hotel de Tr\u00f3ia mobilizou 90 bombeiros; j\u00e1 dominado, sem v\u00edtimas - Portal Tela Portugal","og_description":"O inc\u00eandio num empreendimento tur\u00edstico Na Praia, entre a Comporta e Tr\u00f3ia, est\u00e1 dominado desde as 14h35, sem v\u00edtimas. Cerca de noventa operacionais de quatro comandos da Prote\u00e7\u00e3o Civil estiveram no local, com 35 viaturas, para a fase de conclus\u00e3o e rescaldo. O alerta foi dado \u00e0s 04h40 e a origem do fogo \u00e9 desconhecida; a Pol\u00edcia Judici\u00e1ria vai investigar no local. O fogo afectou parte central do hotel na fase final de acabamentos, com cerca de 50 metros de edif\u00edcio comprometidos; o restante do complexo n\u00e3o sofreu danos. A abertura do espa\u00e7o, prevista para 1 de Junho, foi adiada; o empreendimento pertence a Sandra Ortega, herdeira do fundador da Zara, e fica em Gr\u00e2ndola.","og_url":"https:\/\/portaltela.pt\/noticias\/2026\/03\/08\/incendio-em-hotel-de-troia-mobilizou-90-bombeiros-ja-dominado-sem-vitimas\/","og_site_name":"Portal Tela Portugal","article_published_time":"2026-03-08T16:22:00+00:00","author":"Telinha","twitter_card":"summary_large_image","twitter_misc":{"Escrito por":"Telinha","Tempo estimado de leitura":"1 minuto"},"schema":{"@context":"https:\/\/schema.org","@graph":[{"@type":"Article","@id":"https:\/\/portaltela.pt\/noticias\/2026\/03\/08\/incendio-em-hotel-de-troia-mobilizou-90-bombeiros-ja-dominado-sem-vitimas\/#article","isPartOf":{"@id":"https:\/\/portaltela.pt\/noticias\/2026\/03\/08\/incendio-em-hotel-de-troia-mobilizou-90-bombeiros-ja-dominado-sem-vitimas\/"},"author":{"name":"Telinha","@id":"https:\/\/portaltela.pt\/#\/schema\/person\/c4278d4a6028830caff9ee44b42d32ed"},"headline":"Inc\u00eandio em hotel de Tr\u00f3ia mobilizou 90 bombeiros; j\u00e1 dominado, sem v\u00edtimas","datePublished":"2026-03-08T16:22:00+00:00","mainEntityOfPage":{"@id":"https:\/\/portaltela.pt\/noticias\/2026\/03\/08\/incendio-em-hotel-de-troia-mobilizou-90-bombeiros-ja-dominado-sem-vitimas\/"},"wordCount":283,"image":{"@id":"https:\/\/portaltela.pt\/noticias\/2026\/03\/08\/incendio-em-hotel-de-troia-mobilizou-90-bombeiros-ja-dominado-sem-vitimas\/#primaryimage"},"thumbnailUrl":"https:\/\/portaltela.pt\/s.01k8rhncp4jt1\/2026\/03\/2072614.jpg","keywords":["bombeiros","Comporta","Gr\u00e2ndola","hotelaria","inc\u00eandio","Pol\u00edcia Judici\u00e1ria"],"articleSection":["Not\u00edcias"],"inLanguage":"pt-PT"},{"@type":"WebPage","@id":"https:\/\/portaltela.pt\/noticias\/2026\/03\/08\/incendio-em-hotel-de-troia-mobilizou-90-bombeiros-ja-dominado-sem-vitimas\/","url":"https:\/\/portaltela.pt\/noticias\/2026\/03\/08\/incendio-em-hotel-de-troia-mobilizou-90-bombeiros-ja-dominado-sem-vitimas\/","name":"Inc\u00eandio em hotel de Tr\u00f3ia mobilizou 90 bombeiros; j\u00e1 dominado, sem v\u00edtimas - Portal Tela Portugal","isPartOf":{"@id":"https:\/\/portaltela.pt\/#website"},"primaryImageOfPage":{"@id":"https:\/\/portaltela.pt\/noticias\/2026\/03\/08\/incendio-em-hotel-de-troia-mobilizou-90-bombeiros-ja-dominado-sem-vitimas\/#primaryimage"},"image":{"@id":"https:\/\/portaltela.pt\/noticias\/2026\/03\/08\/incendio-em-hotel-de-troia-mobilizou-90-bombeiros-ja-dominado-sem-vitimas\/#primaryimage"},"thumbnailUrl":"https:\/\/portaltela.pt\/s.01k8rhncp4jt1\/2026\/03\/2072614.jpg","datePublished":"2026-03-08T16:22:00+00:00","author":{"@id":"https:\/\/portaltela.pt\/#\/schema\/person\/c4278d4a6028830caff9ee44b42d32ed"},"breadcrumb":{"@id":"https:\/\/portaltela.pt\/noticias\/2026\/03\/08\/incendio-em-hotel-de-troia-mobilizou-90-bombeiros-ja-dominado-sem-vitimas\/#breadcrumb"},"inLanguage":"pt-PT","potentialAction":[{"@type":"ReadAction","target":["https:\/\/portaltela.pt\/noticias\/2026\/03\/08\/incendio-em-hotel-de-troia-mobilizou-90-bombeiros-ja-dominado-sem-vitimas\/"]}]},{"@type":"ImageObject","inLanguage":"pt-PT","@id":"https:\/\/portaltela.pt\/noticias\/2026\/03\/08\/incendio-em-hotel-de-troia-mobilizou-90-bombeiros-ja-dominado-sem-vitimas\/#primaryimage","url":"https:\/\/portaltela.pt\/s.01k8rhncp4jt1\/2026\/03\/2072614.jpg","contentUrl":"https:\/\/portaltela.pt\/s.01k8rhncp4jt1\/2026\/03\/2072614.jpg","width":796,"height":448,"caption":"A zona costeira do munc\u00edpio de Gr\u00e2ndola est\u00e1 sob forte press\u00e3o tur\u00edstica"},{"@type":"BreadcrumbList","@id":"https:\/\/portaltela.pt\/noticias\/2026\/03\/08\/incendio-em-hotel-de-troia-mobilizou-90-bombeiros-ja-dominado-sem-vitimas\/#breadcrumb","itemListElement":[{"@type":"ListItem","position":1,"name":"In\u00edcio","item":"https:\/\/portaltela.pt\/"},{"@type":"ListItem","position":2,"name":"Inc\u00eandio em hotel de Tr\u00f3ia mobilizou 90 bombeiros; j\u00e1 dominado, sem v\u00edtimas"}]},{"@type":"WebSite","@id":"https:\/\/portaltela.pt\/#website","url":"https:\/\/portaltela.pt\/","name":"Portal Tela Portugal","description":"","potentialAction":[{"@type":"SearchAction","target":{"@type":"EntryPoint","urlTemplate":"https:\/\/portaltela.pt\/?s={search_term_string}"},"query-input":{"@type":"PropertyValueSpecification","valueRequired":true,"valueName":"search_term_string"}}],"inLanguage":"pt-PT"},{"@type":"Person","@id":"https:\/\/portaltela.pt\/#\/schema\/person\/c4278d4a6028830caff9ee44b42d32ed","name":"Telinha","image":{"@type":"ImageObject","inLanguage":"pt-PT","@id":"https:\/\/portaltela.pt\/s.01k8rhncp4jt1\/2025\/11\/talking-bot-125x125.png","url":"https:\/\/portaltela.pt\/s.01k8rhncp4jt1\/2025\/11\/talking-bot-125x125.png","contentUrl":"https:\/\/portaltela.pt\/s.01k8rhncp4jt1\/2025\/11\/talking-bot-125x125.png","caption":"Telinha"},"sameAs":["https:\/\/portaltela.pt\/"],"url":"https:\/\/portaltela.pt\/por\/367410592786\/"}]}},"_links":{"self":[{"href":"https:\/\/portaltela.pt\/api\/wp\/v2\/posts\/402390","targetHints":{"allow":["GET"]}}],"collection":[{"href":"https:\/\/portaltela.pt\/api\/wp\/v2\/posts"}],"about":[{"href":"https:\/\/portaltela.pt\/api\/wp\/v2\/types\/post"}],"author":[{"embeddable":true,"href":"https:\/\/portaltela.pt\/api\/wp\/v2\/users\/2"}],"replies":[{"embeddable":true,"href":"https:\/\/portaltela.pt\/api\/wp\/v2\/comments?post=402390"}],"version-history":[{"count":0,"href":"https:\/\/portaltela.pt\/api\/wp\/v2\/posts\/402390\/revisions"}],"wp:featuredmedia":[{"embeddable":true,"href":"https:\/\/portaltela.pt\/api\/wp\/v2\/media\/402397"}],"wp:attachment":[{"href":"https:\/\/portaltela.pt\/api\/wp\/v2\/media?parent=402390"}],"wp:term":[{"taxonomy":"category","embeddable":true,"href":"https:\/\/portaltela.pt\/api\/wp\/v2\/categories?post=402390"},{"taxonomy":"post_tag","embeddable":true,"href":"https:\/\/portaltela.pt\/api\/wp\/v2\/tags?post=402390"}],"curies":[{"name":"wp","href":"https:\/\/api.w.org\/{rel}","templated":true}]}}