{"id":402386,"date":"2026-03-08T13:04:00","date_gmt":"2026-03-08T16:04:00","guid":{"rendered":"https:\/\/portaltela.pt\/noticias\/2026\/03\/08\/ong-confirma-libertacao-de-25-presos-politicos-em-caracas\/"},"modified":"2026-03-08T13:04:00","modified_gmt":"2026-03-08T16:04:00","slug":"ong-confirma-libertacao-de-25-presos-politicos-em-caracas","status":"publish","type":"post","link":"https:\/\/portaltela.pt\/noticias\/2026\/03\/08\/ong-confirma-libertacao-de-25-presos-politicos-em-caracas\/","title":{"rendered":"ONG confirma liberta\u00e7\u00e3o de 25 presos pol\u00edticos em Caracas"},"content":{"rendered":"<p>Entre a noite de s\u00e1bado e a madrugada de hoje, a ONG CLIPP confirmou a liberta\u00e7\u00e3o de 25 presos pol\u00edticos em Caracas, sob a condi\u00e7\u00e3o de medidas cautelares que obrigam a compar\u00eancia mensal nos tribunais. A liberta\u00e7\u00e3o resulta da aprova\u00e7\u00e3o da Lei de Amnistia, que n\u00e3o beneficia todos os detidos relacionados com casos pol\u00edticos.<\/p>\n<p>A CLIPP explica que os libertados pertencem \u00e0 chamada causa dos 43, associada a uma alegada conspira\u00e7\u00e3o para realizar uma s\u00e9rie de atentados no pa\u00eds. Em Zona 7, permanece detido um grupo ligado a planos considerados terroristas, segundo a organiza\u00e7\u00e3o de familiares de presos pol\u00edticos.<\/p>\n<p>Segundo o ministro do Interior, Diosdado Cabello, pelo menos 15 pessoas foram detidas no \u00e2mbito desse caso, em rela\u00e7\u00e3o a Maria Corina Machado, l\u00edder da oposi\u00e7\u00e3o e Pr\u00e9mio Nobel da Paz 2025, e aos Estados Unidos. O F\u00f3rum Penal aponta 526 presos pol\u00edticos na Venezuela at\u00e9 \u00e0 \u00faltima segunda-feira, n\u00famero contestado pelo governo.<\/p>\n<p>Na sexta-feira, o Tribunal Legislativo, sob controlo chavista, informou que 7654 pessoas foram beneficiadas pela Lei de Amnistia, incluindo 247 detidas e 7407 com medidas cautelares. A amnistia abrange 27 anos, desde 1999 at\u00e9 fevereiro de 2026, mas envolve apenas 13 factos ocorridos em 13 anos.<\/p>\n<p>O F\u00f3rum Penal, que lidera a defesa desses presos, confirmou ter assistido \u00e0 liberta\u00e7\u00e3o de 639 pessoas desde 8 de janeiro, incluindo benefici\u00e1rios da Lei de Amnistia, segundo o seu diretor, Alfredo Romero.<\/p>\n","protected":false},"excerpt":{"rendered":"<ul>\n<li>A ONG CLIPP confirmou a liberta\u00e7\u00e3o de 25 presos pol\u00edticos em Caracas, ocorrida entre a noite de s\u00e1bado e a madrugada de hoje, com medidas cautelares como comparecimentos aos tribunais a cada 30 dias.<\/li>\n<li>As liberta\u00e7\u00f5es decorrem da aprova\u00e7\u00e3o de uma Lei de Amnistia, que n\u00e3o beneficia todos os presos considerados pol\u00edticos.<\/li>\n<li>Os libertados pertencem \u00e0 chamada \u201ccausa dos 43\u201d, ligada a uma alegada conspira\u00e7\u00e3o para cometer atentados no pa\u00eds; na Zona 7 permanece um grupo ligado a esse caso.<\/li>\n<li>Pelo menos 15 pessoas teriam sido detidas neste caso, segundo o ministro do Interior, Diosdado Cabello, em agosto de 2025, que associou a l\u00edder da oposi\u00e7\u00e3o Maria Corina Machado e os Estados Unidos ao suposto plano.<\/li>\n<li>O F\u00f3rum Penal indica 526 presos pol\u00edticos na Venezuela at\u00e9 \u00e0 \u00faltima segunda-feira; a organiza\u00e7\u00e3o confirmou j\u00e1 ter libertado 639 pessoas desde 8 de janeiro, incluindo benefici\u00e1rios da amnistia, enquanto o governo afirma que n\u00e3o h\u00e1 presos por motivos pol\u00edticos.<\/li>\n<\/ul>\n","protected":false},"author":2,"featured_media":402388,"comment_status":"closed","ping_status":"closed","sticky":false,"template":"","format":"standard","meta":{"footnotes":""},"categories":[1],"tags":[1730,2633,40,5698,5088,2758],"class_list":["post-402386","post","type-post","status-publish","format-standard","has-post-thumbnail","hentry","category-noticias","tag-amnistia-internacional","tag-direitos-humanos","tag-pessoas","tag-politica-internacional","tag-presos","tag-venezuela"],"yoast_head":"<!-- This site is optimized with the Yoast SEO plugin v27.2 - https:\/\/yoast.com\/product\/yoast-seo-wordpress\/ -->\n<title>ONG confirma liberta\u00e7\u00e3o de 25 presos pol\u00edticos em Caracas - Portal Tela Portugal<\/title>\n<meta name=\"robots\" content=\"index, follow, max-snippet:-1, max-image-preview:large, max-video-preview:-1\" \/>\n<meta property=\"og:locale\" content=\"pt_PT\" \/>\n<meta property=\"og:type\" content=\"article\" \/>\n<meta property=\"og:title\" content=\"ONG confirma liberta\u00e7\u00e3o de 25 presos pol\u00edticos em Caracas - Portal Tela Portugal\" \/>\n<meta property=\"og:description\" content=\"A ONG CLIPP confirmou a liberta\u00e7\u00e3o de 25 presos pol\u00edticos em Caracas, ocorrida entre a noite de s\u00e1bado e a madrugada de hoje, com medidas cautelares como comparecimentos aos tribunais a cada 30 dias. As liberta\u00e7\u00f5es decorrem da aprova\u00e7\u00e3o de uma Lei de Amnistia, que n\u00e3o beneficia todos os presos considerados pol\u00edticos. Os libertados pertencem \u00e0 chamada \u201ccausa dos 43\u201d, ligada a uma alegada conspira\u00e7\u00e3o para cometer atentados no pa\u00eds; na Zona 7 permanece um grupo ligado a esse caso. Pelo menos 15 pessoas teriam sido detidas neste caso, segundo o ministro do Interior, Diosdado Cabello, em agosto de 2025, que associou a l\u00edder da oposi\u00e7\u00e3o Maria Corina Machado e os Estados Unidos ao suposto plano. O F\u00f3rum Penal indica 526 presos pol\u00edticos na Venezuela at\u00e9 \u00e0 \u00faltima segunda-feira; a organiza\u00e7\u00e3o confirmou j\u00e1 ter libertado 639 pessoas desde 8 de janeiro, incluindo benefici\u00e1rios da amnistia, enquanto o governo afirma que n\u00e3o h\u00e1 presos por motivos pol\u00edticos.\" \/>\n<meta property=\"og:url\" content=\"https:\/\/portaltela.pt\/noticias\/2026\/03\/08\/ong-confirma-libertacao-de-25-presos-politicos-em-caracas\/\" \/>\n<meta property=\"og:site_name\" content=\"Portal Tela Portugal\" \/>\n<meta property=\"article:published_time\" content=\"2026-03-08T16:04:00+00:00\" \/>\n<meta name=\"author\" content=\"Telinha\" \/>\n<meta name=\"twitter:card\" content=\"summary_large_image\" \/>\n<meta name=\"twitter:label1\" content=\"Escrito por\" \/>\n\t<meta name=\"twitter:data1\" content=\"Telinha\" \/>\n\t<meta name=\"twitter:label2\" content=\"Tempo estimado de leitura\" \/>\n\t<meta name=\"twitter:data2\" content=\"1 minuto\" \/>\n<script type=\"application\/ld+json\" class=\"yoast-schema-graph\">{\"@context\":\"https:\/\/schema.org\",\"@graph\":[{\"@type\":\"Article\",\"@id\":\"https:\/\/portaltela.pt\/noticias\/2026\/03\/08\/ong-confirma-libertacao-de-25-presos-politicos-em-caracas\/#article\",\"isPartOf\":{\"@id\":\"https:\/\/portaltela.pt\/noticias\/2026\/03\/08\/ong-confirma-libertacao-de-25-presos-politicos-em-caracas\/\"},\"author\":{\"name\":\"Telinha\",\"@id\":\"https:\/\/portaltela.pt\/#\/schema\/person\/c4278d4a6028830caff9ee44b42d32ed\"},\"headline\":\"ONG confirma liberta\u00e7\u00e3o de 25 presos pol\u00edticos em Caracas\",\"datePublished\":\"2026-03-08T16:04:00+00:00\",\"mainEntityOfPage\":{\"@id\":\"https:\/\/portaltela.pt\/noticias\/2026\/03\/08\/ong-confirma-libertacao-de-25-presos-politicos-em-caracas\/\"},\"wordCount\":246,\"image\":{\"@id\":\"https:\/\/portaltela.pt\/noticias\/2026\/03\/08\/ong-confirma-libertacao-de-25-presos-politicos-em-caracas\/#primaryimage\"},\"thumbnailUrl\":\"https:\/\/portaltela.pt\/s.01k8rhncp4jt1\/2026\/03\/image-521.jpg\",\"keywords\":[\"Amnistia Internacional\",\"direitos humanos\",\"pessoas\",\"pol\u00edtica internacional\",\"presos\",\"Venezuela\"],\"articleSection\":[\"Not\u00edcias\"],\"inLanguage\":\"pt-PT\"},{\"@type\":\"WebPage\",\"@id\":\"https:\/\/portaltela.pt\/noticias\/2026\/03\/08\/ong-confirma-libertacao-de-25-presos-politicos-em-caracas\/\",\"url\":\"https:\/\/portaltela.pt\/noticias\/2026\/03\/08\/ong-confirma-libertacao-de-25-presos-politicos-em-caracas\/\",\"name\":\"ONG confirma liberta\u00e7\u00e3o de 25 presos pol\u00edticos em Caracas - Portal Tela Portugal\",\"isPartOf\":{\"@id\":\"https:\/\/portaltela.pt\/#website\"},\"primaryImageOfPage\":{\"@id\":\"https:\/\/portaltela.pt\/noticias\/2026\/03\/08\/ong-confirma-libertacao-de-25-presos-politicos-em-caracas\/#primaryimage\"},\"image\":{\"@id\":\"https:\/\/portaltela.pt\/noticias\/2026\/03\/08\/ong-confirma-libertacao-de-25-presos-politicos-em-caracas\/#primaryimage\"},\"thumbnailUrl\":\"https:\/\/portaltela.pt\/s.01k8rhncp4jt1\/2026\/03\/image-521.jpg\",\"datePublished\":\"2026-03-08T16:04:00+00:00\",\"author\":{\"@id\":\"https:\/\/portaltela.pt\/#\/schema\/person\/c4278d4a6028830caff9ee44b42d32ed\"},\"breadcrumb\":{\"@id\":\"https:\/\/portaltela.pt\/noticias\/2026\/03\/08\/ong-confirma-libertacao-de-25-presos-politicos-em-caracas\/#breadcrumb\"},\"inLanguage\":\"pt-PT\",\"potentialAction\":[{\"@type\":\"ReadAction\",\"target\":[\"https:\/\/portaltela.pt\/noticias\/2026\/03\/08\/ong-confirma-libertacao-de-25-presos-politicos-em-caracas\/\"]}]},{\"@type\":\"ImageObject\",\"inLanguage\":\"pt-PT\",\"@id\":\"https:\/\/portaltela.pt\/noticias\/2026\/03\/08\/ong-confirma-libertacao-de-25-presos-politicos-em-caracas\/#primaryimage\",\"url\":\"https:\/\/portaltela.pt\/s.01k8rhncp4jt1\/2026\/03\/image-521.jpg\",\"contentUrl\":\"https:\/\/portaltela.pt\/s.01k8rhncp4jt1\/2026\/03\/image-521.jpg\",\"width\":796,\"height\":448,\"caption\":\"Antonio Briceno foi libertado ontem \u00e0 noite da pris\u00e3o Zona 7, em Caracas\"},{\"@type\":\"BreadcrumbList\",\"@id\":\"https:\/\/portaltela.pt\/noticias\/2026\/03\/08\/ong-confirma-libertacao-de-25-presos-politicos-em-caracas\/#breadcrumb\",\"itemListElement\":[{\"@type\":\"ListItem\",\"position\":1,\"name\":\"In\u00edcio\",\"item\":\"https:\/\/portaltela.pt\/\"},{\"@type\":\"ListItem\",\"position\":2,\"name\":\"ONG confirma liberta\u00e7\u00e3o de 25 presos pol\u00edticos em Caracas\"}]},{\"@type\":\"WebSite\",\"@id\":\"https:\/\/portaltela.pt\/#website\",\"url\":\"https:\/\/portaltela.pt\/\",\"name\":\"Portal Tela Portugal\",\"description\":\"\",\"potentialAction\":[{\"@type\":\"SearchAction\",\"target\":{\"@type\":\"EntryPoint\",\"urlTemplate\":\"https:\/\/portaltela.pt\/?s={search_term_string}\"},\"query-input\":{\"@type\":\"PropertyValueSpecification\",\"valueRequired\":true,\"valueName\":\"search_term_string\"}}],\"inLanguage\":\"pt-PT\"},{\"@type\":\"Person\",\"@id\":\"https:\/\/portaltela.pt\/#\/schema\/person\/c4278d4a6028830caff9ee44b42d32ed\",\"name\":\"Telinha\",\"image\":{\"@type\":\"ImageObject\",\"inLanguage\":\"pt-PT\",\"@id\":\"https:\/\/portaltela.pt\/s.01k8rhncp4jt1\/2025\/11\/talking-bot-125x125.png\",\"url\":\"https:\/\/portaltela.pt\/s.01k8rhncp4jt1\/2025\/11\/talking-bot-125x125.png\",\"contentUrl\":\"https:\/\/portaltela.pt\/s.01k8rhncp4jt1\/2025\/11\/talking-bot-125x125.png\",\"caption\":\"Telinha\"},\"sameAs\":[\"https:\/\/portaltela.pt\/\"],\"url\":\"https:\/\/portaltela.pt\/por\/367410592786\/\"}]}<\/script>\n<!-- \/ Yoast SEO plugin. -->","yoast_head_json":{"title":"ONG confirma liberta\u00e7\u00e3o de 25 presos pol\u00edticos em Caracas - Portal Tela Portugal","robots":{"index":"index","follow":"follow","max-snippet":"max-snippet:-1","max-image-preview":"max-image-preview:large","max-video-preview":"max-video-preview:-1"},"og_locale":"pt_PT","og_type":"article","og_title":"ONG confirma liberta\u00e7\u00e3o de 25 presos pol\u00edticos em Caracas - Portal Tela Portugal","og_description":"A ONG CLIPP confirmou a liberta\u00e7\u00e3o de 25 presos pol\u00edticos em Caracas, ocorrida entre a noite de s\u00e1bado e a madrugada de hoje, com medidas cautelares como comparecimentos aos tribunais a cada 30 dias. As liberta\u00e7\u00f5es decorrem da aprova\u00e7\u00e3o de uma Lei de Amnistia, que n\u00e3o beneficia todos os presos considerados pol\u00edticos. Os libertados pertencem \u00e0 chamada \u201ccausa dos 43\u201d, ligada a uma alegada conspira\u00e7\u00e3o para cometer atentados no pa\u00eds; na Zona 7 permanece um grupo ligado a esse caso. Pelo menos 15 pessoas teriam sido detidas neste caso, segundo o ministro do Interior, Diosdado Cabello, em agosto de 2025, que associou a l\u00edder da oposi\u00e7\u00e3o Maria Corina Machado e os Estados Unidos ao suposto plano. O F\u00f3rum Penal indica 526 presos pol\u00edticos na Venezuela at\u00e9 \u00e0 \u00faltima segunda-feira; a organiza\u00e7\u00e3o confirmou j\u00e1 ter libertado 639 pessoas desde 8 de janeiro, incluindo benefici\u00e1rios da amnistia, enquanto o governo afirma que n\u00e3o h\u00e1 presos por motivos pol\u00edticos.","og_url":"https:\/\/portaltela.pt\/noticias\/2026\/03\/08\/ong-confirma-libertacao-de-25-presos-politicos-em-caracas\/","og_site_name":"Portal Tela Portugal","article_published_time":"2026-03-08T16:04:00+00:00","author":"Telinha","twitter_card":"summary_large_image","twitter_misc":{"Escrito por":"Telinha","Tempo estimado de leitura":"1 minuto"},"schema":{"@context":"https:\/\/schema.org","@graph":[{"@type":"Article","@id":"https:\/\/portaltela.pt\/noticias\/2026\/03\/08\/ong-confirma-libertacao-de-25-presos-politicos-em-caracas\/#article","isPartOf":{"@id":"https:\/\/portaltela.pt\/noticias\/2026\/03\/08\/ong-confirma-libertacao-de-25-presos-politicos-em-caracas\/"},"author":{"name":"Telinha","@id":"https:\/\/portaltela.pt\/#\/schema\/person\/c4278d4a6028830caff9ee44b42d32ed"},"headline":"ONG confirma liberta\u00e7\u00e3o de 25 presos pol\u00edticos em Caracas","datePublished":"2026-03-08T16:04:00+00:00","mainEntityOfPage":{"@id":"https:\/\/portaltela.pt\/noticias\/2026\/03\/08\/ong-confirma-libertacao-de-25-presos-politicos-em-caracas\/"},"wordCount":246,"image":{"@id":"https:\/\/portaltela.pt\/noticias\/2026\/03\/08\/ong-confirma-libertacao-de-25-presos-politicos-em-caracas\/#primaryimage"},"thumbnailUrl":"https:\/\/portaltela.pt\/s.01k8rhncp4jt1\/2026\/03\/image-521.jpg","keywords":["Amnistia Internacional","direitos humanos","pessoas","pol\u00edtica internacional","presos","Venezuela"],"articleSection":["Not\u00edcias"],"inLanguage":"pt-PT"},{"@type":"WebPage","@id":"https:\/\/portaltela.pt\/noticias\/2026\/03\/08\/ong-confirma-libertacao-de-25-presos-politicos-em-caracas\/","url":"https:\/\/portaltela.pt\/noticias\/2026\/03\/08\/ong-confirma-libertacao-de-25-presos-politicos-em-caracas\/","name":"ONG confirma liberta\u00e7\u00e3o de 25 presos pol\u00edticos em Caracas - Portal Tela Portugal","isPartOf":{"@id":"https:\/\/portaltela.pt\/#website"},"primaryImageOfPage":{"@id":"https:\/\/portaltela.pt\/noticias\/2026\/03\/08\/ong-confirma-libertacao-de-25-presos-politicos-em-caracas\/#primaryimage"},"image":{"@id":"https:\/\/portaltela.pt\/noticias\/2026\/03\/08\/ong-confirma-libertacao-de-25-presos-politicos-em-caracas\/#primaryimage"},"thumbnailUrl":"https:\/\/portaltela.pt\/s.01k8rhncp4jt1\/2026\/03\/image-521.jpg","datePublished":"2026-03-08T16:04:00+00:00","author":{"@id":"https:\/\/portaltela.pt\/#\/schema\/person\/c4278d4a6028830caff9ee44b42d32ed"},"breadcrumb":{"@id":"https:\/\/portaltela.pt\/noticias\/2026\/03\/08\/ong-confirma-libertacao-de-25-presos-politicos-em-caracas\/#breadcrumb"},"inLanguage":"pt-PT","potentialAction":[{"@type":"ReadAction","target":["https:\/\/portaltela.pt\/noticias\/2026\/03\/08\/ong-confirma-libertacao-de-25-presos-politicos-em-caracas\/"]}]},{"@type":"ImageObject","inLanguage":"pt-PT","@id":"https:\/\/portaltela.pt\/noticias\/2026\/03\/08\/ong-confirma-libertacao-de-25-presos-politicos-em-caracas\/#primaryimage","url":"https:\/\/portaltela.pt\/s.01k8rhncp4jt1\/2026\/03\/image-521.jpg","contentUrl":"https:\/\/portaltela.pt\/s.01k8rhncp4jt1\/2026\/03\/image-521.jpg","width":796,"height":448,"caption":"Antonio Briceno foi libertado ontem \u00e0 noite da pris\u00e3o Zona 7, em Caracas"},{"@type":"BreadcrumbList","@id":"https:\/\/portaltela.pt\/noticias\/2026\/03\/08\/ong-confirma-libertacao-de-25-presos-politicos-em-caracas\/#breadcrumb","itemListElement":[{"@type":"ListItem","position":1,"name":"In\u00edcio","item":"https:\/\/portaltela.pt\/"},{"@type":"ListItem","position":2,"name":"ONG confirma liberta\u00e7\u00e3o de 25 presos pol\u00edticos em Caracas"}]},{"@type":"WebSite","@id":"https:\/\/portaltela.pt\/#website","url":"https:\/\/portaltela.pt\/","name":"Portal Tela Portugal","description":"","potentialAction":[{"@type":"SearchAction","target":{"@type":"EntryPoint","urlTemplate":"https:\/\/portaltela.pt\/?s={search_term_string}"},"query-input":{"@type":"PropertyValueSpecification","valueRequired":true,"valueName":"search_term_string"}}],"inLanguage":"pt-PT"},{"@type":"Person","@id":"https:\/\/portaltela.pt\/#\/schema\/person\/c4278d4a6028830caff9ee44b42d32ed","name":"Telinha","image":{"@type":"ImageObject","inLanguage":"pt-PT","@id":"https:\/\/portaltela.pt\/s.01k8rhncp4jt1\/2025\/11\/talking-bot-125x125.png","url":"https:\/\/portaltela.pt\/s.01k8rhncp4jt1\/2025\/11\/talking-bot-125x125.png","contentUrl":"https:\/\/portaltela.pt\/s.01k8rhncp4jt1\/2025\/11\/talking-bot-125x125.png","caption":"Telinha"},"sameAs":["https:\/\/portaltela.pt\/"],"url":"https:\/\/portaltela.pt\/por\/367410592786\/"}]}},"_links":{"self":[{"href":"https:\/\/portaltela.pt\/api\/wp\/v2\/posts\/402386","targetHints":{"allow":["GET"]}}],"collection":[{"href":"https:\/\/portaltela.pt\/api\/wp\/v2\/posts"}],"about":[{"href":"https:\/\/portaltela.pt\/api\/wp\/v2\/types\/post"}],"author":[{"embeddable":true,"href":"https:\/\/portaltela.pt\/api\/wp\/v2\/users\/2"}],"replies":[{"embeddable":true,"href":"https:\/\/portaltela.pt\/api\/wp\/v2\/comments?post=402386"}],"version-history":[{"count":0,"href":"https:\/\/portaltela.pt\/api\/wp\/v2\/posts\/402386\/revisions"}],"wp:featuredmedia":[{"embeddable":true,"href":"https:\/\/portaltela.pt\/api\/wp\/v2\/media\/402388"}],"wp:attachment":[{"href":"https:\/\/portaltela.pt\/api\/wp\/v2\/media?parent=402386"}],"wp:term":[{"taxonomy":"category","embeddable":true,"href":"https:\/\/portaltela.pt\/api\/wp\/v2\/categories?post=402386"},{"taxonomy":"post_tag","embeddable":true,"href":"https:\/\/portaltela.pt\/api\/wp\/v2\/tags?post=402386"}],"curies":[{"name":"wp","href":"https:\/\/api.w.org\/{rel}","templated":true}]}}