{"id":402375,"date":"2026-03-08T12:58:26","date_gmt":"2026-03-08T15:58:26","guid":{"rendered":"https:\/\/portaltela.pt\/noticias\/2026\/03\/08\/pepe-lesado-em-320-mil-euros-por-empresario-envolvido-na-operacao-cinderela\/"},"modified":"2026-03-08T12:58:26","modified_gmt":"2026-03-08T15:58:26","slug":"pepe-lesado-em-320-mil-euros-por-empresario-envolvido-na-operacao-cinderela","status":"publish","type":"post","link":"https:\/\/portaltela.pt\/noticias\/2026\/03\/08\/pepe-lesado-em-320-mil-euros-por-empresario-envolvido-na-operacao-cinderela\/","title":{"rendered":"Pepe lesado em 320 mil euros por empres\u00e1rio envolvido na Opera\u00e7\u00e3o Cinderela"},"content":{"rendered":"<p>Pepe \u00e9 uma das figuras lesadas pela rede de empres\u00e1rios associada \u00e0 chamada Opera\u00e7\u00e3o Cinderela, segundo o Jornal de Not\u00edcias. O antigo internacional portugu\u00eas afirma ter sido alvo de um calote de 320 mil euros por parte de um empres\u00e1rio do setor do cal\u00e7ado, amigo pessoal, que foi detido pela Pol\u00edcia Judici\u00e1ria do Porto no \u00e2mbito de um alegado esquema de fal\u00eancias fraudulentas.<\/p>\n<p>De acordo com o jornal, o jogador manteve a verba atrav\u00e9s de um empr\u00e9stimo garantido por uma hipoteca sobre uma habita\u00e7\u00e3o de luxo em Oliveira de Azem\u00e9is. O acordo previa que o montante fosse pago at\u00e9 maio de 2025, mas o valor continua por receber. As autoridades suspeitam que a resid\u00eancia, que j\u00e1 tem outro propriet\u00e1rio, integra um esquema de oculta\u00e7\u00e3o de patrim\u00f3nio da rede.<\/p>\n<h3>Subt\u00edtulo<\/h3>\n<p>A investiga\u00e7\u00e3o, conduzida pela PJ, aponta para uma rede liderada pelo advogado Paulo Topa, com uso de mecanismos de insolv\u00eancia para gerar ganhos. A PJ explicou que a atua\u00e7\u00e3o inclu\u00eda a aprova\u00e7\u00e3o de planos de recupera\u00e7\u00e3o para favorecer devedores, suspendendo a a\u00e7\u00e3o dos credores e dissipando patrim\u00f3nio.<\/p>\n<p>Esta semana, foram detidas 10 pessoas, entre as quais um advogado, tr\u00eas administradores judiciais e seis empres\u00e1rios. Paulo Topa n\u00e3o foi detido, pois j\u00e1 se encontra em pris\u00e3o preventiva desde dezembro, segundo as autoridades.<\/p>\n<h3>Subt\u00edtulo<\/h3>\n<p>O processo envolve alega\u00e7\u00f5es de crimes econ\u00f3micos, incluindo fraude, oculta\u00e7\u00e3o de patrim\u00f3nio e aproveitamento de cr\u00e9ditos simulados. Os depoimentos de testemunhas, incluindo Pepe, devem ocorrer no \u00e2mbito do inqu\u00e9rito, que continua em curso.<\/p>\n","protected":false},"excerpt":{"rendered":"<ul>\n<li>Pepe \u00e9 uma das principais v\u00edtimas da rede associada \u00e0 chamada \u00abOpera\u00e7\u00e3o Cinderela\u00bb, ap\u00f3s ter emprestado trezentos e vinte mil euros a um empres\u00e1rio do cal\u00e7ado.<\/li>\n<li>A garantia do empr\u00e9stimo era uma hipoteca sobre uma vivenda de luxo em Oliveira de Azem\u00e9is; at\u00e9 hoje o dinheiro n\u00e3o foi devolvido.<\/li>\n<li>A casa j\u00e1 tem outro propriet\u00e1rio, o que levanta suspeitas de oculta\u00e7\u00e3o de patrim\u00f3nio no esquema.<\/li>\n<li>O empres\u00e1rio Paulo Topa surge como principal arguido, com a acusa\u00e7\u00e3o de que a rede usava mecanismos de insolv\u00eancia para obter lucros, forjar cr\u00e9ditos e dissipar patrim\u00f3nio.<\/li>\n<li>Esta semana foram detidas dez pessoas \u2014 advogado, tr\u00eas administradores judiciais e seis empres\u00e1rios \u2014 sendo que Topa n\u00e3o foi detido, encontrando-se em pris\u00e3o preventiva desde dezembro.<\/li>\n<\/ul>\n","protected":false},"author":2,"featured_media":402377,"comment_status":"closed","ping_status":"closed","sticky":false,"template":"","format":"standard","meta":{"footnotes":""},"categories":[6815,1],"tags":[6618,4780,6318,6253,352,814],"class_list":["post-402375","post","type-post","status-publish","format-standard","has-post-thumbnail","hentry","category-justica","category-noticias","tag-advogados","tag-crime-economico","tag-fraude","tag-fraude-documental","tag-organizacao-criminosa","tag-patrimonio"],"yoast_head":"<!-- This site is optimized with the Yoast SEO plugin v27.2 - https:\/\/yoast.com\/product\/yoast-seo-wordpress\/ -->\n<title>Pepe lesado em 320 mil euros por empres\u00e1rio envolvido na Opera\u00e7\u00e3o Cinderela - Portal Tela Portugal<\/title>\n<meta name=\"robots\" content=\"index, follow, max-snippet:-1, max-image-preview:large, max-video-preview:-1\" \/>\n<meta property=\"og:locale\" content=\"pt_PT\" \/>\n<meta property=\"og:type\" content=\"article\" \/>\n<meta property=\"og:title\" content=\"Pepe lesado em 320 mil euros por empres\u00e1rio envolvido na Opera\u00e7\u00e3o Cinderela - Portal Tela Portugal\" \/>\n<meta property=\"og:description\" content=\"Pepe \u00e9 uma das principais v\u00edtimas da rede associada \u00e0 chamada \u00abOpera\u00e7\u00e3o Cinderela\u00bb, ap\u00f3s ter emprestado trezentos e vinte mil euros a um empres\u00e1rio do cal\u00e7ado. A garantia do empr\u00e9stimo era uma hipoteca sobre uma vivenda de luxo em Oliveira de Azem\u00e9is; at\u00e9 hoje o dinheiro n\u00e3o foi devolvido. A casa j\u00e1 tem outro propriet\u00e1rio, o que levanta suspeitas de oculta\u00e7\u00e3o de patrim\u00f3nio no esquema. O empres\u00e1rio Paulo Topa surge como principal arguido, com a acusa\u00e7\u00e3o de que a rede usava mecanismos de insolv\u00eancia para obter lucros, forjar cr\u00e9ditos e dissipar patrim\u00f3nio. Esta semana foram detidas dez pessoas \u2014 advogado, tr\u00eas administradores judiciais e seis empres\u00e1rios \u2014 sendo que Topa n\u00e3o foi detido, encontrando-se em pris\u00e3o preventiva desde dezembro.\" \/>\n<meta property=\"og:url\" content=\"https:\/\/portaltela.pt\/noticias\/2026\/03\/08\/pepe-lesado-em-320-mil-euros-por-empresario-envolvido-na-operacao-cinderela\/\" \/>\n<meta property=\"og:site_name\" content=\"Portal Tela Portugal\" \/>\n<meta property=\"article:published_time\" content=\"2026-03-08T15:58:26+00:00\" \/>\n<meta name=\"author\" content=\"Telinha\" \/>\n<meta name=\"twitter:card\" content=\"summary_large_image\" \/>\n<meta name=\"twitter:label1\" content=\"Escrito por\" \/>\n\t<meta name=\"twitter:data1\" content=\"Telinha\" \/>\n\t<meta name=\"twitter:label2\" content=\"Tempo estimado de leitura\" \/>\n\t<meta name=\"twitter:data2\" content=\"1 minuto\" \/>\n<script type=\"application\/ld+json\" class=\"yoast-schema-graph\">{\"@context\":\"https:\/\/schema.org\",\"@graph\":[{\"@type\":\"Article\",\"@id\":\"https:\/\/portaltela.pt\/noticias\/2026\/03\/08\/pepe-lesado-em-320-mil-euros-por-empresario-envolvido-na-operacao-cinderela\/#article\",\"isPartOf\":{\"@id\":\"https:\/\/portaltela.pt\/noticias\/2026\/03\/08\/pepe-lesado-em-320-mil-euros-por-empresario-envolvido-na-operacao-cinderela\/\"},\"author\":{\"name\":\"Telinha\",\"@id\":\"https:\/\/portaltela.pt\/#\/schema\/person\/c4278d4a6028830caff9ee44b42d32ed\"},\"headline\":\"Pepe lesado em 320 mil euros por empres\u00e1rio envolvido na Opera\u00e7\u00e3o Cinderela\",\"datePublished\":\"2026-03-08T15:58:26+00:00\",\"mainEntityOfPage\":{\"@id\":\"https:\/\/portaltela.pt\/noticias\/2026\/03\/08\/pepe-lesado-em-320-mil-euros-por-empresario-envolvido-na-operacao-cinderela\/\"},\"wordCount\":289,\"image\":{\"@id\":\"https:\/\/portaltela.pt\/noticias\/2026\/03\/08\/pepe-lesado-em-320-mil-euros-por-empresario-envolvido-na-operacao-cinderela\/#primaryimage\"},\"thumbnailUrl\":\"https:\/\/portaltela.pt\/s.01k8rhncp4jt1\/2026\/03\/img_1500x1000uu2024-08-08-22-29-06-1721594.jpg\",\"keywords\":[\"Advogados\",\"crime econ\u00f3mico\",\"fraude\",\"fraude documental\",\"organiza\u00e7\u00e3o criminosa\",\"patrim\u00f3nio\"],\"articleSection\":[\"Justi\u00e7a\",\"Not\u00edcias\"],\"inLanguage\":\"pt-PT\"},{\"@type\":\"WebPage\",\"@id\":\"https:\/\/portaltela.pt\/noticias\/2026\/03\/08\/pepe-lesado-em-320-mil-euros-por-empresario-envolvido-na-operacao-cinderela\/\",\"url\":\"https:\/\/portaltela.pt\/noticias\/2026\/03\/08\/pepe-lesado-em-320-mil-euros-por-empresario-envolvido-na-operacao-cinderela\/\",\"name\":\"Pepe lesado em 320 mil euros por empres\u00e1rio envolvido na Opera\u00e7\u00e3o Cinderela - Portal Tela Portugal\",\"isPartOf\":{\"@id\":\"https:\/\/portaltela.pt\/#website\"},\"primaryImageOfPage\":{\"@id\":\"https:\/\/portaltela.pt\/noticias\/2026\/03\/08\/pepe-lesado-em-320-mil-euros-por-empresario-envolvido-na-operacao-cinderela\/#primaryimage\"},\"image\":{\"@id\":\"https:\/\/portaltela.pt\/noticias\/2026\/03\/08\/pepe-lesado-em-320-mil-euros-por-empresario-envolvido-na-operacao-cinderela\/#primaryimage\"},\"thumbnailUrl\":\"https:\/\/portaltela.pt\/s.01k8rhncp4jt1\/2026\/03\/img_1500x1000uu2024-08-08-22-29-06-1721594.jpg\",\"datePublished\":\"2026-03-08T15:58:26+00:00\",\"author\":{\"@id\":\"https:\/\/portaltela.pt\/#\/schema\/person\/c4278d4a6028830caff9ee44b42d32ed\"},\"breadcrumb\":{\"@id\":\"https:\/\/portaltela.pt\/noticias\/2026\/03\/08\/pepe-lesado-em-320-mil-euros-por-empresario-envolvido-na-operacao-cinderela\/#breadcrumb\"},\"inLanguage\":\"pt-PT\",\"potentialAction\":[{\"@type\":\"ReadAction\",\"target\":[\"https:\/\/portaltela.pt\/noticias\/2026\/03\/08\/pepe-lesado-em-320-mil-euros-por-empresario-envolvido-na-operacao-cinderela\/\"]}]},{\"@type\":\"ImageObject\",\"inLanguage\":\"pt-PT\",\"@id\":\"https:\/\/portaltela.pt\/noticias\/2026\/03\/08\/pepe-lesado-em-320-mil-euros-por-empresario-envolvido-na-operacao-cinderela\/#primaryimage\",\"url\":\"https:\/\/portaltela.pt\/s.01k8rhncp4jt1\/2026\/03\/img_1500x1000uu2024-08-08-22-29-06-1721594.jpg\",\"contentUrl\":\"https:\/\/portaltela.pt\/s.01k8rhncp4jt1\/2026\/03\/img_1500x1000uu2024-08-08-22-29-06-1721594.jpg\",\"width\":796,\"height\":448,\"caption\":\"Pepe\"},{\"@type\":\"BreadcrumbList\",\"@id\":\"https:\/\/portaltela.pt\/noticias\/2026\/03\/08\/pepe-lesado-em-320-mil-euros-por-empresario-envolvido-na-operacao-cinderela\/#breadcrumb\",\"itemListElement\":[{\"@type\":\"ListItem\",\"position\":1,\"name\":\"In\u00edcio\",\"item\":\"https:\/\/portaltela.pt\/\"},{\"@type\":\"ListItem\",\"position\":2,\"name\":\"Pepe lesado em 320 mil euros por empres\u00e1rio envolvido na Opera\u00e7\u00e3o Cinderela\"}]},{\"@type\":\"WebSite\",\"@id\":\"https:\/\/portaltela.pt\/#website\",\"url\":\"https:\/\/portaltela.pt\/\",\"name\":\"Portal Tela Portugal\",\"description\":\"\",\"potentialAction\":[{\"@type\":\"SearchAction\",\"target\":{\"@type\":\"EntryPoint\",\"urlTemplate\":\"https:\/\/portaltela.pt\/?s={search_term_string}\"},\"query-input\":{\"@type\":\"PropertyValueSpecification\",\"valueRequired\":true,\"valueName\":\"search_term_string\"}}],\"inLanguage\":\"pt-PT\"},{\"@type\":\"Person\",\"@id\":\"https:\/\/portaltela.pt\/#\/schema\/person\/c4278d4a6028830caff9ee44b42d32ed\",\"name\":\"Telinha\",\"image\":{\"@type\":\"ImageObject\",\"inLanguage\":\"pt-PT\",\"@id\":\"https:\/\/portaltela.pt\/s.01k8rhncp4jt1\/2025\/11\/talking-bot-125x125.png\",\"url\":\"https:\/\/portaltela.pt\/s.01k8rhncp4jt1\/2025\/11\/talking-bot-125x125.png\",\"contentUrl\":\"https:\/\/portaltela.pt\/s.01k8rhncp4jt1\/2025\/11\/talking-bot-125x125.png\",\"caption\":\"Telinha\"},\"sameAs\":[\"https:\/\/portaltela.pt\/\"],\"url\":\"https:\/\/portaltela.pt\/por\/367410592786\/\"}]}<\/script>\n<!-- \/ Yoast SEO plugin. -->","yoast_head_json":{"title":"Pepe lesado em 320 mil euros por empres\u00e1rio envolvido na Opera\u00e7\u00e3o Cinderela - Portal Tela Portugal","robots":{"index":"index","follow":"follow","max-snippet":"max-snippet:-1","max-image-preview":"max-image-preview:large","max-video-preview":"max-video-preview:-1"},"og_locale":"pt_PT","og_type":"article","og_title":"Pepe lesado em 320 mil euros por empres\u00e1rio envolvido na Opera\u00e7\u00e3o Cinderela - Portal Tela Portugal","og_description":"Pepe \u00e9 uma das principais v\u00edtimas da rede associada \u00e0 chamada \u00abOpera\u00e7\u00e3o Cinderela\u00bb, ap\u00f3s ter emprestado trezentos e vinte mil euros a um empres\u00e1rio do cal\u00e7ado. A garantia do empr\u00e9stimo era uma hipoteca sobre uma vivenda de luxo em Oliveira de Azem\u00e9is; at\u00e9 hoje o dinheiro n\u00e3o foi devolvido. A casa j\u00e1 tem outro propriet\u00e1rio, o que levanta suspeitas de oculta\u00e7\u00e3o de patrim\u00f3nio no esquema. O empres\u00e1rio Paulo Topa surge como principal arguido, com a acusa\u00e7\u00e3o de que a rede usava mecanismos de insolv\u00eancia para obter lucros, forjar cr\u00e9ditos e dissipar patrim\u00f3nio. Esta semana foram detidas dez pessoas \u2014 advogado, tr\u00eas administradores judiciais e seis empres\u00e1rios \u2014 sendo que Topa n\u00e3o foi detido, encontrando-se em pris\u00e3o preventiva desde dezembro.","og_url":"https:\/\/portaltela.pt\/noticias\/2026\/03\/08\/pepe-lesado-em-320-mil-euros-por-empresario-envolvido-na-operacao-cinderela\/","og_site_name":"Portal Tela Portugal","article_published_time":"2026-03-08T15:58:26+00:00","author":"Telinha","twitter_card":"summary_large_image","twitter_misc":{"Escrito por":"Telinha","Tempo estimado de leitura":"1 minuto"},"schema":{"@context":"https:\/\/schema.org","@graph":[{"@type":"Article","@id":"https:\/\/portaltela.pt\/noticias\/2026\/03\/08\/pepe-lesado-em-320-mil-euros-por-empresario-envolvido-na-operacao-cinderela\/#article","isPartOf":{"@id":"https:\/\/portaltela.pt\/noticias\/2026\/03\/08\/pepe-lesado-em-320-mil-euros-por-empresario-envolvido-na-operacao-cinderela\/"},"author":{"name":"Telinha","@id":"https:\/\/portaltela.pt\/#\/schema\/person\/c4278d4a6028830caff9ee44b42d32ed"},"headline":"Pepe lesado em 320 mil euros por empres\u00e1rio envolvido na Opera\u00e7\u00e3o Cinderela","datePublished":"2026-03-08T15:58:26+00:00","mainEntityOfPage":{"@id":"https:\/\/portaltela.pt\/noticias\/2026\/03\/08\/pepe-lesado-em-320-mil-euros-por-empresario-envolvido-na-operacao-cinderela\/"},"wordCount":289,"image":{"@id":"https:\/\/portaltela.pt\/noticias\/2026\/03\/08\/pepe-lesado-em-320-mil-euros-por-empresario-envolvido-na-operacao-cinderela\/#primaryimage"},"thumbnailUrl":"https:\/\/portaltela.pt\/s.01k8rhncp4jt1\/2026\/03\/img_1500x1000uu2024-08-08-22-29-06-1721594.jpg","keywords":["Advogados","crime econ\u00f3mico","fraude","fraude documental","organiza\u00e7\u00e3o criminosa","patrim\u00f3nio"],"articleSection":["Justi\u00e7a","Not\u00edcias"],"inLanguage":"pt-PT"},{"@type":"WebPage","@id":"https:\/\/portaltela.pt\/noticias\/2026\/03\/08\/pepe-lesado-em-320-mil-euros-por-empresario-envolvido-na-operacao-cinderela\/","url":"https:\/\/portaltela.pt\/noticias\/2026\/03\/08\/pepe-lesado-em-320-mil-euros-por-empresario-envolvido-na-operacao-cinderela\/","name":"Pepe lesado em 320 mil euros por empres\u00e1rio envolvido na Opera\u00e7\u00e3o Cinderela - Portal Tela Portugal","isPartOf":{"@id":"https:\/\/portaltela.pt\/#website"},"primaryImageOfPage":{"@id":"https:\/\/portaltela.pt\/noticias\/2026\/03\/08\/pepe-lesado-em-320-mil-euros-por-empresario-envolvido-na-operacao-cinderela\/#primaryimage"},"image":{"@id":"https:\/\/portaltela.pt\/noticias\/2026\/03\/08\/pepe-lesado-em-320-mil-euros-por-empresario-envolvido-na-operacao-cinderela\/#primaryimage"},"thumbnailUrl":"https:\/\/portaltela.pt\/s.01k8rhncp4jt1\/2026\/03\/img_1500x1000uu2024-08-08-22-29-06-1721594.jpg","datePublished":"2026-03-08T15:58:26+00:00","author":{"@id":"https:\/\/portaltela.pt\/#\/schema\/person\/c4278d4a6028830caff9ee44b42d32ed"},"breadcrumb":{"@id":"https:\/\/portaltela.pt\/noticias\/2026\/03\/08\/pepe-lesado-em-320-mil-euros-por-empresario-envolvido-na-operacao-cinderela\/#breadcrumb"},"inLanguage":"pt-PT","potentialAction":[{"@type":"ReadAction","target":["https:\/\/portaltela.pt\/noticias\/2026\/03\/08\/pepe-lesado-em-320-mil-euros-por-empresario-envolvido-na-operacao-cinderela\/"]}]},{"@type":"ImageObject","inLanguage":"pt-PT","@id":"https:\/\/portaltela.pt\/noticias\/2026\/03\/08\/pepe-lesado-em-320-mil-euros-por-empresario-envolvido-na-operacao-cinderela\/#primaryimage","url":"https:\/\/portaltela.pt\/s.01k8rhncp4jt1\/2026\/03\/img_1500x1000uu2024-08-08-22-29-06-1721594.jpg","contentUrl":"https:\/\/portaltela.pt\/s.01k8rhncp4jt1\/2026\/03\/img_1500x1000uu2024-08-08-22-29-06-1721594.jpg","width":796,"height":448,"caption":"Pepe"},{"@type":"BreadcrumbList","@id":"https:\/\/portaltela.pt\/noticias\/2026\/03\/08\/pepe-lesado-em-320-mil-euros-por-empresario-envolvido-na-operacao-cinderela\/#breadcrumb","itemListElement":[{"@type":"ListItem","position":1,"name":"In\u00edcio","item":"https:\/\/portaltela.pt\/"},{"@type":"ListItem","position":2,"name":"Pepe lesado em 320 mil euros por empres\u00e1rio envolvido na Opera\u00e7\u00e3o Cinderela"}]},{"@type":"WebSite","@id":"https:\/\/portaltela.pt\/#website","url":"https:\/\/portaltela.pt\/","name":"Portal Tela Portugal","description":"","potentialAction":[{"@type":"SearchAction","target":{"@type":"EntryPoint","urlTemplate":"https:\/\/portaltela.pt\/?s={search_term_string}"},"query-input":{"@type":"PropertyValueSpecification","valueRequired":true,"valueName":"search_term_string"}}],"inLanguage":"pt-PT"},{"@type":"Person","@id":"https:\/\/portaltela.pt\/#\/schema\/person\/c4278d4a6028830caff9ee44b42d32ed","name":"Telinha","image":{"@type":"ImageObject","inLanguage":"pt-PT","@id":"https:\/\/portaltela.pt\/s.01k8rhncp4jt1\/2025\/11\/talking-bot-125x125.png","url":"https:\/\/portaltela.pt\/s.01k8rhncp4jt1\/2025\/11\/talking-bot-125x125.png","contentUrl":"https:\/\/portaltela.pt\/s.01k8rhncp4jt1\/2025\/11\/talking-bot-125x125.png","caption":"Telinha"},"sameAs":["https:\/\/portaltela.pt\/"],"url":"https:\/\/portaltela.pt\/por\/367410592786\/"}]}},"_links":{"self":[{"href":"https:\/\/portaltela.pt\/api\/wp\/v2\/posts\/402375","targetHints":{"allow":["GET"]}}],"collection":[{"href":"https:\/\/portaltela.pt\/api\/wp\/v2\/posts"}],"about":[{"href":"https:\/\/portaltela.pt\/api\/wp\/v2\/types\/post"}],"author":[{"embeddable":true,"href":"https:\/\/portaltela.pt\/api\/wp\/v2\/users\/2"}],"replies":[{"embeddable":true,"href":"https:\/\/portaltela.pt\/api\/wp\/v2\/comments?post=402375"}],"version-history":[{"count":0,"href":"https:\/\/portaltela.pt\/api\/wp\/v2\/posts\/402375\/revisions"}],"wp:featuredmedia":[{"embeddable":true,"href":"https:\/\/portaltela.pt\/api\/wp\/v2\/media\/402377"}],"wp:attachment":[{"href":"https:\/\/portaltela.pt\/api\/wp\/v2\/media?parent=402375"}],"wp:term":[{"taxonomy":"category","embeddable":true,"href":"https:\/\/portaltela.pt\/api\/wp\/v2\/categories?post=402375"},{"taxonomy":"post_tag","embeddable":true,"href":"https:\/\/portaltela.pt\/api\/wp\/v2\/tags?post=402375"}],"curies":[{"name":"wp","href":"https:\/\/api.w.org\/{rel}","templated":true}]}}