{"id":402371,"date":"2026-03-08T12:51:00","date_gmt":"2026-03-08T15:51:00","guid":{"rendered":"https:\/\/portaltela.pt\/noticias\/2026\/03\/08\/pj-investiga-incendio-em-hotel-de-empreendimento-turistico-em-grandola\/"},"modified":"2026-03-08T12:51:00","modified_gmt":"2026-03-08T15:51:00","slug":"pj-investiga-incendio-em-hotel-de-empreendimento-turistico-em-grandola","status":"publish","type":"post","link":"https:\/\/portaltela.pt\/noticias\/2026\/03\/08\/pj-investiga-incendio-em-hotel-de-empreendimento-turistico-em-grandola\/","title":{"rendered":"PJ investiga inc\u00eandio em hotel de empreendimento tur\u00edstico em Gr\u00e2ndola"},"content":{"rendered":"<p>O inc\u00eandio deflagrou esta madrugada nas instala\u00e7\u00f5es do hotel do empreendimento tur\u00edstico Na Praia, em Troia, Gr\u00e2ndola. A Pol\u00edcia Judici\u00e1ria (PJ) confirmou que investiga a origem e n\u00e3o houve v\u00edtimas. O fogo come\u00e7ou de madrugada e foi controlado ao longo do dia.<\/p>\n<p>Peritos do Departamento de Investiga\u00e7\u00e3o Criminal da PJ de Set\u00fabal estiveram no local para per\u00edcias, avaliando as causas. O fogo afetou apenas a parte central do hotel, numa \u00e1rea na fase final de acabamentos, segundo o promotor do projeto. Apenas um edif\u00edcio ficou parcialmente danificado, com cerca de 50 metros de extens\u00e3o.<\/p>\n<p>No mesmo comunicado, o respons\u00e1vel destacou que as restantes estruturas do empreendimento n\u00e3o sofreram danos. A abertura do hotel, prevista para junho, ser\u00e1 adiada. Ser\u00e3o realizados os trabalhos de restabelecimento da zona afetada para possibilitar a abertura o mais breve poss\u00edvel.<\/p>\n<h3>Situa\u00e7\u00e3o operacional e impactos<\/h3>\n<p>O alerta foi dado \u00e0s 4.40 e o fogo esteve dominado \u00e0s 14.30 de domingo. No local estiveram 90 operacionais, apoiados por 35 viaturas, com mobiliza\u00e7\u00e3o de GNR, Servi\u00e7o Municipal de Prote\u00e7\u00e3o Civil de Gr\u00e2ndola e PJ. O restante empreendimento manteve-se sem danos.<\/p>\n","protected":false},"excerpt":{"rendered":"<ul>\n<li>A Pol\u00edcia Judici\u00e1ria (PJ) investiga a origem do inc\u00eandio que deflagrou na madrugada de domingo no hotel do empreendimento tur\u00edstico Na Praia, em Troia, Gr\u00e2ndola, sem v\u00edtimas.<\/li>\n<li>O fogo afetou parte central do hotel, edificada, na fase final de acabamentos, com apenas um edif\u00edcio da unidade parcialmente atingido, em cerca de cinquenta metros.<\/li>\n<li>O restante do empreendimento \u2014 incluindo unidades de alojamento, zonas p\u00fablicas, restaurante e servi\u00e7os \u2014 n\u00e3o sofreu danos.<\/li>\n<li>A abertura do hotel, prevista para junho, foi adiada; as obras de restabelecimento da zona afetada devem iniciar-se de imediato para que a abertura possa ocorrer o mais breve poss\u00edvel.<\/li>\n<li>O alerta foi dado \u00e0s quatro e quarenta da madrugada e o fogo ficou dominado por volta das duas e meia da tarde, com a interven\u00e7\u00e3o de noventa operacionais e 35 ve\u00edculos.<\/li>\n<\/ul>\n","protected":false},"author":2,"featured_media":402372,"comment_status":"closed","ping_status":"closed","sticky":false,"template":"","format":"standard","meta":{"footnotes":""},"categories":[1],"tags":[2465,5612,1438,217,1802,169],"class_list":["post-402371","post","type-post","status-publish","format-standard","has-post-thumbnail","hentry","category-noticias","tag-grandola","tag-hoteis","tag-incendio","tag-investigacao-criminal","tag-policia-judiciaria","tag-turismo"],"yoast_head":"<!-- This site is optimized with the Yoast SEO plugin v27.2 - https:\/\/yoast.com\/product\/yoast-seo-wordpress\/ -->\n<title>PJ investiga inc\u00eandio em hotel de empreendimento tur\u00edstico em Gr\u00e2ndola - Portal Tela Portugal<\/title>\n<meta name=\"robots\" content=\"index, follow, max-snippet:-1, max-image-preview:large, max-video-preview:-1\" \/>\n<meta property=\"og:locale\" content=\"pt_PT\" \/>\n<meta property=\"og:type\" content=\"article\" \/>\n<meta property=\"og:title\" content=\"PJ investiga inc\u00eandio em hotel de empreendimento tur\u00edstico em Gr\u00e2ndola - Portal Tela Portugal\" \/>\n<meta property=\"og:description\" content=\"A Pol\u00edcia Judici\u00e1ria (PJ) investiga a origem do inc\u00eandio que deflagrou na madrugada de domingo no hotel do empreendimento tur\u00edstico Na Praia, em Troia, Gr\u00e2ndola, sem v\u00edtimas. O fogo afetou parte central do hotel, edificada, na fase final de acabamentos, com apenas um edif\u00edcio da unidade parcialmente atingido, em cerca de cinquenta metros. O restante do empreendimento \u2014 incluindo unidades de alojamento, zonas p\u00fablicas, restaurante e servi\u00e7os \u2014 n\u00e3o sofreu danos. A abertura do hotel, prevista para junho, foi adiada; as obras de restabelecimento da zona afetada devem iniciar-se de imediato para que a abertura possa ocorrer o mais breve poss\u00edvel. O alerta foi dado \u00e0s quatro e quarenta da madrugada e o fogo ficou dominado por volta das duas e meia da tarde, com a interven\u00e7\u00e3o de noventa operacionais e 35 ve\u00edculos.\" \/>\n<meta property=\"og:url\" content=\"https:\/\/portaltela.pt\/noticias\/2026\/03\/08\/pj-investiga-incendio-em-hotel-de-empreendimento-turistico-em-grandola\/\" \/>\n<meta property=\"og:site_name\" content=\"Portal Tela Portugal\" \/>\n<meta property=\"article:published_time\" content=\"2026-03-08T15:51:00+00:00\" \/>\n<meta name=\"author\" content=\"Telinha\" \/>\n<meta name=\"twitter:card\" content=\"summary_large_image\" \/>\n<meta name=\"twitter:label1\" content=\"Escrito por\" \/>\n\t<meta name=\"twitter:data1\" content=\"Telinha\" \/>\n\t<meta name=\"twitter:label2\" content=\"Tempo estimado de leitura\" \/>\n\t<meta name=\"twitter:data2\" content=\"1 minuto\" \/>\n<script type=\"application\/ld+json\" class=\"yoast-schema-graph\">{\"@context\":\"https:\/\/schema.org\",\"@graph\":[{\"@type\":\"Article\",\"@id\":\"https:\/\/portaltela.pt\/noticias\/2026\/03\/08\/pj-investiga-incendio-em-hotel-de-empreendimento-turistico-em-grandola\/#article\",\"isPartOf\":{\"@id\":\"https:\/\/portaltela.pt\/noticias\/2026\/03\/08\/pj-investiga-incendio-em-hotel-de-empreendimento-turistico-em-grandola\/\"},\"author\":{\"name\":\"Telinha\",\"@id\":\"https:\/\/portaltela.pt\/#\/schema\/person\/c4278d4a6028830caff9ee44b42d32ed\"},\"headline\":\"PJ investiga inc\u00eandio em hotel de empreendimento tur\u00edstico em Gr\u00e2ndola\",\"datePublished\":\"2026-03-08T15:51:00+00:00\",\"mainEntityOfPage\":{\"@id\":\"https:\/\/portaltela.pt\/noticias\/2026\/03\/08\/pj-investiga-incendio-em-hotel-de-empreendimento-turistico-em-grandola\/\"},\"wordCount\":213,\"image\":{\"@id\":\"https:\/\/portaltela.pt\/noticias\/2026\/03\/08\/pj-investiga-incendio-em-hotel-de-empreendimento-turistico-em-grandola\/#primaryimage\"},\"thumbnailUrl\":\"https:\/\/portaltela.pt\/s.01k8rhncp4jt1\/2026\/03\/image-519.jpg\",\"keywords\":[\"Gr\u00e2ndola\",\"hot\u00e9is\",\"inc\u00eandio\",\"investiga\u00e7\u00e3o criminal\",\"Pol\u00edcia Judici\u00e1ria\",\"turismo\"],\"articleSection\":[\"Not\u00edcias\"],\"inLanguage\":\"pt-PT\"},{\"@type\":\"WebPage\",\"@id\":\"https:\/\/portaltela.pt\/noticias\/2026\/03\/08\/pj-investiga-incendio-em-hotel-de-empreendimento-turistico-em-grandola\/\",\"url\":\"https:\/\/portaltela.pt\/noticias\/2026\/03\/08\/pj-investiga-incendio-em-hotel-de-empreendimento-turistico-em-grandola\/\",\"name\":\"PJ investiga inc\u00eandio em hotel de empreendimento tur\u00edstico em Gr\u00e2ndola - Portal Tela Portugal\",\"isPartOf\":{\"@id\":\"https:\/\/portaltela.pt\/#website\"},\"primaryImageOfPage\":{\"@id\":\"https:\/\/portaltela.pt\/noticias\/2026\/03\/08\/pj-investiga-incendio-em-hotel-de-empreendimento-turistico-em-grandola\/#primaryimage\"},\"image\":{\"@id\":\"https:\/\/portaltela.pt\/noticias\/2026\/03\/08\/pj-investiga-incendio-em-hotel-de-empreendimento-turistico-em-grandola\/#primaryimage\"},\"thumbnailUrl\":\"https:\/\/portaltela.pt\/s.01k8rhncp4jt1\/2026\/03\/image-519.jpg\",\"datePublished\":\"2026-03-08T15:51:00+00:00\",\"author\":{\"@id\":\"https:\/\/portaltela.pt\/#\/schema\/person\/c4278d4a6028830caff9ee44b42d32ed\"},\"breadcrumb\":{\"@id\":\"https:\/\/portaltela.pt\/noticias\/2026\/03\/08\/pj-investiga-incendio-em-hotel-de-empreendimento-turistico-em-grandola\/#breadcrumb\"},\"inLanguage\":\"pt-PT\",\"potentialAction\":[{\"@type\":\"ReadAction\",\"target\":[\"https:\/\/portaltela.pt\/noticias\/2026\/03\/08\/pj-investiga-incendio-em-hotel-de-empreendimento-turistico-em-grandola\/\"]}]},{\"@type\":\"ImageObject\",\"inLanguage\":\"pt-PT\",\"@id\":\"https:\/\/portaltela.pt\/noticias\/2026\/03\/08\/pj-investiga-incendio-em-hotel-de-empreendimento-turistico-em-grandola\/#primaryimage\",\"url\":\"https:\/\/portaltela.pt\/s.01k8rhncp4jt1\/2026\/03\/image-519.jpg\",\"contentUrl\":\"https:\/\/portaltela.pt\/s.01k8rhncp4jt1\/2026\/03\/image-519.jpg\",\"width\":796,\"height\":448,\"caption\":\"O inc\u00eandio, de origem ainda desconhecida, ocorreu nas instala\u00e7\u00f5es do empreendimento tur\u00edstico Na Praia, em Troia\"},{\"@type\":\"BreadcrumbList\",\"@id\":\"https:\/\/portaltela.pt\/noticias\/2026\/03\/08\/pj-investiga-incendio-em-hotel-de-empreendimento-turistico-em-grandola\/#breadcrumb\",\"itemListElement\":[{\"@type\":\"ListItem\",\"position\":1,\"name\":\"In\u00edcio\",\"item\":\"https:\/\/portaltela.pt\/\"},{\"@type\":\"ListItem\",\"position\":2,\"name\":\"PJ investiga inc\u00eandio em hotel de empreendimento tur\u00edstico em Gr\u00e2ndola\"}]},{\"@type\":\"WebSite\",\"@id\":\"https:\/\/portaltela.pt\/#website\",\"url\":\"https:\/\/portaltela.pt\/\",\"name\":\"Portal Tela Portugal\",\"description\":\"\",\"potentialAction\":[{\"@type\":\"SearchAction\",\"target\":{\"@type\":\"EntryPoint\",\"urlTemplate\":\"https:\/\/portaltela.pt\/?s={search_term_string}\"},\"query-input\":{\"@type\":\"PropertyValueSpecification\",\"valueRequired\":true,\"valueName\":\"search_term_string\"}}],\"inLanguage\":\"pt-PT\"},{\"@type\":\"Person\",\"@id\":\"https:\/\/portaltela.pt\/#\/schema\/person\/c4278d4a6028830caff9ee44b42d32ed\",\"name\":\"Telinha\",\"image\":{\"@type\":\"ImageObject\",\"inLanguage\":\"pt-PT\",\"@id\":\"https:\/\/portaltela.pt\/s.01k8rhncp4jt1\/2025\/11\/talking-bot-125x125.png\",\"url\":\"https:\/\/portaltela.pt\/s.01k8rhncp4jt1\/2025\/11\/talking-bot-125x125.png\",\"contentUrl\":\"https:\/\/portaltela.pt\/s.01k8rhncp4jt1\/2025\/11\/talking-bot-125x125.png\",\"caption\":\"Telinha\"},\"sameAs\":[\"https:\/\/portaltela.pt\/\"],\"url\":\"https:\/\/portaltela.pt\/por\/367410592786\/\"}]}<\/script>\n<!-- \/ Yoast SEO plugin. -->","yoast_head_json":{"title":"PJ investiga inc\u00eandio em hotel de empreendimento tur\u00edstico em Gr\u00e2ndola - Portal Tela Portugal","robots":{"index":"index","follow":"follow","max-snippet":"max-snippet:-1","max-image-preview":"max-image-preview:large","max-video-preview":"max-video-preview:-1"},"og_locale":"pt_PT","og_type":"article","og_title":"PJ investiga inc\u00eandio em hotel de empreendimento tur\u00edstico em Gr\u00e2ndola - Portal Tela Portugal","og_description":"A Pol\u00edcia Judici\u00e1ria (PJ) investiga a origem do inc\u00eandio que deflagrou na madrugada de domingo no hotel do empreendimento tur\u00edstico Na Praia, em Troia, Gr\u00e2ndola, sem v\u00edtimas. O fogo afetou parte central do hotel, edificada, na fase final de acabamentos, com apenas um edif\u00edcio da unidade parcialmente atingido, em cerca de cinquenta metros. O restante do empreendimento \u2014 incluindo unidades de alojamento, zonas p\u00fablicas, restaurante e servi\u00e7os \u2014 n\u00e3o sofreu danos. A abertura do hotel, prevista para junho, foi adiada; as obras de restabelecimento da zona afetada devem iniciar-se de imediato para que a abertura possa ocorrer o mais breve poss\u00edvel. O alerta foi dado \u00e0s quatro e quarenta da madrugada e o fogo ficou dominado por volta das duas e meia da tarde, com a interven\u00e7\u00e3o de noventa operacionais e 35 ve\u00edculos.","og_url":"https:\/\/portaltela.pt\/noticias\/2026\/03\/08\/pj-investiga-incendio-em-hotel-de-empreendimento-turistico-em-grandola\/","og_site_name":"Portal Tela Portugal","article_published_time":"2026-03-08T15:51:00+00:00","author":"Telinha","twitter_card":"summary_large_image","twitter_misc":{"Escrito por":"Telinha","Tempo estimado de leitura":"1 minuto"},"schema":{"@context":"https:\/\/schema.org","@graph":[{"@type":"Article","@id":"https:\/\/portaltela.pt\/noticias\/2026\/03\/08\/pj-investiga-incendio-em-hotel-de-empreendimento-turistico-em-grandola\/#article","isPartOf":{"@id":"https:\/\/portaltela.pt\/noticias\/2026\/03\/08\/pj-investiga-incendio-em-hotel-de-empreendimento-turistico-em-grandola\/"},"author":{"name":"Telinha","@id":"https:\/\/portaltela.pt\/#\/schema\/person\/c4278d4a6028830caff9ee44b42d32ed"},"headline":"PJ investiga inc\u00eandio em hotel de empreendimento tur\u00edstico em Gr\u00e2ndola","datePublished":"2026-03-08T15:51:00+00:00","mainEntityOfPage":{"@id":"https:\/\/portaltela.pt\/noticias\/2026\/03\/08\/pj-investiga-incendio-em-hotel-de-empreendimento-turistico-em-grandola\/"},"wordCount":213,"image":{"@id":"https:\/\/portaltela.pt\/noticias\/2026\/03\/08\/pj-investiga-incendio-em-hotel-de-empreendimento-turistico-em-grandola\/#primaryimage"},"thumbnailUrl":"https:\/\/portaltela.pt\/s.01k8rhncp4jt1\/2026\/03\/image-519.jpg","keywords":["Gr\u00e2ndola","hot\u00e9is","inc\u00eandio","investiga\u00e7\u00e3o criminal","Pol\u00edcia Judici\u00e1ria","turismo"],"articleSection":["Not\u00edcias"],"inLanguage":"pt-PT"},{"@type":"WebPage","@id":"https:\/\/portaltela.pt\/noticias\/2026\/03\/08\/pj-investiga-incendio-em-hotel-de-empreendimento-turistico-em-grandola\/","url":"https:\/\/portaltela.pt\/noticias\/2026\/03\/08\/pj-investiga-incendio-em-hotel-de-empreendimento-turistico-em-grandola\/","name":"PJ investiga inc\u00eandio em hotel de empreendimento tur\u00edstico em Gr\u00e2ndola - Portal Tela Portugal","isPartOf":{"@id":"https:\/\/portaltela.pt\/#website"},"primaryImageOfPage":{"@id":"https:\/\/portaltela.pt\/noticias\/2026\/03\/08\/pj-investiga-incendio-em-hotel-de-empreendimento-turistico-em-grandola\/#primaryimage"},"image":{"@id":"https:\/\/portaltela.pt\/noticias\/2026\/03\/08\/pj-investiga-incendio-em-hotel-de-empreendimento-turistico-em-grandola\/#primaryimage"},"thumbnailUrl":"https:\/\/portaltela.pt\/s.01k8rhncp4jt1\/2026\/03\/image-519.jpg","datePublished":"2026-03-08T15:51:00+00:00","author":{"@id":"https:\/\/portaltela.pt\/#\/schema\/person\/c4278d4a6028830caff9ee44b42d32ed"},"breadcrumb":{"@id":"https:\/\/portaltela.pt\/noticias\/2026\/03\/08\/pj-investiga-incendio-em-hotel-de-empreendimento-turistico-em-grandola\/#breadcrumb"},"inLanguage":"pt-PT","potentialAction":[{"@type":"ReadAction","target":["https:\/\/portaltela.pt\/noticias\/2026\/03\/08\/pj-investiga-incendio-em-hotel-de-empreendimento-turistico-em-grandola\/"]}]},{"@type":"ImageObject","inLanguage":"pt-PT","@id":"https:\/\/portaltela.pt\/noticias\/2026\/03\/08\/pj-investiga-incendio-em-hotel-de-empreendimento-turistico-em-grandola\/#primaryimage","url":"https:\/\/portaltela.pt\/s.01k8rhncp4jt1\/2026\/03\/image-519.jpg","contentUrl":"https:\/\/portaltela.pt\/s.01k8rhncp4jt1\/2026\/03\/image-519.jpg","width":796,"height":448,"caption":"O inc\u00eandio, de origem ainda desconhecida, ocorreu nas instala\u00e7\u00f5es do empreendimento tur\u00edstico Na Praia, em Troia"},{"@type":"BreadcrumbList","@id":"https:\/\/portaltela.pt\/noticias\/2026\/03\/08\/pj-investiga-incendio-em-hotel-de-empreendimento-turistico-em-grandola\/#breadcrumb","itemListElement":[{"@type":"ListItem","position":1,"name":"In\u00edcio","item":"https:\/\/portaltela.pt\/"},{"@type":"ListItem","position":2,"name":"PJ investiga inc\u00eandio em hotel de empreendimento tur\u00edstico em Gr\u00e2ndola"}]},{"@type":"WebSite","@id":"https:\/\/portaltela.pt\/#website","url":"https:\/\/portaltela.pt\/","name":"Portal Tela Portugal","description":"","potentialAction":[{"@type":"SearchAction","target":{"@type":"EntryPoint","urlTemplate":"https:\/\/portaltela.pt\/?s={search_term_string}"},"query-input":{"@type":"PropertyValueSpecification","valueRequired":true,"valueName":"search_term_string"}}],"inLanguage":"pt-PT"},{"@type":"Person","@id":"https:\/\/portaltela.pt\/#\/schema\/person\/c4278d4a6028830caff9ee44b42d32ed","name":"Telinha","image":{"@type":"ImageObject","inLanguage":"pt-PT","@id":"https:\/\/portaltela.pt\/s.01k8rhncp4jt1\/2025\/11\/talking-bot-125x125.png","url":"https:\/\/portaltela.pt\/s.01k8rhncp4jt1\/2025\/11\/talking-bot-125x125.png","contentUrl":"https:\/\/portaltela.pt\/s.01k8rhncp4jt1\/2025\/11\/talking-bot-125x125.png","caption":"Telinha"},"sameAs":["https:\/\/portaltela.pt\/"],"url":"https:\/\/portaltela.pt\/por\/367410592786\/"}]}},"_links":{"self":[{"href":"https:\/\/portaltela.pt\/api\/wp\/v2\/posts\/402371","targetHints":{"allow":["GET"]}}],"collection":[{"href":"https:\/\/portaltela.pt\/api\/wp\/v2\/posts"}],"about":[{"href":"https:\/\/portaltela.pt\/api\/wp\/v2\/types\/post"}],"author":[{"embeddable":true,"href":"https:\/\/portaltela.pt\/api\/wp\/v2\/users\/2"}],"replies":[{"embeddable":true,"href":"https:\/\/portaltela.pt\/api\/wp\/v2\/comments?post=402371"}],"version-history":[{"count":0,"href":"https:\/\/portaltela.pt\/api\/wp\/v2\/posts\/402371\/revisions"}],"wp:featuredmedia":[{"embeddable":true,"href":"https:\/\/portaltela.pt\/api\/wp\/v2\/media\/402372"}],"wp:attachment":[{"href":"https:\/\/portaltela.pt\/api\/wp\/v2\/media?parent=402371"}],"wp:term":[{"taxonomy":"category","embeddable":true,"href":"https:\/\/portaltela.pt\/api\/wp\/v2\/categories?post=402371"},{"taxonomy":"post_tag","embeddable":true,"href":"https:\/\/portaltela.pt\/api\/wp\/v2\/tags?post=402371"}],"curies":[{"name":"wp","href":"https:\/\/api.w.org\/{rel}","templated":true}]}}