{"id":402365,"date":"2026-03-08T12:53:00","date_gmt":"2026-03-08T15:53:00","guid":{"rendered":"https:\/\/portaltela.pt\/noticias\/2026\/03\/08\/sara-correia-esgota-meo-arena-na-estreia\/"},"modified":"2026-03-08T12:53:00","modified_gmt":"2026-03-08T15:53:00","slug":"sara-correia-esgota-meo-arena-na-estreia","status":"publish","type":"post","link":"https:\/\/portaltela.pt\/musica\/2026\/03\/08\/sara-correia-esgota-meo-arena-na-estreia\/","title":{"rendered":"Sara Correia esgota Meo Arena na estreia"},"content":{"rendered":"<p>Sara Correia esgotou o Meo Arena na sua estreia, s\u00e1bado, em Lisboa. A sala, a maior do pa\u00eds, ficou lotada, evidenciando a ades\u00e3o ao seu primeiro grande concerto de fado moderno. O espet\u00e1culo foi apresentado como uma noite de celebra\u00e7\u00e3o do fado, com forte liga\u00e7\u00e3o \u00e0 identidade lisboeta.<\/p>\n<p>A artista nasceu em Chelas e mostrou-se emocionada ao sublinhar a origem humilde como motor da sua carreira. O show contou com a presen\u00e7a de convidados ilustres e assistentes de v\u00e1rias regi\u00f5es, que marcaram a noite com apoio ao projeto musical de Correia.<\/p>\n<p>Entre os convidados estiveram Pedro Abrunhosa, Carolina Deslandes e Calema. O diretor art\u00edstico Diogo Clemente, amigo de inf\u00e2ncia da cantora, destacou o entusiasmo pelo momento hist\u00f3rico do fado na capital.<\/p>\n<p>O Meo Arena revelou-se pequeno diante da multid\u00e3o que ocupou cada piso, refletindo a expectativa de f\u00e3s, familiares e imprensa. O concerto reuniu uma legi\u00e3o de admiradores que acompanharam a evolu\u00e7\u00e3o da fadista.<\/p>\n<p>Segundo elementos da equipa, o objetivo era proporcionar uma experi\u00eancia intensa, que traduzisse a autenticidade do fado que Correia assume reinventar. A produ\u00e7\u00e3o verificou que o p\u00fablico reagiu com calor, cantando e aplaudindo ao longo da noite.<\/p>\n<p>O espet\u00e1culo integrou temas emblem\u00e1ticos do repert\u00f3rio de Correia, mostrando uma voz marcada pela tradi\u00e7\u00e3o e pela proximidade com o p\u00fablico. A atua\u00e7\u00e3o refor\u00e7ou a reputa\u00e7\u00e3o da artista como uma das refer\u00eancias emergentes do fado contempor\u00e2neo.<\/p>\n","protected":false},"excerpt":{"rendered":"<ul>\n<li>Sara Correia esgotou o Meo Arena, a maior sala de espet\u00e1culos do pa\u00eds, na estreia do espet\u00e1culo.<\/li>\n<li>A produ\u00e7\u00e3o destacou que a casa acabou por revelar ser pequena demais para a ocasi\u00e3o, com a lota\u00e7\u00e3o esgotada.<\/li>\n<li>Do cartaz fizeram parte convidados como Pedro Abrunhosa, Carolina Deslandes e Calema.<\/li>\n<li>O diretor art\u00edstico Diogo Clemente comentou: \u201cObrigado Deus por me fazeres viver no tempo da Sara Correia.\u201d<\/li>\n<li>A reportagem sublinha a autenticidade do fado de Sara, a liga\u00e7\u00e3o \u00e0 sua origem em Chelas e a emo\u00e7\u00e3o visible na atua\u00e7\u00e3o.<\/li>\n<\/ul>\n","protected":false},"author":2,"featured_media":402369,"comment_status":"closed","ping_status":"closed","sticky":false,"template":"","format":"standard","meta":{"footnotes":""},"categories":[12,6676],"tags":[762,4978,145,2116,981,122],"class_list":["post-402365","post","type-post","status-publish","format-standard","has-post-thumbnail","hentry","category-entretenimento","category-musica","tag-artistas","tag-chelas","tag-cultura","tag-espetaculos","tag-lisboa","tag-musica"],"yoast_head":"<!-- This site is optimized with the Yoast SEO plugin v27.2 - https:\/\/yoast.com\/product\/yoast-seo-wordpress\/ -->\n<title>Sara Correia esgota Meo Arena na estreia - Portal Tela Portugal<\/title>\n<meta name=\"robots\" content=\"index, follow, max-snippet:-1, max-image-preview:large, max-video-preview:-1\" \/>\n<meta property=\"og:locale\" content=\"pt_PT\" \/>\n<meta property=\"og:type\" content=\"article\" \/>\n<meta property=\"og:title\" content=\"Sara Correia esgota Meo Arena na estreia - Portal Tela Portugal\" \/>\n<meta property=\"og:description\" content=\"Sara Correia esgotou o Meo Arena, a maior sala de espet\u00e1culos do pa\u00eds, na estreia do espet\u00e1culo. A produ\u00e7\u00e3o destacou que a casa acabou por revelar ser pequena demais para a ocasi\u00e3o, com a lota\u00e7\u00e3o esgotada. Do cartaz fizeram parte convidados como Pedro Abrunhosa, Carolina Deslandes e Calema. O diretor art\u00edstico Diogo Clemente comentou: \u201cObrigado Deus por me fazeres viver no tempo da Sara Correia.\u201d A reportagem sublinha a autenticidade do fado de Sara, a liga\u00e7\u00e3o \u00e0 sua origem em Chelas e a emo\u00e7\u00e3o visible na atua\u00e7\u00e3o.\" \/>\n<meta property=\"og:url\" content=\"https:\/\/portaltela.pt\/noticias\/2026\/03\/08\/sara-correia-esgota-meo-arena-na-estreia\/\" \/>\n<meta property=\"og:site_name\" content=\"Portal Tela Portugal\" \/>\n<meta property=\"article:published_time\" content=\"2026-03-08T15:53:00+00:00\" \/>\n<meta name=\"author\" content=\"Telinha\" \/>\n<meta name=\"twitter:card\" content=\"summary_large_image\" \/>\n<meta name=\"twitter:label1\" content=\"Escrito por\" \/>\n\t<meta name=\"twitter:data1\" content=\"Telinha\" \/>\n\t<meta name=\"twitter:label2\" content=\"Tempo estimado de leitura\" \/>\n\t<meta name=\"twitter:data2\" content=\"1 minuto\" \/>\n<script type=\"application\/ld+json\" class=\"yoast-schema-graph\">{\"@context\":\"https:\/\/schema.org\",\"@graph\":[{\"@type\":\"Article\",\"@id\":\"https:\/\/portaltela.pt\/noticias\/2026\/03\/08\/sara-correia-esgota-meo-arena-na-estreia\/#article\",\"isPartOf\":{\"@id\":\"https:\/\/portaltela.pt\/noticias\/2026\/03\/08\/sara-correia-esgota-meo-arena-na-estreia\/\"},\"author\":{\"name\":\"Telinha\",\"@id\":\"https:\/\/portaltela.pt\/#\/schema\/person\/c4278d4a6028830caff9ee44b42d32ed\"},\"headline\":\"Sara Correia esgota Meo Arena na estreia\",\"datePublished\":\"2026-03-08T15:53:00+00:00\",\"mainEntityOfPage\":{\"@id\":\"https:\/\/portaltela.pt\/noticias\/2026\/03\/08\/sara-correia-esgota-meo-arena-na-estreia\/\"},\"wordCount\":262,\"image\":{\"@id\":\"https:\/\/portaltela.pt\/noticias\/2026\/03\/08\/sara-correia-esgota-meo-arena-na-estreia\/#primaryimage\"},\"thumbnailUrl\":\"https:\/\/portaltela.pt\/s.01k8rhncp4jt1\/2026\/03\/img_1280x721uu2026-03-08-15-46-14-2271105-im-639085818850786987.jpg\",\"keywords\":[\"artistas\",\"Chelas\",\"cultura\",\"espet\u00e1culos\",\"Lisboa\",\"m\u00fasica\"],\"articleSection\":[\"Entretenimento\",\"M\u00fasica\"],\"inLanguage\":\"pt-PT\"},{\"@type\":\"WebPage\",\"@id\":\"https:\/\/portaltela.pt\/noticias\/2026\/03\/08\/sara-correia-esgota-meo-arena-na-estreia\/\",\"url\":\"https:\/\/portaltela.pt\/noticias\/2026\/03\/08\/sara-correia-esgota-meo-arena-na-estreia\/\",\"name\":\"Sara Correia esgota Meo Arena na estreia - Portal Tela Portugal\",\"isPartOf\":{\"@id\":\"https:\/\/portaltela.pt\/#website\"},\"primaryImageOfPage\":{\"@id\":\"https:\/\/portaltela.pt\/noticias\/2026\/03\/08\/sara-correia-esgota-meo-arena-na-estreia\/#primaryimage\"},\"image\":{\"@id\":\"https:\/\/portaltela.pt\/noticias\/2026\/03\/08\/sara-correia-esgota-meo-arena-na-estreia\/#primaryimage\"},\"thumbnailUrl\":\"https:\/\/portaltela.pt\/s.01k8rhncp4jt1\/2026\/03\/img_1280x721uu2026-03-08-15-46-14-2271105-im-639085818850786987.jpg\",\"datePublished\":\"2026-03-08T15:53:00+00:00\",\"author\":{\"@id\":\"https:\/\/portaltela.pt\/#\/schema\/person\/c4278d4a6028830caff9ee44b42d32ed\"},\"breadcrumb\":{\"@id\":\"https:\/\/portaltela.pt\/noticias\/2026\/03\/08\/sara-correia-esgota-meo-arena-na-estreia\/#breadcrumb\"},\"inLanguage\":\"pt-PT\",\"potentialAction\":[{\"@type\":\"ReadAction\",\"target\":[\"https:\/\/portaltela.pt\/noticias\/2026\/03\/08\/sara-correia-esgota-meo-arena-na-estreia\/\"]}]},{\"@type\":\"ImageObject\",\"inLanguage\":\"pt-PT\",\"@id\":\"https:\/\/portaltela.pt\/noticias\/2026\/03\/08\/sara-correia-esgota-meo-arena-na-estreia\/#primaryimage\",\"url\":\"https:\/\/portaltela.pt\/s.01k8rhncp4jt1\/2026\/03\/img_1280x721uu2026-03-08-15-46-14-2271105-im-639085818850786987.jpg\",\"contentUrl\":\"https:\/\/portaltela.pt\/s.01k8rhncp4jt1\/2026\/03\/img_1280x721uu2026-03-08-15-46-14-2271105-im-639085818850786987.jpg\",\"width\":796,\"height\":448,\"caption\":\"Sara Correia atua no Meo Arena com fado\"},{\"@type\":\"BreadcrumbList\",\"@id\":\"https:\/\/portaltela.pt\/noticias\/2026\/03\/08\/sara-correia-esgota-meo-arena-na-estreia\/#breadcrumb\",\"itemListElement\":[{\"@type\":\"ListItem\",\"position\":1,\"name\":\"In\u00edcio\",\"item\":\"https:\/\/portaltela.pt\/\"},{\"@type\":\"ListItem\",\"position\":2,\"name\":\"Sara Correia esgota Meo Arena na estreia\"}]},{\"@type\":\"WebSite\",\"@id\":\"https:\/\/portaltela.pt\/#website\",\"url\":\"https:\/\/portaltela.pt\/\",\"name\":\"Portal Tela Portugal\",\"description\":\"\",\"potentialAction\":[{\"@type\":\"SearchAction\",\"target\":{\"@type\":\"EntryPoint\",\"urlTemplate\":\"https:\/\/portaltela.pt\/?s={search_term_string}\"},\"query-input\":{\"@type\":\"PropertyValueSpecification\",\"valueRequired\":true,\"valueName\":\"search_term_string\"}}],\"inLanguage\":\"pt-PT\"},{\"@type\":\"Person\",\"@id\":\"https:\/\/portaltela.pt\/#\/schema\/person\/c4278d4a6028830caff9ee44b42d32ed\",\"name\":\"Telinha\",\"image\":{\"@type\":\"ImageObject\",\"inLanguage\":\"pt-PT\",\"@id\":\"https:\/\/portaltela.pt\/s.01k8rhncp4jt1\/2025\/11\/talking-bot-125x125.png\",\"url\":\"https:\/\/portaltela.pt\/s.01k8rhncp4jt1\/2025\/11\/talking-bot-125x125.png\",\"contentUrl\":\"https:\/\/portaltela.pt\/s.01k8rhncp4jt1\/2025\/11\/talking-bot-125x125.png\",\"caption\":\"Telinha\"},\"sameAs\":[\"https:\/\/portaltela.pt\/\"],\"url\":\"https:\/\/portaltela.pt\/por\/367410592786\/\"}]}<\/script>\n<!-- \/ Yoast SEO plugin. -->","yoast_head_json":{"title":"Sara Correia esgota Meo Arena na estreia - Portal Tela Portugal","robots":{"index":"index","follow":"follow","max-snippet":"max-snippet:-1","max-image-preview":"max-image-preview:large","max-video-preview":"max-video-preview:-1"},"og_locale":"pt_PT","og_type":"article","og_title":"Sara Correia esgota Meo Arena na estreia - Portal Tela Portugal","og_description":"Sara Correia esgotou o Meo Arena, a maior sala de espet\u00e1culos do pa\u00eds, na estreia do espet\u00e1culo. A produ\u00e7\u00e3o destacou que a casa acabou por revelar ser pequena demais para a ocasi\u00e3o, com a lota\u00e7\u00e3o esgotada. Do cartaz fizeram parte convidados como Pedro Abrunhosa, Carolina Deslandes e Calema. O diretor art\u00edstico Diogo Clemente comentou: \u201cObrigado Deus por me fazeres viver no tempo da Sara Correia.\u201d A reportagem sublinha a autenticidade do fado de Sara, a liga\u00e7\u00e3o \u00e0 sua origem em Chelas e a emo\u00e7\u00e3o visible na atua\u00e7\u00e3o.","og_url":"https:\/\/portaltela.pt\/noticias\/2026\/03\/08\/sara-correia-esgota-meo-arena-na-estreia\/","og_site_name":"Portal Tela Portugal","article_published_time":"2026-03-08T15:53:00+00:00","author":"Telinha","twitter_card":"summary_large_image","twitter_misc":{"Escrito por":"Telinha","Tempo estimado de leitura":"1 minuto"},"schema":{"@context":"https:\/\/schema.org","@graph":[{"@type":"Article","@id":"https:\/\/portaltela.pt\/noticias\/2026\/03\/08\/sara-correia-esgota-meo-arena-na-estreia\/#article","isPartOf":{"@id":"https:\/\/portaltela.pt\/noticias\/2026\/03\/08\/sara-correia-esgota-meo-arena-na-estreia\/"},"author":{"name":"Telinha","@id":"https:\/\/portaltela.pt\/#\/schema\/person\/c4278d4a6028830caff9ee44b42d32ed"},"headline":"Sara Correia esgota Meo Arena na estreia","datePublished":"2026-03-08T15:53:00+00:00","mainEntityOfPage":{"@id":"https:\/\/portaltela.pt\/noticias\/2026\/03\/08\/sara-correia-esgota-meo-arena-na-estreia\/"},"wordCount":262,"image":{"@id":"https:\/\/portaltela.pt\/noticias\/2026\/03\/08\/sara-correia-esgota-meo-arena-na-estreia\/#primaryimage"},"thumbnailUrl":"https:\/\/portaltela.pt\/s.01k8rhncp4jt1\/2026\/03\/img_1280x721uu2026-03-08-15-46-14-2271105-im-639085818850786987.jpg","keywords":["artistas","Chelas","cultura","espet\u00e1culos","Lisboa","m\u00fasica"],"articleSection":["Entretenimento","M\u00fasica"],"inLanguage":"pt-PT"},{"@type":"WebPage","@id":"https:\/\/portaltela.pt\/noticias\/2026\/03\/08\/sara-correia-esgota-meo-arena-na-estreia\/","url":"https:\/\/portaltela.pt\/noticias\/2026\/03\/08\/sara-correia-esgota-meo-arena-na-estreia\/","name":"Sara Correia esgota Meo Arena na estreia - Portal Tela Portugal","isPartOf":{"@id":"https:\/\/portaltela.pt\/#website"},"primaryImageOfPage":{"@id":"https:\/\/portaltela.pt\/noticias\/2026\/03\/08\/sara-correia-esgota-meo-arena-na-estreia\/#primaryimage"},"image":{"@id":"https:\/\/portaltela.pt\/noticias\/2026\/03\/08\/sara-correia-esgota-meo-arena-na-estreia\/#primaryimage"},"thumbnailUrl":"https:\/\/portaltela.pt\/s.01k8rhncp4jt1\/2026\/03\/img_1280x721uu2026-03-08-15-46-14-2271105-im-639085818850786987.jpg","datePublished":"2026-03-08T15:53:00+00:00","author":{"@id":"https:\/\/portaltela.pt\/#\/schema\/person\/c4278d4a6028830caff9ee44b42d32ed"},"breadcrumb":{"@id":"https:\/\/portaltela.pt\/noticias\/2026\/03\/08\/sara-correia-esgota-meo-arena-na-estreia\/#breadcrumb"},"inLanguage":"pt-PT","potentialAction":[{"@type":"ReadAction","target":["https:\/\/portaltela.pt\/noticias\/2026\/03\/08\/sara-correia-esgota-meo-arena-na-estreia\/"]}]},{"@type":"ImageObject","inLanguage":"pt-PT","@id":"https:\/\/portaltela.pt\/noticias\/2026\/03\/08\/sara-correia-esgota-meo-arena-na-estreia\/#primaryimage","url":"https:\/\/portaltela.pt\/s.01k8rhncp4jt1\/2026\/03\/img_1280x721uu2026-03-08-15-46-14-2271105-im-639085818850786987.jpg","contentUrl":"https:\/\/portaltela.pt\/s.01k8rhncp4jt1\/2026\/03\/img_1280x721uu2026-03-08-15-46-14-2271105-im-639085818850786987.jpg","width":796,"height":448,"caption":"Sara Correia atua no Meo Arena com fado"},{"@type":"BreadcrumbList","@id":"https:\/\/portaltela.pt\/noticias\/2026\/03\/08\/sara-correia-esgota-meo-arena-na-estreia\/#breadcrumb","itemListElement":[{"@type":"ListItem","position":1,"name":"In\u00edcio","item":"https:\/\/portaltela.pt\/"},{"@type":"ListItem","position":2,"name":"Sara Correia esgota Meo Arena na estreia"}]},{"@type":"WebSite","@id":"https:\/\/portaltela.pt\/#website","url":"https:\/\/portaltela.pt\/","name":"Portal Tela Portugal","description":"","potentialAction":[{"@type":"SearchAction","target":{"@type":"EntryPoint","urlTemplate":"https:\/\/portaltela.pt\/?s={search_term_string}"},"query-input":{"@type":"PropertyValueSpecification","valueRequired":true,"valueName":"search_term_string"}}],"inLanguage":"pt-PT"},{"@type":"Person","@id":"https:\/\/portaltela.pt\/#\/schema\/person\/c4278d4a6028830caff9ee44b42d32ed","name":"Telinha","image":{"@type":"ImageObject","inLanguage":"pt-PT","@id":"https:\/\/portaltela.pt\/s.01k8rhncp4jt1\/2025\/11\/talking-bot-125x125.png","url":"https:\/\/portaltela.pt\/s.01k8rhncp4jt1\/2025\/11\/talking-bot-125x125.png","contentUrl":"https:\/\/portaltela.pt\/s.01k8rhncp4jt1\/2025\/11\/talking-bot-125x125.png","caption":"Telinha"},"sameAs":["https:\/\/portaltela.pt\/"],"url":"https:\/\/portaltela.pt\/por\/367410592786\/"}]}},"_links":{"self":[{"href":"https:\/\/portaltela.pt\/api\/wp\/v2\/posts\/402365","targetHints":{"allow":["GET"]}}],"collection":[{"href":"https:\/\/portaltela.pt\/api\/wp\/v2\/posts"}],"about":[{"href":"https:\/\/portaltela.pt\/api\/wp\/v2\/types\/post"}],"author":[{"embeddable":true,"href":"https:\/\/portaltela.pt\/api\/wp\/v2\/users\/2"}],"replies":[{"embeddable":true,"href":"https:\/\/portaltela.pt\/api\/wp\/v2\/comments?post=402365"}],"version-history":[{"count":0,"href":"https:\/\/portaltela.pt\/api\/wp\/v2\/posts\/402365\/revisions"}],"wp:featuredmedia":[{"embeddable":true,"href":"https:\/\/portaltela.pt\/api\/wp\/v2\/media\/402369"}],"wp:attachment":[{"href":"https:\/\/portaltela.pt\/api\/wp\/v2\/media?parent=402365"}],"wp:term":[{"taxonomy":"category","embeddable":true,"href":"https:\/\/portaltela.pt\/api\/wp\/v2\/categories?post=402365"},{"taxonomy":"post_tag","embeddable":true,"href":"https:\/\/portaltela.pt\/api\/wp\/v2\/tags?post=402365"}],"curies":[{"name":"wp","href":"https:\/\/api.w.org\/{rel}","templated":true}]}}