{"id":402361,"date":"2026-03-08T12:41:38","date_gmt":"2026-03-08T15:41:38","guid":{"rendered":"https:\/\/portaltela.pt\/noticias\/2026\/03\/08\/kiplimo-em-lisboa-para-provar-que-bateu-o-recorde-no-ano-passado\/"},"modified":"2026-03-08T12:41:38","modified_gmt":"2026-03-08T15:41:38","slug":"kiplimo-em-lisboa-para-provar-que-bateu-o-recorde-no-ano-passado","status":"publish","type":"post","link":"https:\/\/portaltela.pt\/desporto\/futebol\/2026\/03\/08\/kiplimo-em-lisboa-para-provar-que-bateu-o-recorde-no-ano-passado\/","title":{"rendered":"Kiplimo em Lisboa para provar que bateu o recorde no ano passado"},"content":{"rendered":"<p>O ugand\u00eas Jacob Kiplimo venceu hoje a meia maratona de Lisboa, ao bater o recorde mundial da dist\u00e2ncia com 57.20 minutos. A prova, na 35.\u00aa edi\u00e7\u00e3o organizada pelo Maratona Clube de Portugal, decorreu em Lisboa, com in\u00edcio em Cruz Quebrada para a elite e na Ponte 25 de Abril para as provas de 10 quil\u00f3metros.<\/p>\n<p>Kiplimo, de 25 anos, superou em 10 segundos o recorde que pertencia a Yomif Kejelcha desde 2024, fixado na prova de Val\u00eancia. O atleta afirmou que veio provar, em Portugal, ser a pessoa que estabeleceu o recorde no ano anterior, apesar de ainda n\u00e3o ter havido homologa\u00e7\u00e3o oficial pela World Athletics para a marca de Barcelona de 56.42.<\/p>\n<p>Lisboa mant\u00e9m uma liga\u00e7\u00e3o especial com o atleta, que descreveu a cidade como uma segunda casa. Afirmou ter corrido bem desde a partida at\u00e9 \u00e0 meta e destacou a boa organiza\u00e7\u00e3o da prova, que contou com mais de 30 mil inscritos entre a meia maratona e a dist\u00e2ncia de 10 km.<\/p>\n<p>Resultados principais<\/p>\n<p>O p\u00f3dio masculino ficou completo com o queniano Nicholas Kipkorir, segundo, com 58.08, e Gilbert Kiprotich, terceiro, com 58.59. O melhor portugu\u00eas foi Samuel Barata, em 12.\u00ba, com 1:00.36.<\/p>\n<p>Na competi\u00e7\u00e3o feminina, o p\u00f3dio ficou a cargo de Janeth Chepngetich, 1.06.50, e Regina Wambui, 1.07.10. Mariana Machado, na sua estreia na dist\u00e2ncia, foi nona classificada, com 1.10.10.<\/p>\n<p>Organiza\u00e7\u00e3o e participa\u00e7\u00e3o<\/p>\n<p>A elite partiu de Cruz Quebrada, enquanto a meia maratona e a corrida popular de 10 km tiveram in\u00edcio na Ponte 25 de Abril, em Almada. O evento contou com a organiza\u00e7\u00e3o do Maratona Clube de Portugal e proporcionou uma edi\u00e7\u00e3o com diversas provas associadas.<\/p>\n","protected":false},"excerpt":{"rendered":"<ul>\n<li>Jacob Kiplimo ganhou a Meia Maratona de Lisboa, batendo o recorde mundial com 57.20 minutos e ficando 10 segundos acima da marca anterior de Yomif Kejelcha.<\/li>\n<li>O recorde de Kejelcha tinha sido estabelecido em 2024, na Val\u00eancia; a marca de Kiplimo em Barcelona (56.42) n\u00e3o foi homologada pela World Athletics.<\/li>\n<li>O et\u00edope Nick Kipkorir e o queniano Gilbert Kiprotich completaram o p\u00f3dio masculino, em 58.08 e 58.59, respetivamente; o melhor portugu\u00eas foi Samuel Barata, 12.\u00ba, com 01:00.36.<\/li>\n<li>Na prova feminina, Tsigie Gebreselama venceu novamente; as quenianas Janeth Chepngetich (01:06.50) e Regina Wambui (01:07.10) ocuparam os lugares seguinte e terceiro.<\/li>\n<li>A edi\u00e7\u00e3o decorreu com partida na Cruz Quebrada para a elite e na Ponte 25 de Abril para a meia maratona e a prova de 10 quil\u00f3metros, com mais de 30 mil inscritos.<\/li>\n<\/ul>\n","protected":false},"author":2,"featured_media":402362,"comment_status":"closed","ping_status":"closed","sticky":false,"template":"","format":"standard","meta":{"footnotes":""},"categories":[21,24],"tags":[137,3504,152,981,6653,2831],"class_list":["post-402361","post","type-post","status-publish","format-standard","has-post-thumbnail","hentry","category-desporto","category-futebol","tag-atletismo","tag-corridas","tag-desporto","tag-lisboa","tag-organizacao","tag-quenia"],"yoast_head":"<!-- This site is optimized with the Yoast SEO plugin v27.2 - https:\/\/yoast.com\/product\/yoast-seo-wordpress\/ -->\n<title>Kiplimo em Lisboa para provar que bateu o recorde no ano passado - Portal Tela Portugal<\/title>\n<meta name=\"robots\" content=\"index, follow, max-snippet:-1, max-image-preview:large, max-video-preview:-1\" \/>\n<meta property=\"og:locale\" content=\"pt_PT\" \/>\n<meta property=\"og:type\" content=\"article\" \/>\n<meta property=\"og:title\" content=\"Kiplimo em Lisboa para provar que bateu o recorde no ano passado - Portal Tela Portugal\" \/>\n<meta property=\"og:description\" content=\"Jacob Kiplimo ganhou a Meia Maratona de Lisboa, batendo o recorde mundial com 57.20 minutos e ficando 10 segundos acima da marca anterior de Yomif Kejelcha. O recorde de Kejelcha tinha sido estabelecido em 2024, na Val\u00eancia; a marca de Kiplimo em Barcelona (56.42) n\u00e3o foi homologada pela World Athletics. O et\u00edope Nick Kipkorir e o queniano Gilbert Kiprotich completaram o p\u00f3dio masculino, em 58.08 e 58.59, respetivamente; o melhor portugu\u00eas foi Samuel Barata, 12.\u00ba, com 01:00.36. Na prova feminina, Tsigie Gebreselama venceu novamente; as quenianas Janeth Chepngetich (01:06.50) e Regina Wambui (01:07.10) ocuparam os lugares seguinte e terceiro. A edi\u00e7\u00e3o decorreu com partida na Cruz Quebrada para a elite e na Ponte 25 de Abril para a meia maratona e a prova de 10 quil\u00f3metros, com mais de 30 mil inscritos.\" \/>\n<meta property=\"og:url\" content=\"https:\/\/portaltela.pt\/noticias\/2026\/03\/08\/kiplimo-em-lisboa-para-provar-que-bateu-o-recorde-no-ano-passado\/\" \/>\n<meta property=\"og:site_name\" content=\"Portal Tela Portugal\" \/>\n<meta property=\"article:published_time\" content=\"2026-03-08T15:41:38+00:00\" \/>\n<meta name=\"author\" content=\"Telinha\" \/>\n<meta name=\"twitter:card\" content=\"summary_large_image\" \/>\n<meta name=\"twitter:label1\" content=\"Escrito por\" \/>\n\t<meta name=\"twitter:data1\" content=\"Telinha\" \/>\n\t<meta name=\"twitter:label2\" content=\"Tempo estimado de leitura\" \/>\n\t<meta name=\"twitter:data2\" content=\"1 minuto\" \/>\n<script type=\"application\/ld+json\" class=\"yoast-schema-graph\">{\"@context\":\"https:\/\/schema.org\",\"@graph\":[{\"@type\":\"Article\",\"@id\":\"https:\/\/portaltela.pt\/noticias\/2026\/03\/08\/kiplimo-em-lisboa-para-provar-que-bateu-o-recorde-no-ano-passado\/#article\",\"isPartOf\":{\"@id\":\"https:\/\/portaltela.pt\/noticias\/2026\/03\/08\/kiplimo-em-lisboa-para-provar-que-bateu-o-recorde-no-ano-passado\/\"},\"author\":{\"name\":\"Telinha\",\"@id\":\"https:\/\/portaltela.pt\/#\/schema\/person\/c4278d4a6028830caff9ee44b42d32ed\"},\"headline\":\"Kiplimo em Lisboa para provar que bateu o recorde no ano passado\",\"datePublished\":\"2026-03-08T15:41:38+00:00\",\"mainEntityOfPage\":{\"@id\":\"https:\/\/portaltela.pt\/noticias\/2026\/03\/08\/kiplimo-em-lisboa-para-provar-que-bateu-o-recorde-no-ano-passado\/\"},\"wordCount\":285,\"image\":{\"@id\":\"https:\/\/portaltela.pt\/noticias\/2026\/03\/08\/kiplimo-em-lisboa-para-provar-que-bateu-o-recorde-no-ano-passado\/#primaryimage\"},\"thumbnailUrl\":\"https:\/\/portaltela.pt\/s.01k8rhncp4jt1\/2026\/03\/img_1200x721uu2026-03-08-11-00-42-2425608-im-639085810647733656.jpg\",\"keywords\":[\"atletismo\",\"corridas\",\"desporto\",\"Lisboa\",\"organiza\u00e7\u00e3o\",\"Qu\u00e9nia\"],\"articleSection\":[\"Desporto\",\"Futebol\"],\"inLanguage\":\"pt-PT\"},{\"@type\":\"WebPage\",\"@id\":\"https:\/\/portaltela.pt\/noticias\/2026\/03\/08\/kiplimo-em-lisboa-para-provar-que-bateu-o-recorde-no-ano-passado\/\",\"url\":\"https:\/\/portaltela.pt\/noticias\/2026\/03\/08\/kiplimo-em-lisboa-para-provar-que-bateu-o-recorde-no-ano-passado\/\",\"name\":\"Kiplimo em Lisboa para provar que bateu o recorde no ano passado - Portal Tela Portugal\",\"isPartOf\":{\"@id\":\"https:\/\/portaltela.pt\/#website\"},\"primaryImageOfPage\":{\"@id\":\"https:\/\/portaltela.pt\/noticias\/2026\/03\/08\/kiplimo-em-lisboa-para-provar-que-bateu-o-recorde-no-ano-passado\/#primaryimage\"},\"image\":{\"@id\":\"https:\/\/portaltela.pt\/noticias\/2026\/03\/08\/kiplimo-em-lisboa-para-provar-que-bateu-o-recorde-no-ano-passado\/#primaryimage\"},\"thumbnailUrl\":\"https:\/\/portaltela.pt\/s.01k8rhncp4jt1\/2026\/03\/img_1200x721uu2026-03-08-11-00-42-2425608-im-639085810647733656.jpg\",\"datePublished\":\"2026-03-08T15:41:38+00:00\",\"author\":{\"@id\":\"https:\/\/portaltela.pt\/#\/schema\/person\/c4278d4a6028830caff9ee44b42d32ed\"},\"breadcrumb\":{\"@id\":\"https:\/\/portaltela.pt\/noticias\/2026\/03\/08\/kiplimo-em-lisboa-para-provar-que-bateu-o-recorde-no-ano-passado\/#breadcrumb\"},\"inLanguage\":\"pt-PT\",\"potentialAction\":[{\"@type\":\"ReadAction\",\"target\":[\"https:\/\/portaltela.pt\/noticias\/2026\/03\/08\/kiplimo-em-lisboa-para-provar-que-bateu-o-recorde-no-ano-passado\/\"]}]},{\"@type\":\"ImageObject\",\"inLanguage\":\"pt-PT\",\"@id\":\"https:\/\/portaltela.pt\/noticias\/2026\/03\/08\/kiplimo-em-lisboa-para-provar-que-bateu-o-recorde-no-ano-passado\/#primaryimage\",\"url\":\"https:\/\/portaltela.pt\/s.01k8rhncp4jt1\/2026\/03\/img_1200x721uu2026-03-08-11-00-42-2425608-im-639085810647733656.jpg\",\"contentUrl\":\"https:\/\/portaltela.pt\/s.01k8rhncp4jt1\/2026\/03\/img_1200x721uu2026-03-08-11-00-42-2425608-im-639085810647733656.jpg\",\"width\":796,\"height\":448,\"caption\":\"Jacob Kiplimo bate recorde mundial na Meia Maratona de Lisboa\"},{\"@type\":\"BreadcrumbList\",\"@id\":\"https:\/\/portaltela.pt\/noticias\/2026\/03\/08\/kiplimo-em-lisboa-para-provar-que-bateu-o-recorde-no-ano-passado\/#breadcrumb\",\"itemListElement\":[{\"@type\":\"ListItem\",\"position\":1,\"name\":\"In\u00edcio\",\"item\":\"https:\/\/portaltela.pt\/\"},{\"@type\":\"ListItem\",\"position\":2,\"name\":\"Kiplimo em Lisboa para provar que bateu o recorde no ano passado\"}]},{\"@type\":\"WebSite\",\"@id\":\"https:\/\/portaltela.pt\/#website\",\"url\":\"https:\/\/portaltela.pt\/\",\"name\":\"Portal Tela Portugal\",\"description\":\"\",\"potentialAction\":[{\"@type\":\"SearchAction\",\"target\":{\"@type\":\"EntryPoint\",\"urlTemplate\":\"https:\/\/portaltela.pt\/?s={search_term_string}\"},\"query-input\":{\"@type\":\"PropertyValueSpecification\",\"valueRequired\":true,\"valueName\":\"search_term_string\"}}],\"inLanguage\":\"pt-PT\"},{\"@type\":\"Person\",\"@id\":\"https:\/\/portaltela.pt\/#\/schema\/person\/c4278d4a6028830caff9ee44b42d32ed\",\"name\":\"Telinha\",\"image\":{\"@type\":\"ImageObject\",\"inLanguage\":\"pt-PT\",\"@id\":\"https:\/\/portaltela.pt\/s.01k8rhncp4jt1\/2025\/11\/talking-bot-125x125.png\",\"url\":\"https:\/\/portaltela.pt\/s.01k8rhncp4jt1\/2025\/11\/talking-bot-125x125.png\",\"contentUrl\":\"https:\/\/portaltela.pt\/s.01k8rhncp4jt1\/2025\/11\/talking-bot-125x125.png\",\"caption\":\"Telinha\"},\"sameAs\":[\"https:\/\/portaltela.pt\/\"],\"url\":\"https:\/\/portaltela.pt\/por\/367410592786\/\"}]}<\/script>\n<!-- \/ Yoast SEO plugin. -->","yoast_head_json":{"title":"Kiplimo em Lisboa para provar que bateu o recorde no ano passado - Portal Tela Portugal","robots":{"index":"index","follow":"follow","max-snippet":"max-snippet:-1","max-image-preview":"max-image-preview:large","max-video-preview":"max-video-preview:-1"},"og_locale":"pt_PT","og_type":"article","og_title":"Kiplimo em Lisboa para provar que bateu o recorde no ano passado - Portal Tela Portugal","og_description":"Jacob Kiplimo ganhou a Meia Maratona de Lisboa, batendo o recorde mundial com 57.20 minutos e ficando 10 segundos acima da marca anterior de Yomif Kejelcha. O recorde de Kejelcha tinha sido estabelecido em 2024, na Val\u00eancia; a marca de Kiplimo em Barcelona (56.42) n\u00e3o foi homologada pela World Athletics. O et\u00edope Nick Kipkorir e o queniano Gilbert Kiprotich completaram o p\u00f3dio masculino, em 58.08 e 58.59, respetivamente; o melhor portugu\u00eas foi Samuel Barata, 12.\u00ba, com 01:00.36. Na prova feminina, Tsigie Gebreselama venceu novamente; as quenianas Janeth Chepngetich (01:06.50) e Regina Wambui (01:07.10) ocuparam os lugares seguinte e terceiro. A edi\u00e7\u00e3o decorreu com partida na Cruz Quebrada para a elite e na Ponte 25 de Abril para a meia maratona e a prova de 10 quil\u00f3metros, com mais de 30 mil inscritos.","og_url":"https:\/\/portaltela.pt\/noticias\/2026\/03\/08\/kiplimo-em-lisboa-para-provar-que-bateu-o-recorde-no-ano-passado\/","og_site_name":"Portal Tela Portugal","article_published_time":"2026-03-08T15:41:38+00:00","author":"Telinha","twitter_card":"summary_large_image","twitter_misc":{"Escrito por":"Telinha","Tempo estimado de leitura":"1 minuto"},"schema":{"@context":"https:\/\/schema.org","@graph":[{"@type":"Article","@id":"https:\/\/portaltela.pt\/noticias\/2026\/03\/08\/kiplimo-em-lisboa-para-provar-que-bateu-o-recorde-no-ano-passado\/#article","isPartOf":{"@id":"https:\/\/portaltela.pt\/noticias\/2026\/03\/08\/kiplimo-em-lisboa-para-provar-que-bateu-o-recorde-no-ano-passado\/"},"author":{"name":"Telinha","@id":"https:\/\/portaltela.pt\/#\/schema\/person\/c4278d4a6028830caff9ee44b42d32ed"},"headline":"Kiplimo em Lisboa para provar que bateu o recorde no ano passado","datePublished":"2026-03-08T15:41:38+00:00","mainEntityOfPage":{"@id":"https:\/\/portaltela.pt\/noticias\/2026\/03\/08\/kiplimo-em-lisboa-para-provar-que-bateu-o-recorde-no-ano-passado\/"},"wordCount":285,"image":{"@id":"https:\/\/portaltela.pt\/noticias\/2026\/03\/08\/kiplimo-em-lisboa-para-provar-que-bateu-o-recorde-no-ano-passado\/#primaryimage"},"thumbnailUrl":"https:\/\/portaltela.pt\/s.01k8rhncp4jt1\/2026\/03\/img_1200x721uu2026-03-08-11-00-42-2425608-im-639085810647733656.jpg","keywords":["atletismo","corridas","desporto","Lisboa","organiza\u00e7\u00e3o","Qu\u00e9nia"],"articleSection":["Desporto","Futebol"],"inLanguage":"pt-PT"},{"@type":"WebPage","@id":"https:\/\/portaltela.pt\/noticias\/2026\/03\/08\/kiplimo-em-lisboa-para-provar-que-bateu-o-recorde-no-ano-passado\/","url":"https:\/\/portaltela.pt\/noticias\/2026\/03\/08\/kiplimo-em-lisboa-para-provar-que-bateu-o-recorde-no-ano-passado\/","name":"Kiplimo em Lisboa para provar que bateu o recorde no ano passado - Portal Tela Portugal","isPartOf":{"@id":"https:\/\/portaltela.pt\/#website"},"primaryImageOfPage":{"@id":"https:\/\/portaltela.pt\/noticias\/2026\/03\/08\/kiplimo-em-lisboa-para-provar-que-bateu-o-recorde-no-ano-passado\/#primaryimage"},"image":{"@id":"https:\/\/portaltela.pt\/noticias\/2026\/03\/08\/kiplimo-em-lisboa-para-provar-que-bateu-o-recorde-no-ano-passado\/#primaryimage"},"thumbnailUrl":"https:\/\/portaltela.pt\/s.01k8rhncp4jt1\/2026\/03\/img_1200x721uu2026-03-08-11-00-42-2425608-im-639085810647733656.jpg","datePublished":"2026-03-08T15:41:38+00:00","author":{"@id":"https:\/\/portaltela.pt\/#\/schema\/person\/c4278d4a6028830caff9ee44b42d32ed"},"breadcrumb":{"@id":"https:\/\/portaltela.pt\/noticias\/2026\/03\/08\/kiplimo-em-lisboa-para-provar-que-bateu-o-recorde-no-ano-passado\/#breadcrumb"},"inLanguage":"pt-PT","potentialAction":[{"@type":"ReadAction","target":["https:\/\/portaltela.pt\/noticias\/2026\/03\/08\/kiplimo-em-lisboa-para-provar-que-bateu-o-recorde-no-ano-passado\/"]}]},{"@type":"ImageObject","inLanguage":"pt-PT","@id":"https:\/\/portaltela.pt\/noticias\/2026\/03\/08\/kiplimo-em-lisboa-para-provar-que-bateu-o-recorde-no-ano-passado\/#primaryimage","url":"https:\/\/portaltela.pt\/s.01k8rhncp4jt1\/2026\/03\/img_1200x721uu2026-03-08-11-00-42-2425608-im-639085810647733656.jpg","contentUrl":"https:\/\/portaltela.pt\/s.01k8rhncp4jt1\/2026\/03\/img_1200x721uu2026-03-08-11-00-42-2425608-im-639085810647733656.jpg","width":796,"height":448,"caption":"Jacob Kiplimo bate recorde mundial na Meia Maratona de Lisboa"},{"@type":"BreadcrumbList","@id":"https:\/\/portaltela.pt\/noticias\/2026\/03\/08\/kiplimo-em-lisboa-para-provar-que-bateu-o-recorde-no-ano-passado\/#breadcrumb","itemListElement":[{"@type":"ListItem","position":1,"name":"In\u00edcio","item":"https:\/\/portaltela.pt\/"},{"@type":"ListItem","position":2,"name":"Kiplimo em Lisboa para provar que bateu o recorde no ano passado"}]},{"@type":"WebSite","@id":"https:\/\/portaltela.pt\/#website","url":"https:\/\/portaltela.pt\/","name":"Portal Tela Portugal","description":"","potentialAction":[{"@type":"SearchAction","target":{"@type":"EntryPoint","urlTemplate":"https:\/\/portaltela.pt\/?s={search_term_string}"},"query-input":{"@type":"PropertyValueSpecification","valueRequired":true,"valueName":"search_term_string"}}],"inLanguage":"pt-PT"},{"@type":"Person","@id":"https:\/\/portaltela.pt\/#\/schema\/person\/c4278d4a6028830caff9ee44b42d32ed","name":"Telinha","image":{"@type":"ImageObject","inLanguage":"pt-PT","@id":"https:\/\/portaltela.pt\/s.01k8rhncp4jt1\/2025\/11\/talking-bot-125x125.png","url":"https:\/\/portaltela.pt\/s.01k8rhncp4jt1\/2025\/11\/talking-bot-125x125.png","contentUrl":"https:\/\/portaltela.pt\/s.01k8rhncp4jt1\/2025\/11\/talking-bot-125x125.png","caption":"Telinha"},"sameAs":["https:\/\/portaltela.pt\/"],"url":"https:\/\/portaltela.pt\/por\/367410592786\/"}]}},"_links":{"self":[{"href":"https:\/\/portaltela.pt\/api\/wp\/v2\/posts\/402361","targetHints":{"allow":["GET"]}}],"collection":[{"href":"https:\/\/portaltela.pt\/api\/wp\/v2\/posts"}],"about":[{"href":"https:\/\/portaltela.pt\/api\/wp\/v2\/types\/post"}],"author":[{"embeddable":true,"href":"https:\/\/portaltela.pt\/api\/wp\/v2\/users\/2"}],"replies":[{"embeddable":true,"href":"https:\/\/portaltela.pt\/api\/wp\/v2\/comments?post=402361"}],"version-history":[{"count":0,"href":"https:\/\/portaltela.pt\/api\/wp\/v2\/posts\/402361\/revisions"}],"wp:featuredmedia":[{"embeddable":true,"href":"https:\/\/portaltela.pt\/api\/wp\/v2\/media\/402362"}],"wp:attachment":[{"href":"https:\/\/portaltela.pt\/api\/wp\/v2\/media?parent=402361"}],"wp:term":[{"taxonomy":"category","embeddable":true,"href":"https:\/\/portaltela.pt\/api\/wp\/v2\/categories?post=402361"},{"taxonomy":"post_tag","embeddable":true,"href":"https:\/\/portaltela.pt\/api\/wp\/v2\/tags?post=402361"}],"curies":[{"name":"wp","href":"https:\/\/api.w.org\/{rel}","templated":true}]}}