{"id":402354,"date":"2026-03-08T12:31:20","date_gmt":"2026-03-08T15:31:20","guid":{"rendered":"https:\/\/portaltela.pt\/noticias\/2026\/03\/08\/tribunal-manda-ex-futebolista-agressor-para-a-cadeia\/"},"modified":"2026-03-08T12:31:20","modified_gmt":"2026-03-08T15:31:20","slug":"tribunal-manda-ex-futebolista-agressor-para-a-cadeia","status":"publish","type":"post","link":"https:\/\/portaltela.pt\/noticias\/2026\/03\/08\/tribunal-manda-ex-futebolista-agressor-para-a-cadeia\/","title":{"rendered":"Tribunal manda ex-futebolista agressor para a cadeia"},"content":{"rendered":"<p>O tribunal mandou prender preventivamente um ex-futebolista de 27 anos, detido pela GNR de Almada no in\u00edcio de fevereiro, por insultos e amea\u00e7a com faca aos pais. A decis\u00e3o foi publicada esta semana no Montijo, onde est\u00e1 a cumprir a medida.<\/p>\n<p>O atleta j\u00e1 passou por clubes como Belenenses, Real Sport Clube e Rio Maior. Atualmente \u00e9 barista em Inglaterra e voltou de f\u00e9rias a Portugal no m\u00eas passado, durante as quais atacou os pais de forma agressiva.<\/p>\n<p>O descumprimento da medida de coa\u00e7\u00e3o, que o proib\u00eda de contactar os progenitores, levou o tribunal a ordenar a sua pris\u00e3o no Montijo. A deten\u00e7\u00e3o foi confirmada pela autoridade policial, com base em comunica\u00e7\u00e3o judicial. Fonte: Correio da Manh\u00e3.<\/p>\n","protected":false},"excerpt":{"rendered":"<ul>\n<li>Um ex-futebolista de 27 anos foi colocado em pris\u00e3o preventiva na cadeia do Montijo, desde quinta-feira.<\/li>\n<li>O antigo jogador atuou no Belenenses, Real Sport Clube e Rio Maior e, atualmente, trabalha como barista em Inglaterra.<\/li>\n<li>Estando de f\u00e9rias em Portugal no m\u00eas passado, insultou e amea\u00e7ou os pais com a faca na m\u00e3o.<\/li>\n<li>Foi detido pela GNR de Almada no in\u00edcio de fevereiro.<\/li>\n<li>O tribunal tinha imposto a coa\u00e7\u00e3o de afastamento dos pais, proibindo o contacto com eles, medida que ele desrespeitou.<\/li>\n<\/ul>\n","protected":false},"author":2,"featured_media":402357,"comment_status":"closed","ping_status":"closed","sticky":false,"template":"","format":"standard","meta":{"footnotes":""},"categories":[6815,1],"tags":[2079,1373,4925,147,32,1058],"class_list":["post-402354","post","type-post","status-publish","format-standard","has-post-thumbnail","hentry","category-justica","category-noticias","tag-agressoes","tag-almada","tag-belenenses","tag-crime","tag-futebol","tag-montijo"],"yoast_head":"<!-- This site is optimized with the Yoast SEO plugin v27.2 - https:\/\/yoast.com\/product\/yoast-seo-wordpress\/ -->\n<title>Tribunal manda ex-futebolista agressor para a cadeia - Portal Tela Portugal<\/title>\n<meta name=\"robots\" content=\"index, follow, max-snippet:-1, max-image-preview:large, max-video-preview:-1\" \/>\n<meta property=\"og:locale\" content=\"pt_PT\" \/>\n<meta property=\"og:type\" content=\"article\" \/>\n<meta property=\"og:title\" content=\"Tribunal manda ex-futebolista agressor para a cadeia - Portal Tela Portugal\" \/>\n<meta property=\"og:description\" content=\"Um ex-futebolista de 27 anos foi colocado em pris\u00e3o preventiva na cadeia do Montijo, desde quinta-feira. O antigo jogador atuou no Belenenses, Real Sport Clube e Rio Maior e, atualmente, trabalha como barista em Inglaterra. Estando de f\u00e9rias em Portugal no m\u00eas passado, insultou e amea\u00e7ou os pais com a faca na m\u00e3o. Foi detido pela GNR de Almada no in\u00edcio de fevereiro. O tribunal tinha imposto a coa\u00e7\u00e3o de afastamento dos pais, proibindo o contacto com eles, medida que ele desrespeitou.\" \/>\n<meta property=\"og:url\" content=\"https:\/\/portaltela.pt\/noticias\/2026\/03\/08\/tribunal-manda-ex-futebolista-agressor-para-a-cadeia\/\" \/>\n<meta property=\"og:site_name\" content=\"Portal Tela Portugal\" \/>\n<meta property=\"article:published_time\" content=\"2026-03-08T15:31:20+00:00\" \/>\n<meta name=\"author\" content=\"Telinha\" \/>\n<meta name=\"twitter:card\" content=\"summary_large_image\" \/>\n<meta name=\"twitter:label1\" content=\"Escrito por\" \/>\n\t<meta name=\"twitter:data1\" content=\"Telinha\" \/>\n\t<meta name=\"twitter:label2\" content=\"Tempo estimado de leitura\" \/>\n\t<meta name=\"twitter:data2\" content=\"1 minuto\" \/>\n<script type=\"application\/ld+json\" class=\"yoast-schema-graph\">{\"@context\":\"https:\/\/schema.org\",\"@graph\":[{\"@type\":\"Article\",\"@id\":\"https:\/\/portaltela.pt\/noticias\/2026\/03\/08\/tribunal-manda-ex-futebolista-agressor-para-a-cadeia\/#article\",\"isPartOf\":{\"@id\":\"https:\/\/portaltela.pt\/noticias\/2026\/03\/08\/tribunal-manda-ex-futebolista-agressor-para-a-cadeia\/\"},\"author\":{\"name\":\"Telinha\",\"@id\":\"https:\/\/portaltela.pt\/#\/schema\/person\/c4278d4a6028830caff9ee44b42d32ed\"},\"headline\":\"Tribunal manda ex-futebolista agressor para a cadeia\",\"datePublished\":\"2026-03-08T15:31:20+00:00\",\"mainEntityOfPage\":{\"@id\":\"https:\/\/portaltela.pt\/noticias\/2026\/03\/08\/tribunal-manda-ex-futebolista-agressor-para-a-cadeia\/\"},\"wordCount\":132,\"image\":{\"@id\":\"https:\/\/portaltela.pt\/noticias\/2026\/03\/08\/tribunal-manda-ex-futebolista-agressor-para-a-cadeia\/#primaryimage\"},\"thumbnailUrl\":\"https:\/\/portaltela.pt\/s.01k8rhncp4jt1\/2026\/03\/img_920x518uu2026-03-08-15-31-05-2425636.jpg\",\"keywords\":[\"agress\u00f5es\",\"Almada\",\"Belenenses\",\"crime\",\"futebol\",\"Montijo\"],\"articleSection\":[\"Justi\u00e7a\",\"Not\u00edcias\"],\"inLanguage\":\"pt-PT\"},{\"@type\":\"WebPage\",\"@id\":\"https:\/\/portaltela.pt\/noticias\/2026\/03\/08\/tribunal-manda-ex-futebolista-agressor-para-a-cadeia\/\",\"url\":\"https:\/\/portaltela.pt\/noticias\/2026\/03\/08\/tribunal-manda-ex-futebolista-agressor-para-a-cadeia\/\",\"name\":\"Tribunal manda ex-futebolista agressor para a cadeia - Portal Tela Portugal\",\"isPartOf\":{\"@id\":\"https:\/\/portaltela.pt\/#website\"},\"primaryImageOfPage\":{\"@id\":\"https:\/\/portaltela.pt\/noticias\/2026\/03\/08\/tribunal-manda-ex-futebolista-agressor-para-a-cadeia\/#primaryimage\"},\"image\":{\"@id\":\"https:\/\/portaltela.pt\/noticias\/2026\/03\/08\/tribunal-manda-ex-futebolista-agressor-para-a-cadeia\/#primaryimage\"},\"thumbnailUrl\":\"https:\/\/portaltela.pt\/s.01k8rhncp4jt1\/2026\/03\/img_920x518uu2026-03-08-15-31-05-2425636.jpg\",\"datePublished\":\"2026-03-08T15:31:20+00:00\",\"author\":{\"@id\":\"https:\/\/portaltela.pt\/#\/schema\/person\/c4278d4a6028830caff9ee44b42d32ed\"},\"breadcrumb\":{\"@id\":\"https:\/\/portaltela.pt\/noticias\/2026\/03\/08\/tribunal-manda-ex-futebolista-agressor-para-a-cadeia\/#breadcrumb\"},\"inLanguage\":\"pt-PT\",\"potentialAction\":[{\"@type\":\"ReadAction\",\"target\":[\"https:\/\/portaltela.pt\/noticias\/2026\/03\/08\/tribunal-manda-ex-futebolista-agressor-para-a-cadeia\/\"]}]},{\"@type\":\"ImageObject\",\"inLanguage\":\"pt-PT\",\"@id\":\"https:\/\/portaltela.pt\/noticias\/2026\/03\/08\/tribunal-manda-ex-futebolista-agressor-para-a-cadeia\/#primaryimage\",\"url\":\"https:\/\/portaltela.pt\/s.01k8rhncp4jt1\/2026\/03\/img_920x518uu2026-03-08-15-31-05-2425636.jpg\",\"contentUrl\":\"https:\/\/portaltela.pt\/s.01k8rhncp4jt1\/2026\/03\/img_920x518uu2026-03-08-15-31-05-2425636.jpg\",\"width\":796,\"height\":448,\"caption\":\"Medida de coa\u00e7\u00e3o foi aplicada pelo tribunal do Seixal\"},{\"@type\":\"BreadcrumbList\",\"@id\":\"https:\/\/portaltela.pt\/noticias\/2026\/03\/08\/tribunal-manda-ex-futebolista-agressor-para-a-cadeia\/#breadcrumb\",\"itemListElement\":[{\"@type\":\"ListItem\",\"position\":1,\"name\":\"In\u00edcio\",\"item\":\"https:\/\/portaltela.pt\/\"},{\"@type\":\"ListItem\",\"position\":2,\"name\":\"Tribunal manda ex-futebolista agressor para a cadeia\"}]},{\"@type\":\"WebSite\",\"@id\":\"https:\/\/portaltela.pt\/#website\",\"url\":\"https:\/\/portaltela.pt\/\",\"name\":\"Portal Tela Portugal\",\"description\":\"\",\"potentialAction\":[{\"@type\":\"SearchAction\",\"target\":{\"@type\":\"EntryPoint\",\"urlTemplate\":\"https:\/\/portaltela.pt\/?s={search_term_string}\"},\"query-input\":{\"@type\":\"PropertyValueSpecification\",\"valueRequired\":true,\"valueName\":\"search_term_string\"}}],\"inLanguage\":\"pt-PT\"},{\"@type\":\"Person\",\"@id\":\"https:\/\/portaltela.pt\/#\/schema\/person\/c4278d4a6028830caff9ee44b42d32ed\",\"name\":\"Telinha\",\"image\":{\"@type\":\"ImageObject\",\"inLanguage\":\"pt-PT\",\"@id\":\"https:\/\/portaltela.pt\/s.01k8rhncp4jt1\/2025\/11\/talking-bot-125x125.png\",\"url\":\"https:\/\/portaltela.pt\/s.01k8rhncp4jt1\/2025\/11\/talking-bot-125x125.png\",\"contentUrl\":\"https:\/\/portaltela.pt\/s.01k8rhncp4jt1\/2025\/11\/talking-bot-125x125.png\",\"caption\":\"Telinha\"},\"sameAs\":[\"https:\/\/portaltela.pt\/\"],\"url\":\"https:\/\/portaltela.pt\/por\/367410592786\/\"}]}<\/script>\n<!-- \/ Yoast SEO plugin. -->","yoast_head_json":{"title":"Tribunal manda ex-futebolista agressor para a cadeia - Portal Tela Portugal","robots":{"index":"index","follow":"follow","max-snippet":"max-snippet:-1","max-image-preview":"max-image-preview:large","max-video-preview":"max-video-preview:-1"},"og_locale":"pt_PT","og_type":"article","og_title":"Tribunal manda ex-futebolista agressor para a cadeia - Portal Tela Portugal","og_description":"Um ex-futebolista de 27 anos foi colocado em pris\u00e3o preventiva na cadeia do Montijo, desde quinta-feira. O antigo jogador atuou no Belenenses, Real Sport Clube e Rio Maior e, atualmente, trabalha como barista em Inglaterra. Estando de f\u00e9rias em Portugal no m\u00eas passado, insultou e amea\u00e7ou os pais com a faca na m\u00e3o. Foi detido pela GNR de Almada no in\u00edcio de fevereiro. O tribunal tinha imposto a coa\u00e7\u00e3o de afastamento dos pais, proibindo o contacto com eles, medida que ele desrespeitou.","og_url":"https:\/\/portaltela.pt\/noticias\/2026\/03\/08\/tribunal-manda-ex-futebolista-agressor-para-a-cadeia\/","og_site_name":"Portal Tela Portugal","article_published_time":"2026-03-08T15:31:20+00:00","author":"Telinha","twitter_card":"summary_large_image","twitter_misc":{"Escrito por":"Telinha","Tempo estimado de leitura":"1 minuto"},"schema":{"@context":"https:\/\/schema.org","@graph":[{"@type":"Article","@id":"https:\/\/portaltela.pt\/noticias\/2026\/03\/08\/tribunal-manda-ex-futebolista-agressor-para-a-cadeia\/#article","isPartOf":{"@id":"https:\/\/portaltela.pt\/noticias\/2026\/03\/08\/tribunal-manda-ex-futebolista-agressor-para-a-cadeia\/"},"author":{"name":"Telinha","@id":"https:\/\/portaltela.pt\/#\/schema\/person\/c4278d4a6028830caff9ee44b42d32ed"},"headline":"Tribunal manda ex-futebolista agressor para a cadeia","datePublished":"2026-03-08T15:31:20+00:00","mainEntityOfPage":{"@id":"https:\/\/portaltela.pt\/noticias\/2026\/03\/08\/tribunal-manda-ex-futebolista-agressor-para-a-cadeia\/"},"wordCount":132,"image":{"@id":"https:\/\/portaltela.pt\/noticias\/2026\/03\/08\/tribunal-manda-ex-futebolista-agressor-para-a-cadeia\/#primaryimage"},"thumbnailUrl":"https:\/\/portaltela.pt\/s.01k8rhncp4jt1\/2026\/03\/img_920x518uu2026-03-08-15-31-05-2425636.jpg","keywords":["agress\u00f5es","Almada","Belenenses","crime","futebol","Montijo"],"articleSection":["Justi\u00e7a","Not\u00edcias"],"inLanguage":"pt-PT"},{"@type":"WebPage","@id":"https:\/\/portaltela.pt\/noticias\/2026\/03\/08\/tribunal-manda-ex-futebolista-agressor-para-a-cadeia\/","url":"https:\/\/portaltela.pt\/noticias\/2026\/03\/08\/tribunal-manda-ex-futebolista-agressor-para-a-cadeia\/","name":"Tribunal manda ex-futebolista agressor para a cadeia - Portal Tela Portugal","isPartOf":{"@id":"https:\/\/portaltela.pt\/#website"},"primaryImageOfPage":{"@id":"https:\/\/portaltela.pt\/noticias\/2026\/03\/08\/tribunal-manda-ex-futebolista-agressor-para-a-cadeia\/#primaryimage"},"image":{"@id":"https:\/\/portaltela.pt\/noticias\/2026\/03\/08\/tribunal-manda-ex-futebolista-agressor-para-a-cadeia\/#primaryimage"},"thumbnailUrl":"https:\/\/portaltela.pt\/s.01k8rhncp4jt1\/2026\/03\/img_920x518uu2026-03-08-15-31-05-2425636.jpg","datePublished":"2026-03-08T15:31:20+00:00","author":{"@id":"https:\/\/portaltela.pt\/#\/schema\/person\/c4278d4a6028830caff9ee44b42d32ed"},"breadcrumb":{"@id":"https:\/\/portaltela.pt\/noticias\/2026\/03\/08\/tribunal-manda-ex-futebolista-agressor-para-a-cadeia\/#breadcrumb"},"inLanguage":"pt-PT","potentialAction":[{"@type":"ReadAction","target":["https:\/\/portaltela.pt\/noticias\/2026\/03\/08\/tribunal-manda-ex-futebolista-agressor-para-a-cadeia\/"]}]},{"@type":"ImageObject","inLanguage":"pt-PT","@id":"https:\/\/portaltela.pt\/noticias\/2026\/03\/08\/tribunal-manda-ex-futebolista-agressor-para-a-cadeia\/#primaryimage","url":"https:\/\/portaltela.pt\/s.01k8rhncp4jt1\/2026\/03\/img_920x518uu2026-03-08-15-31-05-2425636.jpg","contentUrl":"https:\/\/portaltela.pt\/s.01k8rhncp4jt1\/2026\/03\/img_920x518uu2026-03-08-15-31-05-2425636.jpg","width":796,"height":448,"caption":"Medida de coa\u00e7\u00e3o foi aplicada pelo tribunal do Seixal"},{"@type":"BreadcrumbList","@id":"https:\/\/portaltela.pt\/noticias\/2026\/03\/08\/tribunal-manda-ex-futebolista-agressor-para-a-cadeia\/#breadcrumb","itemListElement":[{"@type":"ListItem","position":1,"name":"In\u00edcio","item":"https:\/\/portaltela.pt\/"},{"@type":"ListItem","position":2,"name":"Tribunal manda ex-futebolista agressor para a cadeia"}]},{"@type":"WebSite","@id":"https:\/\/portaltela.pt\/#website","url":"https:\/\/portaltela.pt\/","name":"Portal Tela Portugal","description":"","potentialAction":[{"@type":"SearchAction","target":{"@type":"EntryPoint","urlTemplate":"https:\/\/portaltela.pt\/?s={search_term_string}"},"query-input":{"@type":"PropertyValueSpecification","valueRequired":true,"valueName":"search_term_string"}}],"inLanguage":"pt-PT"},{"@type":"Person","@id":"https:\/\/portaltela.pt\/#\/schema\/person\/c4278d4a6028830caff9ee44b42d32ed","name":"Telinha","image":{"@type":"ImageObject","inLanguage":"pt-PT","@id":"https:\/\/portaltela.pt\/s.01k8rhncp4jt1\/2025\/11\/talking-bot-125x125.png","url":"https:\/\/portaltela.pt\/s.01k8rhncp4jt1\/2025\/11\/talking-bot-125x125.png","contentUrl":"https:\/\/portaltela.pt\/s.01k8rhncp4jt1\/2025\/11\/talking-bot-125x125.png","caption":"Telinha"},"sameAs":["https:\/\/portaltela.pt\/"],"url":"https:\/\/portaltela.pt\/por\/367410592786\/"}]}},"_links":{"self":[{"href":"https:\/\/portaltela.pt\/api\/wp\/v2\/posts\/402354","targetHints":{"allow":["GET"]}}],"collection":[{"href":"https:\/\/portaltela.pt\/api\/wp\/v2\/posts"}],"about":[{"href":"https:\/\/portaltela.pt\/api\/wp\/v2\/types\/post"}],"author":[{"embeddable":true,"href":"https:\/\/portaltela.pt\/api\/wp\/v2\/users\/2"}],"replies":[{"embeddable":true,"href":"https:\/\/portaltela.pt\/api\/wp\/v2\/comments?post=402354"}],"version-history":[{"count":0,"href":"https:\/\/portaltela.pt\/api\/wp\/v2\/posts\/402354\/revisions"}],"wp:featuredmedia":[{"embeddable":true,"href":"https:\/\/portaltela.pt\/api\/wp\/v2\/media\/402357"}],"wp:attachment":[{"href":"https:\/\/portaltela.pt\/api\/wp\/v2\/media?parent=402354"}],"wp:term":[{"taxonomy":"category","embeddable":true,"href":"https:\/\/portaltela.pt\/api\/wp\/v2\/categories?post=402354"},{"taxonomy":"post_tag","embeddable":true,"href":"https:\/\/portaltela.pt\/api\/wp\/v2\/tags?post=402354"}],"curies":[{"name":"wp","href":"https:\/\/api.w.org\/{rel}","templated":true}]}}