{"id":402350,"date":"2026-03-08T12:38:08","date_gmt":"2026-03-08T15:38:08","guid":{"rendered":"https:\/\/portaltela.pt\/noticias\/2026\/03\/08\/villarreal-vence-mantem-se-no-4-o-lugar-andre-silva-marca-pelo-elche\/"},"modified":"2026-03-08T12:38:08","modified_gmt":"2026-03-08T15:38:08","slug":"villarreal-vence-mantem-se-no-4-o-lugar-andre-silva-marca-pelo-elche","status":"publish","type":"post","link":"https:\/\/portaltela.pt\/desporto\/futebol\/2026\/03\/08\/villarreal-vence-mantem-se-no-4-o-lugar-andre-silva-marca-pelo-elche\/","title":{"rendered":"Villarreal vence, mant\u00e9m-se no 4.\u00ba lugar; Andr\u00e9 Silva marca pelo Elche"},"content":{"rendered":"<p>O Villarreal venceu o Elche por 2-1, em jogo da 27.\u00aa jornada da Liga espanhola, realizado no Est\u00e1dio de la Cer\u00e1mica. A equipa da casa adiantou-se com dois golos em menos de 15 minutos, mantendo-se na zona de Liga dos Campe\u00f5es. O Elche reduziu perto do final.<\/p>\n<p>Os golos do Villarreal foram assinalados por Buchanan aos 31 minutos e Mouri\u00f1o aos 41, garantindo vantagem antes ao intervalo. O brasileiro n\u00e3o garantiu a dupla jornada, mantendo a press\u00e3o sobre o advers\u00e1rio.<\/p>\n<p>Andr\u00e9 Silva, atacante portugu\u00eas do Elche, reduziu aos 83 minutos, de cabe\u00e7a ao primeiro poste, a partir de um cruzamento.<\/p>\n<p>Renato Veiga entrou aos 76 minutos pelo Villarreal e Martim Neto jogou aos 59 minutos pelo Elche, em estreia pelo mais recente conjunto.<\/p>\n<p>Com o triunfo, o Villarreal soma 54 pontos e permanece no 4.\u00ba lugar, empatado com o Atl\u00e9tico de Madrid. A dist\u00e2ncia ao Real Madrid \u00e9 de nove pontos e ao l\u00edder FC Barcelona, 13. O Elche continua na 17.\u00aa posi\u00e7\u00e3o, com poucos pontos de vantagem sobre a zona de despromo\u00e7\u00e3o.<\/p>\n","protected":false},"excerpt":{"rendered":"<ul>\n<li>O Villarreal venceu o Elche por 2-1, mantendo a 4.\u00aa posi\u00e7\u00e3o na Liga espanhola.<\/li>\n<li>Os golos do Villarreal foram marcados por Buchanan (31) e Mouri\u00f1o (41) na primeira parte.<\/li>\n<li>Andr\u00e9 Silva reduziu para o Elche aos 83, de cabe\u00e7a, j\u00e1 perto do final do jogo.<\/li>\n<li>Renato Veiga entrou aos 76 minutos e Martim Neto entrou aos 59 minutos, ambos a representar equipas contr\u00e1rias.<\/li>\n<li>O Villarreal soma 54 pontos, em igualdade com o Atl\u00e9tico de Madrid, a nove do Real Madrid e a 13 do l\u00edder FC Barcelona; Elche permanece em zona de despromo\u00e7\u00e3o.<\/li>\n<\/ul>\n","protected":false},"author":2,"featured_media":402353,"comment_status":"closed","ping_status":"closed","sticky":false,"template":"","format":"standard","meta":{"footnotes":""},"categories":[21,24],"tags":[3503,32,3338,1789],"class_list":["post-402350","post","type-post","status-publish","format-standard","has-post-thumbnail","hentry","category-desporto","category-futebol","tag-elche","tag-futebol","tag-futebol-internacional","tag-la-liga"],"yoast_head":"<!-- This site is optimized with the Yoast SEO plugin v27.2 - https:\/\/yoast.com\/product\/yoast-seo-wordpress\/ -->\n<title>Villarreal vence, mant\u00e9m-se no 4.\u00ba lugar; Andr\u00e9 Silva marca pelo Elche - Portal Tela Portugal<\/title>\n<meta name=\"robots\" content=\"index, follow, max-snippet:-1, max-image-preview:large, max-video-preview:-1\" \/>\n<meta property=\"og:locale\" content=\"pt_PT\" \/>\n<meta property=\"og:type\" content=\"article\" \/>\n<meta property=\"og:title\" content=\"Villarreal vence, mant\u00e9m-se no 4.\u00ba lugar; Andr\u00e9 Silva marca pelo Elche - Portal Tela Portugal\" \/>\n<meta property=\"og:description\" content=\"O Villarreal venceu o Elche por 2-1, mantendo a 4.\u00aa posi\u00e7\u00e3o na Liga espanhola. Os golos do Villarreal foram marcados por Buchanan (31) e Mouri\u00f1o (41) na primeira parte. Andr\u00e9 Silva reduziu para o Elche aos 83, de cabe\u00e7a, j\u00e1 perto do final do jogo. Renato Veiga entrou aos 76 minutos e Martim Neto entrou aos 59 minutos, ambos a representar equipas contr\u00e1rias. O Villarreal soma 54 pontos, em igualdade com o Atl\u00e9tico de Madrid, a nove do Real Madrid e a 13 do l\u00edder FC Barcelona; Elche permanece em zona de despromo\u00e7\u00e3o.\" \/>\n<meta property=\"og:url\" content=\"https:\/\/portaltela.pt\/noticias\/2026\/03\/08\/villarreal-vence-mantem-se-no-4-o-lugar-andre-silva-marca-pelo-elche\/\" \/>\n<meta property=\"og:site_name\" content=\"Portal Tela Portugal\" \/>\n<meta property=\"article:published_time\" content=\"2026-03-08T15:38:08+00:00\" \/>\n<meta name=\"author\" content=\"Telinha\" \/>\n<meta name=\"twitter:card\" content=\"summary_large_image\" \/>\n<meta name=\"twitter:label1\" content=\"Escrito por\" \/>\n\t<meta name=\"twitter:data1\" content=\"Telinha\" \/>\n\t<meta name=\"twitter:label2\" content=\"Tempo estimado de leitura\" \/>\n\t<meta name=\"twitter:data2\" content=\"1 minuto\" \/>\n<script type=\"application\/ld+json\" class=\"yoast-schema-graph\">{\"@context\":\"https:\/\/schema.org\",\"@graph\":[{\"@type\":\"Article\",\"@id\":\"https:\/\/portaltela.pt\/noticias\/2026\/03\/08\/villarreal-vence-mantem-se-no-4-o-lugar-andre-silva-marca-pelo-elche\/#article\",\"isPartOf\":{\"@id\":\"https:\/\/portaltela.pt\/noticias\/2026\/03\/08\/villarreal-vence-mantem-se-no-4-o-lugar-andre-silva-marca-pelo-elche\/\"},\"author\":{\"name\":\"Telinha\",\"@id\":\"https:\/\/portaltela.pt\/#\/schema\/person\/c4278d4a6028830caff9ee44b42d32ed\"},\"headline\":\"Villarreal vence, mant\u00e9m-se no 4.\u00ba lugar; Andr\u00e9 Silva marca pelo Elche\",\"datePublished\":\"2026-03-08T15:38:08+00:00\",\"mainEntityOfPage\":{\"@id\":\"https:\/\/portaltela.pt\/noticias\/2026\/03\/08\/villarreal-vence-mantem-se-no-4-o-lugar-andre-silva-marca-pelo-elche\/\"},\"wordCount\":186,\"image\":{\"@id\":\"https:\/\/portaltela.pt\/noticias\/2026\/03\/08\/villarreal-vence-mantem-se-no-4-o-lugar-andre-silva-marca-pelo-elche\/#primaryimage\"},\"thumbnailUrl\":\"https:\/\/portaltela.pt\/s.01k8rhncp4jt1\/2026\/03\/img_920x518uu2026-03-08-15-37-35-2425638.jpg\",\"keywords\":[\"Elche\",\"futebol\",\"futebol internacional\",\"La Liga\"],\"articleSection\":[\"Desporto\",\"Futebol\"],\"inLanguage\":\"pt-PT\"},{\"@type\":\"WebPage\",\"@id\":\"https:\/\/portaltela.pt\/noticias\/2026\/03\/08\/villarreal-vence-mantem-se-no-4-o-lugar-andre-silva-marca-pelo-elche\/\",\"url\":\"https:\/\/portaltela.pt\/noticias\/2026\/03\/08\/villarreal-vence-mantem-se-no-4-o-lugar-andre-silva-marca-pelo-elche\/\",\"name\":\"Villarreal vence, mant\u00e9m-se no 4.\u00ba lugar; Andr\u00e9 Silva marca pelo Elche - Portal Tela Portugal\",\"isPartOf\":{\"@id\":\"https:\/\/portaltela.pt\/#website\"},\"primaryImageOfPage\":{\"@id\":\"https:\/\/portaltela.pt\/noticias\/2026\/03\/08\/villarreal-vence-mantem-se-no-4-o-lugar-andre-silva-marca-pelo-elche\/#primaryimage\"},\"image\":{\"@id\":\"https:\/\/portaltela.pt\/noticias\/2026\/03\/08\/villarreal-vence-mantem-se-no-4-o-lugar-andre-silva-marca-pelo-elche\/#primaryimage\"},\"thumbnailUrl\":\"https:\/\/portaltela.pt\/s.01k8rhncp4jt1\/2026\/03\/img_920x518uu2026-03-08-15-37-35-2425638.jpg\",\"datePublished\":\"2026-03-08T15:38:08+00:00\",\"author\":{\"@id\":\"https:\/\/portaltela.pt\/#\/schema\/person\/c4278d4a6028830caff9ee44b42d32ed\"},\"breadcrumb\":{\"@id\":\"https:\/\/portaltela.pt\/noticias\/2026\/03\/08\/villarreal-vence-mantem-se-no-4-o-lugar-andre-silva-marca-pelo-elche\/#breadcrumb\"},\"inLanguage\":\"pt-PT\",\"potentialAction\":[{\"@type\":\"ReadAction\",\"target\":[\"https:\/\/portaltela.pt\/noticias\/2026\/03\/08\/villarreal-vence-mantem-se-no-4-o-lugar-andre-silva-marca-pelo-elche\/\"]}]},{\"@type\":\"ImageObject\",\"inLanguage\":\"pt-PT\",\"@id\":\"https:\/\/portaltela.pt\/noticias\/2026\/03\/08\/villarreal-vence-mantem-se-no-4-o-lugar-andre-silva-marca-pelo-elche\/#primaryimage\",\"url\":\"https:\/\/portaltela.pt\/s.01k8rhncp4jt1\/2026\/03\/img_920x518uu2026-03-08-15-37-35-2425638.jpg\",\"contentUrl\":\"https:\/\/portaltela.pt\/s.01k8rhncp4jt1\/2026\/03\/img_920x518uu2026-03-08-15-37-35-2425638.jpg\",\"width\":796,\"height\":448,\"caption\":\"Villarreal venceu o Elche por 2-1 na La Liga\"},{\"@type\":\"BreadcrumbList\",\"@id\":\"https:\/\/portaltela.pt\/noticias\/2026\/03\/08\/villarreal-vence-mantem-se-no-4-o-lugar-andre-silva-marca-pelo-elche\/#breadcrumb\",\"itemListElement\":[{\"@type\":\"ListItem\",\"position\":1,\"name\":\"In\u00edcio\",\"item\":\"https:\/\/portaltela.pt\/\"},{\"@type\":\"ListItem\",\"position\":2,\"name\":\"Villarreal vence, mant\u00e9m-se no 4.\u00ba lugar; Andr\u00e9 Silva marca pelo Elche\"}]},{\"@type\":\"WebSite\",\"@id\":\"https:\/\/portaltela.pt\/#website\",\"url\":\"https:\/\/portaltela.pt\/\",\"name\":\"Portal Tela Portugal\",\"description\":\"\",\"potentialAction\":[{\"@type\":\"SearchAction\",\"target\":{\"@type\":\"EntryPoint\",\"urlTemplate\":\"https:\/\/portaltela.pt\/?s={search_term_string}\"},\"query-input\":{\"@type\":\"PropertyValueSpecification\",\"valueRequired\":true,\"valueName\":\"search_term_string\"}}],\"inLanguage\":\"pt-PT\"},{\"@type\":\"Person\",\"@id\":\"https:\/\/portaltela.pt\/#\/schema\/person\/c4278d4a6028830caff9ee44b42d32ed\",\"name\":\"Telinha\",\"image\":{\"@type\":\"ImageObject\",\"inLanguage\":\"pt-PT\",\"@id\":\"https:\/\/portaltela.pt\/s.01k8rhncp4jt1\/2025\/11\/talking-bot-125x125.png\",\"url\":\"https:\/\/portaltela.pt\/s.01k8rhncp4jt1\/2025\/11\/talking-bot-125x125.png\",\"contentUrl\":\"https:\/\/portaltela.pt\/s.01k8rhncp4jt1\/2025\/11\/talking-bot-125x125.png\",\"caption\":\"Telinha\"},\"sameAs\":[\"https:\/\/portaltela.pt\/\"],\"url\":\"https:\/\/portaltela.pt\/por\/367410592786\/\"}]}<\/script>\n<!-- \/ Yoast SEO plugin. -->","yoast_head_json":{"title":"Villarreal vence, mant\u00e9m-se no 4.\u00ba lugar; Andr\u00e9 Silva marca pelo Elche - Portal Tela Portugal","robots":{"index":"index","follow":"follow","max-snippet":"max-snippet:-1","max-image-preview":"max-image-preview:large","max-video-preview":"max-video-preview:-1"},"og_locale":"pt_PT","og_type":"article","og_title":"Villarreal vence, mant\u00e9m-se no 4.\u00ba lugar; Andr\u00e9 Silva marca pelo Elche - Portal Tela Portugal","og_description":"O Villarreal venceu o Elche por 2-1, mantendo a 4.\u00aa posi\u00e7\u00e3o na Liga espanhola. Os golos do Villarreal foram marcados por Buchanan (31) e Mouri\u00f1o (41) na primeira parte. Andr\u00e9 Silva reduziu para o Elche aos 83, de cabe\u00e7a, j\u00e1 perto do final do jogo. Renato Veiga entrou aos 76 minutos e Martim Neto entrou aos 59 minutos, ambos a representar equipas contr\u00e1rias. O Villarreal soma 54 pontos, em igualdade com o Atl\u00e9tico de Madrid, a nove do Real Madrid e a 13 do l\u00edder FC Barcelona; Elche permanece em zona de despromo\u00e7\u00e3o.","og_url":"https:\/\/portaltela.pt\/noticias\/2026\/03\/08\/villarreal-vence-mantem-se-no-4-o-lugar-andre-silva-marca-pelo-elche\/","og_site_name":"Portal Tela Portugal","article_published_time":"2026-03-08T15:38:08+00:00","author":"Telinha","twitter_card":"summary_large_image","twitter_misc":{"Escrito por":"Telinha","Tempo estimado de leitura":"1 minuto"},"schema":{"@context":"https:\/\/schema.org","@graph":[{"@type":"Article","@id":"https:\/\/portaltela.pt\/noticias\/2026\/03\/08\/villarreal-vence-mantem-se-no-4-o-lugar-andre-silva-marca-pelo-elche\/#article","isPartOf":{"@id":"https:\/\/portaltela.pt\/noticias\/2026\/03\/08\/villarreal-vence-mantem-se-no-4-o-lugar-andre-silva-marca-pelo-elche\/"},"author":{"name":"Telinha","@id":"https:\/\/portaltela.pt\/#\/schema\/person\/c4278d4a6028830caff9ee44b42d32ed"},"headline":"Villarreal vence, mant\u00e9m-se no 4.\u00ba lugar; Andr\u00e9 Silva marca pelo Elche","datePublished":"2026-03-08T15:38:08+00:00","mainEntityOfPage":{"@id":"https:\/\/portaltela.pt\/noticias\/2026\/03\/08\/villarreal-vence-mantem-se-no-4-o-lugar-andre-silva-marca-pelo-elche\/"},"wordCount":186,"image":{"@id":"https:\/\/portaltela.pt\/noticias\/2026\/03\/08\/villarreal-vence-mantem-se-no-4-o-lugar-andre-silva-marca-pelo-elche\/#primaryimage"},"thumbnailUrl":"https:\/\/portaltela.pt\/s.01k8rhncp4jt1\/2026\/03\/img_920x518uu2026-03-08-15-37-35-2425638.jpg","keywords":["Elche","futebol","futebol internacional","La Liga"],"articleSection":["Desporto","Futebol"],"inLanguage":"pt-PT"},{"@type":"WebPage","@id":"https:\/\/portaltela.pt\/noticias\/2026\/03\/08\/villarreal-vence-mantem-se-no-4-o-lugar-andre-silva-marca-pelo-elche\/","url":"https:\/\/portaltela.pt\/noticias\/2026\/03\/08\/villarreal-vence-mantem-se-no-4-o-lugar-andre-silva-marca-pelo-elche\/","name":"Villarreal vence, mant\u00e9m-se no 4.\u00ba lugar; Andr\u00e9 Silva marca pelo Elche - Portal Tela Portugal","isPartOf":{"@id":"https:\/\/portaltela.pt\/#website"},"primaryImageOfPage":{"@id":"https:\/\/portaltela.pt\/noticias\/2026\/03\/08\/villarreal-vence-mantem-se-no-4-o-lugar-andre-silva-marca-pelo-elche\/#primaryimage"},"image":{"@id":"https:\/\/portaltela.pt\/noticias\/2026\/03\/08\/villarreal-vence-mantem-se-no-4-o-lugar-andre-silva-marca-pelo-elche\/#primaryimage"},"thumbnailUrl":"https:\/\/portaltela.pt\/s.01k8rhncp4jt1\/2026\/03\/img_920x518uu2026-03-08-15-37-35-2425638.jpg","datePublished":"2026-03-08T15:38:08+00:00","author":{"@id":"https:\/\/portaltela.pt\/#\/schema\/person\/c4278d4a6028830caff9ee44b42d32ed"},"breadcrumb":{"@id":"https:\/\/portaltela.pt\/noticias\/2026\/03\/08\/villarreal-vence-mantem-se-no-4-o-lugar-andre-silva-marca-pelo-elche\/#breadcrumb"},"inLanguage":"pt-PT","potentialAction":[{"@type":"ReadAction","target":["https:\/\/portaltela.pt\/noticias\/2026\/03\/08\/villarreal-vence-mantem-se-no-4-o-lugar-andre-silva-marca-pelo-elche\/"]}]},{"@type":"ImageObject","inLanguage":"pt-PT","@id":"https:\/\/portaltela.pt\/noticias\/2026\/03\/08\/villarreal-vence-mantem-se-no-4-o-lugar-andre-silva-marca-pelo-elche\/#primaryimage","url":"https:\/\/portaltela.pt\/s.01k8rhncp4jt1\/2026\/03\/img_920x518uu2026-03-08-15-37-35-2425638.jpg","contentUrl":"https:\/\/portaltela.pt\/s.01k8rhncp4jt1\/2026\/03\/img_920x518uu2026-03-08-15-37-35-2425638.jpg","width":796,"height":448,"caption":"Villarreal venceu o Elche por 2-1 na La Liga"},{"@type":"BreadcrumbList","@id":"https:\/\/portaltela.pt\/noticias\/2026\/03\/08\/villarreal-vence-mantem-se-no-4-o-lugar-andre-silva-marca-pelo-elche\/#breadcrumb","itemListElement":[{"@type":"ListItem","position":1,"name":"In\u00edcio","item":"https:\/\/portaltela.pt\/"},{"@type":"ListItem","position":2,"name":"Villarreal vence, mant\u00e9m-se no 4.\u00ba lugar; Andr\u00e9 Silva marca pelo Elche"}]},{"@type":"WebSite","@id":"https:\/\/portaltela.pt\/#website","url":"https:\/\/portaltela.pt\/","name":"Portal Tela Portugal","description":"","potentialAction":[{"@type":"SearchAction","target":{"@type":"EntryPoint","urlTemplate":"https:\/\/portaltela.pt\/?s={search_term_string}"},"query-input":{"@type":"PropertyValueSpecification","valueRequired":true,"valueName":"search_term_string"}}],"inLanguage":"pt-PT"},{"@type":"Person","@id":"https:\/\/portaltela.pt\/#\/schema\/person\/c4278d4a6028830caff9ee44b42d32ed","name":"Telinha","image":{"@type":"ImageObject","inLanguage":"pt-PT","@id":"https:\/\/portaltela.pt\/s.01k8rhncp4jt1\/2025\/11\/talking-bot-125x125.png","url":"https:\/\/portaltela.pt\/s.01k8rhncp4jt1\/2025\/11\/talking-bot-125x125.png","contentUrl":"https:\/\/portaltela.pt\/s.01k8rhncp4jt1\/2025\/11\/talking-bot-125x125.png","caption":"Telinha"},"sameAs":["https:\/\/portaltela.pt\/"],"url":"https:\/\/portaltela.pt\/por\/367410592786\/"}]}},"_links":{"self":[{"href":"https:\/\/portaltela.pt\/api\/wp\/v2\/posts\/402350","targetHints":{"allow":["GET"]}}],"collection":[{"href":"https:\/\/portaltela.pt\/api\/wp\/v2\/posts"}],"about":[{"href":"https:\/\/portaltela.pt\/api\/wp\/v2\/types\/post"}],"author":[{"embeddable":true,"href":"https:\/\/portaltela.pt\/api\/wp\/v2\/users\/2"}],"replies":[{"embeddable":true,"href":"https:\/\/portaltela.pt\/api\/wp\/v2\/comments?post=402350"}],"version-history":[{"count":0,"href":"https:\/\/portaltela.pt\/api\/wp\/v2\/posts\/402350\/revisions"}],"wp:featuredmedia":[{"embeddable":true,"href":"https:\/\/portaltela.pt\/api\/wp\/v2\/media\/402353"}],"wp:attachment":[{"href":"https:\/\/portaltela.pt\/api\/wp\/v2\/media?parent=402350"}],"wp:term":[{"taxonomy":"category","embeddable":true,"href":"https:\/\/portaltela.pt\/api\/wp\/v2\/categories?post=402350"},{"taxonomy":"post_tag","embeddable":true,"href":"https:\/\/portaltela.pt\/api\/wp\/v2\/tags?post=402350"}],"curies":[{"name":"wp","href":"https:\/\/api.w.org\/{rel}","templated":true}]}}