{"id":402342,"date":"2026-03-08T12:29:00","date_gmt":"2026-03-08T15:29:00","guid":{"rendered":"https:\/\/portaltela.pt\/noticias\/2026\/03\/08\/adeus-a-antonio-lobo-antunes-emocao-e-hino-do-benfica\/"},"modified":"2026-03-08T12:29:00","modified_gmt":"2026-03-08T15:29:00","slug":"adeus-a-antonio-lobo-antunes-emocao-e-hino-do-benfica","status":"publish","type":"post","link":"https:\/\/portaltela.pt\/noticias\/politica\/2026\/03\/08\/adeus-a-antonio-lobo-antunes-emocao-e-hino-do-benfica\/","title":{"rendered":"Adeus a Ant\u00f3nio Lobo Antunes: emo\u00e7\u00e3o e hino do Benfica"},"content":{"rendered":"<p>O adeus a Ant\u00f3nio Lobo Antunes aconteceu no Mosteiro dos Jer\u00f3nimos, em Lisboa, ao meio-dia de s\u00e1bado. A cerim\u00f3nia contou com familiares, amigos e admiradores do escritor e incluiu uma missa de corpo presente de cerca de duas horas. O objetivo foi marcar a despedida p\u00fablica do autor.<\/p>\n<p>A hom\u00edlia ficou a cargo do bispo Alexandre Palma. Discursos emotivos foram proferidos pela irm\u00e3 do escritor, pelas filhas e por alguns netos, numa cerim\u00f3nia marcada pela emo\u00e7\u00e3o e pela mem\u00f3ria da obra de Lobo Antunes.<\/p>\n<p>A cerim\u00f3nia incluiu ainda a leitura do soneto Na M\u00e3o de Deus, de Antero de Quental, um dos poetas de refer\u00eancia para o autor. A urna saiu da igreja coberta pela bandeira nacional e seguiu para o cemit\u00e9rio de Benfica, onde o escritor residiu.<\/p>\n<h3>Despedida emotiva e palavras de Marcelo<\/h3>\n<p>No final da missa, o Presidente da Rep\u00fablica, Marcelo Rebelo de Sousa, lembrando o escritor, afirmou que Portugal pode ser maior e melhor por ter tido Ant\u00f3nio Lobo Antunes. A cerim\u00f3nia reuniu diversas personalidades da vida cultural e liter\u00e1ria.<\/p>\n<p>A sa\u00edda da igreja contou com a presen\u00e7a de familiares que agradeceram a presen\u00e7a de quem se foi juntando \u00e0 cerim\u00f3nia. Cerca de alguns minutos ap\u00f3s, a urna seguiu para o cemit\u00e9rio de Benfica, encerrando o funeral.<\/p>\n","protected":false},"excerpt":{"rendered":"<ul>\n<li>O funeral decorreu no Mosteiro dos Jer\u00f3nimos, em Lisboa, com a missa de corpo presente a durar cerca de duas horas.<\/li>\n<li>A cerim\u00f3nia incluiu a homilia do bispo Alexandre Palma e discursos emocionados do irm\u00e3o, das filhas e dos netos.<\/li>\n<li>A filha despediu-se com uma frase emotiva dirigindo-se ao pai, chamando-o de \u201cca\u00e7ador de palavras\u201d.<\/li>\n<li>O Presidente da Rep\u00fablica, Marcelo Rebelo de Sousa, recordou o escritor e disse que Portugal pode ser maior e melhor por causa dele.<\/li>\n<li>A cerim\u00f3nia terminou com a urna coberta pela bandeira nacional, a seguir para o cemit\u00e9rio de Benfica, onde viveu, e com a leitura do soneto Na M\u00e3o de Deus, de Antero de Quental.<\/li>\n<\/ul>\n","protected":false},"author":2,"featured_media":402346,"comment_status":"closed","ping_status":"closed","sticky":false,"template":"","format":"standard","meta":{"footnotes":""},"categories":[1,5],"tags":[6812,6657,1946,145,981,106],"class_list":["post-402342","post","type-post","status-publish","format-standard","has-post-thumbnail","hentry","category-noticias","category-politica","tag-antonio-lobo-antunes","tag-autores","tag-benfica","tag-cultura","tag-lisboa","tag-literatura"],"yoast_head":"<!-- This site is optimized with the Yoast SEO plugin v27.2 - https:\/\/yoast.com\/product\/yoast-seo-wordpress\/ -->\n<title>Adeus a Ant\u00f3nio Lobo Antunes: emo\u00e7\u00e3o e hino do Benfica - Portal Tela Portugal<\/title>\n<meta name=\"robots\" content=\"index, follow, max-snippet:-1, max-image-preview:large, max-video-preview:-1\" \/>\n<meta property=\"og:locale\" content=\"pt_PT\" \/>\n<meta property=\"og:type\" content=\"article\" \/>\n<meta property=\"og:title\" content=\"Adeus a Ant\u00f3nio Lobo Antunes: emo\u00e7\u00e3o e hino do Benfica - Portal Tela Portugal\" \/>\n<meta property=\"og:description\" content=\"O funeral decorreu no Mosteiro dos Jer\u00f3nimos, em Lisboa, com a missa de corpo presente a durar cerca de duas horas. A cerim\u00f3nia incluiu a homilia do bispo Alexandre Palma e discursos emocionados do irm\u00e3o, das filhas e dos netos. A filha despediu-se com uma frase emotiva dirigindo-se ao pai, chamando-o de \u201cca\u00e7ador de palavras\u201d. O Presidente da Rep\u00fablica, Marcelo Rebelo de Sousa, recordou o escritor e disse que Portugal pode ser maior e melhor por causa dele. A cerim\u00f3nia terminou com a urna coberta pela bandeira nacional, a seguir para o cemit\u00e9rio de Benfica, onde viveu, e com a leitura do soneto Na M\u00e3o de Deus, de Antero de Quental.\" \/>\n<meta property=\"og:url\" content=\"https:\/\/portaltela.pt\/noticias\/2026\/03\/08\/adeus-a-antonio-lobo-antunes-emocao-e-hino-do-benfica\/\" \/>\n<meta property=\"og:site_name\" content=\"Portal Tela Portugal\" \/>\n<meta property=\"article:published_time\" content=\"2026-03-08T15:29:00+00:00\" \/>\n<meta name=\"author\" content=\"Telinha\" \/>\n<meta name=\"twitter:card\" content=\"summary_large_image\" \/>\n<meta name=\"twitter:label1\" content=\"Escrito por\" \/>\n\t<meta name=\"twitter:data1\" content=\"Telinha\" \/>\n\t<meta name=\"twitter:label2\" content=\"Tempo estimado de leitura\" \/>\n\t<meta name=\"twitter:data2\" content=\"1 minuto\" \/>\n<script type=\"application\/ld+json\" class=\"yoast-schema-graph\">{\"@context\":\"https:\/\/schema.org\",\"@graph\":[{\"@type\":\"Article\",\"@id\":\"https:\/\/portaltela.pt\/noticias\/2026\/03\/08\/adeus-a-antonio-lobo-antunes-emocao-e-hino-do-benfica\/#article\",\"isPartOf\":{\"@id\":\"https:\/\/portaltela.pt\/noticias\/2026\/03\/08\/adeus-a-antonio-lobo-antunes-emocao-e-hino-do-benfica\/\"},\"author\":{\"name\":\"Telinha\",\"@id\":\"https:\/\/portaltela.pt\/#\/schema\/person\/c4278d4a6028830caff9ee44b42d32ed\"},\"headline\":\"Adeus a Ant\u00f3nio Lobo Antunes: emo\u00e7\u00e3o e hino do Benfica\",\"datePublished\":\"2026-03-08T15:29:00+00:00\",\"mainEntityOfPage\":{\"@id\":\"https:\/\/portaltela.pt\/noticias\/2026\/03\/08\/adeus-a-antonio-lobo-antunes-emocao-e-hino-do-benfica\/\"},\"wordCount\":244,\"image\":{\"@id\":\"https:\/\/portaltela.pt\/noticias\/2026\/03\/08\/adeus-a-antonio-lobo-antunes-emocao-e-hino-do-benfica\/#primaryimage\"},\"thumbnailUrl\":\"https:\/\/portaltela.pt\/s.01k8rhncp4jt1\/2026\/03\/img_1280x721uu2026-03-08-15-28-30-2271091.jpg\",\"keywords\":[\"Ant\u00f3nio Lobo Antunes\",\"autores\",\"Benfica\",\"cultura\",\"Lisboa\",\"literatura\"],\"articleSection\":[\"Not\u00edcias\",\"Pol\u00edtica\"],\"inLanguage\":\"pt-PT\"},{\"@type\":\"WebPage\",\"@id\":\"https:\/\/portaltela.pt\/noticias\/2026\/03\/08\/adeus-a-antonio-lobo-antunes-emocao-e-hino-do-benfica\/\",\"url\":\"https:\/\/portaltela.pt\/noticias\/2026\/03\/08\/adeus-a-antonio-lobo-antunes-emocao-e-hino-do-benfica\/\",\"name\":\"Adeus a Ant\u00f3nio Lobo Antunes: emo\u00e7\u00e3o e hino do Benfica - Portal Tela Portugal\",\"isPartOf\":{\"@id\":\"https:\/\/portaltela.pt\/#website\"},\"primaryImageOfPage\":{\"@id\":\"https:\/\/portaltela.pt\/noticias\/2026\/03\/08\/adeus-a-antonio-lobo-antunes-emocao-e-hino-do-benfica\/#primaryimage\"},\"image\":{\"@id\":\"https:\/\/portaltela.pt\/noticias\/2026\/03\/08\/adeus-a-antonio-lobo-antunes-emocao-e-hino-do-benfica\/#primaryimage\"},\"thumbnailUrl\":\"https:\/\/portaltela.pt\/s.01k8rhncp4jt1\/2026\/03\/img_1280x721uu2026-03-08-15-28-30-2271091.jpg\",\"datePublished\":\"2026-03-08T15:29:00+00:00\",\"author\":{\"@id\":\"https:\/\/portaltela.pt\/#\/schema\/person\/c4278d4a6028830caff9ee44b42d32ed\"},\"breadcrumb\":{\"@id\":\"https:\/\/portaltela.pt\/noticias\/2026\/03\/08\/adeus-a-antonio-lobo-antunes-emocao-e-hino-do-benfica\/#breadcrumb\"},\"inLanguage\":\"pt-PT\",\"potentialAction\":[{\"@type\":\"ReadAction\",\"target\":[\"https:\/\/portaltela.pt\/noticias\/2026\/03\/08\/adeus-a-antonio-lobo-antunes-emocao-e-hino-do-benfica\/\"]}]},{\"@type\":\"ImageObject\",\"inLanguage\":\"pt-PT\",\"@id\":\"https:\/\/portaltela.pt\/noticias\/2026\/03\/08\/adeus-a-antonio-lobo-antunes-emocao-e-hino-do-benfica\/#primaryimage\",\"url\":\"https:\/\/portaltela.pt\/s.01k8rhncp4jt1\/2026\/03\/img_1280x721uu2026-03-08-15-28-30-2271091.jpg\",\"contentUrl\":\"https:\/\/portaltela.pt\/s.01k8rhncp4jt1\/2026\/03\/img_1280x721uu2026-03-08-15-28-30-2271091.jpg\",\"width\":796,\"height\":448,\"caption\":\"Funeral de Ant\u00f3nio Lobo Antunes\"},{\"@type\":\"BreadcrumbList\",\"@id\":\"https:\/\/portaltela.pt\/noticias\/2026\/03\/08\/adeus-a-antonio-lobo-antunes-emocao-e-hino-do-benfica\/#breadcrumb\",\"itemListElement\":[{\"@type\":\"ListItem\",\"position\":1,\"name\":\"In\u00edcio\",\"item\":\"https:\/\/portaltela.pt\/\"},{\"@type\":\"ListItem\",\"position\":2,\"name\":\"Adeus a Ant\u00f3nio Lobo Antunes: emo\u00e7\u00e3o e hino do Benfica\"}]},{\"@type\":\"WebSite\",\"@id\":\"https:\/\/portaltela.pt\/#website\",\"url\":\"https:\/\/portaltela.pt\/\",\"name\":\"Portal Tela Portugal\",\"description\":\"\",\"potentialAction\":[{\"@type\":\"SearchAction\",\"target\":{\"@type\":\"EntryPoint\",\"urlTemplate\":\"https:\/\/portaltela.pt\/?s={search_term_string}\"},\"query-input\":{\"@type\":\"PropertyValueSpecification\",\"valueRequired\":true,\"valueName\":\"search_term_string\"}}],\"inLanguage\":\"pt-PT\"},{\"@type\":\"Person\",\"@id\":\"https:\/\/portaltela.pt\/#\/schema\/person\/c4278d4a6028830caff9ee44b42d32ed\",\"name\":\"Telinha\",\"image\":{\"@type\":\"ImageObject\",\"inLanguage\":\"pt-PT\",\"@id\":\"https:\/\/portaltela.pt\/s.01k8rhncp4jt1\/2025\/11\/talking-bot-125x125.png\",\"url\":\"https:\/\/portaltela.pt\/s.01k8rhncp4jt1\/2025\/11\/talking-bot-125x125.png\",\"contentUrl\":\"https:\/\/portaltela.pt\/s.01k8rhncp4jt1\/2025\/11\/talking-bot-125x125.png\",\"caption\":\"Telinha\"},\"sameAs\":[\"https:\/\/portaltela.pt\/\"],\"url\":\"https:\/\/portaltela.pt\/por\/367410592786\/\"}]}<\/script>\n<!-- \/ Yoast SEO plugin. -->","yoast_head_json":{"title":"Adeus a Ant\u00f3nio Lobo Antunes: emo\u00e7\u00e3o e hino do Benfica - Portal Tela Portugal","robots":{"index":"index","follow":"follow","max-snippet":"max-snippet:-1","max-image-preview":"max-image-preview:large","max-video-preview":"max-video-preview:-1"},"og_locale":"pt_PT","og_type":"article","og_title":"Adeus a Ant\u00f3nio Lobo Antunes: emo\u00e7\u00e3o e hino do Benfica - Portal Tela Portugal","og_description":"O funeral decorreu no Mosteiro dos Jer\u00f3nimos, em Lisboa, com a missa de corpo presente a durar cerca de duas horas. A cerim\u00f3nia incluiu a homilia do bispo Alexandre Palma e discursos emocionados do irm\u00e3o, das filhas e dos netos. A filha despediu-se com uma frase emotiva dirigindo-se ao pai, chamando-o de \u201cca\u00e7ador de palavras\u201d. O Presidente da Rep\u00fablica, Marcelo Rebelo de Sousa, recordou o escritor e disse que Portugal pode ser maior e melhor por causa dele. A cerim\u00f3nia terminou com a urna coberta pela bandeira nacional, a seguir para o cemit\u00e9rio de Benfica, onde viveu, e com a leitura do soneto Na M\u00e3o de Deus, de Antero de Quental.","og_url":"https:\/\/portaltela.pt\/noticias\/2026\/03\/08\/adeus-a-antonio-lobo-antunes-emocao-e-hino-do-benfica\/","og_site_name":"Portal Tela Portugal","article_published_time":"2026-03-08T15:29:00+00:00","author":"Telinha","twitter_card":"summary_large_image","twitter_misc":{"Escrito por":"Telinha","Tempo estimado de leitura":"1 minuto"},"schema":{"@context":"https:\/\/schema.org","@graph":[{"@type":"Article","@id":"https:\/\/portaltela.pt\/noticias\/2026\/03\/08\/adeus-a-antonio-lobo-antunes-emocao-e-hino-do-benfica\/#article","isPartOf":{"@id":"https:\/\/portaltela.pt\/noticias\/2026\/03\/08\/adeus-a-antonio-lobo-antunes-emocao-e-hino-do-benfica\/"},"author":{"name":"Telinha","@id":"https:\/\/portaltela.pt\/#\/schema\/person\/c4278d4a6028830caff9ee44b42d32ed"},"headline":"Adeus a Ant\u00f3nio Lobo Antunes: emo\u00e7\u00e3o e hino do Benfica","datePublished":"2026-03-08T15:29:00+00:00","mainEntityOfPage":{"@id":"https:\/\/portaltela.pt\/noticias\/2026\/03\/08\/adeus-a-antonio-lobo-antunes-emocao-e-hino-do-benfica\/"},"wordCount":244,"image":{"@id":"https:\/\/portaltela.pt\/noticias\/2026\/03\/08\/adeus-a-antonio-lobo-antunes-emocao-e-hino-do-benfica\/#primaryimage"},"thumbnailUrl":"https:\/\/portaltela.pt\/s.01k8rhncp4jt1\/2026\/03\/img_1280x721uu2026-03-08-15-28-30-2271091.jpg","keywords":["Ant\u00f3nio Lobo Antunes","autores","Benfica","cultura","Lisboa","literatura"],"articleSection":["Not\u00edcias","Pol\u00edtica"],"inLanguage":"pt-PT"},{"@type":"WebPage","@id":"https:\/\/portaltela.pt\/noticias\/2026\/03\/08\/adeus-a-antonio-lobo-antunes-emocao-e-hino-do-benfica\/","url":"https:\/\/portaltela.pt\/noticias\/2026\/03\/08\/adeus-a-antonio-lobo-antunes-emocao-e-hino-do-benfica\/","name":"Adeus a Ant\u00f3nio Lobo Antunes: emo\u00e7\u00e3o e hino do Benfica - Portal Tela Portugal","isPartOf":{"@id":"https:\/\/portaltela.pt\/#website"},"primaryImageOfPage":{"@id":"https:\/\/portaltela.pt\/noticias\/2026\/03\/08\/adeus-a-antonio-lobo-antunes-emocao-e-hino-do-benfica\/#primaryimage"},"image":{"@id":"https:\/\/portaltela.pt\/noticias\/2026\/03\/08\/adeus-a-antonio-lobo-antunes-emocao-e-hino-do-benfica\/#primaryimage"},"thumbnailUrl":"https:\/\/portaltela.pt\/s.01k8rhncp4jt1\/2026\/03\/img_1280x721uu2026-03-08-15-28-30-2271091.jpg","datePublished":"2026-03-08T15:29:00+00:00","author":{"@id":"https:\/\/portaltela.pt\/#\/schema\/person\/c4278d4a6028830caff9ee44b42d32ed"},"breadcrumb":{"@id":"https:\/\/portaltela.pt\/noticias\/2026\/03\/08\/adeus-a-antonio-lobo-antunes-emocao-e-hino-do-benfica\/#breadcrumb"},"inLanguage":"pt-PT","potentialAction":[{"@type":"ReadAction","target":["https:\/\/portaltela.pt\/noticias\/2026\/03\/08\/adeus-a-antonio-lobo-antunes-emocao-e-hino-do-benfica\/"]}]},{"@type":"ImageObject","inLanguage":"pt-PT","@id":"https:\/\/portaltela.pt\/noticias\/2026\/03\/08\/adeus-a-antonio-lobo-antunes-emocao-e-hino-do-benfica\/#primaryimage","url":"https:\/\/portaltela.pt\/s.01k8rhncp4jt1\/2026\/03\/img_1280x721uu2026-03-08-15-28-30-2271091.jpg","contentUrl":"https:\/\/portaltela.pt\/s.01k8rhncp4jt1\/2026\/03\/img_1280x721uu2026-03-08-15-28-30-2271091.jpg","width":796,"height":448,"caption":"Funeral de Ant\u00f3nio Lobo Antunes"},{"@type":"BreadcrumbList","@id":"https:\/\/portaltela.pt\/noticias\/2026\/03\/08\/adeus-a-antonio-lobo-antunes-emocao-e-hino-do-benfica\/#breadcrumb","itemListElement":[{"@type":"ListItem","position":1,"name":"In\u00edcio","item":"https:\/\/portaltela.pt\/"},{"@type":"ListItem","position":2,"name":"Adeus a Ant\u00f3nio Lobo Antunes: emo\u00e7\u00e3o e hino do Benfica"}]},{"@type":"WebSite","@id":"https:\/\/portaltela.pt\/#website","url":"https:\/\/portaltela.pt\/","name":"Portal Tela Portugal","description":"","potentialAction":[{"@type":"SearchAction","target":{"@type":"EntryPoint","urlTemplate":"https:\/\/portaltela.pt\/?s={search_term_string}"},"query-input":{"@type":"PropertyValueSpecification","valueRequired":true,"valueName":"search_term_string"}}],"inLanguage":"pt-PT"},{"@type":"Person","@id":"https:\/\/portaltela.pt\/#\/schema\/person\/c4278d4a6028830caff9ee44b42d32ed","name":"Telinha","image":{"@type":"ImageObject","inLanguage":"pt-PT","@id":"https:\/\/portaltela.pt\/s.01k8rhncp4jt1\/2025\/11\/talking-bot-125x125.png","url":"https:\/\/portaltela.pt\/s.01k8rhncp4jt1\/2025\/11\/talking-bot-125x125.png","contentUrl":"https:\/\/portaltela.pt\/s.01k8rhncp4jt1\/2025\/11\/talking-bot-125x125.png","caption":"Telinha"},"sameAs":["https:\/\/portaltela.pt\/"],"url":"https:\/\/portaltela.pt\/por\/367410592786\/"}]}},"_links":{"self":[{"href":"https:\/\/portaltela.pt\/api\/wp\/v2\/posts\/402342","targetHints":{"allow":["GET"]}}],"collection":[{"href":"https:\/\/portaltela.pt\/api\/wp\/v2\/posts"}],"about":[{"href":"https:\/\/portaltela.pt\/api\/wp\/v2\/types\/post"}],"author":[{"embeddable":true,"href":"https:\/\/portaltela.pt\/api\/wp\/v2\/users\/2"}],"replies":[{"embeddable":true,"href":"https:\/\/portaltela.pt\/api\/wp\/v2\/comments?post=402342"}],"version-history":[{"count":0,"href":"https:\/\/portaltela.pt\/api\/wp\/v2\/posts\/402342\/revisions"}],"wp:featuredmedia":[{"embeddable":true,"href":"https:\/\/portaltela.pt\/api\/wp\/v2\/media\/402346"}],"wp:attachment":[{"href":"https:\/\/portaltela.pt\/api\/wp\/v2\/media?parent=402342"}],"wp:term":[{"taxonomy":"category","embeddable":true,"href":"https:\/\/portaltela.pt\/api\/wp\/v2\/categories?post=402342"},{"taxonomy":"post_tag","embeddable":true,"href":"https:\/\/portaltela.pt\/api\/wp\/v2\/tags?post=402342"}],"curies":[{"name":"wp","href":"https:\/\/api.w.org\/{rel}","templated":true}]}}