{"id":402329,"date":"2026-03-08T12:04:24","date_gmt":"2026-03-08T15:04:24","guid":{"rendered":"https:\/\/portaltela.pt\/noticias\/2026\/03\/08\/morre-guitarrista-e-fadista-carlos-macedo-interprete-de-ate-o-rei-ia-ao-fado\/"},"modified":"2026-03-08T12:04:24","modified_gmt":"2026-03-08T15:04:24","slug":"morre-guitarrista-e-fadista-carlos-macedo-interprete-de-ate-o-rei-ia-ao-fado","status":"publish","type":"post","link":"https:\/\/portaltela.pt\/noticias\/2026\/03\/08\/morre-guitarrista-e-fadista-carlos-macedo-interprete-de-ate-o-rei-ia-ao-fado\/","title":{"rendered":"Morre guitarrista e fadista Carlos Macedo, int\u00e9rprete de At\u00e9 o Rei ia ao Fado"},"content":{"rendered":"<p>O fadista e guitarrista Carlos Macedo morreu neste domingo de manh\u00e3, aos 79 anos, no Hospital de Santa Maria. A informa\u00e7\u00e3o foi confirmada \u00e0 Lusa por uma fonte da Casa do Artista.<\/p>\n<p>Nascido Jos\u00e9 Carlos de Campos Macedo, em 9 de dezembro de 1946, em Lousado, Vila Nova de Famalic\u00e3o, teve uma carreira de cerca de 60 anos dedicada ao fado, \u00e0 guitarra, \u00e0 poesia e \u00e0 constru\u00e7\u00e3o de instrumentos.<\/p>\n<p>Aos 17 anos formou um conjunto t\u00edpico que j\u00e1 se apresentava em r\u00e1dios nacionais. Cumpriu o servi\u00e7o militar em Mo\u00e7ambique, onde gravou os primeiros discos, antes de regressar a Portugal.<\/p>\n<h3>Carreira<\/h3>\n<p>Depois do regresso, atuou no Clube Mil e Um, em Lisboa, e no Chaparro, em Cascais. Em 1976 integrou a casa de fados Mal Cozinhado, no Porto, e, em finais de 1977, seguiu para Fran\u00e7a, atuando em Versailles.<\/p>\n<p>O percurso levou-o a colaborar com a fadista Maria da F\u00e9 e o poeta Jos\u00e9 Lu\u00eds Gordo, em Lisboa, onde permaneceu at\u00e9 2008. Com ela realizou digress\u00f5es em Portugal, Europa e Am\u00e9rica do Sul.<\/p>\n<p>Entre os momentos marcantes, destaca-se a atua\u00e7\u00e3o de 1984 no Brasil, em Rio de Janeiro, durante a Ponte Cultural, que, segundo a imprensa, conquistou o p\u00fablico brasileiro.<\/p>\n<h3>Discografia e legado<\/h3>\n<p>O primeiro \u00e1lbum foi lan\u00e7ado em 1975, incluindo o \u00eaxito At\u00e9 o Rei ia ao Fado. At\u00e9 ao final dos anos 80 gravou oito \u00e1lbuns, somando t\u00edtulos como Fado, O Nosso Amor Est\u00e1 por um Triz, Desejos e Este Meu Fado.<\/p>\n<p>Como guitarrista, manteve colabora\u00e7\u00f5es com v\u00e1rios artistas portugueses. Entre os temas de destaque ficaram Campa Florida, Nosso Amor, Meu Amor e Quero ir \u00e0 Minha Terra.<\/p>\n","protected":false},"excerpt":{"rendered":"<ul>\n<li>Morreu o fadista e guitarrista Carlos Macedo, aos 79 anos, no Hospital de Santa Maria, em Lisboa, confirmou \u00e0 Lusa fonte da Casa do Artista.<\/li>\n<li>Com uma carreira de sessenta anos, foi fadista, guitarrista, poeta, compositor e construtor de guitarras; foi eleito rei do fado em Mo\u00e7ambique em 1972.<\/li>\n<li>Jos\u00e9 Carlos de Campos Macedo nasceu a 9 de dezembro de 1946, em Lousado, Vila Nova de Famalic\u00e3o, e come\u00e7ou a tocar aos 17 anos com um grupo pr\u00f3prio.<\/li>\n<li>Gravou o primeiro \u00e1lbum em 1975, inclu\u00eddo o \u00eaxito &#8220;At\u00e9 o Rei ia ao Fado&#8221;; manteve uma carreira ligada a v\u00e1rias casas de fado em Portugal, incluindo a de Maria da F\u00e9, at\u00e9 2008.<\/li>\n<li>Em dezassete anos de digress\u00f5es com Maria da F\u00e9, atuou na Europa, na Am\u00e9rica do Sul e no Brasil, destacando-se na Ponte Cultural de 1984, no Rio de Janeiro.<\/li>\n<\/ul>\n","protected":false},"author":2,"featured_media":402331,"comment_status":"closed","ping_status":"closed","sticky":false,"template":"","format":"standard","meta":{"footnotes":""},"categories":[6676,1],"tags":[5627,762,6163,145,122,1014],"class_list":["post-402329","post","type-post","status-publish","format-standard","has-post-thumbnail","hentry","category-musica","category-noticias","tag-a-guitarra","tag-artistas","tag-cantores","tag-cultura","tag-musica","tag-portugal"],"yoast_head":"<!-- This site is optimized with the Yoast SEO plugin v27.2 - https:\/\/yoast.com\/product\/yoast-seo-wordpress\/ -->\n<title>Morre guitarrista e fadista Carlos Macedo, int\u00e9rprete de At\u00e9 o Rei ia ao Fado - Portal Tela Portugal<\/title>\n<meta name=\"robots\" content=\"index, follow, max-snippet:-1, max-image-preview:large, max-video-preview:-1\" \/>\n<meta property=\"og:locale\" content=\"pt_PT\" \/>\n<meta property=\"og:type\" content=\"article\" \/>\n<meta property=\"og:title\" content=\"Morre guitarrista e fadista Carlos Macedo, int\u00e9rprete de At\u00e9 o Rei ia ao Fado - Portal Tela Portugal\" \/>\n<meta property=\"og:description\" content=\"Morreu o fadista e guitarrista Carlos Macedo, aos 79 anos, no Hospital de Santa Maria, em Lisboa, confirmou \u00e0 Lusa fonte da Casa do Artista. Com uma carreira de sessenta anos, foi fadista, guitarrista, poeta, compositor e construtor de guitarras; foi eleito rei do fado em Mo\u00e7ambique em 1972. Jos\u00e9 Carlos de Campos Macedo nasceu a 9 de dezembro de 1946, em Lousado, Vila Nova de Famalic\u00e3o, e come\u00e7ou a tocar aos 17 anos com um grupo pr\u00f3prio. Gravou o primeiro \u00e1lbum em 1975, inclu\u00eddo o \u00eaxito &quot;At\u00e9 o Rei ia ao Fado&quot;; manteve uma carreira ligada a v\u00e1rias casas de fado em Portugal, incluindo a de Maria da F\u00e9, at\u00e9 2008. Em dezassete anos de digress\u00f5es com Maria da F\u00e9, atuou na Europa, na Am\u00e9rica do Sul e no Brasil, destacando-se na Ponte Cultural de 1984, no Rio de Janeiro.\" \/>\n<meta property=\"og:url\" content=\"https:\/\/portaltela.pt\/noticias\/2026\/03\/08\/morre-guitarrista-e-fadista-carlos-macedo-interprete-de-ate-o-rei-ia-ao-fado\/\" \/>\n<meta property=\"og:site_name\" content=\"Portal Tela Portugal\" \/>\n<meta property=\"article:published_time\" content=\"2026-03-08T15:04:24+00:00\" \/>\n<meta name=\"author\" content=\"Telinha\" \/>\n<meta name=\"twitter:card\" content=\"summary_large_image\" \/>\n<meta name=\"twitter:label1\" content=\"Escrito por\" \/>\n\t<meta name=\"twitter:data1\" content=\"Telinha\" \/>\n\t<meta name=\"twitter:label2\" content=\"Tempo estimado de leitura\" \/>\n\t<meta name=\"twitter:data2\" content=\"1 minuto\" \/>\n<script type=\"application\/ld+json\" class=\"yoast-schema-graph\">{\"@context\":\"https:\/\/schema.org\",\"@graph\":[{\"@type\":\"Article\",\"@id\":\"https:\/\/portaltela.pt\/noticias\/2026\/03\/08\/morre-guitarrista-e-fadista-carlos-macedo-interprete-de-ate-o-rei-ia-ao-fado\/#article\",\"isPartOf\":{\"@id\":\"https:\/\/portaltela.pt\/noticias\/2026\/03\/08\/morre-guitarrista-e-fadista-carlos-macedo-interprete-de-ate-o-rei-ia-ao-fado\/\"},\"author\":{\"name\":\"Telinha\",\"@id\":\"https:\/\/portaltela.pt\/#\/schema\/person\/c4278d4a6028830caff9ee44b42d32ed\"},\"headline\":\"Morre guitarrista e fadista Carlos Macedo, int\u00e9rprete de At\u00e9 o Rei ia ao Fado\",\"datePublished\":\"2026-03-08T15:04:24+00:00\",\"mainEntityOfPage\":{\"@id\":\"https:\/\/portaltela.pt\/noticias\/2026\/03\/08\/morre-guitarrista-e-fadista-carlos-macedo-interprete-de-ate-o-rei-ia-ao-fado\/\"},\"wordCount\":286,\"image\":{\"@id\":\"https:\/\/portaltela.pt\/noticias\/2026\/03\/08\/morre-guitarrista-e-fadista-carlos-macedo-interprete-de-ate-o-rei-ia-ao-fado\/#primaryimage\"},\"thumbnailUrl\":\"https:\/\/portaltela.pt\/s.01k8rhncp4jt1\/2026\/03\/img_1500x1000uu2010-04-21-20-36-00-194759-im-639085789935839379.jpg\",\"keywords\":[\"a guitarra\",\"artistas\",\"cantores\",\"cultura\",\"m\u00fasica\",\"Portugal\"],\"articleSection\":[\"M\u00fasica\",\"Not\u00edcias\"],\"inLanguage\":\"pt-PT\"},{\"@type\":\"WebPage\",\"@id\":\"https:\/\/portaltela.pt\/noticias\/2026\/03\/08\/morre-guitarrista-e-fadista-carlos-macedo-interprete-de-ate-o-rei-ia-ao-fado\/\",\"url\":\"https:\/\/portaltela.pt\/noticias\/2026\/03\/08\/morre-guitarrista-e-fadista-carlos-macedo-interprete-de-ate-o-rei-ia-ao-fado\/\",\"name\":\"Morre guitarrista e fadista Carlos Macedo, int\u00e9rprete de At\u00e9 o Rei ia ao Fado - Portal Tela Portugal\",\"isPartOf\":{\"@id\":\"https:\/\/portaltela.pt\/#website\"},\"primaryImageOfPage\":{\"@id\":\"https:\/\/portaltela.pt\/noticias\/2026\/03\/08\/morre-guitarrista-e-fadista-carlos-macedo-interprete-de-ate-o-rei-ia-ao-fado\/#primaryimage\"},\"image\":{\"@id\":\"https:\/\/portaltela.pt\/noticias\/2026\/03\/08\/morre-guitarrista-e-fadista-carlos-macedo-interprete-de-ate-o-rei-ia-ao-fado\/#primaryimage\"},\"thumbnailUrl\":\"https:\/\/portaltela.pt\/s.01k8rhncp4jt1\/2026\/03\/img_1500x1000uu2010-04-21-20-36-00-194759-im-639085789935839379.jpg\",\"datePublished\":\"2026-03-08T15:04:24+00:00\",\"author\":{\"@id\":\"https:\/\/portaltela.pt\/#\/schema\/person\/c4278d4a6028830caff9ee44b42d32ed\"},\"breadcrumb\":{\"@id\":\"https:\/\/portaltela.pt\/noticias\/2026\/03\/08\/morre-guitarrista-e-fadista-carlos-macedo-interprete-de-ate-o-rei-ia-ao-fado\/#breadcrumb\"},\"inLanguage\":\"pt-PT\",\"potentialAction\":[{\"@type\":\"ReadAction\",\"target\":[\"https:\/\/portaltela.pt\/noticias\/2026\/03\/08\/morre-guitarrista-e-fadista-carlos-macedo-interprete-de-ate-o-rei-ia-ao-fado\/\"]}]},{\"@type\":\"ImageObject\",\"inLanguage\":\"pt-PT\",\"@id\":\"https:\/\/portaltela.pt\/noticias\/2026\/03\/08\/morre-guitarrista-e-fadista-carlos-macedo-interprete-de-ate-o-rei-ia-ao-fado\/#primaryimage\",\"url\":\"https:\/\/portaltela.pt\/s.01k8rhncp4jt1\/2026\/03\/img_1500x1000uu2010-04-21-20-36-00-194759-im-639085789935839379.jpg\",\"contentUrl\":\"https:\/\/portaltela.pt\/s.01k8rhncp4jt1\/2026\/03\/img_1500x1000uu2010-04-21-20-36-00-194759-im-639085789935839379.jpg\",\"width\":796,\"height\":448,\"caption\":\"Morreu o guitarrista e fadista Carlos Macedo, int\u00e9rprete de \\\"At\u00e9 o Rei ia ao Fado\\\"\"},{\"@type\":\"BreadcrumbList\",\"@id\":\"https:\/\/portaltela.pt\/noticias\/2026\/03\/08\/morre-guitarrista-e-fadista-carlos-macedo-interprete-de-ate-o-rei-ia-ao-fado\/#breadcrumb\",\"itemListElement\":[{\"@type\":\"ListItem\",\"position\":1,\"name\":\"In\u00edcio\",\"item\":\"https:\/\/portaltela.pt\/\"},{\"@type\":\"ListItem\",\"position\":2,\"name\":\"Morre guitarrista e fadista Carlos Macedo, int\u00e9rprete de At\u00e9 o Rei ia ao Fado\"}]},{\"@type\":\"WebSite\",\"@id\":\"https:\/\/portaltela.pt\/#website\",\"url\":\"https:\/\/portaltela.pt\/\",\"name\":\"Portal Tela Portugal\",\"description\":\"\",\"potentialAction\":[{\"@type\":\"SearchAction\",\"target\":{\"@type\":\"EntryPoint\",\"urlTemplate\":\"https:\/\/portaltela.pt\/?s={search_term_string}\"},\"query-input\":{\"@type\":\"PropertyValueSpecification\",\"valueRequired\":true,\"valueName\":\"search_term_string\"}}],\"inLanguage\":\"pt-PT\"},{\"@type\":\"Person\",\"@id\":\"https:\/\/portaltela.pt\/#\/schema\/person\/c4278d4a6028830caff9ee44b42d32ed\",\"name\":\"Telinha\",\"image\":{\"@type\":\"ImageObject\",\"inLanguage\":\"pt-PT\",\"@id\":\"https:\/\/portaltela.pt\/s.01k8rhncp4jt1\/2025\/11\/talking-bot-125x125.png\",\"url\":\"https:\/\/portaltela.pt\/s.01k8rhncp4jt1\/2025\/11\/talking-bot-125x125.png\",\"contentUrl\":\"https:\/\/portaltela.pt\/s.01k8rhncp4jt1\/2025\/11\/talking-bot-125x125.png\",\"caption\":\"Telinha\"},\"sameAs\":[\"https:\/\/portaltela.pt\/\"],\"url\":\"https:\/\/portaltela.pt\/por\/367410592786\/\"}]}<\/script>\n<!-- \/ Yoast SEO plugin. -->","yoast_head_json":{"title":"Morre guitarrista e fadista Carlos Macedo, int\u00e9rprete de At\u00e9 o Rei ia ao Fado - Portal Tela Portugal","robots":{"index":"index","follow":"follow","max-snippet":"max-snippet:-1","max-image-preview":"max-image-preview:large","max-video-preview":"max-video-preview:-1"},"og_locale":"pt_PT","og_type":"article","og_title":"Morre guitarrista e fadista Carlos Macedo, int\u00e9rprete de At\u00e9 o Rei ia ao Fado - Portal Tela Portugal","og_description":"Morreu o fadista e guitarrista Carlos Macedo, aos 79 anos, no Hospital de Santa Maria, em Lisboa, confirmou \u00e0 Lusa fonte da Casa do Artista. Com uma carreira de sessenta anos, foi fadista, guitarrista, poeta, compositor e construtor de guitarras; foi eleito rei do fado em Mo\u00e7ambique em 1972. Jos\u00e9 Carlos de Campos Macedo nasceu a 9 de dezembro de 1946, em Lousado, Vila Nova de Famalic\u00e3o, e come\u00e7ou a tocar aos 17 anos com um grupo pr\u00f3prio. Gravou o primeiro \u00e1lbum em 1975, inclu\u00eddo o \u00eaxito \"At\u00e9 o Rei ia ao Fado\"; manteve uma carreira ligada a v\u00e1rias casas de fado em Portugal, incluindo a de Maria da F\u00e9, at\u00e9 2008. Em dezassete anos de digress\u00f5es com Maria da F\u00e9, atuou na Europa, na Am\u00e9rica do Sul e no Brasil, destacando-se na Ponte Cultural de 1984, no Rio de Janeiro.","og_url":"https:\/\/portaltela.pt\/noticias\/2026\/03\/08\/morre-guitarrista-e-fadista-carlos-macedo-interprete-de-ate-o-rei-ia-ao-fado\/","og_site_name":"Portal Tela Portugal","article_published_time":"2026-03-08T15:04:24+00:00","author":"Telinha","twitter_card":"summary_large_image","twitter_misc":{"Escrito por":"Telinha","Tempo estimado de leitura":"1 minuto"},"schema":{"@context":"https:\/\/schema.org","@graph":[{"@type":"Article","@id":"https:\/\/portaltela.pt\/noticias\/2026\/03\/08\/morre-guitarrista-e-fadista-carlos-macedo-interprete-de-ate-o-rei-ia-ao-fado\/#article","isPartOf":{"@id":"https:\/\/portaltela.pt\/noticias\/2026\/03\/08\/morre-guitarrista-e-fadista-carlos-macedo-interprete-de-ate-o-rei-ia-ao-fado\/"},"author":{"name":"Telinha","@id":"https:\/\/portaltela.pt\/#\/schema\/person\/c4278d4a6028830caff9ee44b42d32ed"},"headline":"Morre guitarrista e fadista Carlos Macedo, int\u00e9rprete de At\u00e9 o Rei ia ao Fado","datePublished":"2026-03-08T15:04:24+00:00","mainEntityOfPage":{"@id":"https:\/\/portaltela.pt\/noticias\/2026\/03\/08\/morre-guitarrista-e-fadista-carlos-macedo-interprete-de-ate-o-rei-ia-ao-fado\/"},"wordCount":286,"image":{"@id":"https:\/\/portaltela.pt\/noticias\/2026\/03\/08\/morre-guitarrista-e-fadista-carlos-macedo-interprete-de-ate-o-rei-ia-ao-fado\/#primaryimage"},"thumbnailUrl":"https:\/\/portaltela.pt\/s.01k8rhncp4jt1\/2026\/03\/img_1500x1000uu2010-04-21-20-36-00-194759-im-639085789935839379.jpg","keywords":["a guitarra","artistas","cantores","cultura","m\u00fasica","Portugal"],"articleSection":["M\u00fasica","Not\u00edcias"],"inLanguage":"pt-PT"},{"@type":"WebPage","@id":"https:\/\/portaltela.pt\/noticias\/2026\/03\/08\/morre-guitarrista-e-fadista-carlos-macedo-interprete-de-ate-o-rei-ia-ao-fado\/","url":"https:\/\/portaltela.pt\/noticias\/2026\/03\/08\/morre-guitarrista-e-fadista-carlos-macedo-interprete-de-ate-o-rei-ia-ao-fado\/","name":"Morre guitarrista e fadista Carlos Macedo, int\u00e9rprete de At\u00e9 o Rei ia ao Fado - Portal Tela Portugal","isPartOf":{"@id":"https:\/\/portaltela.pt\/#website"},"primaryImageOfPage":{"@id":"https:\/\/portaltela.pt\/noticias\/2026\/03\/08\/morre-guitarrista-e-fadista-carlos-macedo-interprete-de-ate-o-rei-ia-ao-fado\/#primaryimage"},"image":{"@id":"https:\/\/portaltela.pt\/noticias\/2026\/03\/08\/morre-guitarrista-e-fadista-carlos-macedo-interprete-de-ate-o-rei-ia-ao-fado\/#primaryimage"},"thumbnailUrl":"https:\/\/portaltela.pt\/s.01k8rhncp4jt1\/2026\/03\/img_1500x1000uu2010-04-21-20-36-00-194759-im-639085789935839379.jpg","datePublished":"2026-03-08T15:04:24+00:00","author":{"@id":"https:\/\/portaltela.pt\/#\/schema\/person\/c4278d4a6028830caff9ee44b42d32ed"},"breadcrumb":{"@id":"https:\/\/portaltela.pt\/noticias\/2026\/03\/08\/morre-guitarrista-e-fadista-carlos-macedo-interprete-de-ate-o-rei-ia-ao-fado\/#breadcrumb"},"inLanguage":"pt-PT","potentialAction":[{"@type":"ReadAction","target":["https:\/\/portaltela.pt\/noticias\/2026\/03\/08\/morre-guitarrista-e-fadista-carlos-macedo-interprete-de-ate-o-rei-ia-ao-fado\/"]}]},{"@type":"ImageObject","inLanguage":"pt-PT","@id":"https:\/\/portaltela.pt\/noticias\/2026\/03\/08\/morre-guitarrista-e-fadista-carlos-macedo-interprete-de-ate-o-rei-ia-ao-fado\/#primaryimage","url":"https:\/\/portaltela.pt\/s.01k8rhncp4jt1\/2026\/03\/img_1500x1000uu2010-04-21-20-36-00-194759-im-639085789935839379.jpg","contentUrl":"https:\/\/portaltela.pt\/s.01k8rhncp4jt1\/2026\/03\/img_1500x1000uu2010-04-21-20-36-00-194759-im-639085789935839379.jpg","width":796,"height":448,"caption":"Morreu o guitarrista e fadista Carlos Macedo, int\u00e9rprete de \"At\u00e9 o Rei ia ao Fado\""},{"@type":"BreadcrumbList","@id":"https:\/\/portaltela.pt\/noticias\/2026\/03\/08\/morre-guitarrista-e-fadista-carlos-macedo-interprete-de-ate-o-rei-ia-ao-fado\/#breadcrumb","itemListElement":[{"@type":"ListItem","position":1,"name":"In\u00edcio","item":"https:\/\/portaltela.pt\/"},{"@type":"ListItem","position":2,"name":"Morre guitarrista e fadista Carlos Macedo, int\u00e9rprete de At\u00e9 o Rei ia ao Fado"}]},{"@type":"WebSite","@id":"https:\/\/portaltela.pt\/#website","url":"https:\/\/portaltela.pt\/","name":"Portal Tela Portugal","description":"","potentialAction":[{"@type":"SearchAction","target":{"@type":"EntryPoint","urlTemplate":"https:\/\/portaltela.pt\/?s={search_term_string}"},"query-input":{"@type":"PropertyValueSpecification","valueRequired":true,"valueName":"search_term_string"}}],"inLanguage":"pt-PT"},{"@type":"Person","@id":"https:\/\/portaltela.pt\/#\/schema\/person\/c4278d4a6028830caff9ee44b42d32ed","name":"Telinha","image":{"@type":"ImageObject","inLanguage":"pt-PT","@id":"https:\/\/portaltela.pt\/s.01k8rhncp4jt1\/2025\/11\/talking-bot-125x125.png","url":"https:\/\/portaltela.pt\/s.01k8rhncp4jt1\/2025\/11\/talking-bot-125x125.png","contentUrl":"https:\/\/portaltela.pt\/s.01k8rhncp4jt1\/2025\/11\/talking-bot-125x125.png","caption":"Telinha"},"sameAs":["https:\/\/portaltela.pt\/"],"url":"https:\/\/portaltela.pt\/por\/367410592786\/"}]}},"_links":{"self":[{"href":"https:\/\/portaltela.pt\/api\/wp\/v2\/posts\/402329","targetHints":{"allow":["GET"]}}],"collection":[{"href":"https:\/\/portaltela.pt\/api\/wp\/v2\/posts"}],"about":[{"href":"https:\/\/portaltela.pt\/api\/wp\/v2\/types\/post"}],"author":[{"embeddable":true,"href":"https:\/\/portaltela.pt\/api\/wp\/v2\/users\/2"}],"replies":[{"embeddable":true,"href":"https:\/\/portaltela.pt\/api\/wp\/v2\/comments?post=402329"}],"version-history":[{"count":0,"href":"https:\/\/portaltela.pt\/api\/wp\/v2\/posts\/402329\/revisions"}],"wp:featuredmedia":[{"embeddable":true,"href":"https:\/\/portaltela.pt\/api\/wp\/v2\/media\/402331"}],"wp:attachment":[{"href":"https:\/\/portaltela.pt\/api\/wp\/v2\/media?parent=402329"}],"wp:term":[{"taxonomy":"category","embeddable":true,"href":"https:\/\/portaltela.pt\/api\/wp\/v2\/categories?post=402329"},{"taxonomy":"post_tag","embeddable":true,"href":"https:\/\/portaltela.pt\/api\/wp\/v2\/tags?post=402329"}],"curies":[{"name":"wp","href":"https:\/\/api.w.org\/{rel}","templated":true}]}}