{"id":402315,"date":"2026-03-08T11:44:00","date_gmt":"2026-03-08T14:44:00","guid":{"rendered":"https:\/\/portaltela.pt\/noticias\/2026\/03\/08\/morre-o-guitarrista-e-fadista-carlos-macedo-interprete-de-ate-o-rei-ia-ao-fado\/"},"modified":"2026-03-08T11:44:00","modified_gmt":"2026-03-08T14:44:00","slug":"morre-o-guitarrista-e-fadista-carlos-macedo-interprete-de-ate-o-rei-ia-ao-fado","status":"publish","type":"post","link":"https:\/\/portaltela.pt\/noticias\/2026\/03\/08\/morre-o-guitarrista-e-fadista-carlos-macedo-interprete-de-ate-o-rei-ia-ao-fado\/","title":{"rendered":"Morre o guitarrista e fadista Carlos Macedo, int\u00e9rprete de At\u00e9 o rei ia ao fado"},"content":{"rendered":"<p>O fadista e guitarrista Carlos Macedo, eleito rei do fado em Mo\u00e7ambique em 1972, morreu este domingo de manh\u00e3 aos 79 anos no Hospital de Santa Maria, segundo a Casa do Artista junto da Lusa. A causa n\u00e3o foi anunciada. A carreira soma seis d\u00e9cadas de atua\u00e7\u00e3o.<\/p>\n<p>Carlos Macedo destacou-se como m\u00fasico, autor de poemas desde a juventude, compositor e construtor de guitarras. Gravou os primeiros discos em Mo\u00e7ambique, onde cumpria o servi\u00e7o militar obrigat\u00f3rio, antes de se afirmar em Portugal.<\/p>\n<p>Jos\u00e9 Carlos de Campos Macedo nasceu a 9 de dezembro de 1946, em Lousado, Vila Nova de Famalic\u00e3o. Come\u00e7ou a trabalhar numa f\u00e1brica aos 15 anos e seguiu para Mo\u00e7ambique durante o servi\u00e7o militar, ali residindo at\u00e9 1975.<\/p>\n<h3>Trajet\u00f3ria internacional<\/h3>\n<p>Regressou a Portugal e atuou no Clube Mil e Um, em Lisboa, e no Chaparro, em Cascais. Em 1976 integrou a casa de fados Mal Cozinhado, no Porto, e, em 1987, atuou em Lisboa, na casa Senhor Vinho, onde permaneceu at\u00e9 2008.<\/p>\n<p>Em Fran\u00e7a, atuou na Saudade, em Versailles, e depois voltou a Portugal para cantar em casas da Grande Lisboa. Com Maria da F\u00e9 realizou digress\u00f5es nacionais, europeias e na Am\u00e9rica do Sul.<\/p>\n<h3>Momentos marcantes<\/h3>\n<p>Durante uma digress\u00e3o ao Brasil em 1984, numa atua\u00e7\u00e3o de emerg\u00eancia no Rio de Janeiro, Macedo conquistou o p\u00fablico brasileiro ao interpretar fados com Maria da F\u00e9, recebendo elogios da imprensa brasileira.<\/p>\n<h3>Discografia e reconhecimentos<\/h3>\n<p>O primeiro \u00e1lbum saiu em 1975, incluindo o \u00eaxito At\u00e9 o rei ia ao fado. At\u00e9 aos anos 80 gravou oito \u00e1lbuns, somando ainda t\u00edtulos como Campa Florida e Quero ir \u00e0 minha terra. Como guitarrista colaborou com v\u00e1rios artistas nacionais.<\/p>\n","protected":false},"excerpt":{"rendered":"<ul>\n<li>Morreu o fadista e guitarrista Carlos Macedo, aos 79 anos, no Hospital de Santa Maria, segundo a Casa do Artista.<\/li>\n<li>Carreira de sessenta anos: fadista, guitarrista, poeta, compositor e construtor de guitarras; foi eleito rei do fado em Mo\u00e7ambique em 1972.<\/li>\n<li>Nascido Jos\u00e9 Carlos de Campos Macedo, em nove de dezembro de 1946, em Lousado, Vila Nova de Famalic\u00e3o; come\u00e7ou a tocar aos 17 anos com o seu pr\u00f3prio conjunto.<\/li>\n<li>Atuou em Portugal, Fran\u00e7a e Brasil, incluindo per\u00edodos com Maria da F\u00e9 e o elenco Senhor Vinho; gravou o primeiro \u00e1lbum em 1975, que inclui o tema \u201cAt\u00e9 o rei ia ao fado\u201d.<\/li>\n<li>Entre os \u00eaxitos est\u00e3o \u201cCampa Florida\u201d, \u201cQuero ir \u00e0 minha terra\u201d e outros trabalhos que marcaram a sua carreira.<\/li>\n<\/ul>\n","protected":false},"author":2,"featured_media":402316,"comment_status":"closed","ping_status":"closed","sticky":false,"template":"","format":"standard","meta":{"footnotes":""},"categories":[6676,1],"tags":[5627,6163,1911,122,1014],"class_list":["post-402315","post","type-post","status-publish","format-standard","has-post-thumbnail","hentry","category-musica","category-noticias","tag-a-guitarra","tag-cantores","tag-mocambique","tag-musica","tag-portugal"],"yoast_head":"<!-- This site is optimized with the Yoast SEO plugin v27.2 - https:\/\/yoast.com\/product\/yoast-seo-wordpress\/ -->\n<title>Morre o guitarrista e fadista Carlos Macedo, int\u00e9rprete de At\u00e9 o rei ia ao fado - Portal Tela Portugal<\/title>\n<meta name=\"robots\" content=\"index, follow, max-snippet:-1, max-image-preview:large, max-video-preview:-1\" \/>\n<meta property=\"og:locale\" content=\"pt_PT\" \/>\n<meta property=\"og:type\" content=\"article\" \/>\n<meta property=\"og:title\" content=\"Morre o guitarrista e fadista Carlos Macedo, int\u00e9rprete de At\u00e9 o rei ia ao fado - Portal Tela Portugal\" \/>\n<meta property=\"og:description\" content=\"Morreu o fadista e guitarrista Carlos Macedo, aos 79 anos, no Hospital de Santa Maria, segundo a Casa do Artista. Carreira de sessenta anos: fadista, guitarrista, poeta, compositor e construtor de guitarras; foi eleito rei do fado em Mo\u00e7ambique em 1972. Nascido Jos\u00e9 Carlos de Campos Macedo, em nove de dezembro de 1946, em Lousado, Vila Nova de Famalic\u00e3o; come\u00e7ou a tocar aos 17 anos com o seu pr\u00f3prio conjunto. Atuou em Portugal, Fran\u00e7a e Brasil, incluindo per\u00edodos com Maria da F\u00e9 e o elenco Senhor Vinho; gravou o primeiro \u00e1lbum em 1975, que inclui o tema \u201cAt\u00e9 o rei ia ao fado\u201d. Entre os \u00eaxitos est\u00e3o \u201cCampa Florida\u201d, \u201cQuero ir \u00e0 minha terra\u201d e outros trabalhos que marcaram a sua carreira.\" \/>\n<meta property=\"og:url\" content=\"https:\/\/portaltela.pt\/noticias\/2026\/03\/08\/morre-o-guitarrista-e-fadista-carlos-macedo-interprete-de-ate-o-rei-ia-ao-fado\/\" \/>\n<meta property=\"og:site_name\" content=\"Portal Tela Portugal\" \/>\n<meta property=\"article:published_time\" content=\"2026-03-08T14:44:00+00:00\" \/>\n<meta name=\"author\" content=\"Telinha\" \/>\n<meta name=\"twitter:card\" content=\"summary_large_image\" \/>\n<meta name=\"twitter:label1\" content=\"Escrito por\" \/>\n\t<meta name=\"twitter:data1\" content=\"Telinha\" \/>\n\t<meta name=\"twitter:label2\" content=\"Tempo estimado de leitura\" \/>\n\t<meta name=\"twitter:data2\" content=\"1 minuto\" \/>\n<script type=\"application\/ld+json\" class=\"yoast-schema-graph\">{\"@context\":\"https:\/\/schema.org\",\"@graph\":[{\"@type\":\"Article\",\"@id\":\"https:\/\/portaltela.pt\/noticias\/2026\/03\/08\/morre-o-guitarrista-e-fadista-carlos-macedo-interprete-de-ate-o-rei-ia-ao-fado\/#article\",\"isPartOf\":{\"@id\":\"https:\/\/portaltela.pt\/noticias\/2026\/03\/08\/morre-o-guitarrista-e-fadista-carlos-macedo-interprete-de-ate-o-rei-ia-ao-fado\/\"},\"author\":{\"name\":\"Telinha\",\"@id\":\"https:\/\/portaltela.pt\/#\/schema\/person\/c4278d4a6028830caff9ee44b42d32ed\"},\"headline\":\"Morre o guitarrista e fadista Carlos Macedo, int\u00e9rprete de At\u00e9 o rei ia ao fado\",\"datePublished\":\"2026-03-08T14:44:00+00:00\",\"mainEntityOfPage\":{\"@id\":\"https:\/\/portaltela.pt\/noticias\/2026\/03\/08\/morre-o-guitarrista-e-fadista-carlos-macedo-interprete-de-ate-o-rei-ia-ao-fado\/\"},\"wordCount\":299,\"image\":{\"@id\":\"https:\/\/portaltela.pt\/noticias\/2026\/03\/08\/morre-o-guitarrista-e-fadista-carlos-macedo-interprete-de-ate-o-rei-ia-ao-fado\/#primaryimage\"},\"thumbnailUrl\":\"https:\/\/portaltela.pt\/s.01k8rhncp4jt1\/2026\/03\/image-516.jpg\",\"keywords\":[\"a guitarra\",\"cantores\",\"Mo\u00e7ambique\",\"m\u00fasica\",\"Portugal\"],\"articleSection\":[\"M\u00fasica\",\"Not\u00edcias\"],\"inLanguage\":\"pt-PT\"},{\"@type\":\"WebPage\",\"@id\":\"https:\/\/portaltela.pt\/noticias\/2026\/03\/08\/morre-o-guitarrista-e-fadista-carlos-macedo-interprete-de-ate-o-rei-ia-ao-fado\/\",\"url\":\"https:\/\/portaltela.pt\/noticias\/2026\/03\/08\/morre-o-guitarrista-e-fadista-carlos-macedo-interprete-de-ate-o-rei-ia-ao-fado\/\",\"name\":\"Morre o guitarrista e fadista Carlos Macedo, int\u00e9rprete de At\u00e9 o rei ia ao fado - Portal Tela Portugal\",\"isPartOf\":{\"@id\":\"https:\/\/portaltela.pt\/#website\"},\"primaryImageOfPage\":{\"@id\":\"https:\/\/portaltela.pt\/noticias\/2026\/03\/08\/morre-o-guitarrista-e-fadista-carlos-macedo-interprete-de-ate-o-rei-ia-ao-fado\/#primaryimage\"},\"image\":{\"@id\":\"https:\/\/portaltela.pt\/noticias\/2026\/03\/08\/morre-o-guitarrista-e-fadista-carlos-macedo-interprete-de-ate-o-rei-ia-ao-fado\/#primaryimage\"},\"thumbnailUrl\":\"https:\/\/portaltela.pt\/s.01k8rhncp4jt1\/2026\/03\/image-516.jpg\",\"datePublished\":\"2026-03-08T14:44:00+00:00\",\"author\":{\"@id\":\"https:\/\/portaltela.pt\/#\/schema\/person\/c4278d4a6028830caff9ee44b42d32ed\"},\"breadcrumb\":{\"@id\":\"https:\/\/portaltela.pt\/noticias\/2026\/03\/08\/morre-o-guitarrista-e-fadista-carlos-macedo-interprete-de-ate-o-rei-ia-ao-fado\/#breadcrumb\"},\"inLanguage\":\"pt-PT\",\"potentialAction\":[{\"@type\":\"ReadAction\",\"target\":[\"https:\/\/portaltela.pt\/noticias\/2026\/03\/08\/morre-o-guitarrista-e-fadista-carlos-macedo-interprete-de-ate-o-rei-ia-ao-fado\/\"]}]},{\"@type\":\"ImageObject\",\"inLanguage\":\"pt-PT\",\"@id\":\"https:\/\/portaltela.pt\/noticias\/2026\/03\/08\/morre-o-guitarrista-e-fadista-carlos-macedo-interprete-de-ate-o-rei-ia-ao-fado\/#primaryimage\",\"url\":\"https:\/\/portaltela.pt\/s.01k8rhncp4jt1\/2026\/03\/image-516.jpg\",\"contentUrl\":\"https:\/\/portaltela.pt\/s.01k8rhncp4jt1\/2026\/03\/image-516.jpg\",\"width\":796,\"height\":448,\"caption\":\"Carlos Macedo tinha 79 anos\"},{\"@type\":\"BreadcrumbList\",\"@id\":\"https:\/\/portaltela.pt\/noticias\/2026\/03\/08\/morre-o-guitarrista-e-fadista-carlos-macedo-interprete-de-ate-o-rei-ia-ao-fado\/#breadcrumb\",\"itemListElement\":[{\"@type\":\"ListItem\",\"position\":1,\"name\":\"In\u00edcio\",\"item\":\"https:\/\/portaltela.pt\/\"},{\"@type\":\"ListItem\",\"position\":2,\"name\":\"Morre o guitarrista e fadista Carlos Macedo, int\u00e9rprete de At\u00e9 o rei ia ao fado\"}]},{\"@type\":\"WebSite\",\"@id\":\"https:\/\/portaltela.pt\/#website\",\"url\":\"https:\/\/portaltela.pt\/\",\"name\":\"Portal Tela Portugal\",\"description\":\"\",\"potentialAction\":[{\"@type\":\"SearchAction\",\"target\":{\"@type\":\"EntryPoint\",\"urlTemplate\":\"https:\/\/portaltela.pt\/?s={search_term_string}\"},\"query-input\":{\"@type\":\"PropertyValueSpecification\",\"valueRequired\":true,\"valueName\":\"search_term_string\"}}],\"inLanguage\":\"pt-PT\"},{\"@type\":\"Person\",\"@id\":\"https:\/\/portaltela.pt\/#\/schema\/person\/c4278d4a6028830caff9ee44b42d32ed\",\"name\":\"Telinha\",\"image\":{\"@type\":\"ImageObject\",\"inLanguage\":\"pt-PT\",\"@id\":\"https:\/\/portaltela.pt\/s.01k8rhncp4jt1\/2025\/11\/talking-bot-125x125.png\",\"url\":\"https:\/\/portaltela.pt\/s.01k8rhncp4jt1\/2025\/11\/talking-bot-125x125.png\",\"contentUrl\":\"https:\/\/portaltela.pt\/s.01k8rhncp4jt1\/2025\/11\/talking-bot-125x125.png\",\"caption\":\"Telinha\"},\"sameAs\":[\"https:\/\/portaltela.pt\/\"],\"url\":\"https:\/\/portaltela.pt\/por\/367410592786\/\"}]}<\/script>\n<!-- \/ Yoast SEO plugin. -->","yoast_head_json":{"title":"Morre o guitarrista e fadista Carlos Macedo, int\u00e9rprete de At\u00e9 o rei ia ao fado - Portal Tela Portugal","robots":{"index":"index","follow":"follow","max-snippet":"max-snippet:-1","max-image-preview":"max-image-preview:large","max-video-preview":"max-video-preview:-1"},"og_locale":"pt_PT","og_type":"article","og_title":"Morre o guitarrista e fadista Carlos Macedo, int\u00e9rprete de At\u00e9 o rei ia ao fado - Portal Tela Portugal","og_description":"Morreu o fadista e guitarrista Carlos Macedo, aos 79 anos, no Hospital de Santa Maria, segundo a Casa do Artista. Carreira de sessenta anos: fadista, guitarrista, poeta, compositor e construtor de guitarras; foi eleito rei do fado em Mo\u00e7ambique em 1972. Nascido Jos\u00e9 Carlos de Campos Macedo, em nove de dezembro de 1946, em Lousado, Vila Nova de Famalic\u00e3o; come\u00e7ou a tocar aos 17 anos com o seu pr\u00f3prio conjunto. Atuou em Portugal, Fran\u00e7a e Brasil, incluindo per\u00edodos com Maria da F\u00e9 e o elenco Senhor Vinho; gravou o primeiro \u00e1lbum em 1975, que inclui o tema \u201cAt\u00e9 o rei ia ao fado\u201d. Entre os \u00eaxitos est\u00e3o \u201cCampa Florida\u201d, \u201cQuero ir \u00e0 minha terra\u201d e outros trabalhos que marcaram a sua carreira.","og_url":"https:\/\/portaltela.pt\/noticias\/2026\/03\/08\/morre-o-guitarrista-e-fadista-carlos-macedo-interprete-de-ate-o-rei-ia-ao-fado\/","og_site_name":"Portal Tela Portugal","article_published_time":"2026-03-08T14:44:00+00:00","author":"Telinha","twitter_card":"summary_large_image","twitter_misc":{"Escrito por":"Telinha","Tempo estimado de leitura":"1 minuto"},"schema":{"@context":"https:\/\/schema.org","@graph":[{"@type":"Article","@id":"https:\/\/portaltela.pt\/noticias\/2026\/03\/08\/morre-o-guitarrista-e-fadista-carlos-macedo-interprete-de-ate-o-rei-ia-ao-fado\/#article","isPartOf":{"@id":"https:\/\/portaltela.pt\/noticias\/2026\/03\/08\/morre-o-guitarrista-e-fadista-carlos-macedo-interprete-de-ate-o-rei-ia-ao-fado\/"},"author":{"name":"Telinha","@id":"https:\/\/portaltela.pt\/#\/schema\/person\/c4278d4a6028830caff9ee44b42d32ed"},"headline":"Morre o guitarrista e fadista Carlos Macedo, int\u00e9rprete de At\u00e9 o rei ia ao fado","datePublished":"2026-03-08T14:44:00+00:00","mainEntityOfPage":{"@id":"https:\/\/portaltela.pt\/noticias\/2026\/03\/08\/morre-o-guitarrista-e-fadista-carlos-macedo-interprete-de-ate-o-rei-ia-ao-fado\/"},"wordCount":299,"image":{"@id":"https:\/\/portaltela.pt\/noticias\/2026\/03\/08\/morre-o-guitarrista-e-fadista-carlos-macedo-interprete-de-ate-o-rei-ia-ao-fado\/#primaryimage"},"thumbnailUrl":"https:\/\/portaltela.pt\/s.01k8rhncp4jt1\/2026\/03\/image-516.jpg","keywords":["a guitarra","cantores","Mo\u00e7ambique","m\u00fasica","Portugal"],"articleSection":["M\u00fasica","Not\u00edcias"],"inLanguage":"pt-PT"},{"@type":"WebPage","@id":"https:\/\/portaltela.pt\/noticias\/2026\/03\/08\/morre-o-guitarrista-e-fadista-carlos-macedo-interprete-de-ate-o-rei-ia-ao-fado\/","url":"https:\/\/portaltela.pt\/noticias\/2026\/03\/08\/morre-o-guitarrista-e-fadista-carlos-macedo-interprete-de-ate-o-rei-ia-ao-fado\/","name":"Morre o guitarrista e fadista Carlos Macedo, int\u00e9rprete de At\u00e9 o rei ia ao fado - Portal Tela Portugal","isPartOf":{"@id":"https:\/\/portaltela.pt\/#website"},"primaryImageOfPage":{"@id":"https:\/\/portaltela.pt\/noticias\/2026\/03\/08\/morre-o-guitarrista-e-fadista-carlos-macedo-interprete-de-ate-o-rei-ia-ao-fado\/#primaryimage"},"image":{"@id":"https:\/\/portaltela.pt\/noticias\/2026\/03\/08\/morre-o-guitarrista-e-fadista-carlos-macedo-interprete-de-ate-o-rei-ia-ao-fado\/#primaryimage"},"thumbnailUrl":"https:\/\/portaltela.pt\/s.01k8rhncp4jt1\/2026\/03\/image-516.jpg","datePublished":"2026-03-08T14:44:00+00:00","author":{"@id":"https:\/\/portaltela.pt\/#\/schema\/person\/c4278d4a6028830caff9ee44b42d32ed"},"breadcrumb":{"@id":"https:\/\/portaltela.pt\/noticias\/2026\/03\/08\/morre-o-guitarrista-e-fadista-carlos-macedo-interprete-de-ate-o-rei-ia-ao-fado\/#breadcrumb"},"inLanguage":"pt-PT","potentialAction":[{"@type":"ReadAction","target":["https:\/\/portaltela.pt\/noticias\/2026\/03\/08\/morre-o-guitarrista-e-fadista-carlos-macedo-interprete-de-ate-o-rei-ia-ao-fado\/"]}]},{"@type":"ImageObject","inLanguage":"pt-PT","@id":"https:\/\/portaltela.pt\/noticias\/2026\/03\/08\/morre-o-guitarrista-e-fadista-carlos-macedo-interprete-de-ate-o-rei-ia-ao-fado\/#primaryimage","url":"https:\/\/portaltela.pt\/s.01k8rhncp4jt1\/2026\/03\/image-516.jpg","contentUrl":"https:\/\/portaltela.pt\/s.01k8rhncp4jt1\/2026\/03\/image-516.jpg","width":796,"height":448,"caption":"Carlos Macedo tinha 79 anos"},{"@type":"BreadcrumbList","@id":"https:\/\/portaltela.pt\/noticias\/2026\/03\/08\/morre-o-guitarrista-e-fadista-carlos-macedo-interprete-de-ate-o-rei-ia-ao-fado\/#breadcrumb","itemListElement":[{"@type":"ListItem","position":1,"name":"In\u00edcio","item":"https:\/\/portaltela.pt\/"},{"@type":"ListItem","position":2,"name":"Morre o guitarrista e fadista Carlos Macedo, int\u00e9rprete de At\u00e9 o rei ia ao fado"}]},{"@type":"WebSite","@id":"https:\/\/portaltela.pt\/#website","url":"https:\/\/portaltela.pt\/","name":"Portal Tela Portugal","description":"","potentialAction":[{"@type":"SearchAction","target":{"@type":"EntryPoint","urlTemplate":"https:\/\/portaltela.pt\/?s={search_term_string}"},"query-input":{"@type":"PropertyValueSpecification","valueRequired":true,"valueName":"search_term_string"}}],"inLanguage":"pt-PT"},{"@type":"Person","@id":"https:\/\/portaltela.pt\/#\/schema\/person\/c4278d4a6028830caff9ee44b42d32ed","name":"Telinha","image":{"@type":"ImageObject","inLanguage":"pt-PT","@id":"https:\/\/portaltela.pt\/s.01k8rhncp4jt1\/2025\/11\/talking-bot-125x125.png","url":"https:\/\/portaltela.pt\/s.01k8rhncp4jt1\/2025\/11\/talking-bot-125x125.png","contentUrl":"https:\/\/portaltela.pt\/s.01k8rhncp4jt1\/2025\/11\/talking-bot-125x125.png","caption":"Telinha"},"sameAs":["https:\/\/portaltela.pt\/"],"url":"https:\/\/portaltela.pt\/por\/367410592786\/"}]}},"_links":{"self":[{"href":"https:\/\/portaltela.pt\/api\/wp\/v2\/posts\/402315","targetHints":{"allow":["GET"]}}],"collection":[{"href":"https:\/\/portaltela.pt\/api\/wp\/v2\/posts"}],"about":[{"href":"https:\/\/portaltela.pt\/api\/wp\/v2\/types\/post"}],"author":[{"embeddable":true,"href":"https:\/\/portaltela.pt\/api\/wp\/v2\/users\/2"}],"replies":[{"embeddable":true,"href":"https:\/\/portaltela.pt\/api\/wp\/v2\/comments?post=402315"}],"version-history":[{"count":0,"href":"https:\/\/portaltela.pt\/api\/wp\/v2\/posts\/402315\/revisions"}],"wp:featuredmedia":[{"embeddable":true,"href":"https:\/\/portaltela.pt\/api\/wp\/v2\/media\/402316"}],"wp:attachment":[{"href":"https:\/\/portaltela.pt\/api\/wp\/v2\/media?parent=402315"}],"wp:term":[{"taxonomy":"category","embeddable":true,"href":"https:\/\/portaltela.pt\/api\/wp\/v2\/categories?post=402315"},{"taxonomy":"post_tag","embeddable":true,"href":"https:\/\/portaltela.pt\/api\/wp\/v2\/tags?post=402315"}],"curies":[{"name":"wp","href":"https:\/\/api.w.org\/{rel}","templated":true}]}}