{"id":402275,"date":"2026-03-08T10:43:00","date_gmt":"2026-03-08T13:43:00","guid":{"rendered":"https:\/\/portaltela.pt\/noticias\/2026\/03\/08\/ps-quer-ampliar-apoio-a-maternidade-para-atletas-nacionais-e-profissionais-2\/"},"modified":"2026-03-08T10:43:00","modified_gmt":"2026-03-08T13:43:00","slug":"ps-quer-ampliar-apoio-a-maternidade-para-atletas-nacionais-e-profissionais-2","status":"publish","type":"post","link":"https:\/\/portaltela.pt\/noticias\/politica\/2026\/03\/08\/ps-quer-ampliar-apoio-a-maternidade-para-atletas-nacionais-e-profissionais-2\/","title":{"rendered":"PS quer ampliar apoio \u00e0 maternidade para atletas nacionais e profissionais"},"content":{"rendered":"<p>A Assembleia recebeu neste domingo um conjunto de iniciativas do PS centradas na maternidade no desporto e na igualdade de g\u00e9nero. O partido apresenta um projeto de lei para alargar a subven\u00e7\u00e3o atual a m\u00e3es atletas de alto rendimento para abranger praticantes de sele\u00e7\u00f5es nacionais e atletas profissionais. O diploma foi apresentado no \u00e2mbito do Dia Internacional da Mulher.<\/p>\n<p>O texto define que a subven\u00e7\u00e3o pode ser atribu\u00edda por at\u00e9 360 dias ap\u00f3s o nascimento e tem o valor do IAS, hoje 537,13 euros. O pagamento cabe ao IPDJ, com financiamento previsto no Or\u00e7amento do Estado e decis\u00e3o sobre candidaturas pelas pr\u00f3prias atletas.<\/p>\n<p>A deputada Elza Pais explicou que a medida amplia um apoio j\u00e1 existente, ainda que pouco utilizado, para um universo de atletas que integram sele\u00e7\u00f5es nacionais regulares e profissionais. A iniciativa prev\u00ea ainda treino adaptado, supervis\u00e3o m\u00e9dica e um plano de reintegra\u00e7\u00e3o ap\u00f3s a licen\u00e7a.<\/p>\n<h3>Novo inqu\u00e9rito sobre viol\u00eancia<\/h3>\n<p>O PS tamb\u00e9m apresentou dois projetos de resolu\u00e7\u00e3o para pol\u00edticas de igualdade e combate \u00e0 viol\u00eancia. Um deles recomenda um inqu\u00e9rito nacional de vitimiza\u00e7\u00e3o para aferir a preval\u00eancia e impactos da viol\u00eancia contra mulheres e viol\u00eancia dom\u00e9stica.<\/p>\n<p>O segundo prop\u00f5e ao Governo refor\u00e7ar as pol\u00edticas de igualdade nas For\u00e7as Armadas, renovando o Plano Sectorial da Defesa Nacional para a Igualdade 2022-2025 e adaptando-o \u00e0s novas realidades internacionais.<\/p>\n<p>A socialista destaca que a gravidez pode representar um risco para quem depende de rankings desportivos, defendendo que a parentalidade n\u00e3o deve quebrar carreiras nem limitar apoios.<\/p>\n","protected":false},"excerpt":{"rendered":"<ul>\n<li>O PS quer alargar o apoio atual de maternidade, hoje apenas para atletas de alto rendimento, a praticantes de sele\u00e7\u00f5es nacionais e atletas profissionais, defendendo que a maternidade n\u00e3o penalize as carreiras desportivas.<\/li>\n<li>O projeto estabelece um apoio de at\u00e9 360 dias ap\u00f3s o nascimento, no valor mensal de 537,13 euros (IAS), pago pelo Instituto Portugu\u00eas do Desporto e Juventude (IPDJ) com financiamento do Or\u00e7amento do Estado.<\/li>\n<li>A atribui\u00e7\u00e3o depende de candidaturas ao IPDJ, que ficar\u00e1 respons\u00e1vel pela avalia\u00e7\u00e3o, supervis\u00e3o e cumprimento das normas, mantendo o mesmo estatuto e apoios financeiros j\u00e1 existentes.<\/li>\n<li>Ser\u00e3o assegurados programas de treino adaptado durante a gesta\u00e7\u00e3o, licen\u00e7a de parentalidade e um plano individual de reintegra\u00e7\u00e3o para o regresso \u00e0 competi\u00e7\u00e3o; o tempo de dura\u00e7\u00e3o da subven\u00e7\u00e3o conta como tempo \u00fatil de carreira desportiva.<\/li>\n<li>Paralelamente, o PS apresentou dois projetos de resolu\u00e7\u00e3o: um para a realiza\u00e7\u00e3o de um novo inqu\u00e9rito nacional sobre viol\u00eancia contra mulheres e viol\u00eancia dom\u00e9stica, e outro para refor\u00e7ar a igualdade de g\u00e9nero nas For\u00e7as Armadas e renovar o Plano Sectorial da Defesa Nacional para a Igualdade 2022-2025.<\/li>\n<\/ul>\n","protected":false},"author":2,"featured_media":402276,"comment_status":"closed","ping_status":"closed","sticky":false,"template":"","format":"standard","meta":{"footnotes":""},"categories":[1,5],"tags":[152,3108,2701,1140,2832,1014],"class_list":["post-402275","post","type-post","status-publish","format-standard","has-post-thumbnail","hentry","category-noticias","category-politica","tag-desporto","tag-equidade-de-genero-desafios-na-atualidade","tag-mulheres","tag-parentalidade","tag-politica","tag-portugal"],"yoast_head":"<!-- This site is optimized with the Yoast SEO plugin v27.2 - https:\/\/yoast.com\/product\/yoast-seo-wordpress\/ -->\n<title>PS quer ampliar apoio \u00e0 maternidade para atletas nacionais e profissionais - Portal Tela Portugal<\/title>\n<meta name=\"robots\" content=\"index, follow, max-snippet:-1, max-image-preview:large, max-video-preview:-1\" \/>\n<meta property=\"og:locale\" content=\"pt_PT\" \/>\n<meta property=\"og:type\" content=\"article\" \/>\n<meta property=\"og:title\" content=\"PS quer ampliar apoio \u00e0 maternidade para atletas nacionais e profissionais - Portal Tela Portugal\" \/>\n<meta property=\"og:description\" content=\"O PS quer alargar o apoio atual de maternidade, hoje apenas para atletas de alto rendimento, a praticantes de sele\u00e7\u00f5es nacionais e atletas profissionais, defendendo que a maternidade n\u00e3o penalize as carreiras desportivas. O projeto estabelece um apoio de at\u00e9 360 dias ap\u00f3s o nascimento, no valor mensal de 537,13 euros (IAS), pago pelo Instituto Portugu\u00eas do Desporto e Juventude (IPDJ) com financiamento do Or\u00e7amento do Estado. A atribui\u00e7\u00e3o depende de candidaturas ao IPDJ, que ficar\u00e1 respons\u00e1vel pela avalia\u00e7\u00e3o, supervis\u00e3o e cumprimento das normas, mantendo o mesmo estatuto e apoios financeiros j\u00e1 existentes. Ser\u00e3o assegurados programas de treino adaptado durante a gesta\u00e7\u00e3o, licen\u00e7a de parentalidade e um plano individual de reintegra\u00e7\u00e3o para o regresso \u00e0 competi\u00e7\u00e3o; o tempo de dura\u00e7\u00e3o da subven\u00e7\u00e3o conta como tempo \u00fatil de carreira desportiva. Paralelamente, o PS apresentou dois projetos de resolu\u00e7\u00e3o: um para a realiza\u00e7\u00e3o de um novo inqu\u00e9rito nacional sobre viol\u00eancia contra mulheres e viol\u00eancia dom\u00e9stica, e outro para refor\u00e7ar a igualdade de g\u00e9nero nas For\u00e7as Armadas e renovar o Plano Sectorial da Defesa Nacional para a Igualdade 2022-2025.\" \/>\n<meta property=\"og:url\" content=\"https:\/\/portaltela.pt\/noticias\/2026\/03\/08\/ps-quer-ampliar-apoio-a-maternidade-para-atletas-nacionais-e-profissionais-2\/\" \/>\n<meta property=\"og:site_name\" content=\"Portal Tela Portugal\" \/>\n<meta property=\"article:published_time\" content=\"2026-03-08T13:43:00+00:00\" \/>\n<meta name=\"author\" content=\"Telinha\" \/>\n<meta name=\"twitter:card\" content=\"summary_large_image\" \/>\n<meta name=\"twitter:label1\" content=\"Escrito por\" \/>\n\t<meta name=\"twitter:data1\" content=\"Telinha\" \/>\n\t<meta name=\"twitter:label2\" content=\"Tempo estimado de leitura\" \/>\n\t<meta name=\"twitter:data2\" content=\"1 minuto\" \/>\n<script type=\"application\/ld+json\" class=\"yoast-schema-graph\">{\"@context\":\"https:\/\/schema.org\",\"@graph\":[{\"@type\":\"Article\",\"@id\":\"https:\/\/portaltela.pt\/noticias\/2026\/03\/08\/ps-quer-ampliar-apoio-a-maternidade-para-atletas-nacionais-e-profissionais-2\/#article\",\"isPartOf\":{\"@id\":\"https:\/\/portaltela.pt\/noticias\/2026\/03\/08\/ps-quer-ampliar-apoio-a-maternidade-para-atletas-nacionais-e-profissionais-2\/\"},\"author\":{\"name\":\"Telinha\",\"@id\":\"https:\/\/portaltela.pt\/#\/schema\/person\/c4278d4a6028830caff9ee44b42d32ed\"},\"headline\":\"PS quer ampliar apoio \u00e0 maternidade para atletas nacionais e profissionais\",\"datePublished\":\"2026-03-08T13:43:00+00:00\",\"mainEntityOfPage\":{\"@id\":\"https:\/\/portaltela.pt\/noticias\/2026\/03\/08\/ps-quer-ampliar-apoio-a-maternidade-para-atletas-nacionais-e-profissionais-2\/\"},\"wordCount\":286,\"image\":{\"@id\":\"https:\/\/portaltela.pt\/noticias\/2026\/03\/08\/ps-quer-ampliar-apoio-a-maternidade-para-atletas-nacionais-e-profissionais-2\/#primaryimage\"},\"thumbnailUrl\":\"https:\/\/portaltela.pt\/s.01k8rhncp4jt1\/2026\/03\/2072575.jpg\",\"keywords\":[\"desporto\",\"equidade de g\u00e9nero \u2013 Desafios na Atualidade\",\"Mulheres\",\"parentalidade\",\"pol\u00edtica\",\"Portugal\"],\"articleSection\":[\"Not\u00edcias\",\"Pol\u00edtica\"],\"inLanguage\":\"pt-PT\"},{\"@type\":\"WebPage\",\"@id\":\"https:\/\/portaltela.pt\/noticias\/2026\/03\/08\/ps-quer-ampliar-apoio-a-maternidade-para-atletas-nacionais-e-profissionais-2\/\",\"url\":\"https:\/\/portaltela.pt\/noticias\/2026\/03\/08\/ps-quer-ampliar-apoio-a-maternidade-para-atletas-nacionais-e-profissionais-2\/\",\"name\":\"PS quer ampliar apoio \u00e0 maternidade para atletas nacionais e profissionais - Portal Tela Portugal\",\"isPartOf\":{\"@id\":\"https:\/\/portaltela.pt\/#website\"},\"primaryImageOfPage\":{\"@id\":\"https:\/\/portaltela.pt\/noticias\/2026\/03\/08\/ps-quer-ampliar-apoio-a-maternidade-para-atletas-nacionais-e-profissionais-2\/#primaryimage\"},\"image\":{\"@id\":\"https:\/\/portaltela.pt\/noticias\/2026\/03\/08\/ps-quer-ampliar-apoio-a-maternidade-para-atletas-nacionais-e-profissionais-2\/#primaryimage\"},\"thumbnailUrl\":\"https:\/\/portaltela.pt\/s.01k8rhncp4jt1\/2026\/03\/2072575.jpg\",\"datePublished\":\"2026-03-08T13:43:00+00:00\",\"author\":{\"@id\":\"https:\/\/portaltela.pt\/#\/schema\/person\/c4278d4a6028830caff9ee44b42d32ed\"},\"breadcrumb\":{\"@id\":\"https:\/\/portaltela.pt\/noticias\/2026\/03\/08\/ps-quer-ampliar-apoio-a-maternidade-para-atletas-nacionais-e-profissionais-2\/#breadcrumb\"},\"inLanguage\":\"pt-PT\",\"potentialAction\":[{\"@type\":\"ReadAction\",\"target\":[\"https:\/\/portaltela.pt\/noticias\/2026\/03\/08\/ps-quer-ampliar-apoio-a-maternidade-para-atletas-nacionais-e-profissionais-2\/\"]}]},{\"@type\":\"ImageObject\",\"inLanguage\":\"pt-PT\",\"@id\":\"https:\/\/portaltela.pt\/noticias\/2026\/03\/08\/ps-quer-ampliar-apoio-a-maternidade-para-atletas-nacionais-e-profissionais-2\/#primaryimage\",\"url\":\"https:\/\/portaltela.pt\/s.01k8rhncp4jt1\/2026\/03\/2072575.jpg\",\"contentUrl\":\"https:\/\/portaltela.pt\/s.01k8rhncp4jt1\/2026\/03\/2072575.jpg\",\"width\":796,\"height\":448,\"caption\":\"O PS entende que a maternidade n\u00e3o deve significar o fim de uma carreira desportiva\"},{\"@type\":\"BreadcrumbList\",\"@id\":\"https:\/\/portaltela.pt\/noticias\/2026\/03\/08\/ps-quer-ampliar-apoio-a-maternidade-para-atletas-nacionais-e-profissionais-2\/#breadcrumb\",\"itemListElement\":[{\"@type\":\"ListItem\",\"position\":1,\"name\":\"In\u00edcio\",\"item\":\"https:\/\/portaltela.pt\/\"},{\"@type\":\"ListItem\",\"position\":2,\"name\":\"PS quer ampliar apoio \u00e0 maternidade para atletas nacionais e profissionais\"}]},{\"@type\":\"WebSite\",\"@id\":\"https:\/\/portaltela.pt\/#website\",\"url\":\"https:\/\/portaltela.pt\/\",\"name\":\"Portal Tela Portugal\",\"description\":\"\",\"potentialAction\":[{\"@type\":\"SearchAction\",\"target\":{\"@type\":\"EntryPoint\",\"urlTemplate\":\"https:\/\/portaltela.pt\/?s={search_term_string}\"},\"query-input\":{\"@type\":\"PropertyValueSpecification\",\"valueRequired\":true,\"valueName\":\"search_term_string\"}}],\"inLanguage\":\"pt-PT\"},{\"@type\":\"Person\",\"@id\":\"https:\/\/portaltela.pt\/#\/schema\/person\/c4278d4a6028830caff9ee44b42d32ed\",\"name\":\"Telinha\",\"image\":{\"@type\":\"ImageObject\",\"inLanguage\":\"pt-PT\",\"@id\":\"https:\/\/portaltela.pt\/s.01k8rhncp4jt1\/2025\/11\/talking-bot-125x125.png\",\"url\":\"https:\/\/portaltela.pt\/s.01k8rhncp4jt1\/2025\/11\/talking-bot-125x125.png\",\"contentUrl\":\"https:\/\/portaltela.pt\/s.01k8rhncp4jt1\/2025\/11\/talking-bot-125x125.png\",\"caption\":\"Telinha\"},\"sameAs\":[\"https:\/\/portaltela.pt\/\"],\"url\":\"https:\/\/portaltela.pt\/por\/367410592786\/\"}]}<\/script>\n<!-- \/ Yoast SEO plugin. -->","yoast_head_json":{"title":"PS quer ampliar apoio \u00e0 maternidade para atletas nacionais e profissionais - Portal Tela Portugal","robots":{"index":"index","follow":"follow","max-snippet":"max-snippet:-1","max-image-preview":"max-image-preview:large","max-video-preview":"max-video-preview:-1"},"og_locale":"pt_PT","og_type":"article","og_title":"PS quer ampliar apoio \u00e0 maternidade para atletas nacionais e profissionais - Portal Tela Portugal","og_description":"O PS quer alargar o apoio atual de maternidade, hoje apenas para atletas de alto rendimento, a praticantes de sele\u00e7\u00f5es nacionais e atletas profissionais, defendendo que a maternidade n\u00e3o penalize as carreiras desportivas. O projeto estabelece um apoio de at\u00e9 360 dias ap\u00f3s o nascimento, no valor mensal de 537,13 euros (IAS), pago pelo Instituto Portugu\u00eas do Desporto e Juventude (IPDJ) com financiamento do Or\u00e7amento do Estado. A atribui\u00e7\u00e3o depende de candidaturas ao IPDJ, que ficar\u00e1 respons\u00e1vel pela avalia\u00e7\u00e3o, supervis\u00e3o e cumprimento das normas, mantendo o mesmo estatuto e apoios financeiros j\u00e1 existentes. Ser\u00e3o assegurados programas de treino adaptado durante a gesta\u00e7\u00e3o, licen\u00e7a de parentalidade e um plano individual de reintegra\u00e7\u00e3o para o regresso \u00e0 competi\u00e7\u00e3o; o tempo de dura\u00e7\u00e3o da subven\u00e7\u00e3o conta como tempo \u00fatil de carreira desportiva. Paralelamente, o PS apresentou dois projetos de resolu\u00e7\u00e3o: um para a realiza\u00e7\u00e3o de um novo inqu\u00e9rito nacional sobre viol\u00eancia contra mulheres e viol\u00eancia dom\u00e9stica, e outro para refor\u00e7ar a igualdade de g\u00e9nero nas For\u00e7as Armadas e renovar o Plano Sectorial da Defesa Nacional para a Igualdade 2022-2025.","og_url":"https:\/\/portaltela.pt\/noticias\/2026\/03\/08\/ps-quer-ampliar-apoio-a-maternidade-para-atletas-nacionais-e-profissionais-2\/","og_site_name":"Portal Tela Portugal","article_published_time":"2026-03-08T13:43:00+00:00","author":"Telinha","twitter_card":"summary_large_image","twitter_misc":{"Escrito por":"Telinha","Tempo estimado de leitura":"1 minuto"},"schema":{"@context":"https:\/\/schema.org","@graph":[{"@type":"Article","@id":"https:\/\/portaltela.pt\/noticias\/2026\/03\/08\/ps-quer-ampliar-apoio-a-maternidade-para-atletas-nacionais-e-profissionais-2\/#article","isPartOf":{"@id":"https:\/\/portaltela.pt\/noticias\/2026\/03\/08\/ps-quer-ampliar-apoio-a-maternidade-para-atletas-nacionais-e-profissionais-2\/"},"author":{"name":"Telinha","@id":"https:\/\/portaltela.pt\/#\/schema\/person\/c4278d4a6028830caff9ee44b42d32ed"},"headline":"PS quer ampliar apoio \u00e0 maternidade para atletas nacionais e profissionais","datePublished":"2026-03-08T13:43:00+00:00","mainEntityOfPage":{"@id":"https:\/\/portaltela.pt\/noticias\/2026\/03\/08\/ps-quer-ampliar-apoio-a-maternidade-para-atletas-nacionais-e-profissionais-2\/"},"wordCount":286,"image":{"@id":"https:\/\/portaltela.pt\/noticias\/2026\/03\/08\/ps-quer-ampliar-apoio-a-maternidade-para-atletas-nacionais-e-profissionais-2\/#primaryimage"},"thumbnailUrl":"https:\/\/portaltela.pt\/s.01k8rhncp4jt1\/2026\/03\/2072575.jpg","keywords":["desporto","equidade de g\u00e9nero \u2013 Desafios na Atualidade","Mulheres","parentalidade","pol\u00edtica","Portugal"],"articleSection":["Not\u00edcias","Pol\u00edtica"],"inLanguage":"pt-PT"},{"@type":"WebPage","@id":"https:\/\/portaltela.pt\/noticias\/2026\/03\/08\/ps-quer-ampliar-apoio-a-maternidade-para-atletas-nacionais-e-profissionais-2\/","url":"https:\/\/portaltela.pt\/noticias\/2026\/03\/08\/ps-quer-ampliar-apoio-a-maternidade-para-atletas-nacionais-e-profissionais-2\/","name":"PS quer ampliar apoio \u00e0 maternidade para atletas nacionais e profissionais - Portal Tela Portugal","isPartOf":{"@id":"https:\/\/portaltela.pt\/#website"},"primaryImageOfPage":{"@id":"https:\/\/portaltela.pt\/noticias\/2026\/03\/08\/ps-quer-ampliar-apoio-a-maternidade-para-atletas-nacionais-e-profissionais-2\/#primaryimage"},"image":{"@id":"https:\/\/portaltela.pt\/noticias\/2026\/03\/08\/ps-quer-ampliar-apoio-a-maternidade-para-atletas-nacionais-e-profissionais-2\/#primaryimage"},"thumbnailUrl":"https:\/\/portaltela.pt\/s.01k8rhncp4jt1\/2026\/03\/2072575.jpg","datePublished":"2026-03-08T13:43:00+00:00","author":{"@id":"https:\/\/portaltela.pt\/#\/schema\/person\/c4278d4a6028830caff9ee44b42d32ed"},"breadcrumb":{"@id":"https:\/\/portaltela.pt\/noticias\/2026\/03\/08\/ps-quer-ampliar-apoio-a-maternidade-para-atletas-nacionais-e-profissionais-2\/#breadcrumb"},"inLanguage":"pt-PT","potentialAction":[{"@type":"ReadAction","target":["https:\/\/portaltela.pt\/noticias\/2026\/03\/08\/ps-quer-ampliar-apoio-a-maternidade-para-atletas-nacionais-e-profissionais-2\/"]}]},{"@type":"ImageObject","inLanguage":"pt-PT","@id":"https:\/\/portaltela.pt\/noticias\/2026\/03\/08\/ps-quer-ampliar-apoio-a-maternidade-para-atletas-nacionais-e-profissionais-2\/#primaryimage","url":"https:\/\/portaltela.pt\/s.01k8rhncp4jt1\/2026\/03\/2072575.jpg","contentUrl":"https:\/\/portaltela.pt\/s.01k8rhncp4jt1\/2026\/03\/2072575.jpg","width":796,"height":448,"caption":"O PS entende que a maternidade n\u00e3o deve significar o fim de uma carreira desportiva"},{"@type":"BreadcrumbList","@id":"https:\/\/portaltela.pt\/noticias\/2026\/03\/08\/ps-quer-ampliar-apoio-a-maternidade-para-atletas-nacionais-e-profissionais-2\/#breadcrumb","itemListElement":[{"@type":"ListItem","position":1,"name":"In\u00edcio","item":"https:\/\/portaltela.pt\/"},{"@type":"ListItem","position":2,"name":"PS quer ampliar apoio \u00e0 maternidade para atletas nacionais e profissionais"}]},{"@type":"WebSite","@id":"https:\/\/portaltela.pt\/#website","url":"https:\/\/portaltela.pt\/","name":"Portal Tela Portugal","description":"","potentialAction":[{"@type":"SearchAction","target":{"@type":"EntryPoint","urlTemplate":"https:\/\/portaltela.pt\/?s={search_term_string}"},"query-input":{"@type":"PropertyValueSpecification","valueRequired":true,"valueName":"search_term_string"}}],"inLanguage":"pt-PT"},{"@type":"Person","@id":"https:\/\/portaltela.pt\/#\/schema\/person\/c4278d4a6028830caff9ee44b42d32ed","name":"Telinha","image":{"@type":"ImageObject","inLanguage":"pt-PT","@id":"https:\/\/portaltela.pt\/s.01k8rhncp4jt1\/2025\/11\/talking-bot-125x125.png","url":"https:\/\/portaltela.pt\/s.01k8rhncp4jt1\/2025\/11\/talking-bot-125x125.png","contentUrl":"https:\/\/portaltela.pt\/s.01k8rhncp4jt1\/2025\/11\/talking-bot-125x125.png","caption":"Telinha"},"sameAs":["https:\/\/portaltela.pt\/"],"url":"https:\/\/portaltela.pt\/por\/367410592786\/"}]}},"_links":{"self":[{"href":"https:\/\/portaltela.pt\/api\/wp\/v2\/posts\/402275","targetHints":{"allow":["GET"]}}],"collection":[{"href":"https:\/\/portaltela.pt\/api\/wp\/v2\/posts"}],"about":[{"href":"https:\/\/portaltela.pt\/api\/wp\/v2\/types\/post"}],"author":[{"embeddable":true,"href":"https:\/\/portaltela.pt\/api\/wp\/v2\/users\/2"}],"replies":[{"embeddable":true,"href":"https:\/\/portaltela.pt\/api\/wp\/v2\/comments?post=402275"}],"version-history":[{"count":0,"href":"https:\/\/portaltela.pt\/api\/wp\/v2\/posts\/402275\/revisions"}],"wp:featuredmedia":[{"embeddable":true,"href":"https:\/\/portaltela.pt\/api\/wp\/v2\/media\/402276"}],"wp:attachment":[{"href":"https:\/\/portaltela.pt\/api\/wp\/v2\/media?parent=402275"}],"wp:term":[{"taxonomy":"category","embeddable":true,"href":"https:\/\/portaltela.pt\/api\/wp\/v2\/categories?post=402275"},{"taxonomy":"post_tag","embeddable":true,"href":"https:\/\/portaltela.pt\/api\/wp\/v2\/tags?post=402275"}],"curies":[{"name":"wp","href":"https:\/\/api.w.org\/{rel}","templated":true}]}}