{"id":402259,"date":"2026-03-08T10:21:14","date_gmt":"2026-03-08T13:21:14","guid":{"rendered":"https:\/\/portaltela.pt\/noticias\/2026\/03\/08\/ferido-em-explosao-em-casa-de-familia-em-baiao\/"},"modified":"2026-03-08T10:21:14","modified_gmt":"2026-03-08T13:21:14","slug":"ferido-em-explosao-em-casa-de-familia-em-baiao","status":"publish","type":"post","link":"https:\/\/portaltela.pt\/noticias\/2026\/03\/08\/ferido-em-explosao-em-casa-de-familia-em-baiao\/","title":{"rendered":"Ferido em explos\u00e3o em casa de fam\u00edlia em Bai\u00e3o"},"content":{"rendered":"<p>Uma explos\u00e3o numa casa de uma fam\u00edlia em Bai\u00e3o deixou um ferido. O alerta foi recebido pelas autoridades \u00e0s 9h04. A hip\u00f3tese inicial aponta para uma fuga de g\u00e1s como causa prov\u00e1vel.<\/p>\n<p>Os bombeiros e a prote\u00e7\u00e3o civil deslocaram-se ao local, situado no concelho de Bai\u00e3o. O ferido foi encaminhado para avalia\u00e7\u00e3o m\u00e9dica e a \u00e1rea foi isolada.<\/p>\n<p>A resid\u00eancia encontra-se numa zona urbana do munic\u00edpio. As autoridades prosseguem com a verifica\u00e7\u00e3o das condi\u00e7\u00f5es da casa e com o apuramento das causas da explos\u00e3o.<\/p>\n<h3>Desdobramentos<\/h3>\n<p>As equipas trabalham para assegurar a \u00e1rea, avaliar danos estruturais e confirmar se houve danos a outros im\u00f3veis ou moradores, sem indicar mais feridos. O caso permanece em investiga\u00e7\u00e3o pelas autoridades competentes.<\/p>\n","protected":false},"excerpt":{"rendered":"<ul>\n<li>Uma explos\u00e3o numa casa de fam\u00edlia em Bai\u00e3o deixou um ferido.<\/li>\n<li>O alerta foi recebido pelas autoridades \u00e0s 9h04.<\/li>\n<li>A explos\u00e3o ter\u00e1 sido provocada por uma fuga de g\u00e1s.<\/li>\n<li>N\u00e3o foram divulgados outros detalhes adicionais no momento.<\/li>\n<\/ul>\n","protected":false},"author":2,"featured_media":402263,"comment_status":"closed","ping_status":"closed","sticky":false,"template":"","format":"standard","meta":{"footnotes":""},"categories":[1],"tags":[5487,1369,971,3571,3449,320],"class_list":["post-402259","post","type-post","status-publish","format-standard","has-post-thumbnail","hentry","category-noticias","tag-acidente","tag-baiao","tag-bombeiros","tag-explosoes","tag-feridos","tag-protecao-civil"],"yoast_head":"<!-- This site is optimized with the Yoast SEO plugin v27.2 - https:\/\/yoast.com\/product\/yoast-seo-wordpress\/ -->\n<title>Ferido em explos\u00e3o em casa de fam\u00edlia em Bai\u00e3o - Portal Tela Portugal<\/title>\n<meta name=\"robots\" content=\"index, follow, max-snippet:-1, max-image-preview:large, max-video-preview:-1\" \/>\n<meta property=\"og:locale\" content=\"pt_PT\" \/>\n<meta property=\"og:type\" content=\"article\" \/>\n<meta property=\"og:title\" content=\"Ferido em explos\u00e3o em casa de fam\u00edlia em Bai\u00e3o - Portal Tela Portugal\" \/>\n<meta property=\"og:description\" content=\"Uma explos\u00e3o numa casa de fam\u00edlia em Bai\u00e3o deixou um ferido. O alerta foi recebido pelas autoridades \u00e0s 9h04. A explos\u00e3o ter\u00e1 sido provocada por uma fuga de g\u00e1s. N\u00e3o foram divulgados outros detalhes adicionais no momento.\" \/>\n<meta property=\"og:url\" content=\"https:\/\/portaltela.pt\/noticias\/2026\/03\/08\/ferido-em-explosao-em-casa-de-familia-em-baiao\/\" \/>\n<meta property=\"og:site_name\" content=\"Portal Tela Portugal\" \/>\n<meta property=\"article:published_time\" content=\"2026-03-08T13:21:14+00:00\" \/>\n<meta name=\"author\" content=\"Telinha\" \/>\n<meta name=\"twitter:card\" content=\"summary_large_image\" \/>\n<meta name=\"twitter:label1\" content=\"Escrito por\" \/>\n\t<meta name=\"twitter:data1\" content=\"Telinha\" \/>\n\t<meta name=\"twitter:label2\" content=\"Tempo estimado de leitura\" \/>\n\t<meta name=\"twitter:data2\" content=\"1 minuto\" \/>\n<script type=\"application\/ld+json\" class=\"yoast-schema-graph\">{\"@context\":\"https:\/\/schema.org\",\"@graph\":[{\"@type\":\"Article\",\"@id\":\"https:\/\/portaltela.pt\/noticias\/2026\/03\/08\/ferido-em-explosao-em-casa-de-familia-em-baiao\/#article\",\"isPartOf\":{\"@id\":\"https:\/\/portaltela.pt\/noticias\/2026\/03\/08\/ferido-em-explosao-em-casa-de-familia-em-baiao\/\"},\"author\":{\"name\":\"Telinha\",\"@id\":\"https:\/\/portaltela.pt\/#\/schema\/person\/c4278d4a6028830caff9ee44b42d32ed\"},\"headline\":\"Ferido em explos\u00e3o em casa de fam\u00edlia em Bai\u00e3o\",\"datePublished\":\"2026-03-08T13:21:14+00:00\",\"mainEntityOfPage\":{\"@id\":\"https:\/\/portaltela.pt\/noticias\/2026\/03\/08\/ferido-em-explosao-em-casa-de-familia-em-baiao\/\"},\"wordCount\":146,\"image\":{\"@id\":\"https:\/\/portaltela.pt\/noticias\/2026\/03\/08\/ferido-em-explosao-em-casa-de-familia-em-baiao\/#primaryimage\"},\"thumbnailUrl\":\"https:\/\/portaltela.pt\/s.01k8rhncp4jt1\/2026\/03\/img_1280x722uu2026-03-08-13-20-23-2271080.jpg\",\"keywords\":[\"acidente\",\"Bai\u00e3o\",\"bombeiros\",\"explos\u00f5es\",\"feridos\",\"prote\u00e7\u00e3o civil\"],\"articleSection\":[\"Not\u00edcias\"],\"inLanguage\":\"pt-PT\"},{\"@type\":\"WebPage\",\"@id\":\"https:\/\/portaltela.pt\/noticias\/2026\/03\/08\/ferido-em-explosao-em-casa-de-familia-em-baiao\/\",\"url\":\"https:\/\/portaltela.pt\/noticias\/2026\/03\/08\/ferido-em-explosao-em-casa-de-familia-em-baiao\/\",\"name\":\"Ferido em explos\u00e3o em casa de fam\u00edlia em Bai\u00e3o - Portal Tela Portugal\",\"isPartOf\":{\"@id\":\"https:\/\/portaltela.pt\/#website\"},\"primaryImageOfPage\":{\"@id\":\"https:\/\/portaltela.pt\/noticias\/2026\/03\/08\/ferido-em-explosao-em-casa-de-familia-em-baiao\/#primaryimage\"},\"image\":{\"@id\":\"https:\/\/portaltela.pt\/noticias\/2026\/03\/08\/ferido-em-explosao-em-casa-de-familia-em-baiao\/#primaryimage\"},\"thumbnailUrl\":\"https:\/\/portaltela.pt\/s.01k8rhncp4jt1\/2026\/03\/img_1280x722uu2026-03-08-13-20-23-2271080.jpg\",\"datePublished\":\"2026-03-08T13:21:14+00:00\",\"author\":{\"@id\":\"https:\/\/portaltela.pt\/#\/schema\/person\/c4278d4a6028830caff9ee44b42d32ed\"},\"breadcrumb\":{\"@id\":\"https:\/\/portaltela.pt\/noticias\/2026\/03\/08\/ferido-em-explosao-em-casa-de-familia-em-baiao\/#breadcrumb\"},\"inLanguage\":\"pt-PT\",\"potentialAction\":[{\"@type\":\"ReadAction\",\"target\":[\"https:\/\/portaltela.pt\/noticias\/2026\/03\/08\/ferido-em-explosao-em-casa-de-familia-em-baiao\/\"]}]},{\"@type\":\"ImageObject\",\"inLanguage\":\"pt-PT\",\"@id\":\"https:\/\/portaltela.pt\/noticias\/2026\/03\/08\/ferido-em-explosao-em-casa-de-familia-em-baiao\/#primaryimage\",\"url\":\"https:\/\/portaltela.pt\/s.01k8rhncp4jt1\/2026\/03\/img_1280x722uu2026-03-08-13-20-23-2271080.jpg\",\"contentUrl\":\"https:\/\/portaltela.pt\/s.01k8rhncp4jt1\/2026\/03\/img_1280x722uu2026-03-08-13-20-23-2271080.jpg\",\"width\":796,\"height\":448,\"caption\":\"Photo\"},{\"@type\":\"BreadcrumbList\",\"@id\":\"https:\/\/portaltela.pt\/noticias\/2026\/03\/08\/ferido-em-explosao-em-casa-de-familia-em-baiao\/#breadcrumb\",\"itemListElement\":[{\"@type\":\"ListItem\",\"position\":1,\"name\":\"In\u00edcio\",\"item\":\"https:\/\/portaltela.pt\/\"},{\"@type\":\"ListItem\",\"position\":2,\"name\":\"Ferido em explos\u00e3o em casa de fam\u00edlia em Bai\u00e3o\"}]},{\"@type\":\"WebSite\",\"@id\":\"https:\/\/portaltela.pt\/#website\",\"url\":\"https:\/\/portaltela.pt\/\",\"name\":\"Portal Tela Portugal\",\"description\":\"\",\"potentialAction\":[{\"@type\":\"SearchAction\",\"target\":{\"@type\":\"EntryPoint\",\"urlTemplate\":\"https:\/\/portaltela.pt\/?s={search_term_string}\"},\"query-input\":{\"@type\":\"PropertyValueSpecification\",\"valueRequired\":true,\"valueName\":\"search_term_string\"}}],\"inLanguage\":\"pt-PT\"},{\"@type\":\"Person\",\"@id\":\"https:\/\/portaltela.pt\/#\/schema\/person\/c4278d4a6028830caff9ee44b42d32ed\",\"name\":\"Telinha\",\"image\":{\"@type\":\"ImageObject\",\"inLanguage\":\"pt-PT\",\"@id\":\"https:\/\/portaltela.pt\/s.01k8rhncp4jt1\/2025\/11\/talking-bot-125x125.png\",\"url\":\"https:\/\/portaltela.pt\/s.01k8rhncp4jt1\/2025\/11\/talking-bot-125x125.png\",\"contentUrl\":\"https:\/\/portaltela.pt\/s.01k8rhncp4jt1\/2025\/11\/talking-bot-125x125.png\",\"caption\":\"Telinha\"},\"sameAs\":[\"https:\/\/portaltela.pt\/\"],\"url\":\"https:\/\/portaltela.pt\/por\/367410592786\/\"}]}<\/script>\n<!-- \/ Yoast SEO plugin. -->","yoast_head_json":{"title":"Ferido em explos\u00e3o em casa de fam\u00edlia em Bai\u00e3o - Portal Tela Portugal","robots":{"index":"index","follow":"follow","max-snippet":"max-snippet:-1","max-image-preview":"max-image-preview:large","max-video-preview":"max-video-preview:-1"},"og_locale":"pt_PT","og_type":"article","og_title":"Ferido em explos\u00e3o em casa de fam\u00edlia em Bai\u00e3o - Portal Tela Portugal","og_description":"Uma explos\u00e3o numa casa de fam\u00edlia em Bai\u00e3o deixou um ferido. O alerta foi recebido pelas autoridades \u00e0s 9h04. A explos\u00e3o ter\u00e1 sido provocada por uma fuga de g\u00e1s. N\u00e3o foram divulgados outros detalhes adicionais no momento.","og_url":"https:\/\/portaltela.pt\/noticias\/2026\/03\/08\/ferido-em-explosao-em-casa-de-familia-em-baiao\/","og_site_name":"Portal Tela Portugal","article_published_time":"2026-03-08T13:21:14+00:00","author":"Telinha","twitter_card":"summary_large_image","twitter_misc":{"Escrito por":"Telinha","Tempo estimado de leitura":"1 minuto"},"schema":{"@context":"https:\/\/schema.org","@graph":[{"@type":"Article","@id":"https:\/\/portaltela.pt\/noticias\/2026\/03\/08\/ferido-em-explosao-em-casa-de-familia-em-baiao\/#article","isPartOf":{"@id":"https:\/\/portaltela.pt\/noticias\/2026\/03\/08\/ferido-em-explosao-em-casa-de-familia-em-baiao\/"},"author":{"name":"Telinha","@id":"https:\/\/portaltela.pt\/#\/schema\/person\/c4278d4a6028830caff9ee44b42d32ed"},"headline":"Ferido em explos\u00e3o em casa de fam\u00edlia em Bai\u00e3o","datePublished":"2026-03-08T13:21:14+00:00","mainEntityOfPage":{"@id":"https:\/\/portaltela.pt\/noticias\/2026\/03\/08\/ferido-em-explosao-em-casa-de-familia-em-baiao\/"},"wordCount":146,"image":{"@id":"https:\/\/portaltela.pt\/noticias\/2026\/03\/08\/ferido-em-explosao-em-casa-de-familia-em-baiao\/#primaryimage"},"thumbnailUrl":"https:\/\/portaltela.pt\/s.01k8rhncp4jt1\/2026\/03\/img_1280x722uu2026-03-08-13-20-23-2271080.jpg","keywords":["acidente","Bai\u00e3o","bombeiros","explos\u00f5es","feridos","prote\u00e7\u00e3o civil"],"articleSection":["Not\u00edcias"],"inLanguage":"pt-PT"},{"@type":"WebPage","@id":"https:\/\/portaltela.pt\/noticias\/2026\/03\/08\/ferido-em-explosao-em-casa-de-familia-em-baiao\/","url":"https:\/\/portaltela.pt\/noticias\/2026\/03\/08\/ferido-em-explosao-em-casa-de-familia-em-baiao\/","name":"Ferido em explos\u00e3o em casa de fam\u00edlia em Bai\u00e3o - Portal Tela Portugal","isPartOf":{"@id":"https:\/\/portaltela.pt\/#website"},"primaryImageOfPage":{"@id":"https:\/\/portaltela.pt\/noticias\/2026\/03\/08\/ferido-em-explosao-em-casa-de-familia-em-baiao\/#primaryimage"},"image":{"@id":"https:\/\/portaltela.pt\/noticias\/2026\/03\/08\/ferido-em-explosao-em-casa-de-familia-em-baiao\/#primaryimage"},"thumbnailUrl":"https:\/\/portaltela.pt\/s.01k8rhncp4jt1\/2026\/03\/img_1280x722uu2026-03-08-13-20-23-2271080.jpg","datePublished":"2026-03-08T13:21:14+00:00","author":{"@id":"https:\/\/portaltela.pt\/#\/schema\/person\/c4278d4a6028830caff9ee44b42d32ed"},"breadcrumb":{"@id":"https:\/\/portaltela.pt\/noticias\/2026\/03\/08\/ferido-em-explosao-em-casa-de-familia-em-baiao\/#breadcrumb"},"inLanguage":"pt-PT","potentialAction":[{"@type":"ReadAction","target":["https:\/\/portaltela.pt\/noticias\/2026\/03\/08\/ferido-em-explosao-em-casa-de-familia-em-baiao\/"]}]},{"@type":"ImageObject","inLanguage":"pt-PT","@id":"https:\/\/portaltela.pt\/noticias\/2026\/03\/08\/ferido-em-explosao-em-casa-de-familia-em-baiao\/#primaryimage","url":"https:\/\/portaltela.pt\/s.01k8rhncp4jt1\/2026\/03\/img_1280x722uu2026-03-08-13-20-23-2271080.jpg","contentUrl":"https:\/\/portaltela.pt\/s.01k8rhncp4jt1\/2026\/03\/img_1280x722uu2026-03-08-13-20-23-2271080.jpg","width":796,"height":448,"caption":"Photo"},{"@type":"BreadcrumbList","@id":"https:\/\/portaltela.pt\/noticias\/2026\/03\/08\/ferido-em-explosao-em-casa-de-familia-em-baiao\/#breadcrumb","itemListElement":[{"@type":"ListItem","position":1,"name":"In\u00edcio","item":"https:\/\/portaltela.pt\/"},{"@type":"ListItem","position":2,"name":"Ferido em explos\u00e3o em casa de fam\u00edlia em Bai\u00e3o"}]},{"@type":"WebSite","@id":"https:\/\/portaltela.pt\/#website","url":"https:\/\/portaltela.pt\/","name":"Portal Tela Portugal","description":"","potentialAction":[{"@type":"SearchAction","target":{"@type":"EntryPoint","urlTemplate":"https:\/\/portaltela.pt\/?s={search_term_string}"},"query-input":{"@type":"PropertyValueSpecification","valueRequired":true,"valueName":"search_term_string"}}],"inLanguage":"pt-PT"},{"@type":"Person","@id":"https:\/\/portaltela.pt\/#\/schema\/person\/c4278d4a6028830caff9ee44b42d32ed","name":"Telinha","image":{"@type":"ImageObject","inLanguage":"pt-PT","@id":"https:\/\/portaltela.pt\/s.01k8rhncp4jt1\/2025\/11\/talking-bot-125x125.png","url":"https:\/\/portaltela.pt\/s.01k8rhncp4jt1\/2025\/11\/talking-bot-125x125.png","contentUrl":"https:\/\/portaltela.pt\/s.01k8rhncp4jt1\/2025\/11\/talking-bot-125x125.png","caption":"Telinha"},"sameAs":["https:\/\/portaltela.pt\/"],"url":"https:\/\/portaltela.pt\/por\/367410592786\/"}]}},"_links":{"self":[{"href":"https:\/\/portaltela.pt\/api\/wp\/v2\/posts\/402259","targetHints":{"allow":["GET"]}}],"collection":[{"href":"https:\/\/portaltela.pt\/api\/wp\/v2\/posts"}],"about":[{"href":"https:\/\/portaltela.pt\/api\/wp\/v2\/types\/post"}],"author":[{"embeddable":true,"href":"https:\/\/portaltela.pt\/api\/wp\/v2\/users\/2"}],"replies":[{"embeddable":true,"href":"https:\/\/portaltela.pt\/api\/wp\/v2\/comments?post=402259"}],"version-history":[{"count":0,"href":"https:\/\/portaltela.pt\/api\/wp\/v2\/posts\/402259\/revisions"}],"wp:featuredmedia":[{"embeddable":true,"href":"https:\/\/portaltela.pt\/api\/wp\/v2\/media\/402263"}],"wp:attachment":[{"href":"https:\/\/portaltela.pt\/api\/wp\/v2\/media?parent=402259"}],"wp:term":[{"taxonomy":"category","embeddable":true,"href":"https:\/\/portaltela.pt\/api\/wp\/v2\/categories?post=402259"},{"taxonomy":"post_tag","embeddable":true,"href":"https:\/\/portaltela.pt\/api\/wp\/v2\/tags?post=402259"}],"curies":[{"name":"wp","href":"https:\/\/api.w.org\/{rel}","templated":true}]}}