{"id":402233,"date":"2026-03-07T21:01:00","date_gmt":"2026-03-08T00:01:00","guid":{"rendered":"https:\/\/portaltela.pt\/noticias\/2026\/03\/07\/mulheres-sao-maioria-em-lideranca-mas-persistem-desigualdades-diz-pordata\/"},"modified":"2026-03-07T21:01:00","modified_gmt":"2026-03-08T00:01:00","slug":"mulheres-sao-maioria-em-lideranca-mas-persistem-desigualdades-diz-pordata","status":"publish","type":"post","link":"https:\/\/portaltela.pt\/noticias\/2026\/03\/07\/mulheres-sao-maioria-em-lideranca-mas-persistem-desigualdades-diz-pordata\/","title":{"rendered":"Mulheres s\u00e3o maioria em lideran\u00e7a, mas persistem desigualdades, diz Pordata"},"content":{"rendered":"<p>O estudo divulgado pela Pordata indica que as mulheres continuam a representar a maioria entre os cargos de lideran\u00e7a. A an\u00e1lise revela ganhos no protagonismo feminino em \u00e1reas-chave, aumentando a presen\u00e7a nas posi\u00e7\u00f5es de decis\u00e3o.<\/p>\n<p>Apesar do avan\u00e7o, os dados mostram persis\u00eancia de desigualdades. As informa\u00e7\u00f5es apontam desigualdade salarial, de oportunidades e de progresso entre homens e mulheres em diversos setores.<\/p>\n<p>O relat\u00f3rio, que compila indicadores demogr\u00e1ficos e econ\u00f3micos, analisa tend\u00eancias ao longo de v\u00e1rios anos, destacando avan\u00e7os na participa\u00e7\u00e3o feminina e, simultaneamente, desafios que continuam a limitar a equidade de g\u00e9nero no mercado de trabalho.<\/p>\n","protected":false},"excerpt":{"rendered":"<ul>\n<li>Segundo a Pordata, as mulheres s\u00e3o maioria e refor\u00e7am a lideran\u00e7a.<\/li>\n<li>Contudo, continuam existindo desigualdades de g\u00e9nero.<\/li>\n<li>Os dados referem-se a um estudo da Pordata.<\/li>\n<li>O conte\u00fado completo est\u00e1 dispon\u00edvel apenas para subscritores.<\/li>\n<li>A not\u00edcia n\u00e3o apresenta detalhes adicionais na nota publicada.<\/li>\n<\/ul>\n","protected":false},"author":2,"featured_media":402235,"comment_status":"closed","ping_status":"closed","sticky":false,"template":"","format":"standard","meta":{"footnotes":""},"categories":[1],"tags":[2862,5437,28,3027,2701,2201],"class_list":["post-402233","post","type-post","status-publish","format-standard","has-post-thumbnail","hentry","category-noticias","tag-desigualdades-salariais","tag-desigualdades-sociais","tag-economia","tag-igualdade-de-genero-desafios-na-atualidade","tag-mulheres","tag-trabalho"],"yoast_head":"<!-- This site is optimized with the Yoast SEO plugin v27.2 - https:\/\/yoast.com\/product\/yoast-seo-wordpress\/ -->\n<title>Mulheres s\u00e3o maioria em lideran\u00e7a, mas persistem desigualdades, diz Pordata - Portal Tela Portugal<\/title>\n<meta name=\"robots\" content=\"index, follow, max-snippet:-1, max-image-preview:large, max-video-preview:-1\" \/>\n<meta property=\"og:locale\" content=\"pt_PT\" \/>\n<meta property=\"og:type\" content=\"article\" \/>\n<meta property=\"og:title\" content=\"Mulheres s\u00e3o maioria em lideran\u00e7a, mas persistem desigualdades, diz Pordata - Portal Tela Portugal\" \/>\n<meta property=\"og:description\" content=\"Segundo a Pordata, as mulheres s\u00e3o maioria e refor\u00e7am a lideran\u00e7a. Contudo, continuam existindo desigualdades de g\u00e9nero. Os dados referem-se a um estudo da Pordata. O conte\u00fado completo est\u00e1 dispon\u00edvel apenas para subscritores. A not\u00edcia n\u00e3o apresenta detalhes adicionais na nota publicada.\" \/>\n<meta property=\"og:url\" content=\"https:\/\/portaltela.pt\/noticias\/2026\/03\/07\/mulheres-sao-maioria-em-lideranca-mas-persistem-desigualdades-diz-pordata\/\" \/>\n<meta property=\"og:site_name\" content=\"Portal Tela Portugal\" \/>\n<meta property=\"article:published_time\" content=\"2026-03-08T00:01:00+00:00\" \/>\n<meta name=\"author\" content=\"Telinha\" \/>\n<meta name=\"twitter:card\" content=\"summary_large_image\" \/>\n<meta name=\"twitter:label1\" content=\"Escrito por\" \/>\n\t<meta name=\"twitter:data1\" content=\"Telinha\" \/>\n\t<meta name=\"twitter:label2\" content=\"Tempo estimado de leitura\" \/>\n\t<meta name=\"twitter:data2\" content=\"1 minuto\" \/>\n<script type=\"application\/ld+json\" class=\"yoast-schema-graph\">{\"@context\":\"https:\/\/schema.org\",\"@graph\":[{\"@type\":\"Article\",\"@id\":\"https:\/\/portaltela.pt\/noticias\/2026\/03\/07\/mulheres-sao-maioria-em-lideranca-mas-persistem-desigualdades-diz-pordata\/#article\",\"isPartOf\":{\"@id\":\"https:\/\/portaltela.pt\/noticias\/2026\/03\/07\/mulheres-sao-maioria-em-lideranca-mas-persistem-desigualdades-diz-pordata\/\"},\"author\":{\"name\":\"Telinha\",\"@id\":\"https:\/\/portaltela.pt\/#\/schema\/person\/c4278d4a6028830caff9ee44b42d32ed\"},\"headline\":\"Mulheres s\u00e3o maioria em lideran\u00e7a, mas persistem desigualdades, diz Pordata\",\"datePublished\":\"2026-03-08T00:01:00+00:00\",\"mainEntityOfPage\":{\"@id\":\"https:\/\/portaltela.pt\/noticias\/2026\/03\/07\/mulheres-sao-maioria-em-lideranca-mas-persistem-desigualdades-diz-pordata\/\"},\"wordCount\":124,\"image\":{\"@id\":\"https:\/\/portaltela.pt\/noticias\/2026\/03\/07\/mulheres-sao-maioria-em-lideranca-mas-persistem-desigualdades-diz-pordata\/#primaryimage\"},\"thumbnailUrl\":\"https:\/\/portaltela.pt\/s.01k8rhncp4jt1\/2026\/03\/CACHE_780X1200_ANALOG_WATERMARKED_42813187_3431003_07052024102135.jpg\",\"keywords\":[\"desigualdades salariais\",\"desigualdades sociais\",\"economia\",\"Igualdade de G\u00e9nero \u2013 Desafios na Atualidade\",\"Mulheres\",\"trabalho\"],\"articleSection\":[\"Not\u00edcias\"],\"inLanguage\":\"pt-PT\"},{\"@type\":\"WebPage\",\"@id\":\"https:\/\/portaltela.pt\/noticias\/2026\/03\/07\/mulheres-sao-maioria-em-lideranca-mas-persistem-desigualdades-diz-pordata\/\",\"url\":\"https:\/\/portaltela.pt\/noticias\/2026\/03\/07\/mulheres-sao-maioria-em-lideranca-mas-persistem-desigualdades-diz-pordata\/\",\"name\":\"Mulheres s\u00e3o maioria em lideran\u00e7a, mas persistem desigualdades, diz Pordata - Portal Tela Portugal\",\"isPartOf\":{\"@id\":\"https:\/\/portaltela.pt\/#website\"},\"primaryImageOfPage\":{\"@id\":\"https:\/\/portaltela.pt\/noticias\/2026\/03\/07\/mulheres-sao-maioria-em-lideranca-mas-persistem-desigualdades-diz-pordata\/#primaryimage\"},\"image\":{\"@id\":\"https:\/\/portaltela.pt\/noticias\/2026\/03\/07\/mulheres-sao-maioria-em-lideranca-mas-persistem-desigualdades-diz-pordata\/#primaryimage\"},\"thumbnailUrl\":\"https:\/\/portaltela.pt\/s.01k8rhncp4jt1\/2026\/03\/CACHE_780X1200_ANALOG_WATERMARKED_42813187_3431003_07052024102135.jpg\",\"datePublished\":\"2026-03-08T00:01:00+00:00\",\"author\":{\"@id\":\"https:\/\/portaltela.pt\/#\/schema\/person\/c4278d4a6028830caff9ee44b42d32ed\"},\"breadcrumb\":{\"@id\":\"https:\/\/portaltela.pt\/noticias\/2026\/03\/07\/mulheres-sao-maioria-em-lideranca-mas-persistem-desigualdades-diz-pordata\/#breadcrumb\"},\"inLanguage\":\"pt-PT\",\"potentialAction\":[{\"@type\":\"ReadAction\",\"target\":[\"https:\/\/portaltela.pt\/noticias\/2026\/03\/07\/mulheres-sao-maioria-em-lideranca-mas-persistem-desigualdades-diz-pordata\/\"]}]},{\"@type\":\"ImageObject\",\"inLanguage\":\"pt-PT\",\"@id\":\"https:\/\/portaltela.pt\/noticias\/2026\/03\/07\/mulheres-sao-maioria-em-lideranca-mas-persistem-desigualdades-diz-pordata\/#primaryimage\",\"url\":\"https:\/\/portaltela.pt\/s.01k8rhncp4jt1\/2026\/03\/CACHE_780X1200_ANALOG_WATERMARKED_42813187_3431003_07052024102135.jpg\",\"contentUrl\":\"https:\/\/portaltela.pt\/s.01k8rhncp4jt1\/2026\/03\/CACHE_780X1200_ANALOG_WATERMARKED_42813187_3431003_07052024102135.jpg\",\"width\":768,\"height\":512,\"caption\":\"Mulheres s\u00e3o maioria e refor\u00e7am lideran\u00e7a, mas persistem desigualdades, segundo Pordata\"},{\"@type\":\"BreadcrumbList\",\"@id\":\"https:\/\/portaltela.pt\/noticias\/2026\/03\/07\/mulheres-sao-maioria-em-lideranca-mas-persistem-desigualdades-diz-pordata\/#breadcrumb\",\"itemListElement\":[{\"@type\":\"ListItem\",\"position\":1,\"name\":\"In\u00edcio\",\"item\":\"https:\/\/portaltela.pt\/\"},{\"@type\":\"ListItem\",\"position\":2,\"name\":\"Mulheres s\u00e3o maioria em lideran\u00e7a, mas persistem desigualdades, diz Pordata\"}]},{\"@type\":\"WebSite\",\"@id\":\"https:\/\/portaltela.pt\/#website\",\"url\":\"https:\/\/portaltela.pt\/\",\"name\":\"Portal Tela Portugal\",\"description\":\"\",\"potentialAction\":[{\"@type\":\"SearchAction\",\"target\":{\"@type\":\"EntryPoint\",\"urlTemplate\":\"https:\/\/portaltela.pt\/?s={search_term_string}\"},\"query-input\":{\"@type\":\"PropertyValueSpecification\",\"valueRequired\":true,\"valueName\":\"search_term_string\"}}],\"inLanguage\":\"pt-PT\"},{\"@type\":\"Person\",\"@id\":\"https:\/\/portaltela.pt\/#\/schema\/person\/c4278d4a6028830caff9ee44b42d32ed\",\"name\":\"Telinha\",\"image\":{\"@type\":\"ImageObject\",\"inLanguage\":\"pt-PT\",\"@id\":\"https:\/\/portaltela.pt\/s.01k8rhncp4jt1\/2025\/11\/talking-bot-125x125.png\",\"url\":\"https:\/\/portaltela.pt\/s.01k8rhncp4jt1\/2025\/11\/talking-bot-125x125.png\",\"contentUrl\":\"https:\/\/portaltela.pt\/s.01k8rhncp4jt1\/2025\/11\/talking-bot-125x125.png\",\"caption\":\"Telinha\"},\"sameAs\":[\"https:\/\/portaltela.pt\/\"],\"url\":\"https:\/\/portaltela.pt\/por\/367410592786\/\"}]}<\/script>\n<!-- \/ Yoast SEO plugin. -->","yoast_head_json":{"title":"Mulheres s\u00e3o maioria em lideran\u00e7a, mas persistem desigualdades, diz Pordata - Portal Tela Portugal","robots":{"index":"index","follow":"follow","max-snippet":"max-snippet:-1","max-image-preview":"max-image-preview:large","max-video-preview":"max-video-preview:-1"},"og_locale":"pt_PT","og_type":"article","og_title":"Mulheres s\u00e3o maioria em lideran\u00e7a, mas persistem desigualdades, diz Pordata - Portal Tela Portugal","og_description":"Segundo a Pordata, as mulheres s\u00e3o maioria e refor\u00e7am a lideran\u00e7a. Contudo, continuam existindo desigualdades de g\u00e9nero. Os dados referem-se a um estudo da Pordata. O conte\u00fado completo est\u00e1 dispon\u00edvel apenas para subscritores. A not\u00edcia n\u00e3o apresenta detalhes adicionais na nota publicada.","og_url":"https:\/\/portaltela.pt\/noticias\/2026\/03\/07\/mulheres-sao-maioria-em-lideranca-mas-persistem-desigualdades-diz-pordata\/","og_site_name":"Portal Tela Portugal","article_published_time":"2026-03-08T00:01:00+00:00","author":"Telinha","twitter_card":"summary_large_image","twitter_misc":{"Escrito por":"Telinha","Tempo estimado de leitura":"1 minuto"},"schema":{"@context":"https:\/\/schema.org","@graph":[{"@type":"Article","@id":"https:\/\/portaltela.pt\/noticias\/2026\/03\/07\/mulheres-sao-maioria-em-lideranca-mas-persistem-desigualdades-diz-pordata\/#article","isPartOf":{"@id":"https:\/\/portaltela.pt\/noticias\/2026\/03\/07\/mulheres-sao-maioria-em-lideranca-mas-persistem-desigualdades-diz-pordata\/"},"author":{"name":"Telinha","@id":"https:\/\/portaltela.pt\/#\/schema\/person\/c4278d4a6028830caff9ee44b42d32ed"},"headline":"Mulheres s\u00e3o maioria em lideran\u00e7a, mas persistem desigualdades, diz Pordata","datePublished":"2026-03-08T00:01:00+00:00","mainEntityOfPage":{"@id":"https:\/\/portaltela.pt\/noticias\/2026\/03\/07\/mulheres-sao-maioria-em-lideranca-mas-persistem-desigualdades-diz-pordata\/"},"wordCount":124,"image":{"@id":"https:\/\/portaltela.pt\/noticias\/2026\/03\/07\/mulheres-sao-maioria-em-lideranca-mas-persistem-desigualdades-diz-pordata\/#primaryimage"},"thumbnailUrl":"https:\/\/portaltela.pt\/s.01k8rhncp4jt1\/2026\/03\/CACHE_780X1200_ANALOG_WATERMARKED_42813187_3431003_07052024102135.jpg","keywords":["desigualdades salariais","desigualdades sociais","economia","Igualdade de G\u00e9nero \u2013 Desafios na Atualidade","Mulheres","trabalho"],"articleSection":["Not\u00edcias"],"inLanguage":"pt-PT"},{"@type":"WebPage","@id":"https:\/\/portaltela.pt\/noticias\/2026\/03\/07\/mulheres-sao-maioria-em-lideranca-mas-persistem-desigualdades-diz-pordata\/","url":"https:\/\/portaltela.pt\/noticias\/2026\/03\/07\/mulheres-sao-maioria-em-lideranca-mas-persistem-desigualdades-diz-pordata\/","name":"Mulheres s\u00e3o maioria em lideran\u00e7a, mas persistem desigualdades, diz Pordata - Portal Tela Portugal","isPartOf":{"@id":"https:\/\/portaltela.pt\/#website"},"primaryImageOfPage":{"@id":"https:\/\/portaltela.pt\/noticias\/2026\/03\/07\/mulheres-sao-maioria-em-lideranca-mas-persistem-desigualdades-diz-pordata\/#primaryimage"},"image":{"@id":"https:\/\/portaltela.pt\/noticias\/2026\/03\/07\/mulheres-sao-maioria-em-lideranca-mas-persistem-desigualdades-diz-pordata\/#primaryimage"},"thumbnailUrl":"https:\/\/portaltela.pt\/s.01k8rhncp4jt1\/2026\/03\/CACHE_780X1200_ANALOG_WATERMARKED_42813187_3431003_07052024102135.jpg","datePublished":"2026-03-08T00:01:00+00:00","author":{"@id":"https:\/\/portaltela.pt\/#\/schema\/person\/c4278d4a6028830caff9ee44b42d32ed"},"breadcrumb":{"@id":"https:\/\/portaltela.pt\/noticias\/2026\/03\/07\/mulheres-sao-maioria-em-lideranca-mas-persistem-desigualdades-diz-pordata\/#breadcrumb"},"inLanguage":"pt-PT","potentialAction":[{"@type":"ReadAction","target":["https:\/\/portaltela.pt\/noticias\/2026\/03\/07\/mulheres-sao-maioria-em-lideranca-mas-persistem-desigualdades-diz-pordata\/"]}]},{"@type":"ImageObject","inLanguage":"pt-PT","@id":"https:\/\/portaltela.pt\/noticias\/2026\/03\/07\/mulheres-sao-maioria-em-lideranca-mas-persistem-desigualdades-diz-pordata\/#primaryimage","url":"https:\/\/portaltela.pt\/s.01k8rhncp4jt1\/2026\/03\/CACHE_780X1200_ANALOG_WATERMARKED_42813187_3431003_07052024102135.jpg","contentUrl":"https:\/\/portaltela.pt\/s.01k8rhncp4jt1\/2026\/03\/CACHE_780X1200_ANALOG_WATERMARKED_42813187_3431003_07052024102135.jpg","width":768,"height":512,"caption":"Mulheres s\u00e3o maioria e refor\u00e7am lideran\u00e7a, mas persistem desigualdades, segundo Pordata"},{"@type":"BreadcrumbList","@id":"https:\/\/portaltela.pt\/noticias\/2026\/03\/07\/mulheres-sao-maioria-em-lideranca-mas-persistem-desigualdades-diz-pordata\/#breadcrumb","itemListElement":[{"@type":"ListItem","position":1,"name":"In\u00edcio","item":"https:\/\/portaltela.pt\/"},{"@type":"ListItem","position":2,"name":"Mulheres s\u00e3o maioria em lideran\u00e7a, mas persistem desigualdades, diz Pordata"}]},{"@type":"WebSite","@id":"https:\/\/portaltela.pt\/#website","url":"https:\/\/portaltela.pt\/","name":"Portal Tela Portugal","description":"","potentialAction":[{"@type":"SearchAction","target":{"@type":"EntryPoint","urlTemplate":"https:\/\/portaltela.pt\/?s={search_term_string}"},"query-input":{"@type":"PropertyValueSpecification","valueRequired":true,"valueName":"search_term_string"}}],"inLanguage":"pt-PT"},{"@type":"Person","@id":"https:\/\/portaltela.pt\/#\/schema\/person\/c4278d4a6028830caff9ee44b42d32ed","name":"Telinha","image":{"@type":"ImageObject","inLanguage":"pt-PT","@id":"https:\/\/portaltela.pt\/s.01k8rhncp4jt1\/2025\/11\/talking-bot-125x125.png","url":"https:\/\/portaltela.pt\/s.01k8rhncp4jt1\/2025\/11\/talking-bot-125x125.png","contentUrl":"https:\/\/portaltela.pt\/s.01k8rhncp4jt1\/2025\/11\/talking-bot-125x125.png","caption":"Telinha"},"sameAs":["https:\/\/portaltela.pt\/"],"url":"https:\/\/portaltela.pt\/por\/367410592786\/"}]}},"_links":{"self":[{"href":"https:\/\/portaltela.pt\/api\/wp\/v2\/posts\/402233","targetHints":{"allow":["GET"]}}],"collection":[{"href":"https:\/\/portaltela.pt\/api\/wp\/v2\/posts"}],"about":[{"href":"https:\/\/portaltela.pt\/api\/wp\/v2\/types\/post"}],"author":[{"embeddable":true,"href":"https:\/\/portaltela.pt\/api\/wp\/v2\/users\/2"}],"replies":[{"embeddable":true,"href":"https:\/\/portaltela.pt\/api\/wp\/v2\/comments?post=402233"}],"version-history":[{"count":0,"href":"https:\/\/portaltela.pt\/api\/wp\/v2\/posts\/402233\/revisions"}],"wp:featuredmedia":[{"embeddable":true,"href":"https:\/\/portaltela.pt\/api\/wp\/v2\/media\/402235"}],"wp:attachment":[{"href":"https:\/\/portaltela.pt\/api\/wp\/v2\/media?parent=402233"}],"wp:term":[{"taxonomy":"category","embeddable":true,"href":"https:\/\/portaltela.pt\/api\/wp\/v2\/categories?post=402233"},{"taxonomy":"post_tag","embeddable":true,"href":"https:\/\/portaltela.pt\/api\/wp\/v2\/tags?post=402233"}],"curies":[{"name":"wp","href":"https:\/\/api.w.org\/{rel}","templated":true}]}}