{"id":402213,"date":"2026-03-08T09:21:56","date_gmt":"2026-03-08T12:21:56","guid":{"rendered":"https:\/\/portaltela.pt\/noticias\/2026\/03\/08\/psd-faz-jornadas-parlamentares-com-tres-ministros-e-paulo-portas\/"},"modified":"2026-03-08T09:21:56","modified_gmt":"2026-03-08T12:21:56","slug":"psd-faz-jornadas-parlamentares-com-tres-ministros-e-paulo-portas","status":"publish","type":"post","link":"https:\/\/portaltela.pt\/noticias\/politica\/2026\/03\/08\/psd-faz-jornadas-parlamentares-com-tres-ministros-e-paulo-portas\/","title":{"rendered":"PSD faz jornadas parlamentares com tr\u00eas ministros e Paulo Portas"},"content":{"rendered":"<p>O PSD realiza jornadas parlamentares na ter\u00e7a e na quarta-feira em Caminha, Viana do Castelo. O encontro contar\u00e1 com o antigo vice-primeiro-ministro Paulo Portas como orador convidado e com tr\u00eas ministros num painel sobre o PTRR. As atividades come\u00e7am com visitas ao Porto de Mar de Vila Praia de \u00c2ncora e ao pared\u00e3o de Moledo.<\/p>\n<p>Na sess\u00e3o de abertura, o grupo dirigente do PSD apresenta-se ao dispositivo local com Hugo Soares, Liliana Silva e Oleg\u00e1rio Gon\u00e7alves a intervir. Depois, abre-se o painel sobre o tema As crian\u00e7as e os ambientes digitais, num contexto em que o PSD avan\u00e7ou com um diploma sobre o acesso a redes sociais para menores de 16 anos.<\/p>\n<h3>Painel: crian\u00e7as e ambientes digitais<\/h3>\n<p>Participam Hugo Silva, inspetor-chefe do PJ na \u00e1rea de contraterrorismo, Liliana Santos, atriz, Mariana Norton Reis, presidente da Associa\u00e7\u00e3o Mirabilis, e Tiago Proen\u00e7a dos Santos, neurologista pedi\u00e1trico. A modera\u00e7\u00e3o fica a cargo da deputada Eva Br\u00e1s Pinho.<\/p>\n<p>Ao jantar, a interven\u00e7\u00e3o de Paulo Portas encerra o primeiro dia. Portas, l\u00edder do CDS-PP entre 1998-2005 e 2007-2016, j\u00e1 ocupou cargos de Defesa e Rela\u00e7\u00f5es Exteriores em governos anteriores e foi vice-primeiro-ministro no mandato do PSD\/CDS-PP.<\/p>\n<h3>Painel PTRR<\/h3>\n<p>O segundo dia come\u00e7a com um painel dedicado ao programa Portugal Transforma\u00e7\u00e3o Recupera\u00e7\u00e3o Resili\u00eancia (PTRR). O PSD convida Manuel Castro Almeida, Miguel Pinto Luz e Maria da Gra\u00e7a Carvalho, com modera\u00e7\u00e3o de Ana Gabriela Cabilhas, para discutir a fase de consulta p\u00fablica do programa.<\/p>\n<h3>Contexto pol\u00edtico e agenda<\/h3>\n<p>O encontro decorre numa altura de aten\u00e7\u00e3o medi\u00e1tica a Passos Coelho, que tem estado no centro de debates internos do PSD. Lu\u00eds Montenegro, atual presidente do partido, pediu elei\u00e7\u00f5es diretas para o cargo de lideran\u00e7a, com pondera\u00e7\u00e3o de data.<\/p>\n<h3>Encerramento<\/h3>\n<p>O encerramento est\u00e1 marcado para a hora de almo\u00e7o de quarta-feira, com a interven\u00e7\u00e3o de Lu\u00eds Montenegro, presidente do PSD e atual primeiro-ministro em fun\u00e7\u00f5es. As jornadas foram adiadas anteriormente por mau tempo.<\/p>\n<p>As jornadas ocorrer\u00e3o ap\u00f3s a investidura do novo Presidente da Rep\u00fablica e do discurso inaugural na Assembleia da Rep\u00fablica, marco de refer\u00eancia na agenda pol\u00edtica recente.<\/p>\n","protected":false},"excerpt":{"rendered":"<ul>\n<li>O PSD realiza jornadas parlamentares em Caminha (Viana do Castelo), com Paulo Portas como orador convidado e de um painel sobre o PTRR, contando ainda com tr\u00eas ministros.<\/li>\n<li>As jornadas decorrem na ter\u00e7a e na quarta-feira, com inicio pela manh\u00e3 em visitas ao Porto de Mar de Vila Praia de \u00c2ncora e ao pared\u00e3o da praia de Moledo.<\/li>\n<li>A sess\u00e3o de abertura ter\u00e1 interven\u00e7\u00e3o do l\u00edder parlamentar Hugo Soares, da presidente da C\u00e2mara de Caminha, Liliana Silva, e do l\u00edder da distrital de Viana do Castelo, Oleg\u00e1rio Gon\u00e7alves.<\/li>\n<li>O primeiro painel aborda \u201cAs crian\u00e7as e os ambientes digitais\u201d, ap\u00f3s aprova\u00e7\u00e3o, em anterior, de diploma do PSD sobre acesso \u00e0s redes sociais por menores de 16 anos.<\/li>\n<li>No segundo dia, h\u00e1 painel dedicado ao PTRR com os ministros Manuel Castro Almeida, Miguel Pinto Luz e Maria da Gra\u00e7a Carvalho, moderado pela deputada Ana Gabriela Cabilhas, encerrando ao almo\u00e7o com o presidente do PSD, Lu\u00eds Montenegro.<\/li>\n<\/ul>\n","protected":false},"author":2,"featured_media":402214,"comment_status":"closed","ping_status":"closed","sticky":false,"template":"","format":"standard","meta":{"footnotes":""},"categories":[1,5],"tags":[1525,6802,4655,2832,3695,1530],"class_list":["post-402213","post","type-post","status-publish","format-standard","has-post-thumbnail","hentry","category-noticias","category-politica","tag-caminha","tag-lideranca","tag-paulo-portas","tag-politica","tag-psd","tag-viana-do-castelo"],"yoast_head":"<!-- This site is optimized with the Yoast SEO plugin v27.2 - https:\/\/yoast.com\/product\/yoast-seo-wordpress\/ -->\n<title>PSD faz jornadas parlamentares com tr\u00eas ministros e Paulo Portas - Portal Tela Portugal<\/title>\n<meta name=\"robots\" content=\"index, follow, max-snippet:-1, max-image-preview:large, max-video-preview:-1\" \/>\n<meta property=\"og:locale\" content=\"pt_PT\" \/>\n<meta property=\"og:type\" content=\"article\" \/>\n<meta property=\"og:title\" content=\"PSD faz jornadas parlamentares com tr\u00eas ministros e Paulo Portas - Portal Tela Portugal\" \/>\n<meta property=\"og:description\" content=\"O PSD realiza jornadas parlamentares em Caminha (Viana do Castelo), com Paulo Portas como orador convidado e de um painel sobre o PTRR, contando ainda com tr\u00eas ministros. As jornadas decorrem na ter\u00e7a e na quarta-feira, com inicio pela manh\u00e3 em visitas ao Porto de Mar de Vila Praia de \u00c2ncora e ao pared\u00e3o da praia de Moledo. A sess\u00e3o de abertura ter\u00e1 interven\u00e7\u00e3o do l\u00edder parlamentar Hugo Soares, da presidente da C\u00e2mara de Caminha, Liliana Silva, e do l\u00edder da distrital de Viana do Castelo, Oleg\u00e1rio Gon\u00e7alves. O primeiro painel aborda \u201cAs crian\u00e7as e os ambientes digitais\u201d, ap\u00f3s aprova\u00e7\u00e3o, em anterior, de diploma do PSD sobre acesso \u00e0s redes sociais por menores de 16 anos. No segundo dia, h\u00e1 painel dedicado ao PTRR com os ministros Manuel Castro Almeida, Miguel Pinto Luz e Maria da Gra\u00e7a Carvalho, moderado pela deputada Ana Gabriela Cabilhas, encerrando ao almo\u00e7o com o presidente do PSD, Lu\u00eds Montenegro.\" \/>\n<meta property=\"og:url\" content=\"https:\/\/portaltela.pt\/noticias\/2026\/03\/08\/psd-faz-jornadas-parlamentares-com-tres-ministros-e-paulo-portas\/\" \/>\n<meta property=\"og:site_name\" content=\"Portal Tela Portugal\" \/>\n<meta property=\"article:published_time\" content=\"2026-03-08T12:21:56+00:00\" \/>\n<meta name=\"author\" content=\"Telinha\" \/>\n<meta name=\"twitter:card\" content=\"summary_large_image\" \/>\n<meta name=\"twitter:label1\" content=\"Escrito por\" \/>\n\t<meta name=\"twitter:data1\" content=\"Telinha\" \/>\n\t<meta name=\"twitter:label2\" content=\"Tempo estimado de leitura\" \/>\n\t<meta name=\"twitter:data2\" content=\"2 minutos\" \/>\n<script type=\"application\/ld+json\" class=\"yoast-schema-graph\">{\"@context\":\"https:\/\/schema.org\",\"@graph\":[{\"@type\":\"Article\",\"@id\":\"https:\/\/portaltela.pt\/noticias\/2026\/03\/08\/psd-faz-jornadas-parlamentares-com-tres-ministros-e-paulo-portas\/#article\",\"isPartOf\":{\"@id\":\"https:\/\/portaltela.pt\/noticias\/2026\/03\/08\/psd-faz-jornadas-parlamentares-com-tres-ministros-e-paulo-portas\/\"},\"author\":{\"name\":\"Telinha\",\"@id\":\"https:\/\/portaltela.pt\/#\/schema\/person\/c4278d4a6028830caff9ee44b42d32ed\"},\"headline\":\"PSD faz jornadas parlamentares com tr\u00eas ministros e Paulo Portas\",\"datePublished\":\"2026-03-08T12:21:56+00:00\",\"mainEntityOfPage\":{\"@id\":\"https:\/\/portaltela.pt\/noticias\/2026\/03\/08\/psd-faz-jornadas-parlamentares-com-tres-ministros-e-paulo-portas\/\"},\"wordCount\":393,\"image\":{\"@id\":\"https:\/\/portaltela.pt\/noticias\/2026\/03\/08\/psd-faz-jornadas-parlamentares-com-tres-ministros-e-paulo-portas\/#primaryimage\"},\"thumbnailUrl\":\"https:\/\/portaltela.pt\/s.01k8rhncp4jt1\/2026\/03\/img_1500x1000uu2023-08-29-22-48-31-1430874.jpg\",\"keywords\":[\"Caminha\",\"lideran\u00e7a\",\"Paulo Portas\",\"pol\u00edtica\",\"PSD\",\"Viana do Castelo\"],\"articleSection\":[\"Not\u00edcias\",\"Pol\u00edtica\"],\"inLanguage\":\"pt-PT\"},{\"@type\":\"WebPage\",\"@id\":\"https:\/\/portaltela.pt\/noticias\/2026\/03\/08\/psd-faz-jornadas-parlamentares-com-tres-ministros-e-paulo-portas\/\",\"url\":\"https:\/\/portaltela.pt\/noticias\/2026\/03\/08\/psd-faz-jornadas-parlamentares-com-tres-ministros-e-paulo-portas\/\",\"name\":\"PSD faz jornadas parlamentares com tr\u00eas ministros e Paulo Portas - Portal Tela Portugal\",\"isPartOf\":{\"@id\":\"https:\/\/portaltela.pt\/#website\"},\"primaryImageOfPage\":{\"@id\":\"https:\/\/portaltela.pt\/noticias\/2026\/03\/08\/psd-faz-jornadas-parlamentares-com-tres-ministros-e-paulo-portas\/#primaryimage\"},\"image\":{\"@id\":\"https:\/\/portaltela.pt\/noticias\/2026\/03\/08\/psd-faz-jornadas-parlamentares-com-tres-ministros-e-paulo-portas\/#primaryimage\"},\"thumbnailUrl\":\"https:\/\/portaltela.pt\/s.01k8rhncp4jt1\/2026\/03\/img_1500x1000uu2023-08-29-22-48-31-1430874.jpg\",\"datePublished\":\"2026-03-08T12:21:56+00:00\",\"author\":{\"@id\":\"https:\/\/portaltela.pt\/#\/schema\/person\/c4278d4a6028830caff9ee44b42d32ed\"},\"breadcrumb\":{\"@id\":\"https:\/\/portaltela.pt\/noticias\/2026\/03\/08\/psd-faz-jornadas-parlamentares-com-tres-ministros-e-paulo-portas\/#breadcrumb\"},\"inLanguage\":\"pt-PT\",\"potentialAction\":[{\"@type\":\"ReadAction\",\"target\":[\"https:\/\/portaltela.pt\/noticias\/2026\/03\/08\/psd-faz-jornadas-parlamentares-com-tres-ministros-e-paulo-portas\/\"]}]},{\"@type\":\"ImageObject\",\"inLanguage\":\"pt-PT\",\"@id\":\"https:\/\/portaltela.pt\/noticias\/2026\/03\/08\/psd-faz-jornadas-parlamentares-com-tres-ministros-e-paulo-portas\/#primaryimage\",\"url\":\"https:\/\/portaltela.pt\/s.01k8rhncp4jt1\/2026\/03\/img_1500x1000uu2023-08-29-22-48-31-1430874.jpg\",\"contentUrl\":\"https:\/\/portaltela.pt\/s.01k8rhncp4jt1\/2026\/03\/img_1500x1000uu2023-08-29-22-48-31-1430874.jpg\",\"width\":796,\"height\":448,\"caption\":\"Paulo Portas\"},{\"@type\":\"BreadcrumbList\",\"@id\":\"https:\/\/portaltela.pt\/noticias\/2026\/03\/08\/psd-faz-jornadas-parlamentares-com-tres-ministros-e-paulo-portas\/#breadcrumb\",\"itemListElement\":[{\"@type\":\"ListItem\",\"position\":1,\"name\":\"In\u00edcio\",\"item\":\"https:\/\/portaltela.pt\/\"},{\"@type\":\"ListItem\",\"position\":2,\"name\":\"PSD faz jornadas parlamentares com tr\u00eas ministros e Paulo Portas\"}]},{\"@type\":\"WebSite\",\"@id\":\"https:\/\/portaltela.pt\/#website\",\"url\":\"https:\/\/portaltela.pt\/\",\"name\":\"Portal Tela Portugal\",\"description\":\"\",\"potentialAction\":[{\"@type\":\"SearchAction\",\"target\":{\"@type\":\"EntryPoint\",\"urlTemplate\":\"https:\/\/portaltela.pt\/?s={search_term_string}\"},\"query-input\":{\"@type\":\"PropertyValueSpecification\",\"valueRequired\":true,\"valueName\":\"search_term_string\"}}],\"inLanguage\":\"pt-PT\"},{\"@type\":\"Person\",\"@id\":\"https:\/\/portaltela.pt\/#\/schema\/person\/c4278d4a6028830caff9ee44b42d32ed\",\"name\":\"Telinha\",\"image\":{\"@type\":\"ImageObject\",\"inLanguage\":\"pt-PT\",\"@id\":\"https:\/\/portaltela.pt\/s.01k8rhncp4jt1\/2025\/11\/talking-bot-125x125.png\",\"url\":\"https:\/\/portaltela.pt\/s.01k8rhncp4jt1\/2025\/11\/talking-bot-125x125.png\",\"contentUrl\":\"https:\/\/portaltela.pt\/s.01k8rhncp4jt1\/2025\/11\/talking-bot-125x125.png\",\"caption\":\"Telinha\"},\"sameAs\":[\"https:\/\/portaltela.pt\/\"],\"url\":\"https:\/\/portaltela.pt\/por\/367410592786\/\"}]}<\/script>\n<!-- \/ Yoast SEO plugin. -->","yoast_head_json":{"title":"PSD faz jornadas parlamentares com tr\u00eas ministros e Paulo Portas - Portal Tela Portugal","robots":{"index":"index","follow":"follow","max-snippet":"max-snippet:-1","max-image-preview":"max-image-preview:large","max-video-preview":"max-video-preview:-1"},"og_locale":"pt_PT","og_type":"article","og_title":"PSD faz jornadas parlamentares com tr\u00eas ministros e Paulo Portas - Portal Tela Portugal","og_description":"O PSD realiza jornadas parlamentares em Caminha (Viana do Castelo), com Paulo Portas como orador convidado e de um painel sobre o PTRR, contando ainda com tr\u00eas ministros. As jornadas decorrem na ter\u00e7a e na quarta-feira, com inicio pela manh\u00e3 em visitas ao Porto de Mar de Vila Praia de \u00c2ncora e ao pared\u00e3o da praia de Moledo. A sess\u00e3o de abertura ter\u00e1 interven\u00e7\u00e3o do l\u00edder parlamentar Hugo Soares, da presidente da C\u00e2mara de Caminha, Liliana Silva, e do l\u00edder da distrital de Viana do Castelo, Oleg\u00e1rio Gon\u00e7alves. O primeiro painel aborda \u201cAs crian\u00e7as e os ambientes digitais\u201d, ap\u00f3s aprova\u00e7\u00e3o, em anterior, de diploma do PSD sobre acesso \u00e0s redes sociais por menores de 16 anos. No segundo dia, h\u00e1 painel dedicado ao PTRR com os ministros Manuel Castro Almeida, Miguel Pinto Luz e Maria da Gra\u00e7a Carvalho, moderado pela deputada Ana Gabriela Cabilhas, encerrando ao almo\u00e7o com o presidente do PSD, Lu\u00eds Montenegro.","og_url":"https:\/\/portaltela.pt\/noticias\/2026\/03\/08\/psd-faz-jornadas-parlamentares-com-tres-ministros-e-paulo-portas\/","og_site_name":"Portal Tela Portugal","article_published_time":"2026-03-08T12:21:56+00:00","author":"Telinha","twitter_card":"summary_large_image","twitter_misc":{"Escrito por":"Telinha","Tempo estimado de leitura":"2 minutos"},"schema":{"@context":"https:\/\/schema.org","@graph":[{"@type":"Article","@id":"https:\/\/portaltela.pt\/noticias\/2026\/03\/08\/psd-faz-jornadas-parlamentares-com-tres-ministros-e-paulo-portas\/#article","isPartOf":{"@id":"https:\/\/portaltela.pt\/noticias\/2026\/03\/08\/psd-faz-jornadas-parlamentares-com-tres-ministros-e-paulo-portas\/"},"author":{"name":"Telinha","@id":"https:\/\/portaltela.pt\/#\/schema\/person\/c4278d4a6028830caff9ee44b42d32ed"},"headline":"PSD faz jornadas parlamentares com tr\u00eas ministros e Paulo Portas","datePublished":"2026-03-08T12:21:56+00:00","mainEntityOfPage":{"@id":"https:\/\/portaltela.pt\/noticias\/2026\/03\/08\/psd-faz-jornadas-parlamentares-com-tres-ministros-e-paulo-portas\/"},"wordCount":393,"image":{"@id":"https:\/\/portaltela.pt\/noticias\/2026\/03\/08\/psd-faz-jornadas-parlamentares-com-tres-ministros-e-paulo-portas\/#primaryimage"},"thumbnailUrl":"https:\/\/portaltela.pt\/s.01k8rhncp4jt1\/2026\/03\/img_1500x1000uu2023-08-29-22-48-31-1430874.jpg","keywords":["Caminha","lideran\u00e7a","Paulo Portas","pol\u00edtica","PSD","Viana do Castelo"],"articleSection":["Not\u00edcias","Pol\u00edtica"],"inLanguage":"pt-PT"},{"@type":"WebPage","@id":"https:\/\/portaltela.pt\/noticias\/2026\/03\/08\/psd-faz-jornadas-parlamentares-com-tres-ministros-e-paulo-portas\/","url":"https:\/\/portaltela.pt\/noticias\/2026\/03\/08\/psd-faz-jornadas-parlamentares-com-tres-ministros-e-paulo-portas\/","name":"PSD faz jornadas parlamentares com tr\u00eas ministros e Paulo Portas - Portal Tela Portugal","isPartOf":{"@id":"https:\/\/portaltela.pt\/#website"},"primaryImageOfPage":{"@id":"https:\/\/portaltela.pt\/noticias\/2026\/03\/08\/psd-faz-jornadas-parlamentares-com-tres-ministros-e-paulo-portas\/#primaryimage"},"image":{"@id":"https:\/\/portaltela.pt\/noticias\/2026\/03\/08\/psd-faz-jornadas-parlamentares-com-tres-ministros-e-paulo-portas\/#primaryimage"},"thumbnailUrl":"https:\/\/portaltela.pt\/s.01k8rhncp4jt1\/2026\/03\/img_1500x1000uu2023-08-29-22-48-31-1430874.jpg","datePublished":"2026-03-08T12:21:56+00:00","author":{"@id":"https:\/\/portaltela.pt\/#\/schema\/person\/c4278d4a6028830caff9ee44b42d32ed"},"breadcrumb":{"@id":"https:\/\/portaltela.pt\/noticias\/2026\/03\/08\/psd-faz-jornadas-parlamentares-com-tres-ministros-e-paulo-portas\/#breadcrumb"},"inLanguage":"pt-PT","potentialAction":[{"@type":"ReadAction","target":["https:\/\/portaltela.pt\/noticias\/2026\/03\/08\/psd-faz-jornadas-parlamentares-com-tres-ministros-e-paulo-portas\/"]}]},{"@type":"ImageObject","inLanguage":"pt-PT","@id":"https:\/\/portaltela.pt\/noticias\/2026\/03\/08\/psd-faz-jornadas-parlamentares-com-tres-ministros-e-paulo-portas\/#primaryimage","url":"https:\/\/portaltela.pt\/s.01k8rhncp4jt1\/2026\/03\/img_1500x1000uu2023-08-29-22-48-31-1430874.jpg","contentUrl":"https:\/\/portaltela.pt\/s.01k8rhncp4jt1\/2026\/03\/img_1500x1000uu2023-08-29-22-48-31-1430874.jpg","width":796,"height":448,"caption":"Paulo Portas"},{"@type":"BreadcrumbList","@id":"https:\/\/portaltela.pt\/noticias\/2026\/03\/08\/psd-faz-jornadas-parlamentares-com-tres-ministros-e-paulo-portas\/#breadcrumb","itemListElement":[{"@type":"ListItem","position":1,"name":"In\u00edcio","item":"https:\/\/portaltela.pt\/"},{"@type":"ListItem","position":2,"name":"PSD faz jornadas parlamentares com tr\u00eas ministros e Paulo Portas"}]},{"@type":"WebSite","@id":"https:\/\/portaltela.pt\/#website","url":"https:\/\/portaltela.pt\/","name":"Portal Tela Portugal","description":"","potentialAction":[{"@type":"SearchAction","target":{"@type":"EntryPoint","urlTemplate":"https:\/\/portaltela.pt\/?s={search_term_string}"},"query-input":{"@type":"PropertyValueSpecification","valueRequired":true,"valueName":"search_term_string"}}],"inLanguage":"pt-PT"},{"@type":"Person","@id":"https:\/\/portaltela.pt\/#\/schema\/person\/c4278d4a6028830caff9ee44b42d32ed","name":"Telinha","image":{"@type":"ImageObject","inLanguage":"pt-PT","@id":"https:\/\/portaltela.pt\/s.01k8rhncp4jt1\/2025\/11\/talking-bot-125x125.png","url":"https:\/\/portaltela.pt\/s.01k8rhncp4jt1\/2025\/11\/talking-bot-125x125.png","contentUrl":"https:\/\/portaltela.pt\/s.01k8rhncp4jt1\/2025\/11\/talking-bot-125x125.png","caption":"Telinha"},"sameAs":["https:\/\/portaltela.pt\/"],"url":"https:\/\/portaltela.pt\/por\/367410592786\/"}]}},"_links":{"self":[{"href":"https:\/\/portaltela.pt\/api\/wp\/v2\/posts\/402213","targetHints":{"allow":["GET"]}}],"collection":[{"href":"https:\/\/portaltela.pt\/api\/wp\/v2\/posts"}],"about":[{"href":"https:\/\/portaltela.pt\/api\/wp\/v2\/types\/post"}],"author":[{"embeddable":true,"href":"https:\/\/portaltela.pt\/api\/wp\/v2\/users\/2"}],"replies":[{"embeddable":true,"href":"https:\/\/portaltela.pt\/api\/wp\/v2\/comments?post=402213"}],"version-history":[{"count":0,"href":"https:\/\/portaltela.pt\/api\/wp\/v2\/posts\/402213\/revisions"}],"wp:featuredmedia":[{"embeddable":true,"href":"https:\/\/portaltela.pt\/api\/wp\/v2\/media\/402214"}],"wp:attachment":[{"href":"https:\/\/portaltela.pt\/api\/wp\/v2\/media?parent=402213"}],"wp:term":[{"taxonomy":"category","embeddable":true,"href":"https:\/\/portaltela.pt\/api\/wp\/v2\/categories?post=402213"},{"taxonomy":"post_tag","embeddable":true,"href":"https:\/\/portaltela.pt\/api\/wp\/v2\/tags?post=402213"}],"curies":[{"name":"wp","href":"https:\/\/api.w.org\/{rel}","templated":true}]}}