{"id":402209,"date":"2026-03-08T09:18:37","date_gmt":"2026-03-08T12:18:37","guid":{"rendered":"https:\/\/portaltela.pt\/noticias\/2026\/03\/08\/psp-detem-homem-em-peniche-por-suspeita-de-violencia-domestica-contra-a-mae\/"},"modified":"2026-03-08T09:18:37","modified_gmt":"2026-03-08T12:18:37","slug":"psp-detem-homem-em-peniche-por-suspeita-de-violencia-domestica-contra-a-mae","status":"publish","type":"post","link":"https:\/\/portaltela.pt\/policia\/2026\/03\/08\/psp-detem-homem-em-peniche-por-suspeita-de-violencia-domestica-contra-a-mae\/","title":{"rendered":"PSP det\u00e9m homem em Peniche por suspeita de viol\u00eancia dom\u00e9stica contra a m\u00e3e"},"content":{"rendered":"<p>A PSP deteve na quarta-feira, em Peniche, um homem de 46 anos suspeito de agredir e injuriar a pr\u00f3pria m\u00e3e, de 65 anos, em contexto de viol\u00eancia dom\u00e9stica. A interven\u00e7\u00e3o ocorreu ap\u00f3s a PSP ser chamada a uma situa\u00e7\u00e3o no seio familiar e a deten\u00e7\u00e3o ocorreu no local.<\/p>\n<p>A v\u00edtima apresentava marcas vis\u00edveis das agress\u00f5es e recusou transporte para hospital, bem como declarar. O estado da v\u00edtima n\u00e3o motivou internamento, segundo a PSP, que acrescentou que a mulher n\u00e3o prestou declara\u00e7\u00f5es.<\/p>\n<p>O detido j\u00e1 consta de processos em investiga\u00e7\u00e3o por crimes similares, segundo o Comando Distrital de Leiria. Durante a atua\u00e7\u00e3o policial, o homem manteve uma postura hostil e tentou intimidar os agentes, conforme a nota.<\/p>\n<p>Na quinta-feira, o homem foi presente a tribunal e ficou em liberdade, com a medida de coa\u00e7\u00e3o de termo de identidade e resid\u00eancia, aguardando julgamento agendado para mar\u00e7o.<\/p>\n","protected":false},"excerpt":{"rendered":"<ul>\n<li>A PSP deteve, em Peniche, um homem de 46 anos por suspeita de agredir e injuriar a pr\u00f3pria m\u00e3e, de 65 anos.<\/li>\n<li>A deten\u00e7\u00e3o ocorreu na quarta-feira, ap\u00f3s interven\u00e7\u00e3o da PSP numa situa\u00e7\u00e3o de agress\u00f5es no seio familiar, com a v\u00edtima a apresentar marcas vis\u00edveis.<\/li>\n<li>A v\u00edtima recusou transporte hospitalar e n\u00e3o prestou declara\u00e7\u00f5es; o suspeito imobilizou-se e foi detido no local ap\u00f3s proferir inj\u00farias e amea\u00e7as aos agentes.<\/li>\n<li>O suspeito j\u00e1 tinha processos em investiga\u00e7\u00e3o relacionados com crimes id\u00eanticos.<\/li>\n<li>Na quinta-feira foi apresentado a tribunal e ficou em liberdade, sob a medida de termo de identidade e resid\u00eancia, aguardando julgamento para mar\u00e7o.<\/li>\n<\/ul>\n","protected":false},"author":2,"featured_media":402212,"comment_status":"closed","ping_status":"closed","sticky":false,"template":"","format":"standard","meta":{"footnotes":""},"categories":[6781],"tags":[147,4747,1381,6208,214],"class_list":["post-402209","post","type-post","status-publish","format-standard","has-post-thumbnail","hentry","category-policia","tag-crime","tag-peniche","tag-psp","tag-tribunais","tag-violencia-domestica"],"yoast_head":"<!-- This site is optimized with the Yoast SEO plugin v27.2 - https:\/\/yoast.com\/product\/yoast-seo-wordpress\/ -->\n<title>PSP det\u00e9m homem em Peniche por suspeita de viol\u00eancia dom\u00e9stica contra a m\u00e3e - Portal Tela Portugal<\/title>\n<meta name=\"robots\" content=\"index, follow, max-snippet:-1, max-image-preview:large, max-video-preview:-1\" \/>\n<meta property=\"og:locale\" content=\"pt_PT\" \/>\n<meta property=\"og:type\" content=\"article\" \/>\n<meta property=\"og:title\" content=\"PSP det\u00e9m homem em Peniche por suspeita de viol\u00eancia dom\u00e9stica contra a m\u00e3e - Portal Tela Portugal\" \/>\n<meta property=\"og:description\" content=\"A PSP deteve, em Peniche, um homem de 46 anos por suspeita de agredir e injuriar a pr\u00f3pria m\u00e3e, de 65 anos. A deten\u00e7\u00e3o ocorreu na quarta-feira, ap\u00f3s interven\u00e7\u00e3o da PSP numa situa\u00e7\u00e3o de agress\u00f5es no seio familiar, com a v\u00edtima a apresentar marcas vis\u00edveis. A v\u00edtima recusou transporte hospitalar e n\u00e3o prestou declara\u00e7\u00f5es; o suspeito imobilizou-se e foi detido no local ap\u00f3s proferir inj\u00farias e amea\u00e7as aos agentes. O suspeito j\u00e1 tinha processos em investiga\u00e7\u00e3o relacionados com crimes id\u00eanticos. Na quinta-feira foi apresentado a tribunal e ficou em liberdade, sob a medida de termo de identidade e resid\u00eancia, aguardando julgamento para mar\u00e7o.\" \/>\n<meta property=\"og:url\" content=\"https:\/\/portaltela.pt\/noticias\/2026\/03\/08\/psp-detem-homem-em-peniche-por-suspeita-de-violencia-domestica-contra-a-mae\/\" \/>\n<meta property=\"og:site_name\" content=\"Portal Tela Portugal\" \/>\n<meta property=\"article:published_time\" content=\"2026-03-08T12:18:37+00:00\" \/>\n<meta name=\"author\" content=\"Telinha\" \/>\n<meta name=\"twitter:card\" content=\"summary_large_image\" \/>\n<meta name=\"twitter:label1\" content=\"Escrito por\" \/>\n\t<meta name=\"twitter:data1\" content=\"Telinha\" \/>\n\t<meta name=\"twitter:label2\" content=\"Tempo estimado de leitura\" \/>\n\t<meta name=\"twitter:data2\" content=\"1 minuto\" \/>\n<script type=\"application\/ld+json\" class=\"yoast-schema-graph\">{\"@context\":\"https:\/\/schema.org\",\"@graph\":[{\"@type\":\"Article\",\"@id\":\"https:\/\/portaltela.pt\/noticias\/2026\/03\/08\/psp-detem-homem-em-peniche-por-suspeita-de-violencia-domestica-contra-a-mae\/#article\",\"isPartOf\":{\"@id\":\"https:\/\/portaltela.pt\/noticias\/2026\/03\/08\/psp-detem-homem-em-peniche-por-suspeita-de-violencia-domestica-contra-a-mae\/\"},\"author\":{\"name\":\"Telinha\",\"@id\":\"https:\/\/portaltela.pt\/#\/schema\/person\/c4278d4a6028830caff9ee44b42d32ed\"},\"headline\":\"PSP det\u00e9m homem em Peniche por suspeita de viol\u00eancia dom\u00e9stica contra a m\u00e3e\",\"datePublished\":\"2026-03-08T12:18:37+00:00\",\"mainEntityOfPage\":{\"@id\":\"https:\/\/portaltela.pt\/noticias\/2026\/03\/08\/psp-detem-homem-em-peniche-por-suspeita-de-violencia-domestica-contra-a-mae\/\"},\"wordCount\":179,\"image\":{\"@id\":\"https:\/\/portaltela.pt\/noticias\/2026\/03\/08\/psp-detem-homem-em-peniche-por-suspeita-de-violencia-domestica-contra-a-mae\/#primaryimage\"},\"thumbnailUrl\":\"https:\/\/portaltela.pt\/s.01k8rhncp4jt1\/2026\/03\/img_1500x1000uu2026-01-31-09-19-40-2236602.jpg\",\"keywords\":[\"crime\",\"Peniche\",\"PSP\",\"Tribunais\",\"viol\u00eancia dom\u00e9stica\"],\"articleSection\":[\"Pol\u00edcia\"],\"inLanguage\":\"pt-PT\"},{\"@type\":\"WebPage\",\"@id\":\"https:\/\/portaltela.pt\/noticias\/2026\/03\/08\/psp-detem-homem-em-peniche-por-suspeita-de-violencia-domestica-contra-a-mae\/\",\"url\":\"https:\/\/portaltela.pt\/noticias\/2026\/03\/08\/psp-detem-homem-em-peniche-por-suspeita-de-violencia-domestica-contra-a-mae\/\",\"name\":\"PSP det\u00e9m homem em Peniche por suspeita de viol\u00eancia dom\u00e9stica contra a m\u00e3e - Portal Tela Portugal\",\"isPartOf\":{\"@id\":\"https:\/\/portaltela.pt\/#website\"},\"primaryImageOfPage\":{\"@id\":\"https:\/\/portaltela.pt\/noticias\/2026\/03\/08\/psp-detem-homem-em-peniche-por-suspeita-de-violencia-domestica-contra-a-mae\/#primaryimage\"},\"image\":{\"@id\":\"https:\/\/portaltela.pt\/noticias\/2026\/03\/08\/psp-detem-homem-em-peniche-por-suspeita-de-violencia-domestica-contra-a-mae\/#primaryimage\"},\"thumbnailUrl\":\"https:\/\/portaltela.pt\/s.01k8rhncp4jt1\/2026\/03\/img_1500x1000uu2026-01-31-09-19-40-2236602.jpg\",\"datePublished\":\"2026-03-08T12:18:37+00:00\",\"author\":{\"@id\":\"https:\/\/portaltela.pt\/#\/schema\/person\/c4278d4a6028830caff9ee44b42d32ed\"},\"breadcrumb\":{\"@id\":\"https:\/\/portaltela.pt\/noticias\/2026\/03\/08\/psp-detem-homem-em-peniche-por-suspeita-de-violencia-domestica-contra-a-mae\/#breadcrumb\"},\"inLanguage\":\"pt-PT\",\"potentialAction\":[{\"@type\":\"ReadAction\",\"target\":[\"https:\/\/portaltela.pt\/noticias\/2026\/03\/08\/psp-detem-homem-em-peniche-por-suspeita-de-violencia-domestica-contra-a-mae\/\"]}]},{\"@type\":\"ImageObject\",\"inLanguage\":\"pt-PT\",\"@id\":\"https:\/\/portaltela.pt\/noticias\/2026\/03\/08\/psp-detem-homem-em-peniche-por-suspeita-de-violencia-domestica-contra-a-mae\/#primaryimage\",\"url\":\"https:\/\/portaltela.pt\/s.01k8rhncp4jt1\/2026\/03\/img_1500x1000uu2026-01-31-09-19-40-2236602.jpg\",\"contentUrl\":\"https:\/\/portaltela.pt\/s.01k8rhncp4jt1\/2026\/03\/img_1500x1000uu2026-01-31-09-19-40-2236602.jpg\",\"width\":796,\"height\":448,\"caption\":\"PSP, Comando de Pol\u00edcia de Leiria\"},{\"@type\":\"BreadcrumbList\",\"@id\":\"https:\/\/portaltela.pt\/noticias\/2026\/03\/08\/psp-detem-homem-em-peniche-por-suspeita-de-violencia-domestica-contra-a-mae\/#breadcrumb\",\"itemListElement\":[{\"@type\":\"ListItem\",\"position\":1,\"name\":\"In\u00edcio\",\"item\":\"https:\/\/portaltela.pt\/\"},{\"@type\":\"ListItem\",\"position\":2,\"name\":\"PSP det\u00e9m homem em Peniche por suspeita de viol\u00eancia dom\u00e9stica contra a m\u00e3e\"}]},{\"@type\":\"WebSite\",\"@id\":\"https:\/\/portaltela.pt\/#website\",\"url\":\"https:\/\/portaltela.pt\/\",\"name\":\"Portal Tela Portugal\",\"description\":\"\",\"potentialAction\":[{\"@type\":\"SearchAction\",\"target\":{\"@type\":\"EntryPoint\",\"urlTemplate\":\"https:\/\/portaltela.pt\/?s={search_term_string}\"},\"query-input\":{\"@type\":\"PropertyValueSpecification\",\"valueRequired\":true,\"valueName\":\"search_term_string\"}}],\"inLanguage\":\"pt-PT\"},{\"@type\":\"Person\",\"@id\":\"https:\/\/portaltela.pt\/#\/schema\/person\/c4278d4a6028830caff9ee44b42d32ed\",\"name\":\"Telinha\",\"image\":{\"@type\":\"ImageObject\",\"inLanguage\":\"pt-PT\",\"@id\":\"https:\/\/portaltela.pt\/s.01k8rhncp4jt1\/2025\/11\/talking-bot-125x125.png\",\"url\":\"https:\/\/portaltela.pt\/s.01k8rhncp4jt1\/2025\/11\/talking-bot-125x125.png\",\"contentUrl\":\"https:\/\/portaltela.pt\/s.01k8rhncp4jt1\/2025\/11\/talking-bot-125x125.png\",\"caption\":\"Telinha\"},\"sameAs\":[\"https:\/\/portaltela.pt\/\"],\"url\":\"https:\/\/portaltela.pt\/por\/367410592786\/\"}]}<\/script>\n<!-- \/ Yoast SEO plugin. -->","yoast_head_json":{"title":"PSP det\u00e9m homem em Peniche por suspeita de viol\u00eancia dom\u00e9stica contra a m\u00e3e - Portal Tela Portugal","robots":{"index":"index","follow":"follow","max-snippet":"max-snippet:-1","max-image-preview":"max-image-preview:large","max-video-preview":"max-video-preview:-1"},"og_locale":"pt_PT","og_type":"article","og_title":"PSP det\u00e9m homem em Peniche por suspeita de viol\u00eancia dom\u00e9stica contra a m\u00e3e - Portal Tela Portugal","og_description":"A PSP deteve, em Peniche, um homem de 46 anos por suspeita de agredir e injuriar a pr\u00f3pria m\u00e3e, de 65 anos. A deten\u00e7\u00e3o ocorreu na quarta-feira, ap\u00f3s interven\u00e7\u00e3o da PSP numa situa\u00e7\u00e3o de agress\u00f5es no seio familiar, com a v\u00edtima a apresentar marcas vis\u00edveis. A v\u00edtima recusou transporte hospitalar e n\u00e3o prestou declara\u00e7\u00f5es; o suspeito imobilizou-se e foi detido no local ap\u00f3s proferir inj\u00farias e amea\u00e7as aos agentes. O suspeito j\u00e1 tinha processos em investiga\u00e7\u00e3o relacionados com crimes id\u00eanticos. Na quinta-feira foi apresentado a tribunal e ficou em liberdade, sob a medida de termo de identidade e resid\u00eancia, aguardando julgamento para mar\u00e7o.","og_url":"https:\/\/portaltela.pt\/noticias\/2026\/03\/08\/psp-detem-homem-em-peniche-por-suspeita-de-violencia-domestica-contra-a-mae\/","og_site_name":"Portal Tela Portugal","article_published_time":"2026-03-08T12:18:37+00:00","author":"Telinha","twitter_card":"summary_large_image","twitter_misc":{"Escrito por":"Telinha","Tempo estimado de leitura":"1 minuto"},"schema":{"@context":"https:\/\/schema.org","@graph":[{"@type":"Article","@id":"https:\/\/portaltela.pt\/noticias\/2026\/03\/08\/psp-detem-homem-em-peniche-por-suspeita-de-violencia-domestica-contra-a-mae\/#article","isPartOf":{"@id":"https:\/\/portaltela.pt\/noticias\/2026\/03\/08\/psp-detem-homem-em-peniche-por-suspeita-de-violencia-domestica-contra-a-mae\/"},"author":{"name":"Telinha","@id":"https:\/\/portaltela.pt\/#\/schema\/person\/c4278d4a6028830caff9ee44b42d32ed"},"headline":"PSP det\u00e9m homem em Peniche por suspeita de viol\u00eancia dom\u00e9stica contra a m\u00e3e","datePublished":"2026-03-08T12:18:37+00:00","mainEntityOfPage":{"@id":"https:\/\/portaltela.pt\/noticias\/2026\/03\/08\/psp-detem-homem-em-peniche-por-suspeita-de-violencia-domestica-contra-a-mae\/"},"wordCount":179,"image":{"@id":"https:\/\/portaltela.pt\/noticias\/2026\/03\/08\/psp-detem-homem-em-peniche-por-suspeita-de-violencia-domestica-contra-a-mae\/#primaryimage"},"thumbnailUrl":"https:\/\/portaltela.pt\/s.01k8rhncp4jt1\/2026\/03\/img_1500x1000uu2026-01-31-09-19-40-2236602.jpg","keywords":["crime","Peniche","PSP","Tribunais","viol\u00eancia dom\u00e9stica"],"articleSection":["Pol\u00edcia"],"inLanguage":"pt-PT"},{"@type":"WebPage","@id":"https:\/\/portaltela.pt\/noticias\/2026\/03\/08\/psp-detem-homem-em-peniche-por-suspeita-de-violencia-domestica-contra-a-mae\/","url":"https:\/\/portaltela.pt\/noticias\/2026\/03\/08\/psp-detem-homem-em-peniche-por-suspeita-de-violencia-domestica-contra-a-mae\/","name":"PSP det\u00e9m homem em Peniche por suspeita de viol\u00eancia dom\u00e9stica contra a m\u00e3e - Portal Tela Portugal","isPartOf":{"@id":"https:\/\/portaltela.pt\/#website"},"primaryImageOfPage":{"@id":"https:\/\/portaltela.pt\/noticias\/2026\/03\/08\/psp-detem-homem-em-peniche-por-suspeita-de-violencia-domestica-contra-a-mae\/#primaryimage"},"image":{"@id":"https:\/\/portaltela.pt\/noticias\/2026\/03\/08\/psp-detem-homem-em-peniche-por-suspeita-de-violencia-domestica-contra-a-mae\/#primaryimage"},"thumbnailUrl":"https:\/\/portaltela.pt\/s.01k8rhncp4jt1\/2026\/03\/img_1500x1000uu2026-01-31-09-19-40-2236602.jpg","datePublished":"2026-03-08T12:18:37+00:00","author":{"@id":"https:\/\/portaltela.pt\/#\/schema\/person\/c4278d4a6028830caff9ee44b42d32ed"},"breadcrumb":{"@id":"https:\/\/portaltela.pt\/noticias\/2026\/03\/08\/psp-detem-homem-em-peniche-por-suspeita-de-violencia-domestica-contra-a-mae\/#breadcrumb"},"inLanguage":"pt-PT","potentialAction":[{"@type":"ReadAction","target":["https:\/\/portaltela.pt\/noticias\/2026\/03\/08\/psp-detem-homem-em-peniche-por-suspeita-de-violencia-domestica-contra-a-mae\/"]}]},{"@type":"ImageObject","inLanguage":"pt-PT","@id":"https:\/\/portaltela.pt\/noticias\/2026\/03\/08\/psp-detem-homem-em-peniche-por-suspeita-de-violencia-domestica-contra-a-mae\/#primaryimage","url":"https:\/\/portaltela.pt\/s.01k8rhncp4jt1\/2026\/03\/img_1500x1000uu2026-01-31-09-19-40-2236602.jpg","contentUrl":"https:\/\/portaltela.pt\/s.01k8rhncp4jt1\/2026\/03\/img_1500x1000uu2026-01-31-09-19-40-2236602.jpg","width":796,"height":448,"caption":"PSP, Comando de Pol\u00edcia de Leiria"},{"@type":"BreadcrumbList","@id":"https:\/\/portaltela.pt\/noticias\/2026\/03\/08\/psp-detem-homem-em-peniche-por-suspeita-de-violencia-domestica-contra-a-mae\/#breadcrumb","itemListElement":[{"@type":"ListItem","position":1,"name":"In\u00edcio","item":"https:\/\/portaltela.pt\/"},{"@type":"ListItem","position":2,"name":"PSP det\u00e9m homem em Peniche por suspeita de viol\u00eancia dom\u00e9stica contra a m\u00e3e"}]},{"@type":"WebSite","@id":"https:\/\/portaltela.pt\/#website","url":"https:\/\/portaltela.pt\/","name":"Portal Tela Portugal","description":"","potentialAction":[{"@type":"SearchAction","target":{"@type":"EntryPoint","urlTemplate":"https:\/\/portaltela.pt\/?s={search_term_string}"},"query-input":{"@type":"PropertyValueSpecification","valueRequired":true,"valueName":"search_term_string"}}],"inLanguage":"pt-PT"},{"@type":"Person","@id":"https:\/\/portaltela.pt\/#\/schema\/person\/c4278d4a6028830caff9ee44b42d32ed","name":"Telinha","image":{"@type":"ImageObject","inLanguage":"pt-PT","@id":"https:\/\/portaltela.pt\/s.01k8rhncp4jt1\/2025\/11\/talking-bot-125x125.png","url":"https:\/\/portaltela.pt\/s.01k8rhncp4jt1\/2025\/11\/talking-bot-125x125.png","contentUrl":"https:\/\/portaltela.pt\/s.01k8rhncp4jt1\/2025\/11\/talking-bot-125x125.png","caption":"Telinha"},"sameAs":["https:\/\/portaltela.pt\/"],"url":"https:\/\/portaltela.pt\/por\/367410592786\/"}]}},"_links":{"self":[{"href":"https:\/\/portaltela.pt\/api\/wp\/v2\/posts\/402209","targetHints":{"allow":["GET"]}}],"collection":[{"href":"https:\/\/portaltela.pt\/api\/wp\/v2\/posts"}],"about":[{"href":"https:\/\/portaltela.pt\/api\/wp\/v2\/types\/post"}],"author":[{"embeddable":true,"href":"https:\/\/portaltela.pt\/api\/wp\/v2\/users\/2"}],"replies":[{"embeddable":true,"href":"https:\/\/portaltela.pt\/api\/wp\/v2\/comments?post=402209"}],"version-history":[{"count":0,"href":"https:\/\/portaltela.pt\/api\/wp\/v2\/posts\/402209\/revisions"}],"wp:featuredmedia":[{"embeddable":true,"href":"https:\/\/portaltela.pt\/api\/wp\/v2\/media\/402212"}],"wp:attachment":[{"href":"https:\/\/portaltela.pt\/api\/wp\/v2\/media?parent=402209"}],"wp:term":[{"taxonomy":"category","embeddable":true,"href":"https:\/\/portaltela.pt\/api\/wp\/v2\/categories?post=402209"},{"taxonomy":"post_tag","embeddable":true,"href":"https:\/\/portaltela.pt\/api\/wp\/v2\/tags?post=402209"}],"curies":[{"name":"wp","href":"https:\/\/api.w.org\/{rel}","templated":true}]}}