{"id":402189,"date":"2026-03-08T09:00:07","date_gmt":"2026-03-08T12:00:07","guid":{"rendered":"https:\/\/portaltela.pt\/noticias\/2026\/03\/08\/jogador-no-equador-fere-gravemente-adversario-com-entrada-dura-e-gera-confusao\/"},"modified":"2026-03-08T09:00:07","modified_gmt":"2026-03-08T12:00:07","slug":"jogador-no-equador-fere-gravemente-adversario-com-entrada-dura-e-gera-confusao","status":"publish","type":"post","link":"https:\/\/portaltela.pt\/desporto\/futebol\/2026\/03\/08\/jogador-no-equador-fere-gravemente-adversario-com-entrada-dura-e-gera-confusao\/","title":{"rendered":"Jogador no Equador fere gravemente advers\u00e1rio com entrada dura e gera confus\u00e3o"},"content":{"rendered":"<p>Um jogo no Equador ficou marcado por um carrinho violento aos 62 minutos, durante Independiente del Valle vs Mushuc Runa. Brian Negro atingiu Jean Arroyo Vernaza, causando ferimentos graves. A confirma\u00e7\u00e3o veio ao final da partida.<\/p>\n<p>O lance provocou confrontos entre jogadores das duas equipas. Tr\u00eas expuls\u00f5es foram registradas, incluindo a de Brian Negro, e o incidente interrompeu o andamento do encontro.<\/p>\n<p>Independiente del Valle venceu por 3-1 o Mushuc Runa, em tempo \u00fatil para encerrar a partida. O motivo do choque permanece sob apura\u00e7\u00e3o pelas autoridades desportivas.<\/p>\n","protected":false},"excerpt":{"rendered":"<ul>\n<li>No jogo entre Independiente del Valle e Mushuc Runa, no Equador, aos 62 minutos ocorreu uma carrinha de Brian Negro que atingiu Jean Arroyo Vernaza.<\/li>\n<li>A entrada causou les\u00f5es na t\u00edbia e f\u00edbula do jogador advers\u00e1rio.<\/li>\n<li>O lance provocou confrontos no relvado, resultando em tr\u00eas expuls\u00f5es, incluindo a de Brian Negro.<\/li>\n<li>O Independiente del Valle venceu por 3-1.<\/li>\n<li>O cr\u00e9dito da imagem \u00e9 Zapping Ecuador.<\/li>\n<\/ul>\n","protected":false},"author":2,"featured_media":402191,"comment_status":"closed","ping_status":"closed","sticky":false,"template":"","format":"standard","meta":{"footnotes":""},"categories":[21,24],"tags":[6131,2971,3449,32,2538,6171],"class_list":["post-402189","post","type-post","status-publish","format-standard","has-post-thumbnail","hentry","category-desporto","category-futebol","tag-equador","tag-expulsoes","tag-feridos","tag-futebol","tag-lesoes","tag-violencia-no-desporto"],"yoast_head":"<!-- This site is optimized with the Yoast SEO plugin v27.2 - https:\/\/yoast.com\/product\/yoast-seo-wordpress\/ -->\n<title>Jogador no Equador fere gravemente advers\u00e1rio com entrada dura e gera confus\u00e3o - Portal Tela Portugal<\/title>\n<meta name=\"robots\" content=\"index, follow, max-snippet:-1, max-image-preview:large, max-video-preview:-1\" \/>\n<meta property=\"og:locale\" content=\"pt_PT\" \/>\n<meta property=\"og:type\" content=\"article\" \/>\n<meta property=\"og:title\" content=\"Jogador no Equador fere gravemente advers\u00e1rio com entrada dura e gera confus\u00e3o - Portal Tela Portugal\" \/>\n<meta property=\"og:description\" content=\"No jogo entre Independiente del Valle e Mushuc Runa, no Equador, aos 62 minutos ocorreu uma carrinha de Brian Negro que atingiu Jean Arroyo Vernaza. A entrada causou les\u00f5es na t\u00edbia e f\u00edbula do jogador advers\u00e1rio. O lance provocou confrontos no relvado, resultando em tr\u00eas expuls\u00f5es, incluindo a de Brian Negro. O Independiente del Valle venceu por 3-1. O cr\u00e9dito da imagem \u00e9 Zapping Ecuador.\" \/>\n<meta property=\"og:url\" content=\"https:\/\/portaltela.pt\/noticias\/2026\/03\/08\/jogador-no-equador-fere-gravemente-adversario-com-entrada-dura-e-gera-confusao\/\" \/>\n<meta property=\"og:site_name\" content=\"Portal Tela Portugal\" \/>\n<meta property=\"article:published_time\" content=\"2026-03-08T12:00:07+00:00\" \/>\n<meta name=\"author\" content=\"Telinha\" \/>\n<meta name=\"twitter:card\" content=\"summary_large_image\" \/>\n<meta name=\"twitter:label1\" content=\"Escrito por\" \/>\n\t<meta name=\"twitter:data1\" content=\"Telinha\" \/>\n<script type=\"application\/ld+json\" class=\"yoast-schema-graph\">{\"@context\":\"https:\/\/schema.org\",\"@graph\":[{\"@type\":\"Article\",\"@id\":\"https:\/\/portaltela.pt\/noticias\/2026\/03\/08\/jogador-no-equador-fere-gravemente-adversario-com-entrada-dura-e-gera-confusao\/#article\",\"isPartOf\":{\"@id\":\"https:\/\/portaltela.pt\/noticias\/2026\/03\/08\/jogador-no-equador-fere-gravemente-adversario-com-entrada-dura-e-gera-confusao\/\"},\"author\":{\"name\":\"Telinha\",\"@id\":\"https:\/\/portaltela.pt\/#\/schema\/person\/c4278d4a6028830caff9ee44b42d32ed\"},\"headline\":\"Jogador no Equador fere gravemente advers\u00e1rio com entrada dura e gera confus\u00e3o\",\"datePublished\":\"2026-03-08T12:00:07+00:00\",\"mainEntityOfPage\":{\"@id\":\"https:\/\/portaltela.pt\/noticias\/2026\/03\/08\/jogador-no-equador-fere-gravemente-adversario-com-entrada-dura-e-gera-confusao\/\"},\"wordCount\":105,\"image\":{\"@id\":\"https:\/\/portaltela.pt\/noticias\/2026\/03\/08\/jogador-no-equador-fere-gravemente-adversario-com-entrada-dura-e-gera-confusao\/#primaryimage\"},\"thumbnailUrl\":\"https:\/\/portaltela.pt\/s.01k8rhncp4jt1\/2026\/03\/img_1200x721uu2026-03-08-11-44-57-2425615.jpg\",\"keywords\":[\"Equador\",\"expuls\u00f5es\",\"feridos\",\"futebol\",\"les\u00f5es\",\"viol\u00eancia no desporto\"],\"articleSection\":[\"Desporto\",\"Futebol\"],\"inLanguage\":\"pt-PT\"},{\"@type\":\"WebPage\",\"@id\":\"https:\/\/portaltela.pt\/noticias\/2026\/03\/08\/jogador-no-equador-fere-gravemente-adversario-com-entrada-dura-e-gera-confusao\/\",\"url\":\"https:\/\/portaltela.pt\/noticias\/2026\/03\/08\/jogador-no-equador-fere-gravemente-adversario-com-entrada-dura-e-gera-confusao\/\",\"name\":\"Jogador no Equador fere gravemente advers\u00e1rio com entrada dura e gera confus\u00e3o - Portal Tela Portugal\",\"isPartOf\":{\"@id\":\"https:\/\/portaltela.pt\/#website\"},\"primaryImageOfPage\":{\"@id\":\"https:\/\/portaltela.pt\/noticias\/2026\/03\/08\/jogador-no-equador-fere-gravemente-adversario-com-entrada-dura-e-gera-confusao\/#primaryimage\"},\"image\":{\"@id\":\"https:\/\/portaltela.pt\/noticias\/2026\/03\/08\/jogador-no-equador-fere-gravemente-adversario-com-entrada-dura-e-gera-confusao\/#primaryimage\"},\"thumbnailUrl\":\"https:\/\/portaltela.pt\/s.01k8rhncp4jt1\/2026\/03\/img_1200x721uu2026-03-08-11-44-57-2425615.jpg\",\"datePublished\":\"2026-03-08T12:00:07+00:00\",\"author\":{\"@id\":\"https:\/\/portaltela.pt\/#\/schema\/person\/c4278d4a6028830caff9ee44b42d32ed\"},\"breadcrumb\":{\"@id\":\"https:\/\/portaltela.pt\/noticias\/2026\/03\/08\/jogador-no-equador-fere-gravemente-adversario-com-entrada-dura-e-gera-confusao\/#breadcrumb\"},\"inLanguage\":\"pt-PT\",\"potentialAction\":[{\"@type\":\"ReadAction\",\"target\":[\"https:\/\/portaltela.pt\/noticias\/2026\/03\/08\/jogador-no-equador-fere-gravemente-adversario-com-entrada-dura-e-gera-confusao\/\"]}]},{\"@type\":\"ImageObject\",\"inLanguage\":\"pt-PT\",\"@id\":\"https:\/\/portaltela.pt\/noticias\/2026\/03\/08\/jogador-no-equador-fere-gravemente-adversario-com-entrada-dura-e-gera-confusao\/#primaryimage\",\"url\":\"https:\/\/portaltela.pt\/s.01k8rhncp4jt1\/2026\/03\/img_1200x721uu2026-03-08-11-44-57-2425615.jpg\",\"contentUrl\":\"https:\/\/portaltela.pt\/s.01k8rhncp4jt1\/2026\/03\/img_1200x721uu2026-03-08-11-44-57-2425615.jpg\",\"width\":796,\"height\":448,\"caption\":\"Photo\"},{\"@type\":\"BreadcrumbList\",\"@id\":\"https:\/\/portaltela.pt\/noticias\/2026\/03\/08\/jogador-no-equador-fere-gravemente-adversario-com-entrada-dura-e-gera-confusao\/#breadcrumb\",\"itemListElement\":[{\"@type\":\"ListItem\",\"position\":1,\"name\":\"In\u00edcio\",\"item\":\"https:\/\/portaltela.pt\/\"},{\"@type\":\"ListItem\",\"position\":2,\"name\":\"Jogador no Equador fere gravemente advers\u00e1rio com entrada dura e gera confus\u00e3o\"}]},{\"@type\":\"WebSite\",\"@id\":\"https:\/\/portaltela.pt\/#website\",\"url\":\"https:\/\/portaltela.pt\/\",\"name\":\"Portal Tela Portugal\",\"description\":\"\",\"potentialAction\":[{\"@type\":\"SearchAction\",\"target\":{\"@type\":\"EntryPoint\",\"urlTemplate\":\"https:\/\/portaltela.pt\/?s={search_term_string}\"},\"query-input\":{\"@type\":\"PropertyValueSpecification\",\"valueRequired\":true,\"valueName\":\"search_term_string\"}}],\"inLanguage\":\"pt-PT\"},{\"@type\":\"Person\",\"@id\":\"https:\/\/portaltela.pt\/#\/schema\/person\/c4278d4a6028830caff9ee44b42d32ed\",\"name\":\"Telinha\",\"image\":{\"@type\":\"ImageObject\",\"inLanguage\":\"pt-PT\",\"@id\":\"https:\/\/portaltela.pt\/s.01k8rhncp4jt1\/2025\/11\/talking-bot-125x125.png\",\"url\":\"https:\/\/portaltela.pt\/s.01k8rhncp4jt1\/2025\/11\/talking-bot-125x125.png\",\"contentUrl\":\"https:\/\/portaltela.pt\/s.01k8rhncp4jt1\/2025\/11\/talking-bot-125x125.png\",\"caption\":\"Telinha\"},\"sameAs\":[\"https:\/\/portaltela.pt\/\"],\"url\":\"https:\/\/portaltela.pt\/por\/367410592786\/\"}]}<\/script>\n<!-- \/ Yoast SEO plugin. -->","yoast_head_json":{"title":"Jogador no Equador fere gravemente advers\u00e1rio com entrada dura e gera confus\u00e3o - Portal Tela Portugal","robots":{"index":"index","follow":"follow","max-snippet":"max-snippet:-1","max-image-preview":"max-image-preview:large","max-video-preview":"max-video-preview:-1"},"og_locale":"pt_PT","og_type":"article","og_title":"Jogador no Equador fere gravemente advers\u00e1rio com entrada dura e gera confus\u00e3o - Portal Tela Portugal","og_description":"No jogo entre Independiente del Valle e Mushuc Runa, no Equador, aos 62 minutos ocorreu uma carrinha de Brian Negro que atingiu Jean Arroyo Vernaza. A entrada causou les\u00f5es na t\u00edbia e f\u00edbula do jogador advers\u00e1rio. O lance provocou confrontos no relvado, resultando em tr\u00eas expuls\u00f5es, incluindo a de Brian Negro. O Independiente del Valle venceu por 3-1. O cr\u00e9dito da imagem \u00e9 Zapping Ecuador.","og_url":"https:\/\/portaltela.pt\/noticias\/2026\/03\/08\/jogador-no-equador-fere-gravemente-adversario-com-entrada-dura-e-gera-confusao\/","og_site_name":"Portal Tela Portugal","article_published_time":"2026-03-08T12:00:07+00:00","author":"Telinha","twitter_card":"summary_large_image","twitter_misc":{"Escrito por":"Telinha"},"schema":{"@context":"https:\/\/schema.org","@graph":[{"@type":"Article","@id":"https:\/\/portaltela.pt\/noticias\/2026\/03\/08\/jogador-no-equador-fere-gravemente-adversario-com-entrada-dura-e-gera-confusao\/#article","isPartOf":{"@id":"https:\/\/portaltela.pt\/noticias\/2026\/03\/08\/jogador-no-equador-fere-gravemente-adversario-com-entrada-dura-e-gera-confusao\/"},"author":{"name":"Telinha","@id":"https:\/\/portaltela.pt\/#\/schema\/person\/c4278d4a6028830caff9ee44b42d32ed"},"headline":"Jogador no Equador fere gravemente advers\u00e1rio com entrada dura e gera confus\u00e3o","datePublished":"2026-03-08T12:00:07+00:00","mainEntityOfPage":{"@id":"https:\/\/portaltela.pt\/noticias\/2026\/03\/08\/jogador-no-equador-fere-gravemente-adversario-com-entrada-dura-e-gera-confusao\/"},"wordCount":105,"image":{"@id":"https:\/\/portaltela.pt\/noticias\/2026\/03\/08\/jogador-no-equador-fere-gravemente-adversario-com-entrada-dura-e-gera-confusao\/#primaryimage"},"thumbnailUrl":"https:\/\/portaltela.pt\/s.01k8rhncp4jt1\/2026\/03\/img_1200x721uu2026-03-08-11-44-57-2425615.jpg","keywords":["Equador","expuls\u00f5es","feridos","futebol","les\u00f5es","viol\u00eancia no desporto"],"articleSection":["Desporto","Futebol"],"inLanguage":"pt-PT"},{"@type":"WebPage","@id":"https:\/\/portaltela.pt\/noticias\/2026\/03\/08\/jogador-no-equador-fere-gravemente-adversario-com-entrada-dura-e-gera-confusao\/","url":"https:\/\/portaltela.pt\/noticias\/2026\/03\/08\/jogador-no-equador-fere-gravemente-adversario-com-entrada-dura-e-gera-confusao\/","name":"Jogador no Equador fere gravemente advers\u00e1rio com entrada dura e gera confus\u00e3o - Portal Tela Portugal","isPartOf":{"@id":"https:\/\/portaltela.pt\/#website"},"primaryImageOfPage":{"@id":"https:\/\/portaltela.pt\/noticias\/2026\/03\/08\/jogador-no-equador-fere-gravemente-adversario-com-entrada-dura-e-gera-confusao\/#primaryimage"},"image":{"@id":"https:\/\/portaltela.pt\/noticias\/2026\/03\/08\/jogador-no-equador-fere-gravemente-adversario-com-entrada-dura-e-gera-confusao\/#primaryimage"},"thumbnailUrl":"https:\/\/portaltela.pt\/s.01k8rhncp4jt1\/2026\/03\/img_1200x721uu2026-03-08-11-44-57-2425615.jpg","datePublished":"2026-03-08T12:00:07+00:00","author":{"@id":"https:\/\/portaltela.pt\/#\/schema\/person\/c4278d4a6028830caff9ee44b42d32ed"},"breadcrumb":{"@id":"https:\/\/portaltela.pt\/noticias\/2026\/03\/08\/jogador-no-equador-fere-gravemente-adversario-com-entrada-dura-e-gera-confusao\/#breadcrumb"},"inLanguage":"pt-PT","potentialAction":[{"@type":"ReadAction","target":["https:\/\/portaltela.pt\/noticias\/2026\/03\/08\/jogador-no-equador-fere-gravemente-adversario-com-entrada-dura-e-gera-confusao\/"]}]},{"@type":"ImageObject","inLanguage":"pt-PT","@id":"https:\/\/portaltela.pt\/noticias\/2026\/03\/08\/jogador-no-equador-fere-gravemente-adversario-com-entrada-dura-e-gera-confusao\/#primaryimage","url":"https:\/\/portaltela.pt\/s.01k8rhncp4jt1\/2026\/03\/img_1200x721uu2026-03-08-11-44-57-2425615.jpg","contentUrl":"https:\/\/portaltela.pt\/s.01k8rhncp4jt1\/2026\/03\/img_1200x721uu2026-03-08-11-44-57-2425615.jpg","width":796,"height":448,"caption":"Photo"},{"@type":"BreadcrumbList","@id":"https:\/\/portaltela.pt\/noticias\/2026\/03\/08\/jogador-no-equador-fere-gravemente-adversario-com-entrada-dura-e-gera-confusao\/#breadcrumb","itemListElement":[{"@type":"ListItem","position":1,"name":"In\u00edcio","item":"https:\/\/portaltela.pt\/"},{"@type":"ListItem","position":2,"name":"Jogador no Equador fere gravemente advers\u00e1rio com entrada dura e gera confus\u00e3o"}]},{"@type":"WebSite","@id":"https:\/\/portaltela.pt\/#website","url":"https:\/\/portaltela.pt\/","name":"Portal Tela Portugal","description":"","potentialAction":[{"@type":"SearchAction","target":{"@type":"EntryPoint","urlTemplate":"https:\/\/portaltela.pt\/?s={search_term_string}"},"query-input":{"@type":"PropertyValueSpecification","valueRequired":true,"valueName":"search_term_string"}}],"inLanguage":"pt-PT"},{"@type":"Person","@id":"https:\/\/portaltela.pt\/#\/schema\/person\/c4278d4a6028830caff9ee44b42d32ed","name":"Telinha","image":{"@type":"ImageObject","inLanguage":"pt-PT","@id":"https:\/\/portaltela.pt\/s.01k8rhncp4jt1\/2025\/11\/talking-bot-125x125.png","url":"https:\/\/portaltela.pt\/s.01k8rhncp4jt1\/2025\/11\/talking-bot-125x125.png","contentUrl":"https:\/\/portaltela.pt\/s.01k8rhncp4jt1\/2025\/11\/talking-bot-125x125.png","caption":"Telinha"},"sameAs":["https:\/\/portaltela.pt\/"],"url":"https:\/\/portaltela.pt\/por\/367410592786\/"}]}},"_links":{"self":[{"href":"https:\/\/portaltela.pt\/api\/wp\/v2\/posts\/402189","targetHints":{"allow":["GET"]}}],"collection":[{"href":"https:\/\/portaltela.pt\/api\/wp\/v2\/posts"}],"about":[{"href":"https:\/\/portaltela.pt\/api\/wp\/v2\/types\/post"}],"author":[{"embeddable":true,"href":"https:\/\/portaltela.pt\/api\/wp\/v2\/users\/2"}],"replies":[{"embeddable":true,"href":"https:\/\/portaltela.pt\/api\/wp\/v2\/comments?post=402189"}],"version-history":[{"count":0,"href":"https:\/\/portaltela.pt\/api\/wp\/v2\/posts\/402189\/revisions"}],"wp:featuredmedia":[{"embeddable":true,"href":"https:\/\/portaltela.pt\/api\/wp\/v2\/media\/402191"}],"wp:attachment":[{"href":"https:\/\/portaltela.pt\/api\/wp\/v2\/media?parent=402189"}],"wp:term":[{"taxonomy":"category","embeddable":true,"href":"https:\/\/portaltela.pt\/api\/wp\/v2\/categories?post=402189"},{"taxonomy":"post_tag","embeddable":true,"href":"https:\/\/portaltela.pt\/api\/wp\/v2\/tags?post=402189"}],"curies":[{"name":"wp","href":"https:\/\/api.w.org\/{rel}","templated":true}]}}