{"id":402184,"date":"2026-03-08T08:50:24","date_gmt":"2026-03-08T11:50:24","guid":{"rendered":"https:\/\/portaltela.pt\/noticias\/2026\/03\/08\/oito-desalojados-apos-incendio-em-predio-em-coimbra\/"},"modified":"2026-03-08T08:50:24","modified_gmt":"2026-03-08T11:50:24","slug":"oito-desalojados-apos-incendio-em-predio-em-coimbra","status":"publish","type":"post","link":"https:\/\/portaltela.pt\/noticias\/2026\/03\/08\/oito-desalojados-apos-incendio-em-predio-em-coimbra\/","title":{"rendered":"Oito desalojados ap\u00f3s inc\u00eandio em pr\u00e9dio em Coimbra"},"content":{"rendered":"<p>Um inc\u00eandio num pr\u00e9dio habitacional em Coimbra deixou oito desalojados, na noite de domingo. O fogo ter\u00e1 atingido a cobertura e as \u00e1guas furtadas, e a \u00e1gua usada no combate degradou as condi\u00e7\u00f5es de habitabilidade do edif\u00edcio.<\/p>\n<p>O alerta foi dado \u00e0s 4h42. No local, na Rua Coura\u00e7a dos Ap\u00f3stolos, j\u00e1 se encontravam no exterior os moradores e alguns h\u00f3spedes de alojamento local nas fra\u00e7\u00f5es afetadas.<\/p>\n<p>Uma pessoa foi encaminhada ao hospital por inala\u00e7\u00e3o de fumo, mas seguiu para avalia\u00e7\u00e3o pelos pr\u00f3prios meios, n\u00e3o tendo sido necess\u00e1rio transporte dos bombeiros. Os residentes foram realojados temporariamente num alojamento local na mesma rua, gerido pela empresa respons\u00e1vel pelo im\u00f3vel.<\/p>\n<h3>Realojamento e estado do edif\u00edcio<\/h3>\n<p>O arrendamento tempor\u00e1rio abrangeu v\u00e1rias fra\u00e7\u00f5es do pr\u00e9dio, com o acompanhamento da empresa gestora. A reavalia\u00e7\u00e3o do edif\u00edcio ficar\u00e1 a cargo de servi\u00e7os municipais para confirmar condi\u00e7\u00f5es de seguran\u00e7a. N\u00e3o h\u00e1 informa\u00e7\u00f5es sobre a causa do inc\u00eandio.<\/p>\n","protected":false},"excerpt":{"rendered":"<ul>\n<li>Um inc\u00eandio num pr\u00e9dio habitacional em Coimbra deixou oito desalojados neste domingo.<\/li>\n<li>O fogo ter\u00e1 atingido a cobertura e as \u00e1guas-furtadas, e a \u00e1gua usada no combate tornou o edif\u00edcio indispon\u00edvel para habitar.<\/li>\n<li>O alerta foi dado \u00e0s 4h42, e, \u00e0 chegada dos bombeiros, os moradores j\u00e1 estavam do lado de fora, bem como alguns h\u00f3spedes de alojamento local.<\/li>\n<li>Uma pessoa foi encaminhada ao hospital por inala\u00e7\u00e3o de fumo, seguindo pelos seus pr\u00f3prios meios e sem transporte dos bombeiros.<\/li>\n<li>Os residentes foram temporariamente realojados num alojamento local na mesma rua, a cargo da empresa gestora.<\/li>\n<\/ul>\n","protected":false},"author":2,"featured_media":402186,"comment_status":"closed","ping_status":"closed","sticky":false,"template":"","format":"standard","meta":{"footnotes":""},"categories":[1],"tags":[491,1070,3004,150,1438,5413],"class_list":["post-402184","post","type-post","status-publish","format-standard","has-post-thumbnail","hentry","category-noticias","tag-alojamento-local","tag-coimbra","tag-desalojados","tag-habitacao","tag-incendio","tag-realojamentos"],"yoast_head":"<!-- This site is optimized with the Yoast SEO plugin v27.2 - https:\/\/yoast.com\/product\/yoast-seo-wordpress\/ -->\n<title>Oito desalojados ap\u00f3s inc\u00eandio em pr\u00e9dio em Coimbra - Portal Tela Portugal<\/title>\n<meta name=\"robots\" content=\"index, follow, max-snippet:-1, max-image-preview:large, max-video-preview:-1\" \/>\n<meta property=\"og:locale\" content=\"pt_PT\" \/>\n<meta property=\"og:type\" content=\"article\" \/>\n<meta property=\"og:title\" content=\"Oito desalojados ap\u00f3s inc\u00eandio em pr\u00e9dio em Coimbra - Portal Tela Portugal\" \/>\n<meta property=\"og:description\" content=\"Um inc\u00eandio num pr\u00e9dio habitacional em Coimbra deixou oito desalojados neste domingo. O fogo ter\u00e1 atingido a cobertura e as \u00e1guas-furtadas, e a \u00e1gua usada no combate tornou o edif\u00edcio indispon\u00edvel para habitar. O alerta foi dado \u00e0s 4h42, e, \u00e0 chegada dos bombeiros, os moradores j\u00e1 estavam do lado de fora, bem como alguns h\u00f3spedes de alojamento local. Uma pessoa foi encaminhada ao hospital por inala\u00e7\u00e3o de fumo, seguindo pelos seus pr\u00f3prios meios e sem transporte dos bombeiros. Os residentes foram temporariamente realojados num alojamento local na mesma rua, a cargo da empresa gestora.\" \/>\n<meta property=\"og:url\" content=\"https:\/\/portaltela.pt\/noticias\/2026\/03\/08\/oito-desalojados-apos-incendio-em-predio-em-coimbra\/\" \/>\n<meta property=\"og:site_name\" content=\"Portal Tela Portugal\" \/>\n<meta property=\"article:published_time\" content=\"2026-03-08T11:50:24+00:00\" \/>\n<meta name=\"author\" content=\"Telinha\" \/>\n<meta name=\"twitter:card\" content=\"summary_large_image\" \/>\n<meta name=\"twitter:label1\" content=\"Escrito por\" \/>\n\t<meta name=\"twitter:data1\" content=\"Telinha\" \/>\n\t<meta name=\"twitter:label2\" content=\"Tempo estimado de leitura\" \/>\n\t<meta name=\"twitter:data2\" content=\"1 minuto\" \/>\n<script type=\"application\/ld+json\" class=\"yoast-schema-graph\">{\"@context\":\"https:\/\/schema.org\",\"@graph\":[{\"@type\":\"Article\",\"@id\":\"https:\/\/portaltela.pt\/noticias\/2026\/03\/08\/oito-desalojados-apos-incendio-em-predio-em-coimbra\/#article\",\"isPartOf\":{\"@id\":\"https:\/\/portaltela.pt\/noticias\/2026\/03\/08\/oito-desalojados-apos-incendio-em-predio-em-coimbra\/\"},\"author\":{\"name\":\"Telinha\",\"@id\":\"https:\/\/portaltela.pt\/#\/schema\/person\/c4278d4a6028830caff9ee44b42d32ed\"},\"headline\":\"Oito desalojados ap\u00f3s inc\u00eandio em pr\u00e9dio em Coimbra\",\"datePublished\":\"2026-03-08T11:50:24+00:00\",\"mainEntityOfPage\":{\"@id\":\"https:\/\/portaltela.pt\/noticias\/2026\/03\/08\/oito-desalojados-apos-incendio-em-predio-em-coimbra\/\"},\"wordCount\":188,\"image\":{\"@id\":\"https:\/\/portaltela.pt\/noticias\/2026\/03\/08\/oito-desalojados-apos-incendio-em-predio-em-coimbra\/#primaryimage\"},\"thumbnailUrl\":\"https:\/\/portaltela.pt\/s.01k8rhncp4jt1\/2026\/03\/img_1500x1000uu2026-03-08-11-50-02-2271060.jpg\",\"keywords\":[\"alojamento local\",\"Coimbra\",\"desalojados\",\"habita\u00e7\u00e3o\",\"inc\u00eandio\",\"realojamentos\"],\"articleSection\":[\"Not\u00edcias\"],\"inLanguage\":\"pt-PT\"},{\"@type\":\"WebPage\",\"@id\":\"https:\/\/portaltela.pt\/noticias\/2026\/03\/08\/oito-desalojados-apos-incendio-em-predio-em-coimbra\/\",\"url\":\"https:\/\/portaltela.pt\/noticias\/2026\/03\/08\/oito-desalojados-apos-incendio-em-predio-em-coimbra\/\",\"name\":\"Oito desalojados ap\u00f3s inc\u00eandio em pr\u00e9dio em Coimbra - Portal Tela Portugal\",\"isPartOf\":{\"@id\":\"https:\/\/portaltela.pt\/#website\"},\"primaryImageOfPage\":{\"@id\":\"https:\/\/portaltela.pt\/noticias\/2026\/03\/08\/oito-desalojados-apos-incendio-em-predio-em-coimbra\/#primaryimage\"},\"image\":{\"@id\":\"https:\/\/portaltela.pt\/noticias\/2026\/03\/08\/oito-desalojados-apos-incendio-em-predio-em-coimbra\/#primaryimage\"},\"thumbnailUrl\":\"https:\/\/portaltela.pt\/s.01k8rhncp4jt1\/2026\/03\/img_1500x1000uu2026-03-08-11-50-02-2271060.jpg\",\"datePublished\":\"2026-03-08T11:50:24+00:00\",\"author\":{\"@id\":\"https:\/\/portaltela.pt\/#\/schema\/person\/c4278d4a6028830caff9ee44b42d32ed\"},\"breadcrumb\":{\"@id\":\"https:\/\/portaltela.pt\/noticias\/2026\/03\/08\/oito-desalojados-apos-incendio-em-predio-em-coimbra\/#breadcrumb\"},\"inLanguage\":\"pt-PT\",\"potentialAction\":[{\"@type\":\"ReadAction\",\"target\":[\"https:\/\/portaltela.pt\/noticias\/2026\/03\/08\/oito-desalojados-apos-incendio-em-predio-em-coimbra\/\"]}]},{\"@type\":\"ImageObject\",\"inLanguage\":\"pt-PT\",\"@id\":\"https:\/\/portaltela.pt\/noticias\/2026\/03\/08\/oito-desalojados-apos-incendio-em-predio-em-coimbra\/#primaryimage\",\"url\":\"https:\/\/portaltela.pt\/s.01k8rhncp4jt1\/2026\/03\/img_1500x1000uu2026-03-08-11-50-02-2271060.jpg\",\"contentUrl\":\"https:\/\/portaltela.pt\/s.01k8rhncp4jt1\/2026\/03\/img_1500x1000uu2026-03-08-11-50-02-2271060.jpg\",\"width\":796,\"height\":448,\"caption\":\"Oito desalojados ap\u00f3s inc\u00eandio em pr\u00e9dio em Coimbra\"},{\"@type\":\"BreadcrumbList\",\"@id\":\"https:\/\/portaltela.pt\/noticias\/2026\/03\/08\/oito-desalojados-apos-incendio-em-predio-em-coimbra\/#breadcrumb\",\"itemListElement\":[{\"@type\":\"ListItem\",\"position\":1,\"name\":\"In\u00edcio\",\"item\":\"https:\/\/portaltela.pt\/\"},{\"@type\":\"ListItem\",\"position\":2,\"name\":\"Oito desalojados ap\u00f3s inc\u00eandio em pr\u00e9dio em Coimbra\"}]},{\"@type\":\"WebSite\",\"@id\":\"https:\/\/portaltela.pt\/#website\",\"url\":\"https:\/\/portaltela.pt\/\",\"name\":\"Portal Tela Portugal\",\"description\":\"\",\"potentialAction\":[{\"@type\":\"SearchAction\",\"target\":{\"@type\":\"EntryPoint\",\"urlTemplate\":\"https:\/\/portaltela.pt\/?s={search_term_string}\"},\"query-input\":{\"@type\":\"PropertyValueSpecification\",\"valueRequired\":true,\"valueName\":\"search_term_string\"}}],\"inLanguage\":\"pt-PT\"},{\"@type\":\"Person\",\"@id\":\"https:\/\/portaltela.pt\/#\/schema\/person\/c4278d4a6028830caff9ee44b42d32ed\",\"name\":\"Telinha\",\"image\":{\"@type\":\"ImageObject\",\"inLanguage\":\"pt-PT\",\"@id\":\"https:\/\/portaltela.pt\/s.01k8rhncp4jt1\/2025\/11\/talking-bot-125x125.png\",\"url\":\"https:\/\/portaltela.pt\/s.01k8rhncp4jt1\/2025\/11\/talking-bot-125x125.png\",\"contentUrl\":\"https:\/\/portaltela.pt\/s.01k8rhncp4jt1\/2025\/11\/talking-bot-125x125.png\",\"caption\":\"Telinha\"},\"sameAs\":[\"https:\/\/portaltela.pt\/\"],\"url\":\"https:\/\/portaltela.pt\/por\/367410592786\/\"}]}<\/script>\n<!-- \/ Yoast SEO plugin. -->","yoast_head_json":{"title":"Oito desalojados ap\u00f3s inc\u00eandio em pr\u00e9dio em Coimbra - Portal Tela Portugal","robots":{"index":"index","follow":"follow","max-snippet":"max-snippet:-1","max-image-preview":"max-image-preview:large","max-video-preview":"max-video-preview:-1"},"og_locale":"pt_PT","og_type":"article","og_title":"Oito desalojados ap\u00f3s inc\u00eandio em pr\u00e9dio em Coimbra - Portal Tela Portugal","og_description":"Um inc\u00eandio num pr\u00e9dio habitacional em Coimbra deixou oito desalojados neste domingo. O fogo ter\u00e1 atingido a cobertura e as \u00e1guas-furtadas, e a \u00e1gua usada no combate tornou o edif\u00edcio indispon\u00edvel para habitar. O alerta foi dado \u00e0s 4h42, e, \u00e0 chegada dos bombeiros, os moradores j\u00e1 estavam do lado de fora, bem como alguns h\u00f3spedes de alojamento local. Uma pessoa foi encaminhada ao hospital por inala\u00e7\u00e3o de fumo, seguindo pelos seus pr\u00f3prios meios e sem transporte dos bombeiros. Os residentes foram temporariamente realojados num alojamento local na mesma rua, a cargo da empresa gestora.","og_url":"https:\/\/portaltela.pt\/noticias\/2026\/03\/08\/oito-desalojados-apos-incendio-em-predio-em-coimbra\/","og_site_name":"Portal Tela Portugal","article_published_time":"2026-03-08T11:50:24+00:00","author":"Telinha","twitter_card":"summary_large_image","twitter_misc":{"Escrito por":"Telinha","Tempo estimado de leitura":"1 minuto"},"schema":{"@context":"https:\/\/schema.org","@graph":[{"@type":"Article","@id":"https:\/\/portaltela.pt\/noticias\/2026\/03\/08\/oito-desalojados-apos-incendio-em-predio-em-coimbra\/#article","isPartOf":{"@id":"https:\/\/portaltela.pt\/noticias\/2026\/03\/08\/oito-desalojados-apos-incendio-em-predio-em-coimbra\/"},"author":{"name":"Telinha","@id":"https:\/\/portaltela.pt\/#\/schema\/person\/c4278d4a6028830caff9ee44b42d32ed"},"headline":"Oito desalojados ap\u00f3s inc\u00eandio em pr\u00e9dio em Coimbra","datePublished":"2026-03-08T11:50:24+00:00","mainEntityOfPage":{"@id":"https:\/\/portaltela.pt\/noticias\/2026\/03\/08\/oito-desalojados-apos-incendio-em-predio-em-coimbra\/"},"wordCount":188,"image":{"@id":"https:\/\/portaltela.pt\/noticias\/2026\/03\/08\/oito-desalojados-apos-incendio-em-predio-em-coimbra\/#primaryimage"},"thumbnailUrl":"https:\/\/portaltela.pt\/s.01k8rhncp4jt1\/2026\/03\/img_1500x1000uu2026-03-08-11-50-02-2271060.jpg","keywords":["alojamento local","Coimbra","desalojados","habita\u00e7\u00e3o","inc\u00eandio","realojamentos"],"articleSection":["Not\u00edcias"],"inLanguage":"pt-PT"},{"@type":"WebPage","@id":"https:\/\/portaltela.pt\/noticias\/2026\/03\/08\/oito-desalojados-apos-incendio-em-predio-em-coimbra\/","url":"https:\/\/portaltela.pt\/noticias\/2026\/03\/08\/oito-desalojados-apos-incendio-em-predio-em-coimbra\/","name":"Oito desalojados ap\u00f3s inc\u00eandio em pr\u00e9dio em Coimbra - Portal Tela Portugal","isPartOf":{"@id":"https:\/\/portaltela.pt\/#website"},"primaryImageOfPage":{"@id":"https:\/\/portaltela.pt\/noticias\/2026\/03\/08\/oito-desalojados-apos-incendio-em-predio-em-coimbra\/#primaryimage"},"image":{"@id":"https:\/\/portaltela.pt\/noticias\/2026\/03\/08\/oito-desalojados-apos-incendio-em-predio-em-coimbra\/#primaryimage"},"thumbnailUrl":"https:\/\/portaltela.pt\/s.01k8rhncp4jt1\/2026\/03\/img_1500x1000uu2026-03-08-11-50-02-2271060.jpg","datePublished":"2026-03-08T11:50:24+00:00","author":{"@id":"https:\/\/portaltela.pt\/#\/schema\/person\/c4278d4a6028830caff9ee44b42d32ed"},"breadcrumb":{"@id":"https:\/\/portaltela.pt\/noticias\/2026\/03\/08\/oito-desalojados-apos-incendio-em-predio-em-coimbra\/#breadcrumb"},"inLanguage":"pt-PT","potentialAction":[{"@type":"ReadAction","target":["https:\/\/portaltela.pt\/noticias\/2026\/03\/08\/oito-desalojados-apos-incendio-em-predio-em-coimbra\/"]}]},{"@type":"ImageObject","inLanguage":"pt-PT","@id":"https:\/\/portaltela.pt\/noticias\/2026\/03\/08\/oito-desalojados-apos-incendio-em-predio-em-coimbra\/#primaryimage","url":"https:\/\/portaltela.pt\/s.01k8rhncp4jt1\/2026\/03\/img_1500x1000uu2026-03-08-11-50-02-2271060.jpg","contentUrl":"https:\/\/portaltela.pt\/s.01k8rhncp4jt1\/2026\/03\/img_1500x1000uu2026-03-08-11-50-02-2271060.jpg","width":796,"height":448,"caption":"Oito desalojados ap\u00f3s inc\u00eandio em pr\u00e9dio em Coimbra"},{"@type":"BreadcrumbList","@id":"https:\/\/portaltela.pt\/noticias\/2026\/03\/08\/oito-desalojados-apos-incendio-em-predio-em-coimbra\/#breadcrumb","itemListElement":[{"@type":"ListItem","position":1,"name":"In\u00edcio","item":"https:\/\/portaltela.pt\/"},{"@type":"ListItem","position":2,"name":"Oito desalojados ap\u00f3s inc\u00eandio em pr\u00e9dio em Coimbra"}]},{"@type":"WebSite","@id":"https:\/\/portaltela.pt\/#website","url":"https:\/\/portaltela.pt\/","name":"Portal Tela Portugal","description":"","potentialAction":[{"@type":"SearchAction","target":{"@type":"EntryPoint","urlTemplate":"https:\/\/portaltela.pt\/?s={search_term_string}"},"query-input":{"@type":"PropertyValueSpecification","valueRequired":true,"valueName":"search_term_string"}}],"inLanguage":"pt-PT"},{"@type":"Person","@id":"https:\/\/portaltela.pt\/#\/schema\/person\/c4278d4a6028830caff9ee44b42d32ed","name":"Telinha","image":{"@type":"ImageObject","inLanguage":"pt-PT","@id":"https:\/\/portaltela.pt\/s.01k8rhncp4jt1\/2025\/11\/talking-bot-125x125.png","url":"https:\/\/portaltela.pt\/s.01k8rhncp4jt1\/2025\/11\/talking-bot-125x125.png","contentUrl":"https:\/\/portaltela.pt\/s.01k8rhncp4jt1\/2025\/11\/talking-bot-125x125.png","caption":"Telinha"},"sameAs":["https:\/\/portaltela.pt\/"],"url":"https:\/\/portaltela.pt\/por\/367410592786\/"}]}},"_links":{"self":[{"href":"https:\/\/portaltela.pt\/api\/wp\/v2\/posts\/402184","targetHints":{"allow":["GET"]}}],"collection":[{"href":"https:\/\/portaltela.pt\/api\/wp\/v2\/posts"}],"about":[{"href":"https:\/\/portaltela.pt\/api\/wp\/v2\/types\/post"}],"author":[{"embeddable":true,"href":"https:\/\/portaltela.pt\/api\/wp\/v2\/users\/2"}],"replies":[{"embeddable":true,"href":"https:\/\/portaltela.pt\/api\/wp\/v2\/comments?post=402184"}],"version-history":[{"count":0,"href":"https:\/\/portaltela.pt\/api\/wp\/v2\/posts\/402184\/revisions"}],"wp:featuredmedia":[{"embeddable":true,"href":"https:\/\/portaltela.pt\/api\/wp\/v2\/media\/402186"}],"wp:attachment":[{"href":"https:\/\/portaltela.pt\/api\/wp\/v2\/media?parent=402184"}],"wp:term":[{"taxonomy":"category","embeddable":true,"href":"https:\/\/portaltela.pt\/api\/wp\/v2\/categories?post=402184"},{"taxonomy":"post_tag","embeddable":true,"href":"https:\/\/portaltela.pt\/api\/wp\/v2\/tags?post=402184"}],"curies":[{"name":"wp","href":"https:\/\/api.w.org\/{rel}","templated":true}]}}