{"id":402181,"date":"2026-03-08T08:49:31","date_gmt":"2026-03-08T11:49:31","guid":{"rendered":"https:\/\/portaltela.pt\/noticias\/2026\/03\/08\/daniel-bauer-despedido-pelo-wolfsburgo\/"},"modified":"2026-03-08T08:49:31","modified_gmt":"2026-03-08T11:49:31","slug":"daniel-bauer-despedido-pelo-wolfsburgo","status":"publish","type":"post","link":"https:\/\/portaltela.pt\/desporto\/futebol\/2026\/03\/08\/daniel-bauer-despedido-pelo-wolfsburgo\/","title":{"rendered":"Daniel Bauer despedido pelo Wolfsburgo"},"content":{"rendered":"<p>O Wolfsburgo anunciou a sa\u00edda de Daniel Bauer, com efeitos imediatos, ap\u00f3s mau rendimiento na Bundesliga. O clube confirma a sua demiss\u00e3o este domingo, 43 anos, que integrava a equipa t\u00e9cnica desde 22 de novembro, sucedendo ao despedimento de Paul Simonis.<\/p>\n<p>Bauer assumiu o comando ap\u00f3s a sa\u00edda do treinador holand\u00eas e viu o clube perder recentemente frente ao Hamburgo, por 1-2, em casa. O afastamento ocorre numa sequ\u00eancia de resultados negativos na \u00e9poca.<\/p>\n<h3>Contexto atual do Wolfsburgo<\/h3>\n<p>O clube vem de uma s\u00e9rie de seis derrotas e dois empates na liga desde 14 de janeiro. Atualmente \u00e9 17.\u00ba classificado, pen\u00faltimo, a tr\u00eas pontos do St. Pauli, primeira equipa fora da zona de despromo\u00e7\u00e3o.<\/p>\n<h3>Hist\u00f3rico e pr\u00f3ximos passos<\/h3>\n<p>O Wolfsburgo est\u00e1 a completar a 29.\u00aa temporada consecutiva na Bundesliga e j\u00e1 foi campe\u00e3o na temporada 2008\/09. O clube dever\u00e1 anunciar o seu novo treinador em breve.<\/p>\n","protected":false},"excerpt":{"rendered":"<ul>\n<li>O VfL Wolfsburgo separou-se do treinador Daniel Bauer, de 43 anos, com efeitos imediatos hoje de manh\u00e3.<\/li>\n<li>Bauer era adjunto e assumiu o cargo a 22 de novembro, ap\u00f3s o despedimento de Paul Simonis.<\/li>\n<li>A sa\u00edda ocorre na sequ\u00eancia de novo desaire no campeonato no s\u00e1bado, em casa, com o Hamburgo (1-2).<\/li>\n<li>O Wolfsburgo \u00e9 17.\u00ba classificado e est\u00e1 a tr\u00eas pontos do St. Pauli, a primeira equipa fora dos lugares de perigo.<\/li>\n<li>A equipa n\u00e3o vence desde 14 de janeiro, com seis derrotas e dois empates na liga desde ent\u00e3o.<\/li>\n<\/ul>\n","protected":false},"author":2,"featured_media":402183,"comment_status":"closed","ping_status":"closed","sticky":false,"template":"","format":"standard","meta":{"footnotes":""},"categories":[21,24],"tags":[1603,2482,948,152,32,2477],"class_list":["post-402181","post","type-post","status-publish","format-standard","has-post-thumbnail","hentry","category-desporto","category-futebol","tag-alemanha","tag-despacho","tag-despedimento","tag-desporto","tag-futebol","tag-treinadores"],"yoast_head":"<!-- This site is optimized with the Yoast SEO plugin v27.2 - https:\/\/yoast.com\/product\/yoast-seo-wordpress\/ -->\n<title>Daniel Bauer despedido pelo Wolfsburgo - Portal Tela Portugal<\/title>\n<meta name=\"robots\" content=\"index, follow, max-snippet:-1, max-image-preview:large, max-video-preview:-1\" \/>\n<meta property=\"og:locale\" content=\"pt_PT\" \/>\n<meta property=\"og:type\" content=\"article\" \/>\n<meta property=\"og:title\" content=\"Daniel Bauer despedido pelo Wolfsburgo - Portal Tela Portugal\" \/>\n<meta property=\"og:description\" content=\"O VfL Wolfsburgo separou-se do treinador Daniel Bauer, de 43 anos, com efeitos imediatos hoje de manh\u00e3. Bauer era adjunto e assumiu o cargo a 22 de novembro, ap\u00f3s o despedimento de Paul Simonis. A sa\u00edda ocorre na sequ\u00eancia de novo desaire no campeonato no s\u00e1bado, em casa, com o Hamburgo (1-2). O Wolfsburgo \u00e9 17.\u00ba classificado e est\u00e1 a tr\u00eas pontos do St. Pauli, a primeira equipa fora dos lugares de perigo. A equipa n\u00e3o vence desde 14 de janeiro, com seis derrotas e dois empates na liga desde ent\u00e3o.\" \/>\n<meta property=\"og:url\" content=\"https:\/\/portaltela.pt\/noticias\/2026\/03\/08\/daniel-bauer-despedido-pelo-wolfsburgo\/\" \/>\n<meta property=\"og:site_name\" content=\"Portal Tela Portugal\" \/>\n<meta property=\"article:published_time\" content=\"2026-03-08T11:49:31+00:00\" \/>\n<meta name=\"author\" content=\"Telinha\" \/>\n<meta name=\"twitter:card\" content=\"summary_large_image\" \/>\n<meta name=\"twitter:label1\" content=\"Escrito por\" \/>\n\t<meta name=\"twitter:data1\" content=\"Telinha\" \/>\n\t<meta name=\"twitter:label2\" content=\"Tempo estimado de leitura\" \/>\n\t<meta name=\"twitter:data2\" content=\"1 minuto\" \/>\n<script type=\"application\/ld+json\" class=\"yoast-schema-graph\">{\"@context\":\"https:\/\/schema.org\",\"@graph\":[{\"@type\":\"Article\",\"@id\":\"https:\/\/portaltela.pt\/noticias\/2026\/03\/08\/daniel-bauer-despedido-pelo-wolfsburgo\/#article\",\"isPartOf\":{\"@id\":\"https:\/\/portaltela.pt\/noticias\/2026\/03\/08\/daniel-bauer-despedido-pelo-wolfsburgo\/\"},\"author\":{\"name\":\"Telinha\",\"@id\":\"https:\/\/portaltela.pt\/#\/schema\/person\/c4278d4a6028830caff9ee44b42d32ed\"},\"headline\":\"Daniel Bauer despedido pelo Wolfsburgo\",\"datePublished\":\"2026-03-08T11:49:31+00:00\",\"mainEntityOfPage\":{\"@id\":\"https:\/\/portaltela.pt\/noticias\/2026\/03\/08\/daniel-bauer-despedido-pelo-wolfsburgo\/\"},\"wordCount\":159,\"image\":{\"@id\":\"https:\/\/portaltela.pt\/noticias\/2026\/03\/08\/daniel-bauer-despedido-pelo-wolfsburgo\/#primaryimage\"},\"thumbnailUrl\":\"https:\/\/portaltela.pt\/s.01k8rhncp4jt1\/2026\/03\/img_920x518uu2026-03-08-11-46-55-2425616-im-639085672267134528.jpg\",\"keywords\":[\"Alemanha\",\"despacho\",\"despedimento\",\"desporto\",\"futebol\",\"treinadores\"],\"articleSection\":[\"Desporto\",\"Futebol\"],\"inLanguage\":\"pt-PT\"},{\"@type\":\"WebPage\",\"@id\":\"https:\/\/portaltela.pt\/noticias\/2026\/03\/08\/daniel-bauer-despedido-pelo-wolfsburgo\/\",\"url\":\"https:\/\/portaltela.pt\/noticias\/2026\/03\/08\/daniel-bauer-despedido-pelo-wolfsburgo\/\",\"name\":\"Daniel Bauer despedido pelo Wolfsburgo - Portal Tela Portugal\",\"isPartOf\":{\"@id\":\"https:\/\/portaltela.pt\/#website\"},\"primaryImageOfPage\":{\"@id\":\"https:\/\/portaltela.pt\/noticias\/2026\/03\/08\/daniel-bauer-despedido-pelo-wolfsburgo\/#primaryimage\"},\"image\":{\"@id\":\"https:\/\/portaltela.pt\/noticias\/2026\/03\/08\/daniel-bauer-despedido-pelo-wolfsburgo\/#primaryimage\"},\"thumbnailUrl\":\"https:\/\/portaltela.pt\/s.01k8rhncp4jt1\/2026\/03\/img_920x518uu2026-03-08-11-46-55-2425616-im-639085672267134528.jpg\",\"datePublished\":\"2026-03-08T11:49:31+00:00\",\"author\":{\"@id\":\"https:\/\/portaltela.pt\/#\/schema\/person\/c4278d4a6028830caff9ee44b42d32ed\"},\"breadcrumb\":{\"@id\":\"https:\/\/portaltela.pt\/noticias\/2026\/03\/08\/daniel-bauer-despedido-pelo-wolfsburgo\/#breadcrumb\"},\"inLanguage\":\"pt-PT\",\"potentialAction\":[{\"@type\":\"ReadAction\",\"target\":[\"https:\/\/portaltela.pt\/noticias\/2026\/03\/08\/daniel-bauer-despedido-pelo-wolfsburgo\/\"]}]},{\"@type\":\"ImageObject\",\"inLanguage\":\"pt-PT\",\"@id\":\"https:\/\/portaltela.pt\/noticias\/2026\/03\/08\/daniel-bauer-despedido-pelo-wolfsburgo\/#primaryimage\",\"url\":\"https:\/\/portaltela.pt\/s.01k8rhncp4jt1\/2026\/03\/img_920x518uu2026-03-08-11-46-55-2425616-im-639085672267134528.jpg\",\"contentUrl\":\"https:\/\/portaltela.pt\/s.01k8rhncp4jt1\/2026\/03\/img_920x518uu2026-03-08-11-46-55-2425616-im-639085672267134528.jpg\",\"width\":796,\"height\":448,\"caption\":\"Daniel Bauer\"},{\"@type\":\"BreadcrumbList\",\"@id\":\"https:\/\/portaltela.pt\/noticias\/2026\/03\/08\/daniel-bauer-despedido-pelo-wolfsburgo\/#breadcrumb\",\"itemListElement\":[{\"@type\":\"ListItem\",\"position\":1,\"name\":\"In\u00edcio\",\"item\":\"https:\/\/portaltela.pt\/\"},{\"@type\":\"ListItem\",\"position\":2,\"name\":\"Daniel Bauer despedido pelo Wolfsburgo\"}]},{\"@type\":\"WebSite\",\"@id\":\"https:\/\/portaltela.pt\/#website\",\"url\":\"https:\/\/portaltela.pt\/\",\"name\":\"Portal Tela Portugal\",\"description\":\"\",\"potentialAction\":[{\"@type\":\"SearchAction\",\"target\":{\"@type\":\"EntryPoint\",\"urlTemplate\":\"https:\/\/portaltela.pt\/?s={search_term_string}\"},\"query-input\":{\"@type\":\"PropertyValueSpecification\",\"valueRequired\":true,\"valueName\":\"search_term_string\"}}],\"inLanguage\":\"pt-PT\"},{\"@type\":\"Person\",\"@id\":\"https:\/\/portaltela.pt\/#\/schema\/person\/c4278d4a6028830caff9ee44b42d32ed\",\"name\":\"Telinha\",\"image\":{\"@type\":\"ImageObject\",\"inLanguage\":\"pt-PT\",\"@id\":\"https:\/\/portaltela.pt\/s.01k8rhncp4jt1\/2025\/11\/talking-bot-125x125.png\",\"url\":\"https:\/\/portaltela.pt\/s.01k8rhncp4jt1\/2025\/11\/talking-bot-125x125.png\",\"contentUrl\":\"https:\/\/portaltela.pt\/s.01k8rhncp4jt1\/2025\/11\/talking-bot-125x125.png\",\"caption\":\"Telinha\"},\"sameAs\":[\"https:\/\/portaltela.pt\/\"],\"url\":\"https:\/\/portaltela.pt\/por\/367410592786\/\"}]}<\/script>\n<!-- \/ Yoast SEO plugin. -->","yoast_head_json":{"title":"Daniel Bauer despedido pelo Wolfsburgo - Portal Tela Portugal","robots":{"index":"index","follow":"follow","max-snippet":"max-snippet:-1","max-image-preview":"max-image-preview:large","max-video-preview":"max-video-preview:-1"},"og_locale":"pt_PT","og_type":"article","og_title":"Daniel Bauer despedido pelo Wolfsburgo - Portal Tela Portugal","og_description":"O VfL Wolfsburgo separou-se do treinador Daniel Bauer, de 43 anos, com efeitos imediatos hoje de manh\u00e3. Bauer era adjunto e assumiu o cargo a 22 de novembro, ap\u00f3s o despedimento de Paul Simonis. A sa\u00edda ocorre na sequ\u00eancia de novo desaire no campeonato no s\u00e1bado, em casa, com o Hamburgo (1-2). O Wolfsburgo \u00e9 17.\u00ba classificado e est\u00e1 a tr\u00eas pontos do St. Pauli, a primeira equipa fora dos lugares de perigo. A equipa n\u00e3o vence desde 14 de janeiro, com seis derrotas e dois empates na liga desde ent\u00e3o.","og_url":"https:\/\/portaltela.pt\/noticias\/2026\/03\/08\/daniel-bauer-despedido-pelo-wolfsburgo\/","og_site_name":"Portal Tela Portugal","article_published_time":"2026-03-08T11:49:31+00:00","author":"Telinha","twitter_card":"summary_large_image","twitter_misc":{"Escrito por":"Telinha","Tempo estimado de leitura":"1 minuto"},"schema":{"@context":"https:\/\/schema.org","@graph":[{"@type":"Article","@id":"https:\/\/portaltela.pt\/noticias\/2026\/03\/08\/daniel-bauer-despedido-pelo-wolfsburgo\/#article","isPartOf":{"@id":"https:\/\/portaltela.pt\/noticias\/2026\/03\/08\/daniel-bauer-despedido-pelo-wolfsburgo\/"},"author":{"name":"Telinha","@id":"https:\/\/portaltela.pt\/#\/schema\/person\/c4278d4a6028830caff9ee44b42d32ed"},"headline":"Daniel Bauer despedido pelo Wolfsburgo","datePublished":"2026-03-08T11:49:31+00:00","mainEntityOfPage":{"@id":"https:\/\/portaltela.pt\/noticias\/2026\/03\/08\/daniel-bauer-despedido-pelo-wolfsburgo\/"},"wordCount":159,"image":{"@id":"https:\/\/portaltela.pt\/noticias\/2026\/03\/08\/daniel-bauer-despedido-pelo-wolfsburgo\/#primaryimage"},"thumbnailUrl":"https:\/\/portaltela.pt\/s.01k8rhncp4jt1\/2026\/03\/img_920x518uu2026-03-08-11-46-55-2425616-im-639085672267134528.jpg","keywords":["Alemanha","despacho","despedimento","desporto","futebol","treinadores"],"articleSection":["Desporto","Futebol"],"inLanguage":"pt-PT"},{"@type":"WebPage","@id":"https:\/\/portaltela.pt\/noticias\/2026\/03\/08\/daniel-bauer-despedido-pelo-wolfsburgo\/","url":"https:\/\/portaltela.pt\/noticias\/2026\/03\/08\/daniel-bauer-despedido-pelo-wolfsburgo\/","name":"Daniel Bauer despedido pelo Wolfsburgo - Portal Tela Portugal","isPartOf":{"@id":"https:\/\/portaltela.pt\/#website"},"primaryImageOfPage":{"@id":"https:\/\/portaltela.pt\/noticias\/2026\/03\/08\/daniel-bauer-despedido-pelo-wolfsburgo\/#primaryimage"},"image":{"@id":"https:\/\/portaltela.pt\/noticias\/2026\/03\/08\/daniel-bauer-despedido-pelo-wolfsburgo\/#primaryimage"},"thumbnailUrl":"https:\/\/portaltela.pt\/s.01k8rhncp4jt1\/2026\/03\/img_920x518uu2026-03-08-11-46-55-2425616-im-639085672267134528.jpg","datePublished":"2026-03-08T11:49:31+00:00","author":{"@id":"https:\/\/portaltela.pt\/#\/schema\/person\/c4278d4a6028830caff9ee44b42d32ed"},"breadcrumb":{"@id":"https:\/\/portaltela.pt\/noticias\/2026\/03\/08\/daniel-bauer-despedido-pelo-wolfsburgo\/#breadcrumb"},"inLanguage":"pt-PT","potentialAction":[{"@type":"ReadAction","target":["https:\/\/portaltela.pt\/noticias\/2026\/03\/08\/daniel-bauer-despedido-pelo-wolfsburgo\/"]}]},{"@type":"ImageObject","inLanguage":"pt-PT","@id":"https:\/\/portaltela.pt\/noticias\/2026\/03\/08\/daniel-bauer-despedido-pelo-wolfsburgo\/#primaryimage","url":"https:\/\/portaltela.pt\/s.01k8rhncp4jt1\/2026\/03\/img_920x518uu2026-03-08-11-46-55-2425616-im-639085672267134528.jpg","contentUrl":"https:\/\/portaltela.pt\/s.01k8rhncp4jt1\/2026\/03\/img_920x518uu2026-03-08-11-46-55-2425616-im-639085672267134528.jpg","width":796,"height":448,"caption":"Daniel Bauer"},{"@type":"BreadcrumbList","@id":"https:\/\/portaltela.pt\/noticias\/2026\/03\/08\/daniel-bauer-despedido-pelo-wolfsburgo\/#breadcrumb","itemListElement":[{"@type":"ListItem","position":1,"name":"In\u00edcio","item":"https:\/\/portaltela.pt\/"},{"@type":"ListItem","position":2,"name":"Daniel Bauer despedido pelo Wolfsburgo"}]},{"@type":"WebSite","@id":"https:\/\/portaltela.pt\/#website","url":"https:\/\/portaltela.pt\/","name":"Portal Tela Portugal","description":"","potentialAction":[{"@type":"SearchAction","target":{"@type":"EntryPoint","urlTemplate":"https:\/\/portaltela.pt\/?s={search_term_string}"},"query-input":{"@type":"PropertyValueSpecification","valueRequired":true,"valueName":"search_term_string"}}],"inLanguage":"pt-PT"},{"@type":"Person","@id":"https:\/\/portaltela.pt\/#\/schema\/person\/c4278d4a6028830caff9ee44b42d32ed","name":"Telinha","image":{"@type":"ImageObject","inLanguage":"pt-PT","@id":"https:\/\/portaltela.pt\/s.01k8rhncp4jt1\/2025\/11\/talking-bot-125x125.png","url":"https:\/\/portaltela.pt\/s.01k8rhncp4jt1\/2025\/11\/talking-bot-125x125.png","contentUrl":"https:\/\/portaltela.pt\/s.01k8rhncp4jt1\/2025\/11\/talking-bot-125x125.png","caption":"Telinha"},"sameAs":["https:\/\/portaltela.pt\/"],"url":"https:\/\/portaltela.pt\/por\/367410592786\/"}]}},"_links":{"self":[{"href":"https:\/\/portaltela.pt\/api\/wp\/v2\/posts\/402181","targetHints":{"allow":["GET"]}}],"collection":[{"href":"https:\/\/portaltela.pt\/api\/wp\/v2\/posts"}],"about":[{"href":"https:\/\/portaltela.pt\/api\/wp\/v2\/types\/post"}],"author":[{"embeddable":true,"href":"https:\/\/portaltela.pt\/api\/wp\/v2\/users\/2"}],"replies":[{"embeddable":true,"href":"https:\/\/portaltela.pt\/api\/wp\/v2\/comments?post=402181"}],"version-history":[{"count":0,"href":"https:\/\/portaltela.pt\/api\/wp\/v2\/posts\/402181\/revisions"}],"wp:featuredmedia":[{"embeddable":true,"href":"https:\/\/portaltela.pt\/api\/wp\/v2\/media\/402183"}],"wp:attachment":[{"href":"https:\/\/portaltela.pt\/api\/wp\/v2\/media?parent=402181"}],"wp:term":[{"taxonomy":"category","embeddable":true,"href":"https:\/\/portaltela.pt\/api\/wp\/v2\/categories?post=402181"},{"taxonomy":"post_tag","embeddable":true,"href":"https:\/\/portaltela.pt\/api\/wp\/v2\/tags?post=402181"}],"curies":[{"name":"wp","href":"https:\/\/api.w.org\/{rel}","templated":true}]}}