{"id":402171,"date":"2026-03-08T08:44:14","date_gmt":"2026-03-08T11:44:14","guid":{"rendered":"https:\/\/portaltela.pt\/noticias\/2026\/03\/08\/vitinha-e-sergio-conceicao-quando-cedeu-no-fc-porto\/"},"modified":"2026-03-08T08:44:14","modified_gmt":"2026-03-08T11:44:14","slug":"vitinha-e-sergio-conceicao-quando-cedeu-no-fc-porto","status":"publish","type":"post","link":"https:\/\/portaltela.pt\/desporto\/futebol\/2026\/03\/08\/vitinha-e-sergio-conceicao-quando-cedeu-no-fc-porto\/","title":{"rendered":"Vitinha e S\u00e9rgio Concei\u00e7\u00e3o: quando cedeu no FC Porto"},"content":{"rendered":"<p>Vitinha, jogador internacional portugu\u00eas atualmente ao servi\u00e7o do Paris Saint-Germain, concedeu uma entrevista ao Canal 11, emitida no programa Soltinhos pelo Mundo. O ganho de notoriedade no FC Porto \u00e9 o tema central, com o atleta a recordar a \u00e9poca de afirma\u00e7\u00e3o no clube e as dificuldades em assegurar a titularidade.<\/p>\n<p>Na conversa, o jovem m\u00e9dios foi questionado sobre a rela\u00e7\u00e3o com S\u00e9rgio Concei\u00e7\u00e3o, ent\u00e3o treinador do FC Porto. Vitinha mostrou equil\u00edbrio ao explicar os momentos de conten\u00e7\u00e3o e adapta\u00e7\u00e3o necess\u00e1rios para firmar o seu lugar na equipa. A entrevista aborda ainda o percurso at\u00e9 ao topo do futebol portugu\u00eas.<\/p>\n<p>O depoimento insere-se numa an\u00e1lise mais ampla da carreira de Vitinha, que j\u00e1 transferiu o seu talento para o PSG. Segundo o relato, o jogador enfatiza que o passo pelo Porto foi decisivo para o seu desenvolvimento, antes de avan\u00e7ar para outros patamares no futebol europeu.<\/p>\n<h3>Contexto e desdobramentos<\/h3>\n<p>O apresentador do programa questionou a evolu\u00e7\u00e3o de Vitinha em contexto internacional, incluindo o impacto da passagem pelo FC Porto na sua adapta\u00e7\u00e3o ao n\u00edvel de competi\u00e7\u00e3o e exig\u00eancia f\u00edsica. A entrevista refor\u00e7a a liga\u00e7\u00e3o entre as decis\u00f5es institucionais do clube e o crescimento do atleta.<\/p>\n<p>Ao longo do di\u00e1logo, Vitinha desmistifica receios de continuidade ou de mudan\u00e7a de ambiente, mantendo o foco na progress\u00e3o profissional. A produ\u00e7\u00e3o do Canal 11 disponibiliza o conte\u00fado em formato de v\u00eddeo para consulta adicional.<\/p>\n","protected":false},"excerpt":{"rendered":"<ul>\n<li>Vitinha, selecion\u00e1vel portugu\u00eas a jogar pelo Paris Saint\u2011Germain, recorda a fase de afirma\u00e7\u00e3o no FC Porto e as dificuldades para segurar a titularidade.<\/li>\n<li>Na entrevista, comenta a rela\u00e7\u00e3o com o treinador S\u00e9rgio Concei\u00e7\u00e3o, dizendo ter \u201cdeixado o bra\u00e7o a torcer\u201d.<\/li>\n<li>A conversa foi dada ao Canal 11, no programa Soltinhos pelo Mundo.<\/li>\n<li>Diz que n\u00e3o consideraria mudar para o Real Madrid, classificando como est\u00fapido sair do FC Porto.<\/li>\n<li>A reportagem faz parte da cobertura da carreira de Vitinha, conforme a imprensa desportiva portuguesa.<\/li>\n<\/ul>\n","protected":false},"author":2,"featured_media":402174,"comment_status":"closed","ping_status":"closed","sticky":false,"template":"","format":"standard","meta":{"footnotes":""},"categories":[21,24],"tags":[2028,32,1982,982,5549,2752],"class_list":["post-402171","post","type-post","status-publish","format-standard","has-post-thumbnail","hentry","category-desporto","category-futebol","tag-fc-porto","tag-futebol","tag-paris-saint-germain","tag-porto","tag-sergio-conceicao","tag-vitinha"],"yoast_head":"<!-- This site is optimized with the Yoast SEO plugin v27.2 - https:\/\/yoast.com\/product\/yoast-seo-wordpress\/ -->\n<title>Vitinha e S\u00e9rgio Concei\u00e7\u00e3o: quando cedeu no FC Porto - Portal Tela Portugal<\/title>\n<meta name=\"robots\" content=\"index, follow, max-snippet:-1, max-image-preview:large, max-video-preview:-1\" \/>\n<meta property=\"og:locale\" content=\"pt_PT\" \/>\n<meta property=\"og:type\" content=\"article\" \/>\n<meta property=\"og:title\" content=\"Vitinha e S\u00e9rgio Concei\u00e7\u00e3o: quando cedeu no FC Porto - Portal Tela Portugal\" \/>\n<meta property=\"og:description\" content=\"Vitinha, selecion\u00e1vel portugu\u00eas a jogar pelo Paris Saint\u2011Germain, recorda a fase de afirma\u00e7\u00e3o no FC Porto e as dificuldades para segurar a titularidade. Na entrevista, comenta a rela\u00e7\u00e3o com o treinador S\u00e9rgio Concei\u00e7\u00e3o, dizendo ter \u201cdeixado o bra\u00e7o a torcer\u201d. A conversa foi dada ao Canal 11, no programa Soltinhos pelo Mundo. Diz que n\u00e3o consideraria mudar para o Real Madrid, classificando como est\u00fapido sair do FC Porto. A reportagem faz parte da cobertura da carreira de Vitinha, conforme a imprensa desportiva portuguesa.\" \/>\n<meta property=\"og:url\" content=\"https:\/\/portaltela.pt\/noticias\/2026\/03\/08\/vitinha-e-sergio-conceicao-quando-cedeu-no-fc-porto\/\" \/>\n<meta property=\"og:site_name\" content=\"Portal Tela Portugal\" \/>\n<meta property=\"article:published_time\" content=\"2026-03-08T11:44:14+00:00\" \/>\n<meta name=\"author\" content=\"Telinha\" \/>\n<meta name=\"twitter:card\" content=\"summary_large_image\" \/>\n<meta name=\"twitter:label1\" content=\"Escrito por\" \/>\n\t<meta name=\"twitter:data1\" content=\"Telinha\" \/>\n\t<meta name=\"twitter:label2\" content=\"Tempo estimado de leitura\" \/>\n\t<meta name=\"twitter:data2\" content=\"1 minuto\" \/>\n<script type=\"application\/ld+json\" class=\"yoast-schema-graph\">{\"@context\":\"https:\/\/schema.org\",\"@graph\":[{\"@type\":\"Article\",\"@id\":\"https:\/\/portaltela.pt\/noticias\/2026\/03\/08\/vitinha-e-sergio-conceicao-quando-cedeu-no-fc-porto\/#article\",\"isPartOf\":{\"@id\":\"https:\/\/portaltela.pt\/noticias\/2026\/03\/08\/vitinha-e-sergio-conceicao-quando-cedeu-no-fc-porto\/\"},\"author\":{\"name\":\"Telinha\",\"@id\":\"https:\/\/portaltela.pt\/#\/schema\/person\/c4278d4a6028830caff9ee44b42d32ed\"},\"headline\":\"Vitinha e S\u00e9rgio Concei\u00e7\u00e3o: quando cedeu no FC Porto\",\"datePublished\":\"2026-03-08T11:44:14+00:00\",\"mainEntityOfPage\":{\"@id\":\"https:\/\/portaltela.pt\/noticias\/2026\/03\/08\/vitinha-e-sergio-conceicao-quando-cedeu-no-fc-porto\/\"},\"wordCount\":268,\"image\":{\"@id\":\"https:\/\/portaltela.pt\/noticias\/2026\/03\/08\/vitinha-e-sergio-conceicao-quando-cedeu-no-fc-porto\/#primaryimage\"},\"thumbnailUrl\":\"https:\/\/portaltela.pt\/s.01k8rhncp4jt1\/2026\/03\/img_1200x721uu2026-03-08-11-31-40-2425614.jpg\",\"keywords\":[\"FC Porto\",\"futebol\",\"Paris Saint-Germain\",\"Porto\",\"S\u00e9rgio Concei\u00e7\u00e3o\",\"Vitinha\"],\"articleSection\":[\"Desporto\",\"Futebol\"],\"inLanguage\":\"pt-PT\"},{\"@type\":\"WebPage\",\"@id\":\"https:\/\/portaltela.pt\/noticias\/2026\/03\/08\/vitinha-e-sergio-conceicao-quando-cedeu-no-fc-porto\/\",\"url\":\"https:\/\/portaltela.pt\/noticias\/2026\/03\/08\/vitinha-e-sergio-conceicao-quando-cedeu-no-fc-porto\/\",\"name\":\"Vitinha e S\u00e9rgio Concei\u00e7\u00e3o: quando cedeu no FC Porto - Portal Tela Portugal\",\"isPartOf\":{\"@id\":\"https:\/\/portaltela.pt\/#website\"},\"primaryImageOfPage\":{\"@id\":\"https:\/\/portaltela.pt\/noticias\/2026\/03\/08\/vitinha-e-sergio-conceicao-quando-cedeu-no-fc-porto\/#primaryimage\"},\"image\":{\"@id\":\"https:\/\/portaltela.pt\/noticias\/2026\/03\/08\/vitinha-e-sergio-conceicao-quando-cedeu-no-fc-porto\/#primaryimage\"},\"thumbnailUrl\":\"https:\/\/portaltela.pt\/s.01k8rhncp4jt1\/2026\/03\/img_1200x721uu2026-03-08-11-31-40-2425614.jpg\",\"datePublished\":\"2026-03-08T11:44:14+00:00\",\"author\":{\"@id\":\"https:\/\/portaltela.pt\/#\/schema\/person\/c4278d4a6028830caff9ee44b42d32ed\"},\"breadcrumb\":{\"@id\":\"https:\/\/portaltela.pt\/noticias\/2026\/03\/08\/vitinha-e-sergio-conceicao-quando-cedeu-no-fc-porto\/#breadcrumb\"},\"inLanguage\":\"pt-PT\",\"potentialAction\":[{\"@type\":\"ReadAction\",\"target\":[\"https:\/\/portaltela.pt\/noticias\/2026\/03\/08\/vitinha-e-sergio-conceicao-quando-cedeu-no-fc-porto\/\"]}]},{\"@type\":\"ImageObject\",\"inLanguage\":\"pt-PT\",\"@id\":\"https:\/\/portaltela.pt\/noticias\/2026\/03\/08\/vitinha-e-sergio-conceicao-quando-cedeu-no-fc-porto\/#primaryimage\",\"url\":\"https:\/\/portaltela.pt\/s.01k8rhncp4jt1\/2026\/03\/img_1200x721uu2026-03-08-11-31-40-2425614.jpg\",\"contentUrl\":\"https:\/\/portaltela.pt\/s.01k8rhncp4jt1\/2026\/03\/img_1200x721uu2026-03-08-11-31-40-2425614.jpg\",\"width\":796,\"height\":448,\"caption\":\"Vitinha e a rela\u00e7\u00e3o com S\u00e9rgio Concei\u00e7\u00e3o no FC Porto: \u00abDei o bra\u00e7o a torcer...\u00bb\"},{\"@type\":\"BreadcrumbList\",\"@id\":\"https:\/\/portaltela.pt\/noticias\/2026\/03\/08\/vitinha-e-sergio-conceicao-quando-cedeu-no-fc-porto\/#breadcrumb\",\"itemListElement\":[{\"@type\":\"ListItem\",\"position\":1,\"name\":\"In\u00edcio\",\"item\":\"https:\/\/portaltela.pt\/\"},{\"@type\":\"ListItem\",\"position\":2,\"name\":\"Vitinha e S\u00e9rgio Concei\u00e7\u00e3o: quando cedeu no FC Porto\"}]},{\"@type\":\"WebSite\",\"@id\":\"https:\/\/portaltela.pt\/#website\",\"url\":\"https:\/\/portaltela.pt\/\",\"name\":\"Portal Tela Portugal\",\"description\":\"\",\"potentialAction\":[{\"@type\":\"SearchAction\",\"target\":{\"@type\":\"EntryPoint\",\"urlTemplate\":\"https:\/\/portaltela.pt\/?s={search_term_string}\"},\"query-input\":{\"@type\":\"PropertyValueSpecification\",\"valueRequired\":true,\"valueName\":\"search_term_string\"}}],\"inLanguage\":\"pt-PT\"},{\"@type\":\"Person\",\"@id\":\"https:\/\/portaltela.pt\/#\/schema\/person\/c4278d4a6028830caff9ee44b42d32ed\",\"name\":\"Telinha\",\"image\":{\"@type\":\"ImageObject\",\"inLanguage\":\"pt-PT\",\"@id\":\"https:\/\/portaltela.pt\/s.01k8rhncp4jt1\/2025\/11\/talking-bot-125x125.png\",\"url\":\"https:\/\/portaltela.pt\/s.01k8rhncp4jt1\/2025\/11\/talking-bot-125x125.png\",\"contentUrl\":\"https:\/\/portaltela.pt\/s.01k8rhncp4jt1\/2025\/11\/talking-bot-125x125.png\",\"caption\":\"Telinha\"},\"sameAs\":[\"https:\/\/portaltela.pt\/\"],\"url\":\"https:\/\/portaltela.pt\/por\/367410592786\/\"}]}<\/script>\n<!-- \/ Yoast SEO plugin. -->","yoast_head_json":{"title":"Vitinha e S\u00e9rgio Concei\u00e7\u00e3o: quando cedeu no FC Porto - Portal Tela Portugal","robots":{"index":"index","follow":"follow","max-snippet":"max-snippet:-1","max-image-preview":"max-image-preview:large","max-video-preview":"max-video-preview:-1"},"og_locale":"pt_PT","og_type":"article","og_title":"Vitinha e S\u00e9rgio Concei\u00e7\u00e3o: quando cedeu no FC Porto - Portal Tela Portugal","og_description":"Vitinha, selecion\u00e1vel portugu\u00eas a jogar pelo Paris Saint\u2011Germain, recorda a fase de afirma\u00e7\u00e3o no FC Porto e as dificuldades para segurar a titularidade. Na entrevista, comenta a rela\u00e7\u00e3o com o treinador S\u00e9rgio Concei\u00e7\u00e3o, dizendo ter \u201cdeixado o bra\u00e7o a torcer\u201d. A conversa foi dada ao Canal 11, no programa Soltinhos pelo Mundo. Diz que n\u00e3o consideraria mudar para o Real Madrid, classificando como est\u00fapido sair do FC Porto. A reportagem faz parte da cobertura da carreira de Vitinha, conforme a imprensa desportiva portuguesa.","og_url":"https:\/\/portaltela.pt\/noticias\/2026\/03\/08\/vitinha-e-sergio-conceicao-quando-cedeu-no-fc-porto\/","og_site_name":"Portal Tela Portugal","article_published_time":"2026-03-08T11:44:14+00:00","author":"Telinha","twitter_card":"summary_large_image","twitter_misc":{"Escrito por":"Telinha","Tempo estimado de leitura":"1 minuto"},"schema":{"@context":"https:\/\/schema.org","@graph":[{"@type":"Article","@id":"https:\/\/portaltela.pt\/noticias\/2026\/03\/08\/vitinha-e-sergio-conceicao-quando-cedeu-no-fc-porto\/#article","isPartOf":{"@id":"https:\/\/portaltela.pt\/noticias\/2026\/03\/08\/vitinha-e-sergio-conceicao-quando-cedeu-no-fc-porto\/"},"author":{"name":"Telinha","@id":"https:\/\/portaltela.pt\/#\/schema\/person\/c4278d4a6028830caff9ee44b42d32ed"},"headline":"Vitinha e S\u00e9rgio Concei\u00e7\u00e3o: quando cedeu no FC Porto","datePublished":"2026-03-08T11:44:14+00:00","mainEntityOfPage":{"@id":"https:\/\/portaltela.pt\/noticias\/2026\/03\/08\/vitinha-e-sergio-conceicao-quando-cedeu-no-fc-porto\/"},"wordCount":268,"image":{"@id":"https:\/\/portaltela.pt\/noticias\/2026\/03\/08\/vitinha-e-sergio-conceicao-quando-cedeu-no-fc-porto\/#primaryimage"},"thumbnailUrl":"https:\/\/portaltela.pt\/s.01k8rhncp4jt1\/2026\/03\/img_1200x721uu2026-03-08-11-31-40-2425614.jpg","keywords":["FC Porto","futebol","Paris Saint-Germain","Porto","S\u00e9rgio Concei\u00e7\u00e3o","Vitinha"],"articleSection":["Desporto","Futebol"],"inLanguage":"pt-PT"},{"@type":"WebPage","@id":"https:\/\/portaltela.pt\/noticias\/2026\/03\/08\/vitinha-e-sergio-conceicao-quando-cedeu-no-fc-porto\/","url":"https:\/\/portaltela.pt\/noticias\/2026\/03\/08\/vitinha-e-sergio-conceicao-quando-cedeu-no-fc-porto\/","name":"Vitinha e S\u00e9rgio Concei\u00e7\u00e3o: quando cedeu no FC Porto - Portal Tela Portugal","isPartOf":{"@id":"https:\/\/portaltela.pt\/#website"},"primaryImageOfPage":{"@id":"https:\/\/portaltela.pt\/noticias\/2026\/03\/08\/vitinha-e-sergio-conceicao-quando-cedeu-no-fc-porto\/#primaryimage"},"image":{"@id":"https:\/\/portaltela.pt\/noticias\/2026\/03\/08\/vitinha-e-sergio-conceicao-quando-cedeu-no-fc-porto\/#primaryimage"},"thumbnailUrl":"https:\/\/portaltela.pt\/s.01k8rhncp4jt1\/2026\/03\/img_1200x721uu2026-03-08-11-31-40-2425614.jpg","datePublished":"2026-03-08T11:44:14+00:00","author":{"@id":"https:\/\/portaltela.pt\/#\/schema\/person\/c4278d4a6028830caff9ee44b42d32ed"},"breadcrumb":{"@id":"https:\/\/portaltela.pt\/noticias\/2026\/03\/08\/vitinha-e-sergio-conceicao-quando-cedeu-no-fc-porto\/#breadcrumb"},"inLanguage":"pt-PT","potentialAction":[{"@type":"ReadAction","target":["https:\/\/portaltela.pt\/noticias\/2026\/03\/08\/vitinha-e-sergio-conceicao-quando-cedeu-no-fc-porto\/"]}]},{"@type":"ImageObject","inLanguage":"pt-PT","@id":"https:\/\/portaltela.pt\/noticias\/2026\/03\/08\/vitinha-e-sergio-conceicao-quando-cedeu-no-fc-porto\/#primaryimage","url":"https:\/\/portaltela.pt\/s.01k8rhncp4jt1\/2026\/03\/img_1200x721uu2026-03-08-11-31-40-2425614.jpg","contentUrl":"https:\/\/portaltela.pt\/s.01k8rhncp4jt1\/2026\/03\/img_1200x721uu2026-03-08-11-31-40-2425614.jpg","width":796,"height":448,"caption":"Vitinha e a rela\u00e7\u00e3o com S\u00e9rgio Concei\u00e7\u00e3o no FC Porto: \u00abDei o bra\u00e7o a torcer...\u00bb"},{"@type":"BreadcrumbList","@id":"https:\/\/portaltela.pt\/noticias\/2026\/03\/08\/vitinha-e-sergio-conceicao-quando-cedeu-no-fc-porto\/#breadcrumb","itemListElement":[{"@type":"ListItem","position":1,"name":"In\u00edcio","item":"https:\/\/portaltela.pt\/"},{"@type":"ListItem","position":2,"name":"Vitinha e S\u00e9rgio Concei\u00e7\u00e3o: quando cedeu no FC Porto"}]},{"@type":"WebSite","@id":"https:\/\/portaltela.pt\/#website","url":"https:\/\/portaltela.pt\/","name":"Portal Tela Portugal","description":"","potentialAction":[{"@type":"SearchAction","target":{"@type":"EntryPoint","urlTemplate":"https:\/\/portaltela.pt\/?s={search_term_string}"},"query-input":{"@type":"PropertyValueSpecification","valueRequired":true,"valueName":"search_term_string"}}],"inLanguage":"pt-PT"},{"@type":"Person","@id":"https:\/\/portaltela.pt\/#\/schema\/person\/c4278d4a6028830caff9ee44b42d32ed","name":"Telinha","image":{"@type":"ImageObject","inLanguage":"pt-PT","@id":"https:\/\/portaltela.pt\/s.01k8rhncp4jt1\/2025\/11\/talking-bot-125x125.png","url":"https:\/\/portaltela.pt\/s.01k8rhncp4jt1\/2025\/11\/talking-bot-125x125.png","contentUrl":"https:\/\/portaltela.pt\/s.01k8rhncp4jt1\/2025\/11\/talking-bot-125x125.png","caption":"Telinha"},"sameAs":["https:\/\/portaltela.pt\/"],"url":"https:\/\/portaltela.pt\/por\/367410592786\/"}]}},"_links":{"self":[{"href":"https:\/\/portaltela.pt\/api\/wp\/v2\/posts\/402171","targetHints":{"allow":["GET"]}}],"collection":[{"href":"https:\/\/portaltela.pt\/api\/wp\/v2\/posts"}],"about":[{"href":"https:\/\/portaltela.pt\/api\/wp\/v2\/types\/post"}],"author":[{"embeddable":true,"href":"https:\/\/portaltela.pt\/api\/wp\/v2\/users\/2"}],"replies":[{"embeddable":true,"href":"https:\/\/portaltela.pt\/api\/wp\/v2\/comments?post=402171"}],"version-history":[{"count":0,"href":"https:\/\/portaltela.pt\/api\/wp\/v2\/posts\/402171\/revisions"}],"wp:featuredmedia":[{"embeddable":true,"href":"https:\/\/portaltela.pt\/api\/wp\/v2\/media\/402174"}],"wp:attachment":[{"href":"https:\/\/portaltela.pt\/api\/wp\/v2\/media?parent=402171"}],"wp:term":[{"taxonomy":"category","embeddable":true,"href":"https:\/\/portaltela.pt\/api\/wp\/v2\/categories?post=402171"},{"taxonomy":"post_tag","embeddable":true,"href":"https:\/\/portaltela.pt\/api\/wp\/v2\/tags?post=402171"}],"curies":[{"name":"wp","href":"https:\/\/api.w.org\/{rel}","templated":true}]}}