{"id":402170,"date":"2026-03-08T08:44:45","date_gmt":"2026-03-08T11:44:45","guid":{"rendered":"https:\/\/portaltela.pt\/noticias\/2026\/03\/08\/bombeiro-alvo-de-furto-de-telemovel-durante-o-socorro-no-porto\/"},"modified":"2026-03-08T08:44:45","modified_gmt":"2026-03-08T11:44:45","slug":"bombeiro-alvo-de-furto-de-telemovel-durante-o-socorro-no-porto","status":"publish","type":"post","link":"https:\/\/portaltela.pt\/policia\/2026\/03\/08\/bombeiro-alvo-de-furto-de-telemovel-durante-o-socorro-no-porto\/","title":{"rendered":"Bombeiro alvo de furto de telem\u00f3vel durante o socorro no Porto"},"content":{"rendered":"<p>Um bombeiro foi alvo de furto de telem\u00f3vel enquanto prestava socorro numa pastelaria no Porto. A v\u00edtima, uma mulher de 61 anos, sofreu uma queda na casa de banho e faleceu no local, na tarde de s\u00e1bado, na Rua da Constitui\u00e7\u00e3o.<\/p>\n<p>Segundo o relato, os bombeiros tinham sido chamados para uma situa\u00e7\u00e3o de socorro. No momento em que tentavam salvar a v\u00edtima, ocorreu o furto do telem\u00f3vel de um dos operacionais, que foi rapidamente detetado. O aparelho foi recuperado ap\u00f3s a persegui\u00e7\u00e3o do suspeito.<\/p>\n<p>A mulher de 61 anos acabou por morrer no local. O corpo foi removido pelos Sapadores do Porto. Participaram na ocorr\u00eancia elementos dos Sapadores do Porto e do INEM, com a PSP tamb\u00e9m a responder ao local para tratar da situa\u00e7\u00e3o do furto.<\/p>\n<h3>Investiga\u00e7\u00e3o em curso<\/h3>\n<p>As autoridades indicam que a PSP est\u00e1 a acompanhar as dilig\u00eancias relacionadas com o furto, enquanto o caso permanece sob investiga\u00e7\u00e3o. A prioridade foi assegurar a assist\u00eancia \u00e0 v\u00edtima e a seguran\u00e7a da equipa de socorro.<\/p>\n","protected":false},"excerpt":{"rendered":"<ul>\n<li>Um bombeiro foi alvo de furto de telem\u00f3vel enquanto prestava socorro a uma mulher numa pastelaria no Porto.<\/li>\n<li>A mulher de 61 anos sofreu uma queda na casa de banho e morreu no local, na tarde de s\u00e1bado, na rua da Constitui\u00e7\u00e3o.<\/li>\n<li>O telem\u00f3vel do bombeiro foi furtado, mas o crime foi detetado rapidamente e o aparelho recuperado ap\u00f3s persegui\u00e7\u00e3o ao suspeito.<\/li>\n<li>Estiveram no local v\u00e1rios elementos dos Sapadores do Porto e do Instituto Nacional de Emerg\u00eancia M\u00e9dica (INEM).<\/li>\n<li>A Pol\u00edcia de Seguran\u00e7a P\u00fablica (PSP) foi acionada e acompanhou a ocorr\u00eancia de furto.<\/li>\n<\/ul>\n","protected":false},"author":2,"featured_media":402173,"comment_status":"closed","ping_status":"closed","sticky":false,"template":"","format":"standard","meta":{"footnotes":""},"categories":[1,6781],"tags":[971,424,1922,982,1381,2965],"class_list":["post-402170","post","type-post","status-publish","format-standard","has-post-thumbnail","hentry","category-noticias","category-policia","tag-bombeiros","tag-furto","tag-inem","tag-porto","tag-psp","tag-sapadores"],"yoast_head":"<!-- This site is optimized with the Yoast SEO plugin v27.2 - https:\/\/yoast.com\/product\/yoast-seo-wordpress\/ -->\n<title>Bombeiro alvo de furto de telem\u00f3vel durante o socorro no Porto - Portal Tela Portugal<\/title>\n<meta name=\"robots\" content=\"index, follow, max-snippet:-1, max-image-preview:large, max-video-preview:-1\" \/>\n<meta property=\"og:locale\" content=\"pt_PT\" \/>\n<meta property=\"og:type\" content=\"article\" \/>\n<meta property=\"og:title\" content=\"Bombeiro alvo de furto de telem\u00f3vel durante o socorro no Porto - Portal Tela Portugal\" \/>\n<meta property=\"og:description\" content=\"Um bombeiro foi alvo de furto de telem\u00f3vel enquanto prestava socorro a uma mulher numa pastelaria no Porto. A mulher de 61 anos sofreu uma queda na casa de banho e morreu no local, na tarde de s\u00e1bado, na rua da Constitui\u00e7\u00e3o. O telem\u00f3vel do bombeiro foi furtado, mas o crime foi detetado rapidamente e o aparelho recuperado ap\u00f3s persegui\u00e7\u00e3o ao suspeito. Estiveram no local v\u00e1rios elementos dos Sapadores do Porto e do Instituto Nacional de Emerg\u00eancia M\u00e9dica (INEM). A Pol\u00edcia de Seguran\u00e7a P\u00fablica (PSP) foi acionada e acompanhou a ocorr\u00eancia de furto.\" \/>\n<meta property=\"og:url\" content=\"https:\/\/portaltela.pt\/noticias\/2026\/03\/08\/bombeiro-alvo-de-furto-de-telemovel-durante-o-socorro-no-porto\/\" \/>\n<meta property=\"og:site_name\" content=\"Portal Tela Portugal\" \/>\n<meta property=\"article:published_time\" content=\"2026-03-08T11:44:45+00:00\" \/>\n<meta name=\"author\" content=\"Telinha\" \/>\n<meta name=\"twitter:card\" content=\"summary_large_image\" \/>\n<meta name=\"twitter:label1\" content=\"Escrito por\" \/>\n\t<meta name=\"twitter:data1\" content=\"Telinha\" \/>\n\t<meta name=\"twitter:label2\" content=\"Tempo estimado de leitura\" \/>\n\t<meta name=\"twitter:data2\" content=\"1 minuto\" \/>\n<script type=\"application\/ld+json\" class=\"yoast-schema-graph\">{\"@context\":\"https:\/\/schema.org\",\"@graph\":[{\"@type\":\"Article\",\"@id\":\"https:\/\/portaltela.pt\/noticias\/2026\/03\/08\/bombeiro-alvo-de-furto-de-telemovel-durante-o-socorro-no-porto\/#article\",\"isPartOf\":{\"@id\":\"https:\/\/portaltela.pt\/noticias\/2026\/03\/08\/bombeiro-alvo-de-furto-de-telemovel-durante-o-socorro-no-porto\/\"},\"author\":{\"name\":\"Telinha\",\"@id\":\"https:\/\/portaltela.pt\/#\/schema\/person\/c4278d4a6028830caff9ee44b42d32ed\"},\"headline\":\"Bombeiro alvo de furto de telem\u00f3vel durante o socorro no Porto\",\"datePublished\":\"2026-03-08T11:44:45+00:00\",\"mainEntityOfPage\":{\"@id\":\"https:\/\/portaltela.pt\/noticias\/2026\/03\/08\/bombeiro-alvo-de-furto-de-telemovel-durante-o-socorro-no-porto\/\"},\"wordCount\":193,\"image\":{\"@id\":\"https:\/\/portaltela.pt\/noticias\/2026\/03\/08\/bombeiro-alvo-de-furto-de-telemovel-durante-o-socorro-no-porto\/#primaryimage\"},\"thumbnailUrl\":\"https:\/\/portaltela.pt\/s.01k8rhncp4jt1\/2026\/03\/img_1280x721uu2026-03-08-09-42-56-2271039.jpg\",\"keywords\":[\"bombeiros\",\"furto\",\"INEM\",\"Porto\",\"PSP\",\"Sapadores\"],\"articleSection\":[\"Not\u00edcias\",\"Pol\u00edcia\"],\"inLanguage\":\"pt-PT\"},{\"@type\":\"WebPage\",\"@id\":\"https:\/\/portaltela.pt\/noticias\/2026\/03\/08\/bombeiro-alvo-de-furto-de-telemovel-durante-o-socorro-no-porto\/\",\"url\":\"https:\/\/portaltela.pt\/noticias\/2026\/03\/08\/bombeiro-alvo-de-furto-de-telemovel-durante-o-socorro-no-porto\/\",\"name\":\"Bombeiro alvo de furto de telem\u00f3vel durante o socorro no Porto - Portal Tela Portugal\",\"isPartOf\":{\"@id\":\"https:\/\/portaltela.pt\/#website\"},\"primaryImageOfPage\":{\"@id\":\"https:\/\/portaltela.pt\/noticias\/2026\/03\/08\/bombeiro-alvo-de-furto-de-telemovel-durante-o-socorro-no-porto\/#primaryimage\"},\"image\":{\"@id\":\"https:\/\/portaltela.pt\/noticias\/2026\/03\/08\/bombeiro-alvo-de-furto-de-telemovel-durante-o-socorro-no-porto\/#primaryimage\"},\"thumbnailUrl\":\"https:\/\/portaltela.pt\/s.01k8rhncp4jt1\/2026\/03\/img_1280x721uu2026-03-08-09-42-56-2271039.jpg\",\"datePublished\":\"2026-03-08T11:44:45+00:00\",\"author\":{\"@id\":\"https:\/\/portaltela.pt\/#\/schema\/person\/c4278d4a6028830caff9ee44b42d32ed\"},\"breadcrumb\":{\"@id\":\"https:\/\/portaltela.pt\/noticias\/2026\/03\/08\/bombeiro-alvo-de-furto-de-telemovel-durante-o-socorro-no-porto\/#breadcrumb\"},\"inLanguage\":\"pt-PT\",\"potentialAction\":[{\"@type\":\"ReadAction\",\"target\":[\"https:\/\/portaltela.pt\/noticias\/2026\/03\/08\/bombeiro-alvo-de-furto-de-telemovel-durante-o-socorro-no-porto\/\"]}]},{\"@type\":\"ImageObject\",\"inLanguage\":\"pt-PT\",\"@id\":\"https:\/\/portaltela.pt\/noticias\/2026\/03\/08\/bombeiro-alvo-de-furto-de-telemovel-durante-o-socorro-no-porto\/#primaryimage\",\"url\":\"https:\/\/portaltela.pt\/s.01k8rhncp4jt1\/2026\/03\/img_1280x721uu2026-03-08-09-42-56-2271039.jpg\",\"contentUrl\":\"https:\/\/portaltela.pt\/s.01k8rhncp4jt1\/2026\/03\/img_1280x721uu2026-03-08-09-42-56-2271039.jpg\",\"width\":796,\"height\":448,\"caption\":\"Photo\"},{\"@type\":\"BreadcrumbList\",\"@id\":\"https:\/\/portaltela.pt\/noticias\/2026\/03\/08\/bombeiro-alvo-de-furto-de-telemovel-durante-o-socorro-no-porto\/#breadcrumb\",\"itemListElement\":[{\"@type\":\"ListItem\",\"position\":1,\"name\":\"In\u00edcio\",\"item\":\"https:\/\/portaltela.pt\/\"},{\"@type\":\"ListItem\",\"position\":2,\"name\":\"Bombeiro alvo de furto de telem\u00f3vel durante o socorro no Porto\"}]},{\"@type\":\"WebSite\",\"@id\":\"https:\/\/portaltela.pt\/#website\",\"url\":\"https:\/\/portaltela.pt\/\",\"name\":\"Portal Tela Portugal\",\"description\":\"\",\"potentialAction\":[{\"@type\":\"SearchAction\",\"target\":{\"@type\":\"EntryPoint\",\"urlTemplate\":\"https:\/\/portaltela.pt\/?s={search_term_string}\"},\"query-input\":{\"@type\":\"PropertyValueSpecification\",\"valueRequired\":true,\"valueName\":\"search_term_string\"}}],\"inLanguage\":\"pt-PT\"},{\"@type\":\"Person\",\"@id\":\"https:\/\/portaltela.pt\/#\/schema\/person\/c4278d4a6028830caff9ee44b42d32ed\",\"name\":\"Telinha\",\"image\":{\"@type\":\"ImageObject\",\"inLanguage\":\"pt-PT\",\"@id\":\"https:\/\/portaltela.pt\/s.01k8rhncp4jt1\/2025\/11\/talking-bot-125x125.png\",\"url\":\"https:\/\/portaltela.pt\/s.01k8rhncp4jt1\/2025\/11\/talking-bot-125x125.png\",\"contentUrl\":\"https:\/\/portaltela.pt\/s.01k8rhncp4jt1\/2025\/11\/talking-bot-125x125.png\",\"caption\":\"Telinha\"},\"sameAs\":[\"https:\/\/portaltela.pt\/\"],\"url\":\"https:\/\/portaltela.pt\/por\/367410592786\/\"}]}<\/script>\n<!-- \/ Yoast SEO plugin. -->","yoast_head_json":{"title":"Bombeiro alvo de furto de telem\u00f3vel durante o socorro no Porto - Portal Tela Portugal","robots":{"index":"index","follow":"follow","max-snippet":"max-snippet:-1","max-image-preview":"max-image-preview:large","max-video-preview":"max-video-preview:-1"},"og_locale":"pt_PT","og_type":"article","og_title":"Bombeiro alvo de furto de telem\u00f3vel durante o socorro no Porto - Portal Tela Portugal","og_description":"Um bombeiro foi alvo de furto de telem\u00f3vel enquanto prestava socorro a uma mulher numa pastelaria no Porto. A mulher de 61 anos sofreu uma queda na casa de banho e morreu no local, na tarde de s\u00e1bado, na rua da Constitui\u00e7\u00e3o. O telem\u00f3vel do bombeiro foi furtado, mas o crime foi detetado rapidamente e o aparelho recuperado ap\u00f3s persegui\u00e7\u00e3o ao suspeito. Estiveram no local v\u00e1rios elementos dos Sapadores do Porto e do Instituto Nacional de Emerg\u00eancia M\u00e9dica (INEM). A Pol\u00edcia de Seguran\u00e7a P\u00fablica (PSP) foi acionada e acompanhou a ocorr\u00eancia de furto.","og_url":"https:\/\/portaltela.pt\/noticias\/2026\/03\/08\/bombeiro-alvo-de-furto-de-telemovel-durante-o-socorro-no-porto\/","og_site_name":"Portal Tela Portugal","article_published_time":"2026-03-08T11:44:45+00:00","author":"Telinha","twitter_card":"summary_large_image","twitter_misc":{"Escrito por":"Telinha","Tempo estimado de leitura":"1 minuto"},"schema":{"@context":"https:\/\/schema.org","@graph":[{"@type":"Article","@id":"https:\/\/portaltela.pt\/noticias\/2026\/03\/08\/bombeiro-alvo-de-furto-de-telemovel-durante-o-socorro-no-porto\/#article","isPartOf":{"@id":"https:\/\/portaltela.pt\/noticias\/2026\/03\/08\/bombeiro-alvo-de-furto-de-telemovel-durante-o-socorro-no-porto\/"},"author":{"name":"Telinha","@id":"https:\/\/portaltela.pt\/#\/schema\/person\/c4278d4a6028830caff9ee44b42d32ed"},"headline":"Bombeiro alvo de furto de telem\u00f3vel durante o socorro no Porto","datePublished":"2026-03-08T11:44:45+00:00","mainEntityOfPage":{"@id":"https:\/\/portaltela.pt\/noticias\/2026\/03\/08\/bombeiro-alvo-de-furto-de-telemovel-durante-o-socorro-no-porto\/"},"wordCount":193,"image":{"@id":"https:\/\/portaltela.pt\/noticias\/2026\/03\/08\/bombeiro-alvo-de-furto-de-telemovel-durante-o-socorro-no-porto\/#primaryimage"},"thumbnailUrl":"https:\/\/portaltela.pt\/s.01k8rhncp4jt1\/2026\/03\/img_1280x721uu2026-03-08-09-42-56-2271039.jpg","keywords":["bombeiros","furto","INEM","Porto","PSP","Sapadores"],"articleSection":["Not\u00edcias","Pol\u00edcia"],"inLanguage":"pt-PT"},{"@type":"WebPage","@id":"https:\/\/portaltela.pt\/noticias\/2026\/03\/08\/bombeiro-alvo-de-furto-de-telemovel-durante-o-socorro-no-porto\/","url":"https:\/\/portaltela.pt\/noticias\/2026\/03\/08\/bombeiro-alvo-de-furto-de-telemovel-durante-o-socorro-no-porto\/","name":"Bombeiro alvo de furto de telem\u00f3vel durante o socorro no Porto - Portal Tela Portugal","isPartOf":{"@id":"https:\/\/portaltela.pt\/#website"},"primaryImageOfPage":{"@id":"https:\/\/portaltela.pt\/noticias\/2026\/03\/08\/bombeiro-alvo-de-furto-de-telemovel-durante-o-socorro-no-porto\/#primaryimage"},"image":{"@id":"https:\/\/portaltela.pt\/noticias\/2026\/03\/08\/bombeiro-alvo-de-furto-de-telemovel-durante-o-socorro-no-porto\/#primaryimage"},"thumbnailUrl":"https:\/\/portaltela.pt\/s.01k8rhncp4jt1\/2026\/03\/img_1280x721uu2026-03-08-09-42-56-2271039.jpg","datePublished":"2026-03-08T11:44:45+00:00","author":{"@id":"https:\/\/portaltela.pt\/#\/schema\/person\/c4278d4a6028830caff9ee44b42d32ed"},"breadcrumb":{"@id":"https:\/\/portaltela.pt\/noticias\/2026\/03\/08\/bombeiro-alvo-de-furto-de-telemovel-durante-o-socorro-no-porto\/#breadcrumb"},"inLanguage":"pt-PT","potentialAction":[{"@type":"ReadAction","target":["https:\/\/portaltela.pt\/noticias\/2026\/03\/08\/bombeiro-alvo-de-furto-de-telemovel-durante-o-socorro-no-porto\/"]}]},{"@type":"ImageObject","inLanguage":"pt-PT","@id":"https:\/\/portaltela.pt\/noticias\/2026\/03\/08\/bombeiro-alvo-de-furto-de-telemovel-durante-o-socorro-no-porto\/#primaryimage","url":"https:\/\/portaltela.pt\/s.01k8rhncp4jt1\/2026\/03\/img_1280x721uu2026-03-08-09-42-56-2271039.jpg","contentUrl":"https:\/\/portaltela.pt\/s.01k8rhncp4jt1\/2026\/03\/img_1280x721uu2026-03-08-09-42-56-2271039.jpg","width":796,"height":448,"caption":"Photo"},{"@type":"BreadcrumbList","@id":"https:\/\/portaltela.pt\/noticias\/2026\/03\/08\/bombeiro-alvo-de-furto-de-telemovel-durante-o-socorro-no-porto\/#breadcrumb","itemListElement":[{"@type":"ListItem","position":1,"name":"In\u00edcio","item":"https:\/\/portaltela.pt\/"},{"@type":"ListItem","position":2,"name":"Bombeiro alvo de furto de telem\u00f3vel durante o socorro no Porto"}]},{"@type":"WebSite","@id":"https:\/\/portaltela.pt\/#website","url":"https:\/\/portaltela.pt\/","name":"Portal Tela Portugal","description":"","potentialAction":[{"@type":"SearchAction","target":{"@type":"EntryPoint","urlTemplate":"https:\/\/portaltela.pt\/?s={search_term_string}"},"query-input":{"@type":"PropertyValueSpecification","valueRequired":true,"valueName":"search_term_string"}}],"inLanguage":"pt-PT"},{"@type":"Person","@id":"https:\/\/portaltela.pt\/#\/schema\/person\/c4278d4a6028830caff9ee44b42d32ed","name":"Telinha","image":{"@type":"ImageObject","inLanguage":"pt-PT","@id":"https:\/\/portaltela.pt\/s.01k8rhncp4jt1\/2025\/11\/talking-bot-125x125.png","url":"https:\/\/portaltela.pt\/s.01k8rhncp4jt1\/2025\/11\/talking-bot-125x125.png","contentUrl":"https:\/\/portaltela.pt\/s.01k8rhncp4jt1\/2025\/11\/talking-bot-125x125.png","caption":"Telinha"},"sameAs":["https:\/\/portaltela.pt\/"],"url":"https:\/\/portaltela.pt\/por\/367410592786\/"}]}},"_links":{"self":[{"href":"https:\/\/portaltela.pt\/api\/wp\/v2\/posts\/402170","targetHints":{"allow":["GET"]}}],"collection":[{"href":"https:\/\/portaltela.pt\/api\/wp\/v2\/posts"}],"about":[{"href":"https:\/\/portaltela.pt\/api\/wp\/v2\/types\/post"}],"author":[{"embeddable":true,"href":"https:\/\/portaltela.pt\/api\/wp\/v2\/users\/2"}],"replies":[{"embeddable":true,"href":"https:\/\/portaltela.pt\/api\/wp\/v2\/comments?post=402170"}],"version-history":[{"count":0,"href":"https:\/\/portaltela.pt\/api\/wp\/v2\/posts\/402170\/revisions"}],"wp:featuredmedia":[{"embeddable":true,"href":"https:\/\/portaltela.pt\/api\/wp\/v2\/media\/402173"}],"wp:attachment":[{"href":"https:\/\/portaltela.pt\/api\/wp\/v2\/media?parent=402170"}],"wp:term":[{"taxonomy":"category","embeddable":true,"href":"https:\/\/portaltela.pt\/api\/wp\/v2\/categories?post=402170"},{"taxonomy":"post_tag","embeddable":true,"href":"https:\/\/portaltela.pt\/api\/wp\/v2\/tags?post=402170"}],"curies":[{"name":"wp","href":"https:\/\/api.w.org\/{rel}","templated":true}]}}