{"id":402169,"date":"2026-03-08T07:49:00","date_gmt":"2026-03-08T10:49:00","guid":{"rendered":"https:\/\/portaltela.pt\/noticias\/2026\/03\/08\/autoridades-norueguesas-investigam-explosao-junto-a-embaixada-dos-eua-em-oslo\/"},"modified":"2026-03-08T07:49:00","modified_gmt":"2026-03-08T10:49:00","slug":"autoridades-norueguesas-investigam-explosao-junto-a-embaixada-dos-eua-em-oslo","status":"publish","type":"post","link":"https:\/\/portaltela.pt\/seguranca\/2026\/03\/08\/autoridades-norueguesas-investigam-explosao-junto-a-embaixada-dos-eua-em-oslo\/","title":{"rendered":"Autoridades norueguesas investigam explos\u00e3o junto \u00e0 embaixada dos EUA em Oslo"},"content":{"rendered":"<p>Uma explos\u00e3o forte ocorreu na madrugada deste domingo junto \u00e0 embaixada dos Estados Unidos em Oslo, na Noruega. As autoridades investigam a origem do incidente, sem relatos de v\u00edtimas at\u00e9 ao momento.<\/p>\n<p>O epis\u00f3dio aconteceu cerca de uma hora local (tr\u00eas em Portugal continental). Guardas, investigadores e servi\u00e7os de emerg\u00eancia deslocaram-se ao local, segundo a pol\u00edcia, que confirmou que n\u00e3o houve feridos.<\/p>\n<p>A embaixada indicou que houve danos na entrada consular, e a \u00e1rea foi encerrada para averigua\u00e7\u00f5es e para localizar poss\u00edveis respons\u00e1veis. A autoridade de prote\u00e7\u00e3o civil confirmou os danos, sem indicar o motivo.<\/p>\n<p>As autoridades ressaltaram que a investiga\u00e7\u00e3o est\u00e1 em curso e que ainda n\u00e3o h\u00e1 informa\u00e7\u00f5es sobre quem esteve envolvido. N\u00e3o existe ainda uma liga\u00e7\u00e3o confirmada com conflitos no Ir\u00e3o ou no M\u00e9dio Oriente, pois \u00e9 cedo para conclus\u00f5es.<\/p>\n<p>A ministra da Justi\u00e7a e Situa\u00e7\u00f5es de Emerg\u00eancia, Astri Aas-Hansen, afirmou que o incidente \u00e9 levado a s\u00e9rio e considerado inaceit\u00e1vel, segundo a ag\u00eancia NTB. O Governo dos EUA j\u00e1 havia emitido alertas sobre amea\u00e7as a v\u00e1rias embaixadas.<\/p>\n","protected":false},"excerpt":{"rendered":"<ul>\n<li>Explos\u00e3o forte ocorreu na madrugada de domingo junto \u00e0 embaixada dos EUA em Oslo, sem relatos de v\u00edtimas at\u00e9 ao momento.<\/li>\n<li>Ao local acorreram guardas, investigadores e servi\u00e7os de emerg\u00eancia; houve confirma\u00e7\u00e3o de danos menores na entrada consular.<\/li>\n<li>A \u00e1rea foi isolada pela pol\u00edcia para verificar a exist\u00eancia de objetos perigosos e identificar os autores.<\/li>\n<li>As autoridades indicam que ainda n\u00e3o h\u00e1 conclus\u00f5es sobre a autoria ou motiva\u00e7\u00f5es, mantendo a investiga\u00e7\u00e3o em curso.<\/li>\n<li>A-ministra da Justi\u00e7a considerou o incidente muito serio e afirmou que est\u00e1 a ser levado a s\u00e9rio; n\u00e3o h\u00e1 liga\u00e7\u00e3o confirmada com a guerra no Ir\u00e3o ou no M\u00e9dio Oriente.<\/li>\n<\/ul>\n","protected":false},"author":2,"featured_media":402172,"comment_status":"closed","ping_status":"closed","sticky":false,"template":"","format":"standard","meta":{"footnotes":""},"categories":[6779],"tags":[3205,1600,3571,4293,320,250],"class_list":["post-402169","post","type-post","status-publish","format-standard","has-post-thumbnail","hentry","category-seguranca","tag-embaixadas","tag-estados-unidos","tag-explosoes","tag-incidentes-internacionais","tag-protecao-civil","tag-seguranca-publica"],"yoast_head":"<!-- This site is optimized with the Yoast SEO plugin v27.2 - https:\/\/yoast.com\/product\/yoast-seo-wordpress\/ -->\n<title>Autoridades norueguesas investigam explos\u00e3o junto \u00e0 embaixada dos EUA em Oslo - Portal Tela Portugal<\/title>\n<meta name=\"robots\" content=\"index, follow, max-snippet:-1, max-image-preview:large, max-video-preview:-1\" \/>\n<meta property=\"og:locale\" content=\"pt_PT\" \/>\n<meta property=\"og:type\" content=\"article\" \/>\n<meta property=\"og:title\" content=\"Autoridades norueguesas investigam explos\u00e3o junto \u00e0 embaixada dos EUA em Oslo - Portal Tela Portugal\" \/>\n<meta property=\"og:description\" content=\"Explos\u00e3o forte ocorreu na madrugada de domingo junto \u00e0 embaixada dos EUA em Oslo, sem relatos de v\u00edtimas at\u00e9 ao momento. Ao local acorreram guardas, investigadores e servi\u00e7os de emerg\u00eancia; houve confirma\u00e7\u00e3o de danos menores na entrada consular. A \u00e1rea foi isolada pela pol\u00edcia para verificar a exist\u00eancia de objetos perigosos e identificar os autores. As autoridades indicam que ainda n\u00e3o h\u00e1 conclus\u00f5es sobre a autoria ou motiva\u00e7\u00f5es, mantendo a investiga\u00e7\u00e3o em curso. A-ministra da Justi\u00e7a considerou o incidente muito serio e afirmou que est\u00e1 a ser levado a s\u00e9rio; n\u00e3o h\u00e1 liga\u00e7\u00e3o confirmada com a guerra no Ir\u00e3o ou no M\u00e9dio Oriente.\" \/>\n<meta property=\"og:url\" content=\"https:\/\/portaltela.pt\/noticias\/2026\/03\/08\/autoridades-norueguesas-investigam-explosao-junto-a-embaixada-dos-eua-em-oslo\/\" \/>\n<meta property=\"og:site_name\" content=\"Portal Tela Portugal\" \/>\n<meta property=\"article:published_time\" content=\"2026-03-08T10:49:00+00:00\" \/>\n<meta name=\"author\" content=\"Telinha\" \/>\n<meta name=\"twitter:card\" content=\"summary_large_image\" \/>\n<meta name=\"twitter:label1\" content=\"Escrito por\" \/>\n\t<meta name=\"twitter:data1\" content=\"Telinha\" \/>\n\t<meta name=\"twitter:label2\" content=\"Tempo estimado de leitura\" \/>\n\t<meta name=\"twitter:data2\" content=\"1 minuto\" \/>\n<script type=\"application\/ld+json\" class=\"yoast-schema-graph\">{\"@context\":\"https:\/\/schema.org\",\"@graph\":[{\"@type\":\"Article\",\"@id\":\"https:\/\/portaltela.pt\/noticias\/2026\/03\/08\/autoridades-norueguesas-investigam-explosao-junto-a-embaixada-dos-eua-em-oslo\/#article\",\"isPartOf\":{\"@id\":\"https:\/\/portaltela.pt\/noticias\/2026\/03\/08\/autoridades-norueguesas-investigam-explosao-junto-a-embaixada-dos-eua-em-oslo\/\"},\"author\":{\"name\":\"Telinha\",\"@id\":\"https:\/\/portaltela.pt\/#\/schema\/person\/c4278d4a6028830caff9ee44b42d32ed\"},\"headline\":\"Autoridades norueguesas investigam explos\u00e3o junto \u00e0 embaixada dos EUA em Oslo\",\"datePublished\":\"2026-03-08T10:49:00+00:00\",\"mainEntityOfPage\":{\"@id\":\"https:\/\/portaltela.pt\/noticias\/2026\/03\/08\/autoridades-norueguesas-investigam-explosao-junto-a-embaixada-dos-eua-em-oslo\/\"},\"wordCount\":207,\"image\":{\"@id\":\"https:\/\/portaltela.pt\/noticias\/2026\/03\/08\/autoridades-norueguesas-investigam-explosao-junto-a-embaixada-dos-eua-em-oslo\/#primaryimage\"},\"thumbnailUrl\":\"https:\/\/portaltela.pt\/s.01k8rhncp4jt1\/2026\/03\/image-510.jpg\",\"keywords\":[\"embaixadas\",\"Estados Unidos\",\"explos\u00f5es\",\"incidentes internacionais\",\"prote\u00e7\u00e3o civil\",\"seguran\u00e7a p\u00fablica\"],\"articleSection\":[\"Seguran\u00e7a\"],\"inLanguage\":\"pt-PT\"},{\"@type\":\"WebPage\",\"@id\":\"https:\/\/portaltela.pt\/noticias\/2026\/03\/08\/autoridades-norueguesas-investigam-explosao-junto-a-embaixada-dos-eua-em-oslo\/\",\"url\":\"https:\/\/portaltela.pt\/noticias\/2026\/03\/08\/autoridades-norueguesas-investigam-explosao-junto-a-embaixada-dos-eua-em-oslo\/\",\"name\":\"Autoridades norueguesas investigam explos\u00e3o junto \u00e0 embaixada dos EUA em Oslo - Portal Tela Portugal\",\"isPartOf\":{\"@id\":\"https:\/\/portaltela.pt\/#website\"},\"primaryImageOfPage\":{\"@id\":\"https:\/\/portaltela.pt\/noticias\/2026\/03\/08\/autoridades-norueguesas-investigam-explosao-junto-a-embaixada-dos-eua-em-oslo\/#primaryimage\"},\"image\":{\"@id\":\"https:\/\/portaltela.pt\/noticias\/2026\/03\/08\/autoridades-norueguesas-investigam-explosao-junto-a-embaixada-dos-eua-em-oslo\/#primaryimage\"},\"thumbnailUrl\":\"https:\/\/portaltela.pt\/s.01k8rhncp4jt1\/2026\/03\/image-510.jpg\",\"datePublished\":\"2026-03-08T10:49:00+00:00\",\"author\":{\"@id\":\"https:\/\/portaltela.pt\/#\/schema\/person\/c4278d4a6028830caff9ee44b42d32ed\"},\"breadcrumb\":{\"@id\":\"https:\/\/portaltela.pt\/noticias\/2026\/03\/08\/autoridades-norueguesas-investigam-explosao-junto-a-embaixada-dos-eua-em-oslo\/#breadcrumb\"},\"inLanguage\":\"pt-PT\",\"potentialAction\":[{\"@type\":\"ReadAction\",\"target\":[\"https:\/\/portaltela.pt\/noticias\/2026\/03\/08\/autoridades-norueguesas-investigam-explosao-junto-a-embaixada-dos-eua-em-oslo\/\"]}]},{\"@type\":\"ImageObject\",\"inLanguage\":\"pt-PT\",\"@id\":\"https:\/\/portaltela.pt\/noticias\/2026\/03\/08\/autoridades-norueguesas-investigam-explosao-junto-a-embaixada-dos-eua-em-oslo\/#primaryimage\",\"url\":\"https:\/\/portaltela.pt\/s.01k8rhncp4jt1\/2026\/03\/image-510.jpg\",\"contentUrl\":\"https:\/\/portaltela.pt\/s.01k8rhncp4jt1\/2026\/03\/image-510.jpg\",\"width\":796,\"height\":448,\"caption\":\"At\u00e9 o momento, n\u00e3o foi relatada a exist\u00eancia de v\u00edtimas\"},{\"@type\":\"BreadcrumbList\",\"@id\":\"https:\/\/portaltela.pt\/noticias\/2026\/03\/08\/autoridades-norueguesas-investigam-explosao-junto-a-embaixada-dos-eua-em-oslo\/#breadcrumb\",\"itemListElement\":[{\"@type\":\"ListItem\",\"position\":1,\"name\":\"In\u00edcio\",\"item\":\"https:\/\/portaltela.pt\/\"},{\"@type\":\"ListItem\",\"position\":2,\"name\":\"Autoridades norueguesas investigam explos\u00e3o junto \u00e0 embaixada dos EUA em Oslo\"}]},{\"@type\":\"WebSite\",\"@id\":\"https:\/\/portaltela.pt\/#website\",\"url\":\"https:\/\/portaltela.pt\/\",\"name\":\"Portal Tela Portugal\",\"description\":\"\",\"potentialAction\":[{\"@type\":\"SearchAction\",\"target\":{\"@type\":\"EntryPoint\",\"urlTemplate\":\"https:\/\/portaltela.pt\/?s={search_term_string}\"},\"query-input\":{\"@type\":\"PropertyValueSpecification\",\"valueRequired\":true,\"valueName\":\"search_term_string\"}}],\"inLanguage\":\"pt-PT\"},{\"@type\":\"Person\",\"@id\":\"https:\/\/portaltela.pt\/#\/schema\/person\/c4278d4a6028830caff9ee44b42d32ed\",\"name\":\"Telinha\",\"image\":{\"@type\":\"ImageObject\",\"inLanguage\":\"pt-PT\",\"@id\":\"https:\/\/portaltela.pt\/s.01k8rhncp4jt1\/2025\/11\/talking-bot-125x125.png\",\"url\":\"https:\/\/portaltela.pt\/s.01k8rhncp4jt1\/2025\/11\/talking-bot-125x125.png\",\"contentUrl\":\"https:\/\/portaltela.pt\/s.01k8rhncp4jt1\/2025\/11\/talking-bot-125x125.png\",\"caption\":\"Telinha\"},\"sameAs\":[\"https:\/\/portaltela.pt\/\"],\"url\":\"https:\/\/portaltela.pt\/por\/367410592786\/\"}]}<\/script>\n<!-- \/ Yoast SEO plugin. -->","yoast_head_json":{"title":"Autoridades norueguesas investigam explos\u00e3o junto \u00e0 embaixada dos EUA em Oslo - Portal Tela Portugal","robots":{"index":"index","follow":"follow","max-snippet":"max-snippet:-1","max-image-preview":"max-image-preview:large","max-video-preview":"max-video-preview:-1"},"og_locale":"pt_PT","og_type":"article","og_title":"Autoridades norueguesas investigam explos\u00e3o junto \u00e0 embaixada dos EUA em Oslo - Portal Tela Portugal","og_description":"Explos\u00e3o forte ocorreu na madrugada de domingo junto \u00e0 embaixada dos EUA em Oslo, sem relatos de v\u00edtimas at\u00e9 ao momento. Ao local acorreram guardas, investigadores e servi\u00e7os de emerg\u00eancia; houve confirma\u00e7\u00e3o de danos menores na entrada consular. A \u00e1rea foi isolada pela pol\u00edcia para verificar a exist\u00eancia de objetos perigosos e identificar os autores. As autoridades indicam que ainda n\u00e3o h\u00e1 conclus\u00f5es sobre a autoria ou motiva\u00e7\u00f5es, mantendo a investiga\u00e7\u00e3o em curso. A-ministra da Justi\u00e7a considerou o incidente muito serio e afirmou que est\u00e1 a ser levado a s\u00e9rio; n\u00e3o h\u00e1 liga\u00e7\u00e3o confirmada com a guerra no Ir\u00e3o ou no M\u00e9dio Oriente.","og_url":"https:\/\/portaltela.pt\/noticias\/2026\/03\/08\/autoridades-norueguesas-investigam-explosao-junto-a-embaixada-dos-eua-em-oslo\/","og_site_name":"Portal Tela Portugal","article_published_time":"2026-03-08T10:49:00+00:00","author":"Telinha","twitter_card":"summary_large_image","twitter_misc":{"Escrito por":"Telinha","Tempo estimado de leitura":"1 minuto"},"schema":{"@context":"https:\/\/schema.org","@graph":[{"@type":"Article","@id":"https:\/\/portaltela.pt\/noticias\/2026\/03\/08\/autoridades-norueguesas-investigam-explosao-junto-a-embaixada-dos-eua-em-oslo\/#article","isPartOf":{"@id":"https:\/\/portaltela.pt\/noticias\/2026\/03\/08\/autoridades-norueguesas-investigam-explosao-junto-a-embaixada-dos-eua-em-oslo\/"},"author":{"name":"Telinha","@id":"https:\/\/portaltela.pt\/#\/schema\/person\/c4278d4a6028830caff9ee44b42d32ed"},"headline":"Autoridades norueguesas investigam explos\u00e3o junto \u00e0 embaixada dos EUA em Oslo","datePublished":"2026-03-08T10:49:00+00:00","mainEntityOfPage":{"@id":"https:\/\/portaltela.pt\/noticias\/2026\/03\/08\/autoridades-norueguesas-investigam-explosao-junto-a-embaixada-dos-eua-em-oslo\/"},"wordCount":207,"image":{"@id":"https:\/\/portaltela.pt\/noticias\/2026\/03\/08\/autoridades-norueguesas-investigam-explosao-junto-a-embaixada-dos-eua-em-oslo\/#primaryimage"},"thumbnailUrl":"https:\/\/portaltela.pt\/s.01k8rhncp4jt1\/2026\/03\/image-510.jpg","keywords":["embaixadas","Estados Unidos","explos\u00f5es","incidentes internacionais","prote\u00e7\u00e3o civil","seguran\u00e7a p\u00fablica"],"articleSection":["Seguran\u00e7a"],"inLanguage":"pt-PT"},{"@type":"WebPage","@id":"https:\/\/portaltela.pt\/noticias\/2026\/03\/08\/autoridades-norueguesas-investigam-explosao-junto-a-embaixada-dos-eua-em-oslo\/","url":"https:\/\/portaltela.pt\/noticias\/2026\/03\/08\/autoridades-norueguesas-investigam-explosao-junto-a-embaixada-dos-eua-em-oslo\/","name":"Autoridades norueguesas investigam explos\u00e3o junto \u00e0 embaixada dos EUA em Oslo - Portal Tela Portugal","isPartOf":{"@id":"https:\/\/portaltela.pt\/#website"},"primaryImageOfPage":{"@id":"https:\/\/portaltela.pt\/noticias\/2026\/03\/08\/autoridades-norueguesas-investigam-explosao-junto-a-embaixada-dos-eua-em-oslo\/#primaryimage"},"image":{"@id":"https:\/\/portaltela.pt\/noticias\/2026\/03\/08\/autoridades-norueguesas-investigam-explosao-junto-a-embaixada-dos-eua-em-oslo\/#primaryimage"},"thumbnailUrl":"https:\/\/portaltela.pt\/s.01k8rhncp4jt1\/2026\/03\/image-510.jpg","datePublished":"2026-03-08T10:49:00+00:00","author":{"@id":"https:\/\/portaltela.pt\/#\/schema\/person\/c4278d4a6028830caff9ee44b42d32ed"},"breadcrumb":{"@id":"https:\/\/portaltela.pt\/noticias\/2026\/03\/08\/autoridades-norueguesas-investigam-explosao-junto-a-embaixada-dos-eua-em-oslo\/#breadcrumb"},"inLanguage":"pt-PT","potentialAction":[{"@type":"ReadAction","target":["https:\/\/portaltela.pt\/noticias\/2026\/03\/08\/autoridades-norueguesas-investigam-explosao-junto-a-embaixada-dos-eua-em-oslo\/"]}]},{"@type":"ImageObject","inLanguage":"pt-PT","@id":"https:\/\/portaltela.pt\/noticias\/2026\/03\/08\/autoridades-norueguesas-investigam-explosao-junto-a-embaixada-dos-eua-em-oslo\/#primaryimage","url":"https:\/\/portaltela.pt\/s.01k8rhncp4jt1\/2026\/03\/image-510.jpg","contentUrl":"https:\/\/portaltela.pt\/s.01k8rhncp4jt1\/2026\/03\/image-510.jpg","width":796,"height":448,"caption":"At\u00e9 o momento, n\u00e3o foi relatada a exist\u00eancia de v\u00edtimas"},{"@type":"BreadcrumbList","@id":"https:\/\/portaltela.pt\/noticias\/2026\/03\/08\/autoridades-norueguesas-investigam-explosao-junto-a-embaixada-dos-eua-em-oslo\/#breadcrumb","itemListElement":[{"@type":"ListItem","position":1,"name":"In\u00edcio","item":"https:\/\/portaltela.pt\/"},{"@type":"ListItem","position":2,"name":"Autoridades norueguesas investigam explos\u00e3o junto \u00e0 embaixada dos EUA em Oslo"}]},{"@type":"WebSite","@id":"https:\/\/portaltela.pt\/#website","url":"https:\/\/portaltela.pt\/","name":"Portal Tela Portugal","description":"","potentialAction":[{"@type":"SearchAction","target":{"@type":"EntryPoint","urlTemplate":"https:\/\/portaltela.pt\/?s={search_term_string}"},"query-input":{"@type":"PropertyValueSpecification","valueRequired":true,"valueName":"search_term_string"}}],"inLanguage":"pt-PT"},{"@type":"Person","@id":"https:\/\/portaltela.pt\/#\/schema\/person\/c4278d4a6028830caff9ee44b42d32ed","name":"Telinha","image":{"@type":"ImageObject","inLanguage":"pt-PT","@id":"https:\/\/portaltela.pt\/s.01k8rhncp4jt1\/2025\/11\/talking-bot-125x125.png","url":"https:\/\/portaltela.pt\/s.01k8rhncp4jt1\/2025\/11\/talking-bot-125x125.png","contentUrl":"https:\/\/portaltela.pt\/s.01k8rhncp4jt1\/2025\/11\/talking-bot-125x125.png","caption":"Telinha"},"sameAs":["https:\/\/portaltela.pt\/"],"url":"https:\/\/portaltela.pt\/por\/367410592786\/"}]}},"_links":{"self":[{"href":"https:\/\/portaltela.pt\/api\/wp\/v2\/posts\/402169","targetHints":{"allow":["GET"]}}],"collection":[{"href":"https:\/\/portaltela.pt\/api\/wp\/v2\/posts"}],"about":[{"href":"https:\/\/portaltela.pt\/api\/wp\/v2\/types\/post"}],"author":[{"embeddable":true,"href":"https:\/\/portaltela.pt\/api\/wp\/v2\/users\/2"}],"replies":[{"embeddable":true,"href":"https:\/\/portaltela.pt\/api\/wp\/v2\/comments?post=402169"}],"version-history":[{"count":0,"href":"https:\/\/portaltela.pt\/api\/wp\/v2\/posts\/402169\/revisions"}],"wp:featuredmedia":[{"embeddable":true,"href":"https:\/\/portaltela.pt\/api\/wp\/v2\/media\/402172"}],"wp:attachment":[{"href":"https:\/\/portaltela.pt\/api\/wp\/v2\/media?parent=402169"}],"wp:term":[{"taxonomy":"category","embeddable":true,"href":"https:\/\/portaltela.pt\/api\/wp\/v2\/categories?post=402169"},{"taxonomy":"post_tag","embeddable":true,"href":"https:\/\/portaltela.pt\/api\/wp\/v2\/tags?post=402169"}],"curies":[{"name":"wp","href":"https:\/\/api.w.org\/{rel}","templated":true}]}}