{"id":402159,"date":"2026-03-08T08:02:09","date_gmt":"2026-03-08T11:02:09","guid":{"rendered":"https:\/\/portaltela.pt\/noticias\/2026\/03\/08\/ex-enfermeira-homicida-deportada-por-imigracao-ilegal\/"},"modified":"2026-03-08T08:02:09","modified_gmt":"2026-03-08T11:02:09","slug":"ex-enfermeira-homicida-deportada-por-imigracao-ilegal","status":"publish","type":"post","link":"https:\/\/portaltela.pt\/noticias\/2026\/03\/08\/ex-enfermeira-homicida-deportada-por-imigracao-ilegal\/","title":{"rendered":"Ex-enfermeira homicida deportada por imigra\u00e7\u00e3o ilegal"},"content":{"rendered":"<p>Uma ex-enfermeira foi deportada da Indon\u00e9sia, alegadamente ap\u00f3s entrar no pa\u00eds como turista e exercer trabalho de forma clandestina. A informa\u00e7\u00e3o foi avan\u00e7ada pelo CM, com detalhes apresentados pela rep\u00f3rter T\u00e2nia Laranjo.<\/p>\n<p>Segundo a jornalista, o caso envolve uma mulher identificada pelo ve\u00edculo de comunica\u00e7\u00e3o, que entrou na Indon\u00e9sia com estatuto de visitante, mas permaneceu a trabalhar sem autoriza\u00e7\u00e3o. A deporta\u00e7\u00e3o ocorreu no \u00e2mbito de controlo migrat\u00f3rio e de fiscaliza\u00e7\u00e3o de atividades no territ\u00f3rio.<\/p>\n<p>A reportagem do CM destaca que o epis\u00f3dio coloca em foco quest\u00f5es de irregularidade migrat\u00f3ria e de reconhecimentos profissionais quando o contexto legal n\u00e3o \u00e9 cumprido. O que est\u00e1, afinal, em causa \u00e9 a legalidade da perman\u00eancia e da atividade exercida.<\/p>\n<h3>Situa\u00e7\u00e3o e contexto<\/h3>\n<ul>\n<li>A autoridade fronteiri\u00e7a indon\u00e9sia confirmou a a\u00e7\u00e3o de repatria\u00e7\u00e3o, sem detalhes adicionais sobre o caso.<\/li>\n<li>A narrativa do CM aponta para impactos nos procedimentos de vigil\u00e2ncia de estrangeiros em atividades laborais n\u00e3o autorizadas.<\/li>\n<li>Mant\u00eam-se informa\u00e7\u00f5es limitadas quanto a acusa\u00e7\u00f5es formais, prazos de deporta\u00e7\u00e3o e eventuais desdobramentos legais.<\/li>\n<\/ul>\n","protected":false},"excerpt":{"rendered":"<ul>\n<li>Mariana, antiga enfermeira, foi deportada da Indon\u00e9sia por trabalhar sem autoriza\u00e7\u00e3o.<\/li>\n<li>Ela entrou no pa\u00eds a turismo e desempenhava atividade profissional de forma clandestina.<\/li>\n<li>A medida de expuls\u00e3o enquadra-se em infra\u00e7\u00e3o migrat\u00f3ria.<\/li>\n<li>A explica\u00e7\u00e3o sobre o que est\u00e1 em causa fica a cargo da jornalista T\u00e2nia Laranjo, do CM.<\/li>\n<li>O caso envolve quest\u00f5es legais e migrat\u00f3rias relacionadas com a entrada e perman\u00eancia no pa\u00eds.<\/li>\n<\/ul>\n","protected":false},"author":2,"featured_media":402163,"comment_status":"closed","ping_status":"closed","sticky":false,"template":"","format":"standard","meta":{"footnotes":""},"categories":[1],"tags":[4081,4308,712,6612,4425,2201],"class_list":["post-402159","post","type-post","status-publish","format-standard","has-post-thumbnail","hentry","category-noticias","tag-deportacoes","tag-enfermeiros","tag-imigracao","tag-imigracao-internacional","tag-profissionais-de-saude","tag-trabalho"],"yoast_head":"<!-- This site is optimized with the Yoast SEO plugin v27.2 - https:\/\/yoast.com\/product\/yoast-seo-wordpress\/ -->\n<title>Ex-enfermeira homicida deportada por imigra\u00e7\u00e3o ilegal - Portal Tela Portugal<\/title>\n<meta name=\"robots\" content=\"index, follow, max-snippet:-1, max-image-preview:large, max-video-preview:-1\" \/>\n<meta property=\"og:locale\" content=\"pt_PT\" \/>\n<meta property=\"og:type\" content=\"article\" \/>\n<meta property=\"og:title\" content=\"Ex-enfermeira homicida deportada por imigra\u00e7\u00e3o ilegal - Portal Tela Portugal\" \/>\n<meta property=\"og:description\" content=\"Mariana, antiga enfermeira, foi deportada da Indon\u00e9sia por trabalhar sem autoriza\u00e7\u00e3o. Ela entrou no pa\u00eds a turismo e desempenhava atividade profissional de forma clandestina. A medida de expuls\u00e3o enquadra-se em infra\u00e7\u00e3o migrat\u00f3ria. A explica\u00e7\u00e3o sobre o que est\u00e1 em causa fica a cargo da jornalista T\u00e2nia Laranjo, do CM. O caso envolve quest\u00f5es legais e migrat\u00f3rias relacionadas com a entrada e perman\u00eancia no pa\u00eds.\" \/>\n<meta property=\"og:url\" content=\"https:\/\/portaltela.pt\/noticias\/2026\/03\/08\/ex-enfermeira-homicida-deportada-por-imigracao-ilegal\/\" \/>\n<meta property=\"og:site_name\" content=\"Portal Tela Portugal\" \/>\n<meta property=\"article:published_time\" content=\"2026-03-08T11:02:09+00:00\" \/>\n<meta name=\"author\" content=\"Telinha\" \/>\n<meta name=\"twitter:card\" content=\"summary_large_image\" \/>\n<meta name=\"twitter:label1\" content=\"Escrito por\" \/>\n\t<meta name=\"twitter:data1\" content=\"Telinha\" \/>\n\t<meta name=\"twitter:label2\" content=\"Tempo estimado de leitura\" \/>\n\t<meta name=\"twitter:data2\" content=\"1 minuto\" \/>\n<script type=\"application\/ld+json\" class=\"yoast-schema-graph\">{\"@context\":\"https:\/\/schema.org\",\"@graph\":[{\"@type\":\"Article\",\"@id\":\"https:\/\/portaltela.pt\/noticias\/2026\/03\/08\/ex-enfermeira-homicida-deportada-por-imigracao-ilegal\/#article\",\"isPartOf\":{\"@id\":\"https:\/\/portaltela.pt\/noticias\/2026\/03\/08\/ex-enfermeira-homicida-deportada-por-imigracao-ilegal\/\"},\"author\":{\"name\":\"Telinha\",\"@id\":\"https:\/\/portaltela.pt\/#\/schema\/person\/c4278d4a6028830caff9ee44b42d32ed\"},\"headline\":\"Ex-enfermeira homicida deportada por imigra\u00e7\u00e3o ilegal\",\"datePublished\":\"2026-03-08T11:02:09+00:00\",\"mainEntityOfPage\":{\"@id\":\"https:\/\/portaltela.pt\/noticias\/2026\/03\/08\/ex-enfermeira-homicida-deportada-por-imigracao-ilegal\/\"},\"wordCount\":201,\"image\":{\"@id\":\"https:\/\/portaltela.pt\/noticias\/2026\/03\/08\/ex-enfermeira-homicida-deportada-por-imigracao-ilegal\/#primaryimage\"},\"thumbnailUrl\":\"https:\/\/portaltela.pt\/s.01k8rhncp4jt1\/2026\/03\/img_1280x722uu2026-03-08-10-40-22-2271048.jpg\",\"keywords\":[\"deporta\u00e7\u00f5es\",\"enfermeiros\",\"imigra\u00e7\u00e3o\",\"imigra\u00e7\u00e3o internacional\",\"profissionais de sa\u00fade\",\"trabalho\"],\"articleSection\":[\"Not\u00edcias\"],\"inLanguage\":\"pt-PT\"},{\"@type\":\"WebPage\",\"@id\":\"https:\/\/portaltela.pt\/noticias\/2026\/03\/08\/ex-enfermeira-homicida-deportada-por-imigracao-ilegal\/\",\"url\":\"https:\/\/portaltela.pt\/noticias\/2026\/03\/08\/ex-enfermeira-homicida-deportada-por-imigracao-ilegal\/\",\"name\":\"Ex-enfermeira homicida deportada por imigra\u00e7\u00e3o ilegal - Portal Tela Portugal\",\"isPartOf\":{\"@id\":\"https:\/\/portaltela.pt\/#website\"},\"primaryImageOfPage\":{\"@id\":\"https:\/\/portaltela.pt\/noticias\/2026\/03\/08\/ex-enfermeira-homicida-deportada-por-imigracao-ilegal\/#primaryimage\"},\"image\":{\"@id\":\"https:\/\/portaltela.pt\/noticias\/2026\/03\/08\/ex-enfermeira-homicida-deportada-por-imigracao-ilegal\/#primaryimage\"},\"thumbnailUrl\":\"https:\/\/portaltela.pt\/s.01k8rhncp4jt1\/2026\/03\/img_1280x722uu2026-03-08-10-40-22-2271048.jpg\",\"datePublished\":\"2026-03-08T11:02:09+00:00\",\"author\":{\"@id\":\"https:\/\/portaltela.pt\/#\/schema\/person\/c4278d4a6028830caff9ee44b42d32ed\"},\"breadcrumb\":{\"@id\":\"https:\/\/portaltela.pt\/noticias\/2026\/03\/08\/ex-enfermeira-homicida-deportada-por-imigracao-ilegal\/#breadcrumb\"},\"inLanguage\":\"pt-PT\",\"potentialAction\":[{\"@type\":\"ReadAction\",\"target\":[\"https:\/\/portaltela.pt\/noticias\/2026\/03\/08\/ex-enfermeira-homicida-deportada-por-imigracao-ilegal\/\"]}]},{\"@type\":\"ImageObject\",\"inLanguage\":\"pt-PT\",\"@id\":\"https:\/\/portaltela.pt\/noticias\/2026\/03\/08\/ex-enfermeira-homicida-deportada-por-imigracao-ilegal\/#primaryimage\",\"url\":\"https:\/\/portaltela.pt\/s.01k8rhncp4jt1\/2026\/03\/img_1280x722uu2026-03-08-10-40-22-2271048.jpg\",\"contentUrl\":\"https:\/\/portaltela.pt\/s.01k8rhncp4jt1\/2026\/03\/img_1280x722uu2026-03-08-10-40-22-2271048.jpg\",\"width\":796,\"height\":448,\"caption\":\"Ex-enfermeira homicida deportada como ilegal\"},{\"@type\":\"BreadcrumbList\",\"@id\":\"https:\/\/portaltela.pt\/noticias\/2026\/03\/08\/ex-enfermeira-homicida-deportada-por-imigracao-ilegal\/#breadcrumb\",\"itemListElement\":[{\"@type\":\"ListItem\",\"position\":1,\"name\":\"In\u00edcio\",\"item\":\"https:\/\/portaltela.pt\/\"},{\"@type\":\"ListItem\",\"position\":2,\"name\":\"Ex-enfermeira homicida deportada por imigra\u00e7\u00e3o ilegal\"}]},{\"@type\":\"WebSite\",\"@id\":\"https:\/\/portaltela.pt\/#website\",\"url\":\"https:\/\/portaltela.pt\/\",\"name\":\"Portal Tela Portugal\",\"description\":\"\",\"potentialAction\":[{\"@type\":\"SearchAction\",\"target\":{\"@type\":\"EntryPoint\",\"urlTemplate\":\"https:\/\/portaltela.pt\/?s={search_term_string}\"},\"query-input\":{\"@type\":\"PropertyValueSpecification\",\"valueRequired\":true,\"valueName\":\"search_term_string\"}}],\"inLanguage\":\"pt-PT\"},{\"@type\":\"Person\",\"@id\":\"https:\/\/portaltela.pt\/#\/schema\/person\/c4278d4a6028830caff9ee44b42d32ed\",\"name\":\"Telinha\",\"image\":{\"@type\":\"ImageObject\",\"inLanguage\":\"pt-PT\",\"@id\":\"https:\/\/portaltela.pt\/s.01k8rhncp4jt1\/2025\/11\/talking-bot-125x125.png\",\"url\":\"https:\/\/portaltela.pt\/s.01k8rhncp4jt1\/2025\/11\/talking-bot-125x125.png\",\"contentUrl\":\"https:\/\/portaltela.pt\/s.01k8rhncp4jt1\/2025\/11\/talking-bot-125x125.png\",\"caption\":\"Telinha\"},\"sameAs\":[\"https:\/\/portaltela.pt\/\"],\"url\":\"https:\/\/portaltela.pt\/por\/367410592786\/\"}]}<\/script>\n<!-- \/ Yoast SEO plugin. -->","yoast_head_json":{"title":"Ex-enfermeira homicida deportada por imigra\u00e7\u00e3o ilegal - Portal Tela Portugal","robots":{"index":"index","follow":"follow","max-snippet":"max-snippet:-1","max-image-preview":"max-image-preview:large","max-video-preview":"max-video-preview:-1"},"og_locale":"pt_PT","og_type":"article","og_title":"Ex-enfermeira homicida deportada por imigra\u00e7\u00e3o ilegal - Portal Tela Portugal","og_description":"Mariana, antiga enfermeira, foi deportada da Indon\u00e9sia por trabalhar sem autoriza\u00e7\u00e3o. Ela entrou no pa\u00eds a turismo e desempenhava atividade profissional de forma clandestina. A medida de expuls\u00e3o enquadra-se em infra\u00e7\u00e3o migrat\u00f3ria. A explica\u00e7\u00e3o sobre o que est\u00e1 em causa fica a cargo da jornalista T\u00e2nia Laranjo, do CM. O caso envolve quest\u00f5es legais e migrat\u00f3rias relacionadas com a entrada e perman\u00eancia no pa\u00eds.","og_url":"https:\/\/portaltela.pt\/noticias\/2026\/03\/08\/ex-enfermeira-homicida-deportada-por-imigracao-ilegal\/","og_site_name":"Portal Tela Portugal","article_published_time":"2026-03-08T11:02:09+00:00","author":"Telinha","twitter_card":"summary_large_image","twitter_misc":{"Escrito por":"Telinha","Tempo estimado de leitura":"1 minuto"},"schema":{"@context":"https:\/\/schema.org","@graph":[{"@type":"Article","@id":"https:\/\/portaltela.pt\/noticias\/2026\/03\/08\/ex-enfermeira-homicida-deportada-por-imigracao-ilegal\/#article","isPartOf":{"@id":"https:\/\/portaltela.pt\/noticias\/2026\/03\/08\/ex-enfermeira-homicida-deportada-por-imigracao-ilegal\/"},"author":{"name":"Telinha","@id":"https:\/\/portaltela.pt\/#\/schema\/person\/c4278d4a6028830caff9ee44b42d32ed"},"headline":"Ex-enfermeira homicida deportada por imigra\u00e7\u00e3o ilegal","datePublished":"2026-03-08T11:02:09+00:00","mainEntityOfPage":{"@id":"https:\/\/portaltela.pt\/noticias\/2026\/03\/08\/ex-enfermeira-homicida-deportada-por-imigracao-ilegal\/"},"wordCount":201,"image":{"@id":"https:\/\/portaltela.pt\/noticias\/2026\/03\/08\/ex-enfermeira-homicida-deportada-por-imigracao-ilegal\/#primaryimage"},"thumbnailUrl":"https:\/\/portaltela.pt\/s.01k8rhncp4jt1\/2026\/03\/img_1280x722uu2026-03-08-10-40-22-2271048.jpg","keywords":["deporta\u00e7\u00f5es","enfermeiros","imigra\u00e7\u00e3o","imigra\u00e7\u00e3o internacional","profissionais de sa\u00fade","trabalho"],"articleSection":["Not\u00edcias"],"inLanguage":"pt-PT"},{"@type":"WebPage","@id":"https:\/\/portaltela.pt\/noticias\/2026\/03\/08\/ex-enfermeira-homicida-deportada-por-imigracao-ilegal\/","url":"https:\/\/portaltela.pt\/noticias\/2026\/03\/08\/ex-enfermeira-homicida-deportada-por-imigracao-ilegal\/","name":"Ex-enfermeira homicida deportada por imigra\u00e7\u00e3o ilegal - Portal Tela Portugal","isPartOf":{"@id":"https:\/\/portaltela.pt\/#website"},"primaryImageOfPage":{"@id":"https:\/\/portaltela.pt\/noticias\/2026\/03\/08\/ex-enfermeira-homicida-deportada-por-imigracao-ilegal\/#primaryimage"},"image":{"@id":"https:\/\/portaltela.pt\/noticias\/2026\/03\/08\/ex-enfermeira-homicida-deportada-por-imigracao-ilegal\/#primaryimage"},"thumbnailUrl":"https:\/\/portaltela.pt\/s.01k8rhncp4jt1\/2026\/03\/img_1280x722uu2026-03-08-10-40-22-2271048.jpg","datePublished":"2026-03-08T11:02:09+00:00","author":{"@id":"https:\/\/portaltela.pt\/#\/schema\/person\/c4278d4a6028830caff9ee44b42d32ed"},"breadcrumb":{"@id":"https:\/\/portaltela.pt\/noticias\/2026\/03\/08\/ex-enfermeira-homicida-deportada-por-imigracao-ilegal\/#breadcrumb"},"inLanguage":"pt-PT","potentialAction":[{"@type":"ReadAction","target":["https:\/\/portaltela.pt\/noticias\/2026\/03\/08\/ex-enfermeira-homicida-deportada-por-imigracao-ilegal\/"]}]},{"@type":"ImageObject","inLanguage":"pt-PT","@id":"https:\/\/portaltela.pt\/noticias\/2026\/03\/08\/ex-enfermeira-homicida-deportada-por-imigracao-ilegal\/#primaryimage","url":"https:\/\/portaltela.pt\/s.01k8rhncp4jt1\/2026\/03\/img_1280x722uu2026-03-08-10-40-22-2271048.jpg","contentUrl":"https:\/\/portaltela.pt\/s.01k8rhncp4jt1\/2026\/03\/img_1280x722uu2026-03-08-10-40-22-2271048.jpg","width":796,"height":448,"caption":"Ex-enfermeira homicida deportada como ilegal"},{"@type":"BreadcrumbList","@id":"https:\/\/portaltela.pt\/noticias\/2026\/03\/08\/ex-enfermeira-homicida-deportada-por-imigracao-ilegal\/#breadcrumb","itemListElement":[{"@type":"ListItem","position":1,"name":"In\u00edcio","item":"https:\/\/portaltela.pt\/"},{"@type":"ListItem","position":2,"name":"Ex-enfermeira homicida deportada por imigra\u00e7\u00e3o ilegal"}]},{"@type":"WebSite","@id":"https:\/\/portaltela.pt\/#website","url":"https:\/\/portaltela.pt\/","name":"Portal Tela Portugal","description":"","potentialAction":[{"@type":"SearchAction","target":{"@type":"EntryPoint","urlTemplate":"https:\/\/portaltela.pt\/?s={search_term_string}"},"query-input":{"@type":"PropertyValueSpecification","valueRequired":true,"valueName":"search_term_string"}}],"inLanguage":"pt-PT"},{"@type":"Person","@id":"https:\/\/portaltela.pt\/#\/schema\/person\/c4278d4a6028830caff9ee44b42d32ed","name":"Telinha","image":{"@type":"ImageObject","inLanguage":"pt-PT","@id":"https:\/\/portaltela.pt\/s.01k8rhncp4jt1\/2025\/11\/talking-bot-125x125.png","url":"https:\/\/portaltela.pt\/s.01k8rhncp4jt1\/2025\/11\/talking-bot-125x125.png","contentUrl":"https:\/\/portaltela.pt\/s.01k8rhncp4jt1\/2025\/11\/talking-bot-125x125.png","caption":"Telinha"},"sameAs":["https:\/\/portaltela.pt\/"],"url":"https:\/\/portaltela.pt\/por\/367410592786\/"}]}},"_links":{"self":[{"href":"https:\/\/portaltela.pt\/api\/wp\/v2\/posts\/402159","targetHints":{"allow":["GET"]}}],"collection":[{"href":"https:\/\/portaltela.pt\/api\/wp\/v2\/posts"}],"about":[{"href":"https:\/\/portaltela.pt\/api\/wp\/v2\/types\/post"}],"author":[{"embeddable":true,"href":"https:\/\/portaltela.pt\/api\/wp\/v2\/users\/2"}],"replies":[{"embeddable":true,"href":"https:\/\/portaltela.pt\/api\/wp\/v2\/comments?post=402159"}],"version-history":[{"count":0,"href":"https:\/\/portaltela.pt\/api\/wp\/v2\/posts\/402159\/revisions"}],"wp:featuredmedia":[{"embeddable":true,"href":"https:\/\/portaltela.pt\/api\/wp\/v2\/media\/402163"}],"wp:attachment":[{"href":"https:\/\/portaltela.pt\/api\/wp\/v2\/media?parent=402159"}],"wp:term":[{"taxonomy":"category","embeddable":true,"href":"https:\/\/portaltela.pt\/api\/wp\/v2\/categories?post=402159"},{"taxonomy":"post_tag","embeddable":true,"href":"https:\/\/portaltela.pt\/api\/wp\/v2\/tags?post=402159"}],"curies":[{"name":"wp","href":"https:\/\/api.w.org\/{rel}","templated":true}]}}