{"id":402133,"date":"2026-03-08T07:43:26","date_gmt":"2026-03-08T10:43:26","guid":{"rendered":"https:\/\/portaltela.pt\/noticias\/2026\/03\/08\/psd-propoe-validacao-medica-para-decisoes-de-saude\/"},"modified":"2026-03-08T07:43:26","modified_gmt":"2026-03-08T10:43:26","slug":"psd-propoe-validacao-medica-para-decisoes-de-saude","status":"publish","type":"post","link":"https:\/\/portaltela.pt\/noticias\/2026\/03\/08\/psd-propoe-validacao-medica-para-decisoes-de-saude\/","title":{"rendered":"PSD prop\u00f5e valida\u00e7\u00e3o m\u00e9dica para decis\u00f5es de sa\u00fade"},"content":{"rendered":"<p>O PSD apresentou no Parlamento um diploma para alterar o regime jur\u00eddico de mudan\u00e7a de sexo e de nome pr\u00f3prio no registo civil, restaurando a valida\u00e7\u00e3o m\u00e9dica no processo. A proposta visa reintroduzir requisitos cl\u00ednicos para atualizar dados de identidade.<\/p>\n<p>O diploma repercute-se numa tentativa de alterar a normativa vigente, que n\u00e3o exige valida\u00e7\u00e3o m\u00e9dica para a mudan\u00e7a de sexo ou de nome em muitos regimes consagrados. O objetivo \u00e9 tornar o processo mais r\u00edgido, com avalia\u00e7\u00e3o cl\u00ednica obrigat\u00f3ria.<\/p>\n<p>O deputado Bruno Vitorino, do PSD, pediu publicamente a retirada da iniciativa, manifestando diverg\u00eancia interna dentro do partido. A posi\u00e7\u00e3o foi anunciada pouco ap\u00f3s a entrega do diploma no plen\u00e1rio.<\/p>\n<p>Ainda n\u00e3o foi anunciada uma data para discuss\u00e3o formal da proposta, nem para eventual vota\u00e7\u00e3o. O parlamento continua a analisar a viabilidade t\u00e9cnica e jur\u00eddica da mudan\u00e7a de regime no registo civil.<\/p>\n<h3>Contexto da proposta<\/h3>\n<p>A inici\u00e1tica de reintroduzir valida\u00e7\u00e3o m\u00e9dica surge num debate em torno dos requisitos para altera\u00e7\u00f5es de identifica\u00e7\u00e3o legal. A medida contrasta com pr\u00e1ticas que simplificam o processo de mudan\u00e7a de sexo e de nome, em regimes de alguns pa\u00edses.<\/p>\n","protected":false},"excerpt":{"rendered":"<ul>\n<li>O PSD entregou no parlamento um diploma para alterar o regime jur\u00eddico de mudan\u00e7a de sexo e de nome pr\u00f3prio no registo civil.<\/li>\n<li>A proposta pretende voltar a exigir valida\u00e7\u00e3o m\u00e9dica para a mudan\u00e7a de sexo.<\/li>\n<li>O deputado Bruno Vitorino, do PSD, pediu j\u00e1 a retirada do diploma.<\/li>\n<li>A iniciativa visa modificar os procedimentos de registo civil relacionados com o nome e o sexo.<\/li>\n<li>N\u00e3o h\u00e1 indica\u00e7\u00e3o de vota\u00e7\u00e3o ou implementa\u00e7\u00e3o; trata-se da apresenta\u00e7\u00e3o da medida.<\/li>\n<\/ul>\n","protected":false},"author":2,"featured_media":402134,"comment_status":"closed","ping_status":"closed","sticky":false,"template":"","format":"standard","meta":{"footnotes":""},"categories":[6815,1],"tags":[6178,3254,6337,2633,6391,2832],"class_list":["post-402133","post","type-post","status-publish","format-standard","has-post-thumbnail","hentry","category-justica","category-noticias","tag-assuntos-constitucionais","tag-constitucionalistas","tag-direito","tag-direitos-humanos","tag-identidade-de-genero-desafios-na-atualidade","tag-politica"],"yoast_head":"<!-- This site is optimized with the Yoast SEO plugin v27.2 - https:\/\/yoast.com\/product\/yoast-seo-wordpress\/ -->\n<title>PSD prop\u00f5e valida\u00e7\u00e3o m\u00e9dica para decis\u00f5es de sa\u00fade - Portal Tela Portugal<\/title>\n<meta name=\"robots\" content=\"index, follow, max-snippet:-1, max-image-preview:large, max-video-preview:-1\" \/>\n<meta property=\"og:locale\" content=\"pt_PT\" \/>\n<meta property=\"og:type\" content=\"article\" \/>\n<meta property=\"og:title\" content=\"PSD prop\u00f5e valida\u00e7\u00e3o m\u00e9dica para decis\u00f5es de sa\u00fade - Portal Tela Portugal\" \/>\n<meta property=\"og:description\" content=\"O PSD entregou no parlamento um diploma para alterar o regime jur\u00eddico de mudan\u00e7a de sexo e de nome pr\u00f3prio no registo civil. A proposta pretende voltar a exigir valida\u00e7\u00e3o m\u00e9dica para a mudan\u00e7a de sexo. O deputado Bruno Vitorino, do PSD, pediu j\u00e1 a retirada do diploma. A iniciativa visa modificar os procedimentos de registo civil relacionados com o nome e o sexo. N\u00e3o h\u00e1 indica\u00e7\u00e3o de vota\u00e7\u00e3o ou implementa\u00e7\u00e3o; trata-se da apresenta\u00e7\u00e3o da medida.\" \/>\n<meta property=\"og:url\" content=\"https:\/\/portaltela.pt\/noticias\/2026\/03\/08\/psd-propoe-validacao-medica-para-decisoes-de-saude\/\" \/>\n<meta property=\"og:site_name\" content=\"Portal Tela Portugal\" \/>\n<meta property=\"article:published_time\" content=\"2026-03-08T10:43:26+00:00\" \/>\n<meta name=\"author\" content=\"Telinha\" \/>\n<meta name=\"twitter:card\" content=\"summary_large_image\" \/>\n<meta name=\"twitter:label1\" content=\"Escrito por\" \/>\n\t<meta name=\"twitter:data1\" content=\"Telinha\" \/>\n\t<meta name=\"twitter:label2\" content=\"Tempo estimado de leitura\" \/>\n\t<meta name=\"twitter:data2\" content=\"1 minuto\" \/>\n<script type=\"application\/ld+json\" class=\"yoast-schema-graph\">{\"@context\":\"https:\/\/schema.org\",\"@graph\":[{\"@type\":\"Article\",\"@id\":\"https:\/\/portaltela.pt\/noticias\/2026\/03\/08\/psd-propoe-validacao-medica-para-decisoes-de-saude\/#article\",\"isPartOf\":{\"@id\":\"https:\/\/portaltela.pt\/noticias\/2026\/03\/08\/psd-propoe-validacao-medica-para-decisoes-de-saude\/\"},\"author\":{\"name\":\"Telinha\",\"@id\":\"https:\/\/portaltela.pt\/#\/schema\/person\/c4278d4a6028830caff9ee44b42d32ed\"},\"headline\":\"PSD prop\u00f5e valida\u00e7\u00e3o m\u00e9dica para decis\u00f5es de sa\u00fade\",\"datePublished\":\"2026-03-08T10:43:26+00:00\",\"mainEntityOfPage\":{\"@id\":\"https:\/\/portaltela.pt\/noticias\/2026\/03\/08\/psd-propoe-validacao-medica-para-decisoes-de-saude\/\"},\"wordCount\":227,\"image\":{\"@id\":\"https:\/\/portaltela.pt\/noticias\/2026\/03\/08\/psd-propoe-validacao-medica-para-decisoes-de-saude\/#primaryimage\"},\"thumbnailUrl\":\"https:\/\/portaltela.pt\/s.01k8rhncp4jt1\/2026\/03\/img_1500x1000uu2023-01-26-17-58-46-1264795.jpg\",\"keywords\":[\"Assuntos Constitucionais\",\"Constitucionalistas\",\"direito\",\"direitos humanos\",\"Identidade de g\u00e9nero \u2013 Desafios na Atualidade\",\"pol\u00edtica\"],\"articleSection\":[\"Justi\u00e7a\",\"Not\u00edcias\"],\"inLanguage\":\"pt-PT\"},{\"@type\":\"WebPage\",\"@id\":\"https:\/\/portaltela.pt\/noticias\/2026\/03\/08\/psd-propoe-validacao-medica-para-decisoes-de-saude\/\",\"url\":\"https:\/\/portaltela.pt\/noticias\/2026\/03\/08\/psd-propoe-validacao-medica-para-decisoes-de-saude\/\",\"name\":\"PSD prop\u00f5e valida\u00e7\u00e3o m\u00e9dica para decis\u00f5es de sa\u00fade - Portal Tela Portugal\",\"isPartOf\":{\"@id\":\"https:\/\/portaltela.pt\/#website\"},\"primaryImageOfPage\":{\"@id\":\"https:\/\/portaltela.pt\/noticias\/2026\/03\/08\/psd-propoe-validacao-medica-para-decisoes-de-saude\/#primaryimage\"},\"image\":{\"@id\":\"https:\/\/portaltela.pt\/noticias\/2026\/03\/08\/psd-propoe-validacao-medica-para-decisoes-de-saude\/#primaryimage\"},\"thumbnailUrl\":\"https:\/\/portaltela.pt\/s.01k8rhncp4jt1\/2026\/03\/img_1500x1000uu2023-01-26-17-58-46-1264795.jpg\",\"datePublished\":\"2026-03-08T10:43:26+00:00\",\"author\":{\"@id\":\"https:\/\/portaltela.pt\/#\/schema\/person\/c4278d4a6028830caff9ee44b42d32ed\"},\"breadcrumb\":{\"@id\":\"https:\/\/portaltela.pt\/noticias\/2026\/03\/08\/psd-propoe-validacao-medica-para-decisoes-de-saude\/#breadcrumb\"},\"inLanguage\":\"pt-PT\",\"potentialAction\":[{\"@type\":\"ReadAction\",\"target\":[\"https:\/\/portaltela.pt\/noticias\/2026\/03\/08\/psd-propoe-validacao-medica-para-decisoes-de-saude\/\"]}]},{\"@type\":\"ImageObject\",\"inLanguage\":\"pt-PT\",\"@id\":\"https:\/\/portaltela.pt\/noticias\/2026\/03\/08\/psd-propoe-validacao-medica-para-decisoes-de-saude\/#primaryimage\",\"url\":\"https:\/\/portaltela.pt\/s.01k8rhncp4jt1\/2026\/03\/img_1500x1000uu2023-01-26-17-58-46-1264795.jpg\",\"contentUrl\":\"https:\/\/portaltela.pt\/s.01k8rhncp4jt1\/2026\/03\/img_1500x1000uu2023-01-26-17-58-46-1264795.jpg\",\"width\":796,\"height\":448,\"caption\":\"M\u00e9dicos\"},{\"@type\":\"BreadcrumbList\",\"@id\":\"https:\/\/portaltela.pt\/noticias\/2026\/03\/08\/psd-propoe-validacao-medica-para-decisoes-de-saude\/#breadcrumb\",\"itemListElement\":[{\"@type\":\"ListItem\",\"position\":1,\"name\":\"In\u00edcio\",\"item\":\"https:\/\/portaltela.pt\/\"},{\"@type\":\"ListItem\",\"position\":2,\"name\":\"PSD prop\u00f5e valida\u00e7\u00e3o m\u00e9dica para decis\u00f5es de sa\u00fade\"}]},{\"@type\":\"WebSite\",\"@id\":\"https:\/\/portaltela.pt\/#website\",\"url\":\"https:\/\/portaltela.pt\/\",\"name\":\"Portal Tela Portugal\",\"description\":\"\",\"potentialAction\":[{\"@type\":\"SearchAction\",\"target\":{\"@type\":\"EntryPoint\",\"urlTemplate\":\"https:\/\/portaltela.pt\/?s={search_term_string}\"},\"query-input\":{\"@type\":\"PropertyValueSpecification\",\"valueRequired\":true,\"valueName\":\"search_term_string\"}}],\"inLanguage\":\"pt-PT\"},{\"@type\":\"Person\",\"@id\":\"https:\/\/portaltela.pt\/#\/schema\/person\/c4278d4a6028830caff9ee44b42d32ed\",\"name\":\"Telinha\",\"image\":{\"@type\":\"ImageObject\",\"inLanguage\":\"pt-PT\",\"@id\":\"https:\/\/portaltela.pt\/s.01k8rhncp4jt1\/2025\/11\/talking-bot-125x125.png\",\"url\":\"https:\/\/portaltela.pt\/s.01k8rhncp4jt1\/2025\/11\/talking-bot-125x125.png\",\"contentUrl\":\"https:\/\/portaltela.pt\/s.01k8rhncp4jt1\/2025\/11\/talking-bot-125x125.png\",\"caption\":\"Telinha\"},\"sameAs\":[\"https:\/\/portaltela.pt\/\"],\"url\":\"https:\/\/portaltela.pt\/por\/367410592786\/\"}]}<\/script>\n<!-- \/ Yoast SEO plugin. -->","yoast_head_json":{"title":"PSD prop\u00f5e valida\u00e7\u00e3o m\u00e9dica para decis\u00f5es de sa\u00fade - Portal Tela Portugal","robots":{"index":"index","follow":"follow","max-snippet":"max-snippet:-1","max-image-preview":"max-image-preview:large","max-video-preview":"max-video-preview:-1"},"og_locale":"pt_PT","og_type":"article","og_title":"PSD prop\u00f5e valida\u00e7\u00e3o m\u00e9dica para decis\u00f5es de sa\u00fade - Portal Tela Portugal","og_description":"O PSD entregou no parlamento um diploma para alterar o regime jur\u00eddico de mudan\u00e7a de sexo e de nome pr\u00f3prio no registo civil. A proposta pretende voltar a exigir valida\u00e7\u00e3o m\u00e9dica para a mudan\u00e7a de sexo. O deputado Bruno Vitorino, do PSD, pediu j\u00e1 a retirada do diploma. A iniciativa visa modificar os procedimentos de registo civil relacionados com o nome e o sexo. N\u00e3o h\u00e1 indica\u00e7\u00e3o de vota\u00e7\u00e3o ou implementa\u00e7\u00e3o; trata-se da apresenta\u00e7\u00e3o da medida.","og_url":"https:\/\/portaltela.pt\/noticias\/2026\/03\/08\/psd-propoe-validacao-medica-para-decisoes-de-saude\/","og_site_name":"Portal Tela Portugal","article_published_time":"2026-03-08T10:43:26+00:00","author":"Telinha","twitter_card":"summary_large_image","twitter_misc":{"Escrito por":"Telinha","Tempo estimado de leitura":"1 minuto"},"schema":{"@context":"https:\/\/schema.org","@graph":[{"@type":"Article","@id":"https:\/\/portaltela.pt\/noticias\/2026\/03\/08\/psd-propoe-validacao-medica-para-decisoes-de-saude\/#article","isPartOf":{"@id":"https:\/\/portaltela.pt\/noticias\/2026\/03\/08\/psd-propoe-validacao-medica-para-decisoes-de-saude\/"},"author":{"name":"Telinha","@id":"https:\/\/portaltela.pt\/#\/schema\/person\/c4278d4a6028830caff9ee44b42d32ed"},"headline":"PSD prop\u00f5e valida\u00e7\u00e3o m\u00e9dica para decis\u00f5es de sa\u00fade","datePublished":"2026-03-08T10:43:26+00:00","mainEntityOfPage":{"@id":"https:\/\/portaltela.pt\/noticias\/2026\/03\/08\/psd-propoe-validacao-medica-para-decisoes-de-saude\/"},"wordCount":227,"image":{"@id":"https:\/\/portaltela.pt\/noticias\/2026\/03\/08\/psd-propoe-validacao-medica-para-decisoes-de-saude\/#primaryimage"},"thumbnailUrl":"https:\/\/portaltela.pt\/s.01k8rhncp4jt1\/2026\/03\/img_1500x1000uu2023-01-26-17-58-46-1264795.jpg","keywords":["Assuntos Constitucionais","Constitucionalistas","direito","direitos humanos","Identidade de g\u00e9nero \u2013 Desafios na Atualidade","pol\u00edtica"],"articleSection":["Justi\u00e7a","Not\u00edcias"],"inLanguage":"pt-PT"},{"@type":"WebPage","@id":"https:\/\/portaltela.pt\/noticias\/2026\/03\/08\/psd-propoe-validacao-medica-para-decisoes-de-saude\/","url":"https:\/\/portaltela.pt\/noticias\/2026\/03\/08\/psd-propoe-validacao-medica-para-decisoes-de-saude\/","name":"PSD prop\u00f5e valida\u00e7\u00e3o m\u00e9dica para decis\u00f5es de sa\u00fade - Portal Tela Portugal","isPartOf":{"@id":"https:\/\/portaltela.pt\/#website"},"primaryImageOfPage":{"@id":"https:\/\/portaltela.pt\/noticias\/2026\/03\/08\/psd-propoe-validacao-medica-para-decisoes-de-saude\/#primaryimage"},"image":{"@id":"https:\/\/portaltela.pt\/noticias\/2026\/03\/08\/psd-propoe-validacao-medica-para-decisoes-de-saude\/#primaryimage"},"thumbnailUrl":"https:\/\/portaltela.pt\/s.01k8rhncp4jt1\/2026\/03\/img_1500x1000uu2023-01-26-17-58-46-1264795.jpg","datePublished":"2026-03-08T10:43:26+00:00","author":{"@id":"https:\/\/portaltela.pt\/#\/schema\/person\/c4278d4a6028830caff9ee44b42d32ed"},"breadcrumb":{"@id":"https:\/\/portaltela.pt\/noticias\/2026\/03\/08\/psd-propoe-validacao-medica-para-decisoes-de-saude\/#breadcrumb"},"inLanguage":"pt-PT","potentialAction":[{"@type":"ReadAction","target":["https:\/\/portaltela.pt\/noticias\/2026\/03\/08\/psd-propoe-validacao-medica-para-decisoes-de-saude\/"]}]},{"@type":"ImageObject","inLanguage":"pt-PT","@id":"https:\/\/portaltela.pt\/noticias\/2026\/03\/08\/psd-propoe-validacao-medica-para-decisoes-de-saude\/#primaryimage","url":"https:\/\/portaltela.pt\/s.01k8rhncp4jt1\/2026\/03\/img_1500x1000uu2023-01-26-17-58-46-1264795.jpg","contentUrl":"https:\/\/portaltela.pt\/s.01k8rhncp4jt1\/2026\/03\/img_1500x1000uu2023-01-26-17-58-46-1264795.jpg","width":796,"height":448,"caption":"M\u00e9dicos"},{"@type":"BreadcrumbList","@id":"https:\/\/portaltela.pt\/noticias\/2026\/03\/08\/psd-propoe-validacao-medica-para-decisoes-de-saude\/#breadcrumb","itemListElement":[{"@type":"ListItem","position":1,"name":"In\u00edcio","item":"https:\/\/portaltela.pt\/"},{"@type":"ListItem","position":2,"name":"PSD prop\u00f5e valida\u00e7\u00e3o m\u00e9dica para decis\u00f5es de sa\u00fade"}]},{"@type":"WebSite","@id":"https:\/\/portaltela.pt\/#website","url":"https:\/\/portaltela.pt\/","name":"Portal Tela Portugal","description":"","potentialAction":[{"@type":"SearchAction","target":{"@type":"EntryPoint","urlTemplate":"https:\/\/portaltela.pt\/?s={search_term_string}"},"query-input":{"@type":"PropertyValueSpecification","valueRequired":true,"valueName":"search_term_string"}}],"inLanguage":"pt-PT"},{"@type":"Person","@id":"https:\/\/portaltela.pt\/#\/schema\/person\/c4278d4a6028830caff9ee44b42d32ed","name":"Telinha","image":{"@type":"ImageObject","inLanguage":"pt-PT","@id":"https:\/\/portaltela.pt\/s.01k8rhncp4jt1\/2025\/11\/talking-bot-125x125.png","url":"https:\/\/portaltela.pt\/s.01k8rhncp4jt1\/2025\/11\/talking-bot-125x125.png","contentUrl":"https:\/\/portaltela.pt\/s.01k8rhncp4jt1\/2025\/11\/talking-bot-125x125.png","caption":"Telinha"},"sameAs":["https:\/\/portaltela.pt\/"],"url":"https:\/\/portaltela.pt\/por\/367410592786\/"}]}},"_links":{"self":[{"href":"https:\/\/portaltela.pt\/api\/wp\/v2\/posts\/402133","targetHints":{"allow":["GET"]}}],"collection":[{"href":"https:\/\/portaltela.pt\/api\/wp\/v2\/posts"}],"about":[{"href":"https:\/\/portaltela.pt\/api\/wp\/v2\/types\/post"}],"author":[{"embeddable":true,"href":"https:\/\/portaltela.pt\/api\/wp\/v2\/users\/2"}],"replies":[{"embeddable":true,"href":"https:\/\/portaltela.pt\/api\/wp\/v2\/comments?post=402133"}],"version-history":[{"count":0,"href":"https:\/\/portaltela.pt\/api\/wp\/v2\/posts\/402133\/revisions"}],"wp:featuredmedia":[{"embeddable":true,"href":"https:\/\/portaltela.pt\/api\/wp\/v2\/media\/402134"}],"wp:attachment":[{"href":"https:\/\/portaltela.pt\/api\/wp\/v2\/media?parent=402133"}],"wp:term":[{"taxonomy":"category","embeddable":true,"href":"https:\/\/portaltela.pt\/api\/wp\/v2\/categories?post=402133"},{"taxonomy":"post_tag","embeddable":true,"href":"https:\/\/portaltela.pt\/api\/wp\/v2\/tags?post=402133"}],"curies":[{"name":"wp","href":"https:\/\/api.w.org\/{rel}","templated":true}]}}